{"id":6872,"date":"2021-01-23T02:11:05","date_gmt":"2021-01-23T01:11:05","guid":{"rendered":"https:\/\/collectif-accad.fr\/site\/?p=6872"},"modified":"2021-01-22T10:13:01","modified_gmt":"2021-01-22T09:13:01","slug":"ehs-et-anses","status":"publish","type":"post","link":"https:\/\/collectif-accad.fr\/site\/ehs-et-anses\/","title":{"rendered":"EHS et ANSES"},"content":{"rendered":"<h2 style=\"text-align: left;\"><strong>L\u2019expertise de l\u2019Agence met en \u00e9vidence la grande complexit\u00e9 de la question de l\u2019\u00e9lectrohypersensibilit\u00e9<\/strong><\/h2>\n<p><!--more--><\/p>\n<p style=\"text-align: justify;\">Tout d\u2019abord, il n\u2019existe pas, \u00e0 ce jour, de crit\u00e8res de diagnostic de l\u2019EHS valid\u00e9s, et il r\u00e9sulte de l\u2019expertise que la seule possibilit\u00e9 pour d\u00e9finir l\u2019EHS repose sur l\u2019auto-d\u00e9claration des personnes.<\/p>\n<p style=\"text-align: justify;\">L\u2019Agence conclut \u00e9galement que les douleurs et la souffrance (maux de t\u00eate, troubles du sommeil, de l\u2019attention et de la m\u00e9moire, isolement social, etc.) exprim\u00e9es par les personnes se d\u00e9clarant EHS correspondent \u00e0 une r\u00e9alit\u00e9 v\u00e9cue, les conduisant \u00e0 adapter leur quotidien pour y faire face.<\/p>\n<p style=\"text-align: justify;\">Les 40 experts, mobilis\u00e9s pendant pr\u00e8s de quatre ans, ont investigu\u00e9 un grand nombre d\u2019hypoth\u00e8ses pour comprendre ces sympt\u00f4mes. Toutefois, les connaissances scientifiques actuelles ne mettent pas en \u00e9vidence de lien de cause \u00e0 effet entre les sympt\u00f4mes dont souffrent les personnes se d\u00e9clarant EHS et leur exposition aux ondes \u00e9lectromagn\u00e9tiques. N\u00e9anmoins, les sympt\u00f4mes, qui peuvent avoir un retentissement important sur la qualit\u00e9 de vie de ces personnes, n\u00e9cessitent et justifient une prise en charge adapt\u00e9e par les acteurs des domaines sanitaire et social.<\/p>\n<p style=\"text-align: justify;\">\u00c0 ce titre, l\u2019Agence recommande de solliciter la Haute autorit\u00e9 de sant\u00e9 afin d\u2019examiner la pertinence de formuler des recommandations destin\u00e9es aux professionnels de sant\u00e9 pour une prise en charge adapt\u00e9e des personnes se d\u00e9clarant EHS. L\u2019Agence recommande \u00e9galement de d\u00e9velopper la formation des professionnels de sant\u00e9 sur la probl\u00e9matique de l\u2019\u00e9lectrohypersensibilit\u00e9, la formation des acteurs sociaux \u00e0 l\u2019accueil et \u00e0 l\u2019\u00e9coute des personnes se d\u00e9clarant \u00e9lectrohypersensibles, ainsi qu\u2019\u00e0 la prise en compte, dans leurs pratiques, de leurs questions et de leurs attentes, et de favoriser la coordination entre les acteurs impliqu\u00e9s dans leur prise en charge.<\/p>\n<p style=\"text-align: justify;\">L\u2019Agence recommande \u00e9galement de poursuivre les travaux de recherche :<\/p>\n<ul style=\"text-align: justify;\">\n<li>en renfor\u00e7ant les interactions entre scientifiques et associations de personnes se d\u00e9clarant EHS ;<\/li>\n<li>en soutenant la mise en place d\u2019infrastructures de recherche adapt\u00e9es \u00e0 l\u2019EHS, pour r\u00e9aliser notamment des \u00e9tudes de suivi \u00e0 long-terme, et en veillant \u00e0 ce que les conditions exp\u00e9rimentales soient contr\u00f4l\u00e9es et prennent en compte les conditions de vie des personnes se d\u00e9clarant EHS ;<\/li>\n<li>en p\u00e9rennisant le financement de l\u2019effort de recherche sur les effets sanitaires des radiofr\u00e9quences.<\/li>\n<\/ul>\n<p style=\"text-align: justify;\"><a href=\"https:\/\/www.anses.fr\/fr\/content\/hypersensibilit%C3%A9-aux-ondes-%C3%A9lectromagn%C3%A9tiques-amplifier-l%E2%80%99effort-de-recherche-et-adapter-la\">https:\/\/www.anses.fr\/fr\/content\/hypersensibili<\/a><\/p>\n<p style=\"text-align: justify;\">Pour en savoir plus\u00a0:<\/p>\n<p style=\"text-align: justify;\"><a href=\"https:\/\/www.anses.fr\/fr\/system\/files\/AP2011SA0150Ra.pdf\">https:\/\/www.anses.fr\/fr\/system\/files\/AP2011SA<\/a><\/p>\n<p style=\"text-align: justify;\">\n<p style=\"text-align: center;\">************* *********<\/p>\n<p style=\"text-align: center;\"><strong>Rapport anses sensibilit\u00e9 aux ondes<\/strong><\/p>\n<p style=\"text-align: justify;\">Le point de vue de PRIARTEM \/ Electrosensibles de France<\/p>\n<p style=\"text-align: justify;\">Cette association suit ce dossier avec beaucoup d&rsquo;attention depuis son initiation en 2013. L&rsquo;association a \u00e9t\u00e9 auditionn\u00e9e par les experts de l&rsquo;Agence en novembre 2014 et a \u00e9t\u00e9 \u00e0 l&rsquo;origine de pr\u00e8s de la moiti\u00e9 des contributions post\u00e9es lors de la consultation publique sur le rapport pr\u00e9-d\u00e9finitif en septembre 2016.<\/p>\n<p style=\"text-align: justify;\">Pour l&rsquo;association, ce sujet rev\u00eat une importance particuli\u00e8re puisque selon les \u00e9valuations men\u00e9es \u00e0 l&rsquo;international, 5 \u00e0 8 % de la population montreraient des signes d&rsquo;\u00e9lectrosensibilit\u00e9 \u00e0 divers degr\u00e9s \u2013 soit, rapport\u00e9 \u00e0 la population fran\u00e7aise, entre 3 et 5 millions de personnes.<\/p>\n<p style=\"text-align: justify;\">L&rsquo;association rappelle que la r\u00e9cente actualit\u00e9 scientifique tend \u00e0 rendre la question du lien entre les troubles d\u00e9crits et l&rsquo;exposition aux ondes tout \u00e0 fait cr\u00e9dible :<\/p>\n<ul style=\"text-align: justify;\">\n<li>une r\u00e9cente <a href=\"http:\/\/www.priartem.fr\/Riverains-d-antennes-relais-ADN-en.html\">\u00e9tude \u00e9pid\u00e9miologique<\/a> men\u00e9e en Inde montre que l&rsquo;ADN des riverains d&rsquo;antennes est endommag\u00e9 en comparaison \u00e0 des personnes non expos\u00e9es. Le stress oxydatif et les dommages \u00e0 l&rsquo;ADN pourraient expliquer, avant m\u00eame de parler des probl\u00e8mes sanitaires \u00e0 long terme, certains troubles &#8211; maux de t\u00eate, malaises, irritabilit\u00e9, asth\u00e9nie&#8230; qui caract\u00e9risent le quotidien des personnes EHS.<\/li>\n<li>un <a href=\"http:\/\/www.priartem.fr\/Les-risques-admis.html\">consensus scientifique<\/a> est d\u00e9sormais \u00e9tabli sur le fait que les radiofr\u00e9quences provoquent des perturbations de l&rsquo;activit\u00e9 \u00e9lectrique du cerveau y compris chez les personnes ne se d\u00e9clarant pas \u00e9lectrosensibles ;<\/li>\n<li>Certaines <a href=\"http:\/\/www.priartem.fr\/IMG\/pdf\/Lettre_32.pdf\">\u00e9tudes de provocation<\/a>, men\u00e9es en double aveugle, en extr\u00eamement basses fr\u00e9quences ou en radiofr\u00e9quences, ont montr\u00e9 des effets sur les personnes \u00e9lectrosensibles (ex. K\u00f6teles 2013 ; Rea 1991)<\/li>\n<li>l&rsquo;<a href=\"http:\/\/www.priartem.fr\/IMG\/pdf\/Universite_Amiens.pdf\">Universit\u00e9 d&rsquo;Amiens<\/a> a montr\u00e9 que le rat est capable de distinguer un environnement \u00e9lectromagn\u00e9tique, \u00e0 tr\u00e8s faible niveau. Les plus forts niveaux repr\u00e9sentant une<br \/>\nastreinte pour l\u2019animal, celui-ci met en place une strat\u00e9gie d\u2019\u00e9vitement. Cette strat\u00e9gie est payante car elle lui permet d\u2019\u00e9viter de fragmenter son sommeil lent.<\/li>\n<\/ul>\n<p style=\"text-align: justify;\">L&rsquo;association sera pr\u00e9sente lors de la pr\u00e9sentation de cet apr\u00e8s-midi \u00e0 l&rsquo;ANSES et pourra r\u00e9pondre aux questions des journalistes \u00e0 l&rsquo;issue de la r\u00e9union aux alentours de 17h.<\/p>\n<table>\n<tbody>\n<tr>\n<td><a href=\"https:\/\/www.electrosensible.org\/b2\/index.php\/communiques-presse\/communique-rapport-anses-sensibilite-aux-2018\">\u00ab Communiqu\u00e9 &#8211; Rapport ANSES : Sensibilit\u00e9 aux ondes : \u00ab Il faut \u00e9couter les malades \u00bb &#8211; 27\/03\/2018<\/a><\/p>\n<p><a href=\"https:\/\/www.electrosensible.org\/b2\/index.php\/communiques-presse\/communique-rapport-anses-sensibilite-aux-2018\">https:\/\/www.electrosensible.org\/b2\/index.php\/commu<\/a><\/p>\n<p>&nbsp;<\/td>\n<td><\/td>\n<\/tr>\n<\/tbody>\n<\/table>\n<p style=\"text-align: center;\">********* *****<\/p>\n<p style=\"text-align: center;\"><strong>Les sympt\u00f4mes de la sensibilit\u00e9 aux ondes EHS<\/strong><\/p>\n<p style=\"text-align: justify;\"><a href=\"https:\/\/www.ecoondes.com\/ehs-sicem-traitement-diagnostic-liste-medecins-ehs-dentiste-plombs-dentaires-laboratoires-analyses-symptomes-champs-electromagnetiques-ondes-wifi-dect-portable-antennes-relais-telephones-electrose\/\">https:\/\/www.ecoondes.com\/ehs-sicem-traitement-d<\/a><\/p>\n<p style=\"text-align: center;\">********** *******<\/p>\n<p style=\"text-align: justify;\"><strong>Un protocole innovant pour \u00e9tudier l\u2019\u00e9lectrohypersensibilit\u00e9<\/strong><\/p>\n<p style=\"text-align: justify;\">\n<p style=\"text-align: justify;\"><a href=\"https:\/\/environnement.brussels\/news\/un-protocole-innovant-pour-etudier-lelectrohypersensibilite\">https:\/\/environnement.brussels\/news\/un-pro<\/a><\/p>\n<p style=\"text-align: center;\">************ ******<\/p>\n<p style=\"text-align: justify;\"><a href=\"https:\/\/www.lemonde.fr\/planete\/article\/2018\/03\/27\/electrosensibles-les-experts-preconisent-une-prise-en-charge-adaptee_5276783_3244.html\">https:\/\/www.lemonde.fr\/planete\/article\/2018\/03\/27<\/a><\/p>\n<p style=\"text-align: justify;\">\n<p style=\"text-align: justify;\">\n<p style=\"text-align: justify;\">\n","protected":false},"excerpt":{"rendered":"<p>L\u2019expertise de l\u2019Agence met en \u00e9vidence la grande complexit\u00e9 de la question de l\u2019\u00e9lectrohypersensibilit\u00e9<\/p>\n","protected":false},"author":4,"featured_media":0,"comment_status":"closed","ping_status":"open","sticky":false,"template":"","format":"standard","meta":{"footnotes":""},"categories":[1],"tags":[],"class_list":["post-6872","post","type-post","status-publish","format-standard","hentry","category-non-classe"],"_links":{"self":[{"href":"https:\/\/collectif-accad.fr\/site\/wp-json\/wp\/v2\/posts\/6872","targetHints":{"allow":["GET"]}}],"collection":[{"href":"https:\/\/collectif-accad.fr\/site\/wp-json\/wp\/v2\/posts"}],"about":[{"href":"https:\/\/collectif-accad.fr\/site\/wp-json\/wp\/v2\/types\/post"}],"author":[{"embeddable":true,"href":"https:\/\/collectif-accad.fr\/site\/wp-json\/wp\/v2\/users\/4"}],"replies":[{"embeddable":true,"href":"https:\/\/collectif-accad.fr\/site\/wp-json\/wp\/v2\/comments?post=6872"}],"version-history":[{"count":2,"href":"https:\/\/collectif-accad.fr\/site\/wp-json\/wp\/v2\/posts\/6872\/revisions"}],"predecessor-version":[{"id":6874,"href":"https:\/\/collectif-accad.fr\/site\/wp-json\/wp\/v2\/posts\/6872\/revisions\/6874"}],"wp:attachment":[{"href":"https:\/\/collectif-accad.fr\/site\/wp-json\/wp\/v2\/media?parent=6872"}],"wp:term":[{"taxonomy":"category","embeddable":true,"href":"https:\/\/collectif-accad.fr\/site\/wp-json\/wp\/v2\/categories?post=6872"},{"taxonomy":"post_tag","embeddable":true,"href":"https:\/\/collectif-accad.fr\/site\/wp-json\/wp\/v2\/tags?post=6872"}],"curies":[{"name":"wp","href":"https:\/\/api.w.org\/{rel}","templated":true}]}}