{"id":6867,"date":"2021-01-21T02:07:14","date_gmt":"2021-01-21T01:07:14","guid":{"rendered":"https:\/\/collectif-accad.fr\/site\/?p=6867"},"modified":"2021-01-18T17:08:17","modified_gmt":"2021-01-18T16:08:17","slug":"prix-de-lelectricite","status":"publish","type":"post","link":"https:\/\/collectif-accad.fr\/site\/prix-de-lelectricite\/","title":{"rendered":"Prix de l\u2019\u00e9lectricit\u00e9"},"content":{"rendered":"<h2 style=\"text-align: left;\"><strong>Pourquoi les factures vont flamber en 2021<\/strong><\/h2>\n<p style=\"text-align: justify;\"><!--more--><\/p>\n<p style=\"text-align: justify;\">Quel que soit le fournisseur, les prochaines factures d\u2019\u00e9lectricit\u00e9 vont subir une hausse substantielle. La faute \u00e0 des augmentations touchant \u00e0 la fois au prix de l\u2019\u00e9lectricit\u00e9 et aux taxes. Explications en 3\u00a0temps.<\/p>\n<p style=\"text-align: justify;\">Sur les factures d\u2019\u00e9lectricit\u00e9, les petits ruisseaux vont former une grande rivi\u00e8re cette ann\u00e9e\u2026 et les suivantes. En cause\u00a0: la hausse act\u00e9e ou programm\u00e9e de composantes formant les prix de l\u2019\u00e9lectricit\u00e9. Qu\u2019il s\u2019agisse des tarifs r\u00e9glement\u00e9s, qui servent de rep\u00e8re pour la fixation des prix des <a href=\"http:\/\/phplist.amisdelaterremp.fr\/lists\/lt.php?tid=KUVTBQJUUQsGXUsEV1xTHgIGDVNICAFSURxVAwdfCwpTWgMPV1IaAFMGUwEKAVkeAQ4KUkgEVVRVHFtVUloVUVANVw5SBwBcAFRfGQtdBwcOUQ1VSAkCVwQcVwxdChVTWQwAG1cFXwFQAQBdVlhYBA\">fournisseurs<\/a>, des taxes locales sur l\u2019\u00e9lectricit\u00e9 qui vont \u00eatre nivel\u00e9es par le haut ou du tarif d\u2019utilisation des r\u00e9seaux qui va grimper en raison du d\u00e9veloppement des \u00e9nergies renouvelables, l\u2019ann\u00e9e sera chaude pour les factures.<\/p>\n<p style=\"text-align: justify;\"><strong>\u00a0<\/strong><\/p>\n<p style=\"text-align: justify;\"><strong>Depuis le 1<sup>er<\/sup> janvier\u00a0: une \u00ab\u00a0simplification\u00a0\u00bb des taxes qui co\u00fbte cher dans certaines villes et d\u00e9partements<\/strong><\/p>\n<p style=\"text-align: justify;\">La simplification n\u2019a pas toujours du bon pour les consommateurs. La derni\u00e8re en date qui va peser sur les factures\u00a0d\u2019\u00e9lectricit\u00e9\u00a0? Celle inscrite dans l\u2019article\u00a054 de la loi de finances pour 2021. Ce dernier pr\u00e9voit une modernisation de la collecte de la taxation locale de l\u2019\u00e9lectricit\u00e9, plus pr\u00e9cis\u00e9ment de la Taxe locale sur la consommation finale d\u2019\u00e9lectricit\u00e9 (TCFE). <em>\u00ab\u00a0La TCFE est aujourd\u2019hui r\u00e9partie en trois composantes sur les factures\u00a0: une part nationale, la <\/em><a href=\"http:\/\/phplist.amisdelaterremp.fr\/lists\/lt.php?tid=KUVQDwoCBwtSUktSAwoEHgIAWlhICVMAAhwHDVENXQICWwIPAQQaAFMGUwEKAVkeAQ4KUkgEVVRVHFtVUloVUVANVw5SBwBcAFRfGQtdBwcOUQ1VSAkCVwQcVwxdChVTWQwAG1cFXwFQAQBdVlhYBA\"><em>CSPE<\/em><\/a><em>, qui est la plus importante (22,5\u00a0\u20ac par MWh) et qui va directement abonder le budget de l\u2019\u00c9tat, et des parts communales (ou de syndicats de communes) et d\u00e9partementales qui p\u00e8sent beaucoup moins sur les factures, mais qui multipli\u00e9es par le nombre de points de livraison repr\u00e9sente des sommes importantes\u00a0\u00bb<\/em>, pr\u00e9cise Pierre-Laurent Holleville, charg\u00e9 de mission aupr\u00e8s de la Direction g\u00e9n\u00e9rale du\u00a0m\u00e9diateur de l\u2019\u00e9nergie. Le texte pr\u00e9voit ainsi de confier sa gestion progressivement \u00e0 la Direction g\u00e9n\u00e9rale des finances publiques, qui se retrouvera seule aux manettes en 2023.<\/p>\n<p style=\"text-align: justify;\">Sauf que, alors que les collectivit\u00e9s fixaient librement le taux de cette taxe, certaines appliquant un taux r\u00e9duit, voire nul, cette simplification conduira \u00e0 une harmonisation \u00e0 marche forc\u00e9e des taux qui se retrouveront nivel\u00e9s par le haut. Le taux maximal \u00e9tant pr\u00e9vu pour s\u2019appliquer dans toutes les collectivit\u00e9s en 2023. R\u00e9sultat\u00a0? Certains consommateurs vont conna\u00eetre <em>\u00ab\u00a0un ressaut d\u2019imposition\u00a0\u00bb<\/em> sur leurs factures d\u2019\u00e9lectricit\u00e9, comme le souligne un rapport du S\u00e9nat\u00a0(1). <em>\u00ab\u00a0Selon les rapporteurs du texte de loi, 1\u00a0754\u00a0communes, qui pratiquaient un taux \u00e0 0, voient leur montant augmenter d\u00e8s cette ann\u00e9e\u00a0\u00bb<\/em>, pr\u00e9cise Pierre-Laurent Holleville. D\u2019ici \u00e0 2023, 7\u00a0608\u00a0communes et leurs habitants (et entreprises) seront concern\u00e9s selon l\u2019\u00e9tude d\u2019impact du projet de loi de finances. Co\u00fbt suppl\u00e9mentaire sur les factures \u00e0 terme\u00a0: de 80\u00a0centimes, jusqu\u2019\u00e0\u2026 55\u00a0\u20ac par an et par foyer\u00a0!<\/p>\n<p style=\"text-align: justify;\">\n<p style=\"text-align: justify;\"><strong>1<sup>er<\/sup> f\u00e9vrier 2021\u00a0: nouvelle hausse des tarifs r\u00e9glement\u00e9s d\u2019EDF<\/strong><\/p>\n<p style=\"text-align: justify;\">Traditionnellement, la revalorisation des tarifs r\u00e9glement\u00e9s de l\u2019\u00e9lectricit\u00e9 n\u2019est cens\u00e9e intervenir qu\u2019une fois par an, en ao\u00fbt. Mais depuis plusieurs ann\u00e9es, les consommateurs doivent subir deux hausses par an, la seconde intervenant au 1<sup>er<\/sup>\u00a0f\u00e9vrier. 2021 n\u2019\u00e9chappera donc pas \u00e0 la r\u00e8gle.<\/p>\n<p style=\"text-align: justify;\">Apr\u00e8s une double hausse en 2020, de 2,44\u00a0% en moyenne, hors taxes, en f\u00e9vrier puis de 1,82\u00a0% en ao\u00fbt, rebelote\u00a0: les <a href=\"http:\/\/phplist.amisdelaterremp.fr\/lists\/lt.php?tid=KUVSAQJXAwpWAEsAUVhSHgIPWVhICFRUDhwFAlAJCAICDQFQAAIaAFMGUwEKAVkeAQ4KUkgEVVRVHFtVUloVUVANVw5SBwBcAFRfGQtdBwcOUQ1VSAkCVwQcVwxdChVTWQwAG1cFXwFQAQBdVlhYBA\">tarifs r\u00e9glement\u00e9s de vente de l\u2019\u00e9lectricit\u00e9<\/a> s\u2019appr\u00eateraient \u00e0 poursuivre leur courbe ascendante d\u00e8s le 1<sup>er<\/sup>\u00a0f\u00e9vrier. Sur proposition de la Commission de r\u00e9gulation de l\u2019\u00e9nergie (CRE), ils devraient enfler de 1,73\u00a0% en moyenne, hors taxes, pour les 23\u00a0millions de clients EDF (ou des entreprises locales de distribution) encore abonn\u00e9s aux Tarifs bleus. Soit bien au-del\u00e0 de l\u2019inflation\u00a0! Cela se traduira sur les factures par une augmentation du budget \u00e9nergie, de l\u2019ordre de 16\u00a0\u20ac par an en moyenne et de 25\u00a0\u20ac pour les foyers qui se chauffent \u00e0 l\u2019\u00e9lectricit\u00e9.<\/p>\n<p style=\"text-align: justify;\">\u00c0 l\u2019origine de cette revalorisation\u00a0? Les motifs traditionnellement \u00e9voqu\u00e9s, comme l\u2019augmentation des prix sur les march\u00e9s de gros ou\u00a0la hausse des co\u00fbts de production et de commercialisation. Mais aussi, nouveaut\u00e9, l\u2019impact de la crise sanitaire du <a href=\"http:\/\/phplist.amisdelaterremp.fr\/lists\/lt.php?tid=KUUAAlFUVgEAUUsAUFwDHgIEDwNIUgVVABxbDVIJAQsAWlQPBlIaAFMGUwEKAVkeAQ4KUkgEVVRVHFtVUloVUVANVw5SBwBcAFRfGQtdBwcOUQ1VSAkCVwQcVwxdChVTWQwAG1cFXwFQAQBdVlhYBA\">Covid-19<\/a> qui a conduit \u00e0 une hausse des factures impay\u00e9es des particuliers et surtout des professionnels en difficult\u00e9. Des d\u00e9fauts de paiement qui pourraient se multiplier alors que les cons\u00e9quences \u00e9conomiques de la crise sanitaire ne font que commencer. Et dont la r\u00e9percussion ne sera pas compens\u00e9e par un renforcement de l\u2019aide au <a href=\"http:\/\/phplist.amisdelaterremp.fr\/lists\/lt.php?tid=KUUEBwJXAgpaUEtVVw1SHgJTWQJICVcABhwBUlJcD1RQDwUHAQIaAFMGUwEKAVkeAQ4KUkgEVVRVHFtVUloVUVANVw5SBwBcAFRfGQtdBwcOUQ1VSAkCVwQcVwxdChVTWQwAG1cFXwFQAQBdVlhYBA\">paiement des factures d\u2019\u00e9nergie<\/a> pour les m\u00e9nages fragilis\u00e9s. <em>\u00ab Le montant du Ch\u00e8que \u00e9nergie n\u2019a pas \u00e9t\u00e9 revaloris\u00e9 depuis 2019, constatent les services du m\u00e9diateur de l\u2019\u00e9nergie. En revanche, le nombre de b\u00e9n\u00e9ficiaires a \u00e9t\u00e9 \u00e9largi cette ann\u00e9e, notamment aux r\u00e9sidents des Ehpad.\u00a0\u00bb<\/em><\/p>\n<p style=\"text-align: justify;\">Cette augmentation touchera directement les abonn\u00e9s aux Tarifs bleus. Mais pas que. Les consommateurs ayant opt\u00e9 pour une offre \u00e0 tarif libre, souscrite chez EDF et ses concurrents, seront aussi concern\u00e9s. Sauf s\u2019ils ont souscrit \u00e0 une offre \u00e0 prix fixe qui garantit un prix inf\u00e9rieur aux tarifs r\u00e9glement\u00e9s sur une certaine dur\u00e9e (de 1 \u00e0 3\u00a0ans g\u00e9n\u00e9ralement). Dans le cas contraire, si l\u2019offre est index\u00e9e aux tarifs r\u00e9glement\u00e9s, ces clients des fournisseurs priv\u00e9s verront eux aussi leur facture enfler.<\/p>\n<p style=\"text-align: justify;\">\n<p style=\"text-align: justify;\"><strong>1<sup>er<\/sup> ao\u00fbt 2021\u00a0: le tarif d\u2019utilisation des r\u00e9seaux va alourdir les factures<\/strong><\/p>\n<p style=\"text-align: justify;\">Cet \u00e9t\u00e9, l\u2019une des composantes du prix de l\u2019\u00e9lectricit\u00e9 va subir une inflation d\u00e9j\u00e0 anticip\u00e9e par la CRE\u00a0: le Tarif d\u2019utilisation du r\u00e9seau public d\u2019\u00e9lectricit\u00e9 (Turpe), dont doivent s\u2019acquitter tous les consommateurs, quel que soit leur fournisseur. Il est revers\u00e9 aux gestionnaires des r\u00e9seaux de transport, RTE et Enedis (ex-ERDF), dont les investissements destin\u00e9s \u00e0 l\u2019adaptation \u00e0 la transition \u00e9nerg\u00e9tique, et donc au d\u00e9veloppement des \u00e9nergies renouvelables, s\u2019envolent.<\/p>\n<p style=\"text-align: justify;\"><em>\u00ab\u00a0La CRE retient des hausses tarifaires moyennes de 1,57\u00a0% par an pour RTE et de 1,39\u00a0% par an pour Enedis, soit une hausse d&rsquo;environ 15\u00a0\u20ac de la facture annuelle d&rsquo;un particulier \u00e0 l&rsquo;horizon 2024\u00a0\u00bb,<\/em> indique le r\u00e9gulateur. Applicable \u00e0 partir du 1<sup>er<\/sup>\u00a0ao\u00fbt, et pour 4\u00a0ans, le \u00ab\u00a0nouveau Turpe\u00a0\u00bb (qui en est \u00e0 sa 6<sup>e<\/sup>\u00a0version) repr\u00e9sente environ 30\u00a0% des factures d\u2019\u00e9lectricit\u00e9 des m\u00e9nages, toutes taxes comprises selon la CRE.<\/p>\n<p style=\"text-align: justify;\">\n<ul style=\"text-align: justify;\">\n<li><a href=\"https:\/\/www.senat.fr\/rap\/l20-138-21\/l20-138-212.html#toc52\">https:\/\/www.senat.fr\/rap\/l20-138-21\/l20-138-212.html#toc52<\/a><\/li>\n<\/ul>\n<p style=\"text-align: justify;\">\n<p style=\"text-align: justify;\"><em><a href=\"https:\/\/www.quechoisir.org\/actualite-prix-de-l-electricite-pourquoi-les-factures-vont-flamber-en-2021-n87299\/\">https:\/\/www.quechoisir.org\/actualite-prix-de-l-electr<\/a> <\/em><\/p>\n<p style=\"text-align: justify;\">\n","protected":false},"excerpt":{"rendered":"<p>Pourquoi les factures vont flamber en 2021<\/p>\n","protected":false},"author":4,"featured_media":0,"comment_status":"closed","ping_status":"open","sticky":false,"template":"","format":"standard","meta":{"footnotes":""},"categories":[1],"tags":[],"class_list":["post-6867","post","type-post","status-publish","format-standard","hentry","category-non-classe"],"_links":{"self":[{"href":"https:\/\/collectif-accad.fr\/site\/wp-json\/wp\/v2\/posts\/6867","targetHints":{"allow":["GET"]}}],"collection":[{"href":"https:\/\/collectif-accad.fr\/site\/wp-json\/wp\/v2\/posts"}],"about":[{"href":"https:\/\/collectif-accad.fr\/site\/wp-json\/wp\/v2\/types\/post"}],"author":[{"embeddable":true,"href":"https:\/\/collectif-accad.fr\/site\/wp-json\/wp\/v2\/users\/4"}],"replies":[{"embeddable":true,"href":"https:\/\/collectif-accad.fr\/site\/wp-json\/wp\/v2\/comments?post=6867"}],"version-history":[{"count":1,"href":"https:\/\/collectif-accad.fr\/site\/wp-json\/wp\/v2\/posts\/6867\/revisions"}],"predecessor-version":[{"id":6868,"href":"https:\/\/collectif-accad.fr\/site\/wp-json\/wp\/v2\/posts\/6867\/revisions\/6868"}],"wp:attachment":[{"href":"https:\/\/collectif-accad.fr\/site\/wp-json\/wp\/v2\/media?parent=6867"}],"wp:term":[{"taxonomy":"category","embeddable":true,"href":"https:\/\/collectif-accad.fr\/site\/wp-json\/wp\/v2\/categories?post=6867"},{"taxonomy":"post_tag","embeddable":true,"href":"https:\/\/collectif-accad.fr\/site\/wp-json\/wp\/v2\/tags?post=6867"}],"curies":[{"name":"wp","href":"https:\/\/api.w.org\/{rel}","templated":true}]}}