{"id":6865,"date":"2021-01-20T02:03:41","date_gmt":"2021-01-20T01:03:41","guid":{"rendered":"https:\/\/collectif-accad.fr\/site\/?p=6865"},"modified":"2021-01-20T07:06:29","modified_gmt":"2021-01-20T06:06:29","slug":"electricite-eoliennes-et-pollution","status":"publish","type":"post","link":"https:\/\/collectif-accad.fr\/site\/electricite-eoliennes-et-pollution\/","title":{"rendered":"\u00c9lectricit\u00e9, \u00e9oliennes et pollution"},"content":{"rendered":"<h2 style=\"text-align: left;\"><strong>Installation de 46 \u00e9oliennes chinoises<br \/>\n<\/strong><\/h2>\n<p><!--more--><\/p>\n<p style=\"text-align: justify;\"><strong>Eoliennes<\/strong> pos\u00e9es en monopieu. <strong>Parc de 50 km\u00b2<\/strong> maximum \u00e0 plus de <strong>10 km des c\u00f4tes.<\/strong><\/p>\n<p style=\"text-align: justify;\">Mise en service pr\u00e9vue pour 2026 et <strong>dur\u00e9e d&rsquo;exploitation de 30 ans<\/strong>&#8230;.<strong>un magnifique paysage de m\u00e9tal et b\u00e9ton implant\u00e9 en pleine mer<\/strong>, visible de La Panne \u00e0 Calais en passant par Malo, Bray Dunes.<\/p>\n<p style=\"text-align: justify;\"><strong>Ce merveilleux complexe industriel pourra remplir les batteries \u00ab\u00a0vertes\u00a0\u00bb de nos v\u00e9hicules \u00e9lectriques<\/strong>, des \u00ab\u00a0greens\u00a0\u00bb watts pour tout le monde, merveilleux contrat pour ERDF, tant pis pour les mammif\u00e8res marins, les oiseaux de mer et migrateurs qui iront se fracasser dessus au passage, ils n&rsquo;ont qu&rsquo;\u00e0 bien se tenir&#8230;..et puis la nuit \u00e7a va ressembler \u00e0 une discoth\u00e8que g\u00e9ante !!!<\/p>\n<p style=\"text-align: justify;\">Le d\u00e9bat public vient de se terminer&#8230;&#8230;<strong>donc vivement ces superbes \u00e9oliennes qui vont nous g\u00e2cher ce paysage triste de la mer du Nord, enfin un peu d&rsquo;animations et de pollutions diverses visuelles etc&#8230;..pour nos yeux, nos oreilles et les poissons.<\/strong>&#8230;.nos enfants et petits enfants pourront en profiter durant longtemps&#8230;pour la d\u00e9pollution du site rien n&rsquo;est pr\u00e9vu mais on a le temps d&rsquo;y r\u00e9fl\u00e9chir d&rsquo;ici 30 ans !<\/p>\n<p style=\"text-align: justify;\"><a href=\"https:\/\/youtu.be\/QVhFFaO9L5Y?fbclid=IwAR2HzuTiJ59_8hnhr2pjN0amxbO_vaC-0ZNu1XhlSSrpCoaogbepx1I-wJo\">https:\/\/youtu.be\/QVhFFaO9L5Y<\/a> pour comprendre !<\/p>\n<p style=\"text-align: justify;\"><a href=\"https:\/\/www.letelegramme.fr\/ar\/imgproxy.php\/images\/2019\/12\/05\/le-projet-prevoir-la-mise-en-place-en-2023-de-62-eoliennes_4943986_676x537p.jpg?article=20191205-1012450618&amp;aaaammjj=20191205&amp;fbclid=IwAR2bpbRNbOKRCej9z3lzsTyuOzRZk6uuEaMurks9oWgy4vOTyqYGL9x7Dd0\">https:\/\/www.letelegramme.fr\/&#8230;\/le-projet-prevoir-la-mise&#8230;<\/a><\/p>\n<p style=\"text-align: justify;\"><a href=\"https:\/\/www.arte.tv\/fr\/videos\/084757-000-A\/la-face-cachee-des-energies-vertes\/?fbclid=IwAR1zLhnq420xM5NesXWbad0gCXo6iI5ZKRA27lbV1QuCRcjGSyxtvRdMeU4\">https:\/\/www.arte.tv\/&#8230;\/la-face-cachee-des-energies-vertes\/<\/a><\/p>\n<p style=\"text-align: justify;\">Pour agir : <a href=\"https:\/\/www.change.org\/p\/ministre-de-l-int%C3%A9rieur-non-%C3%A0-l-%C3%A9olien-en-mer-%C3%A0-dunkerque-oui-%C3%A0-un-r%C3%A9f%C3%A9rendum\/psf\/share?share=1&amp;fbclid=IwAR0NrUzdEKEn6M0QXMW5JDvkij4yB5Gr0szXAtAj_GvDpucIPb2MtwrQ9vI\">https:\/\/www.change.org\/&#8230;\/ministr<\/a><\/p>\n<p style=\"text-align: justify;\"><strong>Ma\u00eetre d&rsquo;ouvrage<\/strong><\/p>\n<p style=\"text-align: justify;\">Eolien en Mer de Dunkerque (consortium compos\u00e9 de EDF Renouvelables, Innogy SE et Enbridge) et RTE<\/p>\n<p style=\"text-align: justify;\"><a href=\"https:\/\/l.facebook.com\/l.php?u=https%3A%2F%2Fwww.rte-france.com%2Ffr%2Fprojet%2Fraccordement-electrique-du-parc-eolien-en-mer-de-dunkerque%3Ffbclid%3DIwAR0kL74p0SZrBFUqoplT9MBSOJ1pw1J63JpzTWRBLnvgvSiCFscgo4k1vN0&amp;h=AT23i8WkaG8ttjhDolsPrir1RdkGFWhGQpxYocPzWEYZlu1gXZ4HCqiC0zBbR6NXMEWGzAKi-4BiKQZhW70spTRpy8HwZK5VuWOoduMhfyTumq6okzSmnckiZ3wXuwSO83nhaRfXQSXTViuSL-LR&amp;__tn__=-UK-R&amp;c%5b0%5d=AT1u8hNTqo1Z8ZoTXDvcSNGepMh9zXW7W_chOvABQGZYaMr3rwlHt1TZq_-WcAVllV-6z3FIRSml9AYmEb9YONatLsJzE8tCUS5ms2pataX2GoaLkqwHN1nwbOsaMmm8NgQLFA3IxCzIPQwzk0x_XA_6RtmQK7M9WbQ\">www.rte-france.com\/fr\/projet\/<\/a><\/p>\n<p style=\"text-align: justify;\"><strong>Argumentaire Vent Debout<\/strong><\/p>\n<p style=\"text-align: justify;\"><a href=\"https:\/\/www.youtube.com\/watch?v=QVhFFaO9L5Y&amp;feature=youtu.be&amp;fbclid=IwAR2SGEQgY48LlyOSLvSFKTd9cQZVJIvcRy4E5h_A-p8f1bRuZMKwVQ1swe8\">https:\/\/www.youtube.com\/watch?v=QVhFFaO9L5<\/a><\/p>\n<p style=\"text-align: center;\">*********\u00a0\u00a0\u00a0\u00a0 *********<\/p>\n<p style=\"text-align: center;\">Commentaire<\/p>\n<p style=\"text-align: justify;\">La vie est belle ! Surtout quand on rencontre des champs d\u2019\u00e9oliennes\u00a0! C\u2019est mieux qu\u2019une centrale nucl\u00e9aire\u00a0!<\/p>\n<p style=\"text-align: justify;\">On vit une \u00e9poque remarquable\u00a0: le confinement (saisons 1 et 2, bient\u00f4t la 3\u00a0?) nous permet de nous exprimer avec nous-m\u00eames. Donc on a le temps de voir la beaut\u00e9 des constructions \u00e0 venir\u00a0: c\u2019est encourageant, cela montre que le g\u00e9nie humain n\u2019est jamais \u00e0 court d\u2019imagination\u00a0!<\/p>\n<p style=\"text-align: justify;\">Je viens \u2013entre autres- de finir le livre \u00ab\u00a0on ach\u00e8ve bien les enfants\u00a0\u00bb -je vous conseille de l\u2019acheter-\u00a0: cela montre comment notre soci\u00e9t\u00e9 bas\u00e9e sur l\u2019\u00e9cran tue des enfants en Afrique pour r\u00e9cup\u00e9rer les m\u00e9taux indispensables\u00a0; comment elle tue les enfants avec leur addiction \u00e0 l\u2019\u00e9cran\u00a0; comment elle traite les enfants qui r\u00e9cup\u00e8rent les appareils obsol\u00e8tes pour en extraire quelques m\u00e9taux, bien entendu en perdant leur vie \u2026 Tout ceci montre bien comment le capitalisme consid\u00e8re la vie des enfants et des humains.<br \/>\nIl faut donc en remettre une couche avec la 5G\u00a0: puisque les t\u00e9l\u00e9phones 4G ne sont pas adaptables pour la 5G, il faudra racheter un portable. C\u2019est pourquoi, comme cela occasionnera trois fois plus de consommation d\u2019\u00e9lectricit\u00e9, il faut absolument construire ces belles \u00e9oliennes.<\/p>\n<p style=\"text-align: justify;\">Bient\u00f4t la 6G\u00a0! C\u2019est beau le progr\u00e8s\u00a0! On en redemande\u00a0!<\/p>\n<p style=\"text-align: justify;\">\n","protected":false},"excerpt":{"rendered":"<p>Installation de 46 \u00e9oliennes chinoises<\/p>\n","protected":false},"author":4,"featured_media":0,"comment_status":"closed","ping_status":"open","sticky":false,"template":"","format":"standard","meta":{"footnotes":""},"categories":[1],"tags":[],"class_list":["post-6865","post","type-post","status-publish","format-standard","hentry","category-non-classe"],"_links":{"self":[{"href":"https:\/\/collectif-accad.fr\/site\/wp-json\/wp\/v2\/posts\/6865","targetHints":{"allow":["GET"]}}],"collection":[{"href":"https:\/\/collectif-accad.fr\/site\/wp-json\/wp\/v2\/posts"}],"about":[{"href":"https:\/\/collectif-accad.fr\/site\/wp-json\/wp\/v2\/types\/post"}],"author":[{"embeddable":true,"href":"https:\/\/collectif-accad.fr\/site\/wp-json\/wp\/v2\/users\/4"}],"replies":[{"embeddable":true,"href":"https:\/\/collectif-accad.fr\/site\/wp-json\/wp\/v2\/comments?post=6865"}],"version-history":[{"count":2,"href":"https:\/\/collectif-accad.fr\/site\/wp-json\/wp\/v2\/posts\/6865\/revisions"}],"predecessor-version":[{"id":6871,"href":"https:\/\/collectif-accad.fr\/site\/wp-json\/wp\/v2\/posts\/6865\/revisions\/6871"}],"wp:attachment":[{"href":"https:\/\/collectif-accad.fr\/site\/wp-json\/wp\/v2\/media?parent=6865"}],"wp:term":[{"taxonomy":"category","embeddable":true,"href":"https:\/\/collectif-accad.fr\/site\/wp-json\/wp\/v2\/categories?post=6865"},{"taxonomy":"post_tag","embeddable":true,"href":"https:\/\/collectif-accad.fr\/site\/wp-json\/wp\/v2\/tags?post=6865"}],"curies":[{"name":"wp","href":"https:\/\/api.w.org\/{rel}","templated":true}]}}