{"id":6860,"date":"2021-01-18T02:06:38","date_gmt":"2021-01-18T01:06:38","guid":{"rendered":"https:\/\/collectif-accad.fr\/site\/?p=6860"},"modified":"2021-01-17T14:05:34","modified_gmt":"2021-01-17T13:05:34","slug":"infos-5g-du-18-janvier-2021","status":"publish","type":"post","link":"https:\/\/collectif-accad.fr\/site\/infos-5g-du-18-janvier-2021\/","title":{"rendered":"Infos 5G du 18 janvier 2021"},"content":{"rendered":"<p style=\"text-align: justify;\"><img loading=\"lazy\" decoding=\"async\" class=\"alignnone size-full wp-image-6855\" src=\"https:\/\/collectif-accad.fr\/site\/wp-content\/uploads\/2021\/01\/Operateurs-210116.jpg\" alt=\"\" width=\"551\" height=\"841\" srcset=\"https:\/\/collectif-accad.fr\/site\/wp-content\/uploads\/2021\/01\/Operateurs-210116.jpg 551w, https:\/\/collectif-accad.fr\/site\/wp-content\/uploads\/2021\/01\/Operateurs-210116-197x300.jpg 197w\" sizes=\"auto, (max-width: 551px) 100vw, 551px\" \/><\/p>\n<p><!--more--><\/p>\n<p style=\"text-align: justify;\"><strong>Sommaire\u00a0: La Voix du Nord\u00a0; mise en place de la 5G\u00a0; incendie d\u2019antenne\u00a0; r\u00e9pression contre les d\u00e9tracteurs de la 5G \u2026<\/strong><\/p>\n<p style=\"text-align: center;\">************\u00a0\u00a0\u00a0\u00a0\u00a0\u00a0 ***********<\/p>\n<p style=\"text-align: center;\"><strong>Cela va sans dire\u00a0! A propos de la 5G<\/strong><\/p>\n<p style=\"text-align: justify;\">La Voix du Nord aimerait-elle la 5G\u00a0?<\/p>\n<p style=\"text-align: justify;\">En r\u00e9ponse \u00e0 des articles dans Voix du Nord Lens-H\u00e9nin<\/p>\n<p style=\"text-align: justify;\"><a href=\"https:\/\/collectif-accad.fr\/site\/wp-content\/uploads\/2021\/01\/VdN_celaVaSansDire-210114.docx\">VdN_celaVaSansDire 210114<\/a><\/p>\n<p style=\"text-align: center;\">************\u00a0\u00a0\u00a0\u00a0\u00a0\u00a0 ***********<\/p>\n<p style=\"text-align: center;\"><strong>Pendant ce temps, la 5G se met en place\u00a0!<\/strong><\/p>\n<p style=\"text-align: justify;\">La nouvelle liste des villes sous 5G (3.5GHz).<\/p>\n<p style=\"text-align: justify;\">Si vous souhaitez rejoindre les actions il vous suffit, apr\u00e8s avoir jet\u00e9 un \u0153il sur la liste ci-dessous, de v\u00e9rifier si vous \u00eates \u00e0 moins de 500m d&rsquo;une antenne 5G (3.5GHz) sur <strong>cartoradio.fr<\/strong> ou <strong>antennesmobiles.fr<\/strong> puis de r\u00e9pondre \u00e0 cet email en pr\u00e9cisant l&rsquo;adresse de votre domicile.<\/p>\n<p style=\"text-align: justify;\"><strong>Ce mail est important car selon votre situation vous \u00eates susceptible de jouer un r\u00f4le d\u00e9terminant<\/strong> dans la suite des recours contre la 5G.<\/p>\n<p style=\"text-align: justify;\">Voici la liste des villes a priori concern\u00e9es \u00e0 ce jour pour la 5G <strong>de 3.5 GHz<\/strong> &#8211; pensez aux villes limitrophes (pour l&rsquo;hypoth\u00e8se o\u00f9 votre domicile serait situ\u00e9 \u00e0 moins d&rsquo;un km d&rsquo;une antenne 5G 3.5GHz pourtant implant\u00e9e sur une commune voisine)<\/p>\n<p style=\"text-align: justify;\"><a href=\"http:\/\/x2mmq.mjt.lu\/nl2\/x2mmq\/5r099.html?fbclid=IwAR298DsMYlZ0shuuXzNtLVaSPkOSJt2zwIKwv6YqxAV48SObvIBfMvBUpGQ\">http:\/\/x2mmq.mjt.lu\/nl2\/x2mmq\/5r099.html?fbcl<\/a><\/p>\n<p style=\"text-align: justify;\">Pour \u00e9valuer votre situation avec pr\u00e9cision, allez sur le site https:\/\/www.antennesmobiles.fr\/ <strong>en <u>d\u00e9<\/u>cochant toutes les options sauf \u00ab\u00a0<em>5G<\/em>\u00a0\u00bb ainsi que \u00ab\u00a0<em>3500 MHz<\/em>\u00ab\u00a0, et en <u>co<\/u>chant \u00ab\u00a0Activ\u00e9e\u00a0\u00bb, <\/strong>puis en cliquant sur \u00ab\u00a0Rechercher\u00a0\u00bb ; ou encore sur https:\/\/www.cartoradio.fr en cochant uniquement 5G (dans \u00ab\u00a0<em>Configurer l&rsquo;affichage<\/em>\u00a0\u00bb (\u00e0 droite) et en v\u00e9rifiant si l&rsquo;information sur l&rsquo;antenne concern\u00e9e affiche bien la mention \u00ab\u00a0<em>5G NR 3500 (5G)<\/em>\u00ab\u00a0.<\/p>\n<p style=\"text-align: center;\">************\u00a0\u00a0\u00a0\u00a0\u00a0\u00a0 ***********<\/p>\n<p style=\"text-align: center;\"><strong>R\u00e9pression contre les d\u00e9tracteurs de la 5G\u00a0?<\/strong><\/p>\n<p style=\"text-align: justify;\"><a href=\"http:\/\/www.cielvoile.fr\/2021\/01\/l-ue-prevoit-une-repression-contre-les-detracteurs-de-la-5g.html\">http:\/\/www.cielvoile.fr\/2021\/01\/l-ue-prevoit-<\/a><\/p>\n<p style=\"text-align: center;\">************\u00a0\u00a0\u00a0\u00a0\u00a0\u00a0 ***********<\/p>\n<p style=\"text-align: left;\"><strong>L\u2019incendie d\u2019un \u00e9metteur radio-TV revendiqu\u00e9 par un groupe anti-5G<\/strong><\/p>\n<p style=\"text-align: justify;\"><a href=\"https:\/\/www.msn.com\/fr-fr\/actualite\/monde\/lincendie-dun-c3-a9metteur-radio-tv-pr-c3-a8s-de-limoges-revendiqu-c3-a9-par-un-groupe-anti-5g\/ar-BB1cGRqa?fbclid=IwAR1lN3I3LlpPb_b68p26CjiJOT-GxW7hX_4XHyuSbPQqX7PgT_Wtr7UYYKo\">https:\/\/www.msn.com\/fr-fr\/actualite\/monde\/li<\/a><\/p>\n<p style=\"text-align: center;\">************\u00a0\u00a0\u00a0\u00a0\u00a0\u00a0 ***********<\/p>\n<p style=\"text-align: left;\"><strong>Coordination Citoyenne Antennes Relais Rh\u00f4ne-Alpes explique la 5G<\/strong><\/p>\n<p style=\"text-align: justify;\">Un document Etatsunien qui date de janvier 2018<\/p>\n<p style=\"text-align: justify;\"><a href=\"https:\/\/collectif-accad.fr\/site\/wp-content\/uploads\/2021\/01\/TECHNIQUE-5G.pdf\">TECHNIQUE-5G<\/a><\/p>\n<p style=\"text-align: justify;\"><strong>Tout sur la 5G<\/strong><\/p>\n<p style=\"text-align: justify;\"><a href=\"http:\/\/ccarra.revolublog.com\/page-8-tout-sur-la-5-g-a182512630?fbclid=IwAR3PJrcTgU5wJdt8ZSW0yz_OCZ6de_9Py4-LM5yNjr_g689bw6z-FXwE2fU\">http:\/\/ccarra.revolublog.com\/page-8-tout-<\/a><\/p>\n<p style=\"text-align: justify;\">notamment\u00a0le scandaleux d\u00e9cret\u00a0:<\/p>\n<p style=\"text-align: justify;\"><a href=\"http:\/\/ekladata.com\/9fyd1-E9Hxg7TFBIkP2ycHL9VRY.pdf\">http:\/\/ekladata.com\/9fyd1-E9Hxg7TFBIkP2<\/a><\/p>\n<p style=\"text-align: center;\">************\u00a0\u00a0\u00a0\u00a0\u00a0\u00a0 ***********<\/p>\n<p style=\"text-align: center;\"><strong>Brisons le totem de la 5G<\/strong><\/p>\n<p style=\"text-align: justify;\"><a href=\"https:\/\/www.laquadrature.net\/2020\/10\/09\/brisons-le-totem-de-la-5g\/\">https:\/\/www.laquadrature.net\/2020\/10\/09\/bris<\/a><\/p>\n<p style=\"text-align: center;\">************\u00a0\u00a0\u00a0\u00a0\u00a0\u00a0 ***********<\/p>\n<p style=\"text-align: left;\"><strong>P\u00e9tition du Collectif stop5G.be adress\u00e9e au Parlement de Wallonie<\/strong><\/p>\n<p style=\"text-align: justify;\">Vous \u00eates s\u00fbrement d\u00e9j\u00e0 au courant de la p\u00e9tition que nous avons enregistr\u00e9e au Parlement de Wallonie pour demander que soit auditionn\u00e9 un expert ind\u00e9pendant, le professeur Paul H\u00e9roux, physicien et professeur de toxicologie et des effets de l\u2019\u00e9lectromagn\u00e9tisme sur la sant\u00e9 \u00e0 l\u2019Universit\u00e9 McGill de Montr\u00e9al (d\u00e9tail\u00a0: <a href=\"http:\/\/www.stop5g.be\/apps\/PHPlist\/lt.php?tid=cRpXBQZdAlNUXBsAUFZRGVYGV11MC1ZdB0wAVwMDUlEIXgRWCldPVAJWBgNdVAsZBghVVEwGBwsETFlSBwVJAwlUB1JVVwZXAgdTSwNRVVABCQNUTAtQCgNMVVIFBElRD1dWGgVUA19XVVcPU1lXBg\">www.petition.stop5G.be<\/a>).<\/p>\n<p style=\"text-align: justify;\">Il nous faut atteindre tr\u00e8s rapidement les 1000 premi\u00e8res signatures pour soumettre sans tarder la demande d\u2019audition de Paul H\u00e9roux. En effet, le groupe d\u2019experts mis en place par le gouvernement wallon pour \u00e9valuer l\u2019opportunit\u00e9 de d\u00e9ployer la 5G a rendu un rapport et sera auditionn\u00e9 normalement fin de ce mois. Or, \u00e0 ce jour, il n\u2019y a que 185 signatures sur le site du Parlement et nous n\u2019avons re\u00e7u par la poste qu\u2019environ 230 signatures via les formulaires papiers.<\/p>\n<p style=\"text-align: justify;\">Nous vous demandons donc de nous renvoyer d\u00e8s \u00e0 pr\u00e9sent les formulaires en votre possession m\u00eame s\u2019ils ne sont que partiellement remplis pour atteindre le seuil des 1000 signatures pour que nous puissions introduire la demande d\u2019audition. Bien entendu apr\u00e8s les 1000 premi\u00e8res signatures, la collecte des signatures continuera\u00a0: plus il y aura de signatures, plus la demande aura du poids.<\/p>\n<p style=\"text-align: justify;\"><strong>Affiches stop 5G<\/strong><\/p>\n<p style=\"text-align: justify;\">Le Collectif vous propose 3 nouvelles affiches (merci Laurent) dont vous avez un aper\u00e7u ci-contre.<br \/>\nVoir la rubrique <a href=\"http:\/\/www.stop5g.be\/apps\/PHPlist\/lt.php?tid=cRpVUwtXBV8HAhsCAQMKGVZVAQBMUANaB0xXVAIHAgBaUgMOUlZPVAJWBgNdVAsZBghVVEwGBwsETFlSBwVJAwlUB1JVVwZXAgdTSwNRVVABCQNUTAtQCgNMVVIFBElRD1dWGgVUA19XVVcPU1lXBg\">Mat\u00e9riel promotionnel du site<\/a>.<\/p>\n<p style=\"text-align: justify;\"><a href=\"http:\/\/www.stop5g.be\/apps\/PHPlist\/lt.php?tid=cRoBAVFTUFIBXRsPXAMFGVZQAlNMCl0LAkwEBQMCBgRfAwYCBldPVAJWBgNdVAsZBghVVEwGBwsETFlSBwVJAwlUB1JVVwZXAgdTSwNRVVABCQNUTAtQCgNMVVIFBElRD1dWGgVUA19XVVcPU1lXBg\">www.stop5G.be<\/a><\/p>\n<p style=\"text-align: left;\">Les archives de cette lettre\u00a0:\u00a0<a href=\"http:\/\/www.stop5g.be\/apps\/PHPlist\/lt.php?tid=cRoBBlVXAlAHARsAVVZXGVYBAwJMCgENUUwHAFQEVwoPAAJRAQJPVAJWBgNdVAsZBghVVEwGBwsETFlSBwVJAwlUB1JVVwZXAgdTSwNRVVABCQNUTAtQCgNMVVIFBElRD1dWGgVUA19XVVcPU1lXBg\">stop5g.be\/fr\/lettre<\/a><\/p>\n<p style=\"text-align: center;\">************\u00a0\u00a0\u00a0\u00a0\u00a0\u00a0 ***********<\/p>\n<p style=\"text-align: center;\"><strong>Un entretien avec Eric Sadin<\/strong><\/p>\n<p style=\"text-align: justify;\"><a href=\"https:\/\/collectif-accad.fr\/site\/wp-content\/uploads\/2021\/01\/Lere-de-lindividu-tyran.docx\">L\u2019\u00e8re de l\u2019individu tyran<\/a><\/p>\n<p style=\"text-align: justify;\">Un article trouv\u00e9 sur NVO<\/p>\n<p style=\"text-align: center;\">************\u00a0\u00a0\u00a0\u00a0\u00a0\u00a0 ***********<\/p>\n<p style=\"text-align: center;\"><strong>Investissez dans la 5G\u00a0!!!<\/strong><\/p>\n<p style=\"text-align: justify;\">Un dossier de Vauban \u00e9ditions<\/p>\n<p style=\"text-align: justify;\"><a href=\"https:\/\/collectif-accad.fr\/site\/wp-content\/uploads\/2021\/01\/DEC-20-Aout-2019-Leadgen-dossier-lis-5g-SD.pdf\">DEC-20-Aout-2019-Leadgen-dossier-lis-5g-SD<\/a><\/p>\n<p style=\"text-align: center;\">************\u00a0\u00a0\u00a0\u00a0\u00a0\u00a0 ***********<\/p>\n<p style=\"text-align: center;\"><strong>Des nouvelles d\u2019ACE Hendaye<\/strong><\/p>\n<p style=\"text-align: justify;\"><strong>Refusez la fibre optique \u00e0 tout prix !\u00a0<\/strong><\/p>\n<p style=\"text-align: justify;\"><a href=\"http:\/\/ace-hendaye.over-blog.fr\/2021\/01\/refusez-la-fibre-optique-a-tout-prix.html\">http:\/\/ace-hendaye.over-blog.fr\/2021\/01\/refusez-l<\/a><\/p>\n<p style=\"text-align: justify;\">\u00a0Pour en savoir plus\u00a0 encore\u00a0:<\/p>\n<p style=\"text-align: justify;\"><a href=\"https:\/\/jbl1960blog.wordpress.com\/2020\/08\/15\/france-arsenal-technotronique-en-phase-finale-dachevement\/\">https:\/\/jbl1960blog.wordpress.com\/2020\/08\/15\/fr<\/a><\/p>\n<p style=\"text-align: left;\"><strong>Des abeilles, des oiseaux et des hommes : La destruction de la nature par l'\u00a0\u00bb\u00e9lectrosmog\u00a0\u00bb\u00a0<\/strong><\/p>\n<p style=\"text-align: justify;\"><a href=\"http:\/\/ace-hendaye.over-blog.fr\/2021\/01\/des-abeilles-des-oiseaux-er-des-hommes-la-destruction-de-la-nature-par-l-electrosmog.html\">http:\/\/ace-hendaye.over-blog.fr\/2021\/01\/des-abeille<\/a><\/p>\n<p style=\"text-align: left;\"><strong>Comment la nationalisation des colonnes montantes profite \u00e0 ENEDIS\u00a0<\/strong><\/p>\n<p style=\"text-align: justify;\"><a href=\"http:\/\/ace-hendaye.over-blog.fr\/2021\/01\/comment-la-nationalisation-des-colonnes-montantes-profite-a-enedis.html\">http:\/\/ace-hendaye.over-blog.fr\/2021\/01\/comment-la-n<\/a><\/p>\n<p style=\"text-align: justify;\">\u00a0<strong>EHS &#8211; les terres rares\u00a0<\/strong><\/p>\n<p style=\"text-align: justify;\"><a href=\"http:\/\/ace-hendaye.over-blog.fr\/2021\/01\/ehs-les-terres-rares.html\">http:\/\/ace-hendaye.over-blog.fr\/2021\/01\/ehs-le<\/a><\/p>\n<p style=\"text-align: left;\">\u00a0<strong>Comment contester l&rsquo;implantation d&rsquo;une antenne relais 5G ?! Le maire est-il comp\u00e9tent?!\u00a0<\/strong><\/p>\n<p style=\"text-align: justify;\"><a href=\"http:\/\/ace-hendaye.over-blog.fr\/2021\/01\/comment-contester-l-implantation-d-une-antenne-relais-5g-le-maire-est-il-competent.html\">http:\/\/ace-hendaye.over-blog.fr\/2021\/01\/comment-contes<\/a><\/p>\n<p style=\"text-align: left;\"><strong>Quand Emmanuel Macron pi\u00e9tine les autorit\u00e9s administratives ind\u00e9pendantes\u00a0<\/strong><\/p>\n<p style=\"text-align: justify;\"><a href=\"https:\/\/www.mediapart.fr\/journal\/france\/070121\/quand-emmanuel-macron-pietine-les-autorites-administratives-independantes\">https:\/\/www.mediapart.fr\/journal\/france\/070121\/<\/a><\/p>\n<p style=\"text-align: left;\">\u00a0<strong>Contre les avanc\u00e9es \u00e9cologistes, l&rsquo;industrie publicitaire se mobilise\u00a0<\/strong><\/p>\n<p style=\"text-align: justify;\"><a href=\"http:\/\/ace-hendaye.over-blog.fr\/2021\/01\/contre-les-avancees-ecologistes-l-industrie-publicitaire-se-mobilise.html\">http:\/\/ace-hendaye.over-blog.fr\/2021\/01\/contre-les-ava<\/a><\/p>\n<p style=\"text-align: left;\"><strong>Un IPhone 12 peut arr\u00eater un stimulateur cardiaque simplement en \u00e9tant \u00e0 proximit\u00e9\u00a0<\/strong><\/p>\n<p style=\"text-align: justify;\"><a href=\"http:\/\/ace-hendaye.over-blog.fr\/2021\/01\/un-iphone-12-peut-arreter-un-stimulateur-cardiaque-simplement-en-etant-a-proximite.html\">http:\/\/ace-hendaye.over-blog.fr\/2021\/01\/un-iphone-12<\/a><\/p>\n<p style=\"text-align: justify;\">\n<p style=\"text-align: justify;\"><strong>\u00a0<\/strong><\/p>\n","protected":false},"excerpt":{"rendered":"","protected":false},"author":4,"featured_media":0,"comment_status":"closed","ping_status":"open","sticky":false,"template":"","format":"standard","meta":{"footnotes":""},"categories":[1],"tags":[],"class_list":["post-6860","post","type-post","status-publish","format-standard","hentry","category-non-classe"],"_links":{"self":[{"href":"https:\/\/collectif-accad.fr\/site\/wp-json\/wp\/v2\/posts\/6860","targetHints":{"allow":["GET"]}}],"collection":[{"href":"https:\/\/collectif-accad.fr\/site\/wp-json\/wp\/v2\/posts"}],"about":[{"href":"https:\/\/collectif-accad.fr\/site\/wp-json\/wp\/v2\/types\/post"}],"author":[{"embeddable":true,"href":"https:\/\/collectif-accad.fr\/site\/wp-json\/wp\/v2\/users\/4"}],"replies":[{"embeddable":true,"href":"https:\/\/collectif-accad.fr\/site\/wp-json\/wp\/v2\/comments?post=6860"}],"version-history":[{"count":2,"href":"https:\/\/collectif-accad.fr\/site\/wp-json\/wp\/v2\/posts\/6860\/revisions"}],"predecessor-version":[{"id":6862,"href":"https:\/\/collectif-accad.fr\/site\/wp-json\/wp\/v2\/posts\/6860\/revisions\/6862"}],"wp:attachment":[{"href":"https:\/\/collectif-accad.fr\/site\/wp-json\/wp\/v2\/media?parent=6860"}],"wp:term":[{"taxonomy":"category","embeddable":true,"href":"https:\/\/collectif-accad.fr\/site\/wp-json\/wp\/v2\/categories?post=6860"},{"taxonomy":"post_tag","embeddable":true,"href":"https:\/\/collectif-accad.fr\/site\/wp-json\/wp\/v2\/tags?post=6860"}],"curies":[{"name":"wp","href":"https:\/\/api.w.org\/{rel}","templated":true}]}}