{"id":6845,"date":"2021-01-17T02:03:49","date_gmt":"2021-01-17T01:03:49","guid":{"rendered":"https:\/\/collectif-accad.fr\/site\/?p=6845"},"modified":"2021-01-13T15:06:04","modified_gmt":"2021-01-13T14:06:04","slug":"fournisseurs-delectricite","status":"publish","type":"post","link":"https:\/\/collectif-accad.fr\/site\/fournisseurs-delectricite\/","title":{"rendered":"Fournisseurs d\u2019\u00e9lectricit\u00e9"},"content":{"rendered":"<h2 style=\"text-align: left;\"><strong>Aujourd\u2019hui, les consommateurs ont acc\u00e8s \u00e0 pr\u00e8s d&rsquo;une trentaine de fournisseurs d\u2019\u00e9lectricit\u00e9 (dont enercoop)<br \/>\n<\/strong><\/h2>\n<p><!--more--><\/p>\n<p style=\"text-align: justify;\">De plus en plus nombreux sont les fournisseurs \u00e0 proposer des offres dites \u00ab vertes \u00bb. Mais <strong>derri\u00e8re cette vague \u00ab verte \u00bb se cache bien souvent de l\u2019\u00e9lectricit\u00e9 issue du charbon, du fioul, du gaz ou du nucl\u00e9aire<\/strong>. Comment \u00e9viter de financer les industries du charbon, des hydrocarbures ou du nucl\u00e9aire avec vos factures d&rsquo;\u00e9lectricit\u00e9 ? C\u2019est tout l\u2019objet du <a href=\"https:\/\/www.guide-electricite-verte.fr\">classement de Greenpeace France<\/a>,, mis \u00e0 jour fin novembre 2019, qui passe au peigne fin 24 fournisseurs d&rsquo;\u00e9lectricit\u00e9 actifs en France m\u00e9tropolitaine au cours de 2018 et 2019 : aider les consommateurs \u00e0 rep\u00e9rer les fournisseurs d\u2019\u00e9lectricit\u00e9 vraiment verts qui ach\u00e8tent de l&rsquo;\u00e9lectricit\u00e9 \u00e0 des producteurs d&rsquo;\u00e9nergie renouvelable ou la produisent eux-m\u00eames ; et tourner le dos \u00e0 ceux qui ach\u00e8tent, produisent et investissent dans le charbon ou les hydrocarbures non-conventionnels, responsables des changements climatiques, ou dans le nucl\u00e9aire, une \u00e9nergie polluante et dangereuse qui g\u00e9n\u00e8re des d\u00e9chets radioactifs pour des milliers d&rsquo;ann\u00e9es.<\/p>\n<p style=\"text-align: justify;\"><a href=\"https:\/\/www.greenpeace.fr\/electricite-guide-vert-fournisseurs\/\">https:\/\/www.greenpeace.fr\/electricite-guide-vert-fournisseurs\/<\/a><\/p>\n<p style=\"text-align: center;\">*****\u00a0\u00a0\u00a0 *********<\/p>\n<h3 style=\"text-align: left;\">Questions fr\u00e9quentes sur l&rsquo;offre Vert \u00c9lectrique Week-End<\/h3>\n<p style=\"text-align: justify;\"><strong>Puis-je choisir cette offre d\u2019\u00e9lectricit\u00e9 sans disposer d\u2019un compteur communicant Linky\u2122 ?<\/strong><\/p>\n<p style=\"text-align: justify;\">Le compteur Linky\u2122 est n\u00e9cessaire pour comptabiliser s\u00e9par\u00e9ment l\u2019\u00e9lectricit\u00e9 consomm\u00e9e en semaine et le week-end. Si vous ne disposez pas d\u2019un compteur Linky\u2122 communicant, vous ne pouvez donc pas b\u00e9n\u00e9ficier de l\u2019offre Vert \u00c9lectrique Week-End. D\u00e9couvrez <a href=\"https:\/\/particulier.edf.fr\/fr\/accueil\/offres\/electricite.html\">nos autres offres d\u2019\u00e9lectricit\u00e9<\/a> !<\/p>\n<p style=\"text-align: justify;\">EDF\/enedis font de la pub en ce moment pour cette offre.<\/p>\n<p style=\"text-align: justify;\">Ils veulent ainsi favoriser les foyers \u00e9quip\u00e9s de compteur communiquant et \u00ab\u00a0punir\u00a0\u00bb les r\u00e9fractaires. Je trouve qu&rsquo;il y a l\u00e0 disparit\u00e9 de traitement entre les consommateurs. Cette disparit\u00e9 est, \u00e0 mes yeux, ill\u00e9gale d&rsquo;autant que techniquement elle ne se justifie pas.<\/p>\n<p style=\"text-align: center;\">**********\u00a0 ********<\/p>\n<p style=\"text-align: center;\"><strong>La nouvelle offre d&rsquo;EDF\u00a0 <\/strong><\/p>\n<p style=\"text-align: justify;\"><a href=\"https:\/\/particulier.edf.fr\/fr\/accueil\/autres-pages\/vert-electrique-week-end.html?mkwid=koI5Vwut&amp;pcrid=74354533857799&amp;pkw=offre%20vert%20%C3%A9lectrique%20week-end&amp;pmt=be&amp;pdv=c&amp;slid=&amp;productid=&amp;pgrid=1189671827482208&amp;ptaid=kwd-74354608741101:loc-66\">https:\/\/particulier.edf.fr\/fr\/accueil\/autres-pag<\/a><\/p>\n<p style=\"text-align: justify;\">Avec Vert Electrique Week-End<sup>1<\/sup>, vous soutenez le d\u00e9veloppement des \u00e9nergies renouvelables (hydraulique, \u00e9olienne, solaire). En plus, vous b\u00e9n\u00e9ficiez d\u2019un prix de l\u2019\u00e9lectricit\u00e9 avantageux le week-end. Cette offre est accessible aux logements \u00e9quip\u00e9s d\u2019un compteur Linky\u2122.\u00a0 N\u2019attendez plus, privil\u00e9giez le week-end pour vos consommations \u00e9lectriques et faites des \u00e9conomies sur votre facture d\u2019\u00e9lectricit\u00e9\u00a0!<\/p>\n<p style=\"text-align: justify;\"><strong>Commentaire\u00a0: Il faudra le linky\u00a0 !!!<\/strong><\/p>\n<p style=\"text-align: justify;\">Purement scandaleux !\u00a0 C&rsquo;est vraiment prendre les gens pour des cons, mais que voulez-vous, il y en a plein qui sont tellement fiers d consommer de l&rsquo;\u00e9lectricit\u00e9 verte !<\/p>\n<p style=\"text-align: justify;\">Ja<\/p>\n<p style=\"text-align: justify;\"><strong>Autre commentaire<\/strong><\/p>\n<p style=\"text-align: justify;\">Bonjour, je pense sinc\u00e8rement qu\u2019effectivement c\u2019est une incitation lamentable \u00e0 prendre linky mais\u00a0 je conseille fortement la m\u00e9fiance pour ceux qui l\u2019ont et le refus cat\u00e9gorique pour ceux qui h\u00e9sitent. Je pense qu\u2019aucune offre, des diff\u00e9rents fournisseurs, n\u2019est un r\u00e9el cadeau<strong>, ils y trouvent toujours leurs comptes<\/strong>. Je n\u2019ai pas v\u00e9rifi\u00e9 ces offres mais je conseille de contr\u00f4ler le co\u00fbt du KW en dehors des p\u00e9riodes \u00ab\u00a0remis\u00e9es\u00a0\u00bb \u00e0 l\u2019instar de l\u2019option HP\/HC, trop souvent couteuse et inutile, qui \u00e0 terme sera modifi\u00e9e avec le passage en saison basse et saison haute et pour tous ceux qui ont le linky, avec ou sans cette option, il y aura une diff\u00e9renciation des co\u00fbts de consommation selon des tranches horaires journali\u00e8res<strong>, \u00e0 terme, avec linky, l\u2019usager sera toujours perdant.<\/strong><\/p>\n<p style=\"text-align: justify;\">Une SA, ou autre forme juridique, n\u2019a-t-elle pas besoin de b\u00e9n\u00e9fices pour payer les dividendes de ses actionnaires\u00a0?<\/p>\n<p style=\"text-align: justify;\">Et, \u00e0 mon sens, le comble \u00e9tant un propri\u00e9taire \u00e0 qui on a fait croire que rouler en voiture \u00e9lectrique est \u00e9cologique et qui accepte ce compteur en imaginant qu\u2019il fera des \u00e9conomies et qu\u2019il ne paiera pas de taxe quand il chargera ses batteries.<\/p>\n<p style=\"text-align: justify;\">cordialement H.C.<\/p>\n<p style=\"text-align: justify;\"><strong>Encore un commentaire<\/strong><\/p>\n<p style=\"text-align: justify;\">Ca y est, \u00e7a commence ! \u00a0Les propositions vont \u00e0 pr\u00e9sent se multiplier. Nous savions depuis le d\u00e9but du d\u00e9ploiement des Linky que cela \u00e9tait programm\u00e9. Bient\u00f4t, des propositions conditionn\u00e9es \u00e0 l\u2019acceptation d\u2019effacements = des tarifs \u201cincitatifs\u201c qui nous m\u00e8neront vers un service \u00e0 plusieurs vitesses. On le savait.<\/p>\n<p style=\"text-align: justify;\">Cette pub verd\u00e2tre n\u2019est qu\u2019une fa\u00e7on p\u00e9dagogique de nous habituer aux tarifs divers, \u00e0 une grille qui sera aussi complexe que celle de la t\u00e9l\u00e9phonie mobile\u2026 ou de la SNCF.<\/p>\n<p style=\"text-align: justify;\">Collectif anti Linky &amp; 5G de Soule<\/p>\n<p style=\"text-align: justify;\"><strong>Qu\u2019en pense Jean Michel\u00a0?<\/strong><\/p>\n<p style=\"text-align: justify;\">J&rsquo;ai trois r\u00e9flexions &#8230;<\/p>\n<p style=\"text-align: justify;\">\u00a0&#8211; Peut on imaginer qu&rsquo;EDF s&rsquo;efforce de perdre de l&rsquo;argent en faisant faire des \u00e9conomies aux clients ?<\/p>\n<p style=\"text-align: justify;\">\u00a0&#8211; Le choix HC\/HP qui permet de diff\u00e9rencier deux tarifs diff\u00e9rents peut tr\u00e8s bien se faire sans le Linky, le Linky n&rsquo;est donc pas techniquement obligatoire.<\/p>\n<p style=\"text-align: justify;\">\u00a0&#8211; A combien reviendront au final ces publicit\u00e9s, pay\u00e9es bien s\u00fbr par le consommateur ?<\/p>\n<p style=\"text-align: center;\">*********\u00a0\u00a0\u00a0\u00a0 ************<\/p>\n<p style=\"text-align: center;\"><strong>A propos d\u2019Enercoop<\/strong><\/p>\n<p style=\"text-align: justify;\">Comment Enercoop voit le Linky<\/p>\n<p style=\"text-align: justify;\">Il faut tout de m\u00eame ne pas \u00eatre dupe : Enercoop est incapable de dire \u00e0 Enedis qu&rsquo;il ne veut pas du compteur Linky. Donc, c&rsquo;est un peu une m\u00e9thode hypocrite. Eneercoop pense peut-\u00eatre que Linky est bon pour la transition \u00e9nerg\u00e9tique : pipeau ! Je suis \u00e0 enercoop mais j&rsquo;ai presque envie de dire que je le regrette ! En tout cas, je ne le conseille pas ; pas plus que les autres arnaqueurs qui se plient au diktat d&rsquo;Enedis.<\/p>\n<p style=\"text-align: justify;\"><strong>Commentaire re\u00e7u<\/strong><\/p>\n<p style=\"text-align: justify;\">Le linky d\u00e9pends d&rsquo;ENEDIS et pas du fournisseur d&rsquo;\u00e9lectricit\u00e9 quel qui soit &#8230;<\/p>\n<p style=\"text-align: justify;\"><strong>R\u00e9ponse au commentaire<\/strong><\/p>\n<p style=\"text-align: justify;\">C\u2019est vrai qu\u2019Enedis a le monopole de la distribution de l\u2019\u00e9lectricit\u00e9 \u2013c\u2019est pour cela qu\u2019il se pr\u00e9tend du service public. C\u2019est vrai qu\u2019Enercoop n\u2019est qu\u2019un des fournisseurs \u2013qui se trouvent en fin de chaine. Mais Enercoop se pr\u00e9tend d\u00e9fenseur des \u00e9nergies renouvelables (c\u2019est encore \u00e0 prouver\u00a0!). Il pourrait faire pression sur son distributeur pour qu\u2019il n\u2019installe pas des compteurs-capteurs-cafteurs d\u2019informations perso. Il existe d\u2019autres compteurs moins nocifs. Puisque c\u2019est une aberration \u00e9conomique et \u00e9cologique de remplacer les compteurs actuels par le Linky (qui durera nettement moins longtemps et qui sera pay\u00e9 au final par l\u2019usager), Enercoop aurait pu mener la bataille\u00a0: il ne l\u2019a pas fait.<\/p>\n<p style=\"text-align: justify;\">\n","protected":false},"excerpt":{"rendered":"<p>Aujourd\u2019hui, les consommateurs ont acc\u00e8s \u00e0 pr\u00e8s d&rsquo;une trentaine de fournisseurs d\u2019\u00e9lectricit\u00e9 (dont enercoop)<\/p>\n","protected":false},"author":4,"featured_media":0,"comment_status":"closed","ping_status":"open","sticky":false,"template":"","format":"standard","meta":{"footnotes":""},"categories":[1],"tags":[],"class_list":["post-6845","post","type-post","status-publish","format-standard","hentry","category-non-classe"],"_links":{"self":[{"href":"https:\/\/collectif-accad.fr\/site\/wp-json\/wp\/v2\/posts\/6845","targetHints":{"allow":["GET"]}}],"collection":[{"href":"https:\/\/collectif-accad.fr\/site\/wp-json\/wp\/v2\/posts"}],"about":[{"href":"https:\/\/collectif-accad.fr\/site\/wp-json\/wp\/v2\/types\/post"}],"author":[{"embeddable":true,"href":"https:\/\/collectif-accad.fr\/site\/wp-json\/wp\/v2\/users\/4"}],"replies":[{"embeddable":true,"href":"https:\/\/collectif-accad.fr\/site\/wp-json\/wp\/v2\/comments?post=6845"}],"version-history":[{"count":3,"href":"https:\/\/collectif-accad.fr\/site\/wp-json\/wp\/v2\/posts\/6845\/revisions"}],"predecessor-version":[{"id":6848,"href":"https:\/\/collectif-accad.fr\/site\/wp-json\/wp\/v2\/posts\/6845\/revisions\/6848"}],"wp:attachment":[{"href":"https:\/\/collectif-accad.fr\/site\/wp-json\/wp\/v2\/media?parent=6845"}],"wp:term":[{"taxonomy":"category","embeddable":true,"href":"https:\/\/collectif-accad.fr\/site\/wp-json\/wp\/v2\/categories?post=6845"},{"taxonomy":"post_tag","embeddable":true,"href":"https:\/\/collectif-accad.fr\/site\/wp-json\/wp\/v2\/tags?post=6845"}],"curies":[{"name":"wp","href":"https:\/\/api.w.org\/{rel}","templated":true}]}}