{"id":6843,"date":"2021-01-16T02:13:18","date_gmt":"2021-01-16T01:13:18","guid":{"rendered":"https:\/\/collectif-accad.fr\/site\/?p=6843"},"modified":"2021-01-13T07:14:21","modified_gmt":"2021-01-13T06:14:21","slug":"contre-les-technocrates-et-les-oligopoles-democratiser-les-telecoms","status":"publish","type":"post","link":"https:\/\/collectif-accad.fr\/site\/contre-les-technocrates-et-les-oligopoles-democratiser-les-telecoms\/","title":{"rendered":"Contre les technocrates et les oligopoles, d\u00e9mocratiser les t\u00e9l\u00e9coms"},"content":{"rendered":"<h2 style=\"text-align: left;\"><strong>Le d\u00e9ploiement de la 5G suscite une large opposition populaire<\/strong><\/h2>\n<p><!--more--><\/p>\n<p style=\"text-align: justify;\">La Quadrature du Net et la F\u00e9d\u00e9ration FDN des fournisseurs d\u2019acc\u00e8s associatifs (FFDN) interpellent aujourd\u2019hui les responsables publics fran\u00e7ais. L\u2019enjeu\u00a0? \u0152uvrer \u00e0 la d\u00e9mocratisation des politiques dans le secteur des t\u00e9l\u00e9coms. Comment\u00a0? En favorisant le d\u00e9veloppement de r\u00e9seaux construits et g\u00e9r\u00e9s par et pour la population.<\/p>\n<p style=\"text-align: justify;\">Il y a pr\u00e8s de deux ans, La Quadrature se battait aux c\u00f4t\u00e9s des op\u00e9rateurs t\u00e9l\u00e9coms associatifs de la <a href=\"https:\/\/www.ffdn.org\/\">F\u00e9d\u00e9ration FDN<\/a> et de nombreux autres \u00ab\u00a0r\u00e9seaux communautaires\u00a0\u00bb \u00e0 travers le monde pour porter une revendication simple\u00a0: d\u00e9mocratiser les t\u00e9l\u00e9coms. Et pour ce faire, favoriser le d\u00e9veloppement d\u2019infrastructures g\u00e9r\u00e9es en bien commun par des op\u00e9rateurs alternatifs plut\u00f4t que d\u2019inf\u00e9oder la r\u00e9gulation des t\u00e9l\u00e9coms aux int\u00e9r\u00eats d\u2019une poign\u00e9e d\u2019industriels. Nous avons m\u00eame obtenu quelques avanc\u00e9es, \u00e0 la fois modestes et historiques, encourageant le d\u00e9veloppement des r\u00e9seaux communautaires (dont on pourrait dire, par analogie avec l\u2019agriculture, qu\u2019ils sont un peu les AMAP du num\u00e9rique). Pourtant, bien qu\u2019inscrites dans le <a href=\"https:\/\/eur-lex.europa.eu\/legal-content\/FR\/TXT\/?uri=celex%3A32018L1972\">Code des communications \u00e9lectroniques europ\u00e9en<\/a> adopt\u00e9 fin 2018 au niveau de l\u2019Union europ\u00e9enne, ces dispositions se heurtent aujourd\u2019hui \u00e0 l\u2019indiff\u00e9rence totale des responsables publics.<\/p>\n<p style=\"text-align: justify;\">Apr\u00e8s le piteux lancement de la 5G, d\u00e9cid\u00e9 en haut lieu et impos\u00e9 brutalement en d\u00e9pit d\u2019oppositions l\u00e9gitimes, il nous a sembl\u00e9 utile de les remettre sur la table. Car si les responsables publics, \u00e0 l\u2019image du pr\u00e9sident sortant de l\u2019Arcep S\u00e9bastien Soriano, se plaisent \u00e0 <a href=\"https:\/\/www.acteurspublics.fr\/articles\/sebastien-soriano-instituer-une-trilogie-entre-etat-marche-et-commun\">disserter sur les \u00ab\u00a0biens communs\u00a0\u00bb<\/a> et \u00e0 d\u00e9noncer les d\u00e9rives du capitalisme num\u00e9rique, les actes concrets se font cruellement attendre. On se paie de belles paroles, mais en r\u00e9alit\u00e9 rien ne change. \u00c0 travers ce \u00ab\u00a0<a href=\"https:\/\/netcommons.eu\/index.html%3Fq=content%252Fcommonswashing-information-technologies-and-online-platforms-semantic-appropriation-commons.html\">commonswashing<\/a>\u00a0\u00bb, on tente de l\u00e9gitimer des politiques con\u00e7ues pour servir les int\u00e9r\u00eats du cartel de multinationales qui domine aujourd\u2019hui le secteur, et redonner un peu de panache \u00e0 la vision industrielle \u00e9cul\u00e9e des quelques technocrates qui pilotent ces dossiers. Mais, en pratique, personne n\u2019est vraiment dupe\u00a0: c\u2019est <em>business as usual<\/em>.<\/p>\n<p style=\"text-align: justify;\">Alors que le gouvernement finalise la transposition du Code des communications \u00e9lectroniques europ\u00e9en par voie d\u2019ordonnance, et tandis que l\u2019Arcep devrait rendre un avis sur ce projet de transposition, nous publions aujourd\u2019hui des lignes directrices favorables au d\u00e9veloppement d\u2019op\u00e9rateurs alternatifs \u2013 c\u2019est-\u00e0-dire op\u00e9rant sur un mod\u00e8le coop\u00e9ratif ou, comme la F\u00e9d\u00e9ration FDN, sur un mode associatif. Fruit du travail commun de dizaines de r\u00e9seaux communautaires \u00e0 travers l\u2019Europe, elles ont \u00e9t\u00e9 publi\u00e9es <a href=\"https:\/\/www.laquadrature.net\/en\/2017\/03\/16\/netcommons-open-letter-EU-policy-makers-on-community-networks\/\">d\u00e8s 2017<\/a> et, pour certaines d\u2019entre elles, reprises par le Parlement europ\u00e9en afin de les inscrire dans le code europ\u00e9en des t\u00e9l\u00e9coms. Nous les pr\u00e9sentons aujourd\u2019hui dans une version traduite et mise \u00e0 jour qui prend en compte l\u2019\u00e9volution du cadre r\u00e9glementaire intervenue depuis lors.<\/p>\n<p style=\"text-align: justify;\">Alors que le Parlement fran\u00e7ais sera bient\u00f4t saisi de l\u2019ordonnance de transposition du code europ\u00e9en des t\u00e9l\u00e9coms, et tandis que de nombreux responsables publics \u2013 y compris des \u00e9lus locaux \u2013 s\u2019interrogent sur la crise de l\u00e9gitimit\u00e9 qu\u2019affrontent les politiques dans le domaine du num\u00e9rique, nous entendons ainsi rappeler que des solutions concr\u00e8tes se construisent \u00ab\u00a0par en bas\u00a0\u00bb, et qu\u2019il est grand temps de leur accorder la reconnaissance qu\u2019elles m\u00e9ritent. Et ce d\u2019autant plus que, d\u00e9sormais, le cadre r\u00e9glementaire europ\u00e9en y oblige.<\/p>\n<p style=\"text-align: justify;\">Plut\u00f4t qu\u2019une course effr\u00e9n\u00e9e \u00e0 l\u2019innovation industrielle, plut\u00f4t que la surench\u00e8re technologique et la fuite en avant de la surveillance, ces initiatives citoyennes montrent qu\u2019il est possible de construire des r\u00e9seaux simples et r\u00e9silients, adapt\u00e9s aux besoins et aux valeurs de leurs usagers, mais aussi respectueux de leurs droits. Pour ainsi reconstruire une ma\u00eetrise d\u00e9mocratique des infrastructures t\u00e9l\u00e9coms.<\/p>\n<p style=\"text-align: justify;\"><strong>T\u00e9l\u00e9charger les Lignes directrices pour le d\u00e9veloppement des r\u00e9seaux communautaires\u00a0:<\/strong><\/p>\n<p style=\"text-align: justify;\"><a href=\"https:\/\/www.laquadrature.net\/wp-content\/uploads\/sites\/8\/2020\/12\/democratiser-les-telecom_netcommons-1.pdf\">https:\/\/www.laquadrature.net\/wp-content\/uploads\/site<\/a><\/p>\n<p style=\"text-align: justify;\">\n<p style=\"text-align: justify;\"><strong>la quadrature du net<\/strong><\/p>\n","protected":false},"excerpt":{"rendered":"<p>Le d\u00e9ploiement de la 5G suscite une large opposition populaire<\/p>\n","protected":false},"author":4,"featured_media":0,"comment_status":"closed","ping_status":"open","sticky":false,"template":"","format":"standard","meta":{"footnotes":""},"categories":[1],"tags":[],"class_list":["post-6843","post","type-post","status-publish","format-standard","hentry","category-non-classe"],"_links":{"self":[{"href":"https:\/\/collectif-accad.fr\/site\/wp-json\/wp\/v2\/posts\/6843","targetHints":{"allow":["GET"]}}],"collection":[{"href":"https:\/\/collectif-accad.fr\/site\/wp-json\/wp\/v2\/posts"}],"about":[{"href":"https:\/\/collectif-accad.fr\/site\/wp-json\/wp\/v2\/types\/post"}],"author":[{"embeddable":true,"href":"https:\/\/collectif-accad.fr\/site\/wp-json\/wp\/v2\/users\/4"}],"replies":[{"embeddable":true,"href":"https:\/\/collectif-accad.fr\/site\/wp-json\/wp\/v2\/comments?post=6843"}],"version-history":[{"count":1,"href":"https:\/\/collectif-accad.fr\/site\/wp-json\/wp\/v2\/posts\/6843\/revisions"}],"predecessor-version":[{"id":6844,"href":"https:\/\/collectif-accad.fr\/site\/wp-json\/wp\/v2\/posts\/6843\/revisions\/6844"}],"wp:attachment":[{"href":"https:\/\/collectif-accad.fr\/site\/wp-json\/wp\/v2\/media?parent=6843"}],"wp:term":[{"taxonomy":"category","embeddable":true,"href":"https:\/\/collectif-accad.fr\/site\/wp-json\/wp\/v2\/categories?post=6843"},{"taxonomy":"post_tag","embeddable":true,"href":"https:\/\/collectif-accad.fr\/site\/wp-json\/wp\/v2\/tags?post=6843"}],"curies":[{"name":"wp","href":"https:\/\/api.w.org\/{rel}","templated":true}]}}