{"id":6838,"date":"2021-01-14T02:03:29","date_gmt":"2021-01-14T01:03:29","guid":{"rendered":"https:\/\/collectif-accad.fr\/site\/?p=6838"},"modified":"2021-01-13T07:04:15","modified_gmt":"2021-01-13T06:04:15","slug":"hercule-contre-marcel","status":"publish","type":"post","link":"https:\/\/collectif-accad.fr\/site\/hercule-contre-marcel\/","title":{"rendered":"Hercule contre Marcel"},"content":{"rendered":"<h2 style=\"text-align: left;\"><strong>Le projet Hercule, qui doit finir de d\u00e9manteler EDF(-GDF), est de retour, avec un texte de loi qui devrait \u00eatre publi\u00e9 avant l\u2019\u00e9t\u00e9. <\/strong><\/h2>\n<p><!--more--><\/p>\n<p style=\"text-align: justify;\">On aurait pu croire que la crise sanitaire l\u2019enverrait aux oubliettes. Niet. \u00c0 travers cet acharnement, le pr\u00e9sident Macron montre une fois de plus son adh\u00e9sion parfaite, aveugle et d\u00e9bile \u00e0 la doctrine n\u00e9olib\u00e9rale. Car c\u2019est bien de cela dont il s\u2019agit.<\/p>\n<p style=\"text-align: justify;\">EDF-GDF est n\u00e9 en 1946. Le ministre de la production industrielle d\u2019alors, Marcel Paul (PC), avait compris que l\u2019\u00e9nergie \u00e9tait un secteur essentiel pour reconstruire le pays, et qu\u2019il fallait le d\u00e9velopper dans sa globalit\u00e9 pour agir efficacement. \u00ab\u00a0Il n\u2019est pas possible de briser ni l\u2019unit\u00e9 technique, ni l\u2019unit\u00e9 \u00e9conomique, ni l\u2019unit\u00e9 commerciale des exploitations d\u2019\u00e9lectricit\u00e9 qui, dans les quatre cinqui\u00e8me des cas, sont des exploitations de production, de transport (haute tension, Ndlr) et de distribution (basse tension, Ndlr)\u00a0\u00bb, expliquait-il (1). C\u2019est ainsi que les moyens de production ont pu r\u00e9pondre \u00e0 la demande, et que le pays a pu se reconstruire. Avec tous les abus que nous pouvons constater aujourd\u2019hui en termes de pollution et de mod\u00e8le de soci\u00e9t\u00e9, certes. Mais l\u2019objectif recherch\u00e9 \u00e0 l\u2019\u00e9poque a pu \u00eatre atteint, gr\u00e2ce, notamment, \u00e0 ce formidable outil collectif.<br \/>\nAu cours des trente derni\u00e8res ann\u00e9es, l\u2019unit\u00e9 vant\u00e9e par Marcel Paul a \u00e9t\u00e9 patiemment r\u00e9duite en miettes. Ce saucissonnage ne doit rien au hasard. Il r\u00e9pond \u00e0 la doctrine n\u00e9olib\u00e9rale dont la mise en application a \u00e9t\u00e9 exp\u00e9riment\u00e9e, pour le secteur de l\u2019\u00e9nergie, par la clique du dictateur Pinochet au Chili. La cr\u00e9ation d\u2019un march\u00e9 concurrentiel de l\u2019\u00e9lectricit\u00e9 est rendue compliqu\u00e9e par le fait qu\u2019il s\u2019agit d\u2019une \u00e9nergie de r\u00e9seau\u00a0? Pour que le priv\u00e9 puisse tout de m\u00eame s\u2019accaparer des parts de march\u00e9, les n\u00e9olib\u00e9raux proc\u00e8dent \u00e0 une \u00ab\u00a0d\u00e9-int\u00e9gration verticale\u00a0\u00bb, qui consiste \u00e0 s\u00e9parer les diff\u00e9rentes activit\u00e9s les unes des autres.<br \/>\nC\u2019est pr\u00e9cis\u00e9ment ce que poursuit le projet Hercule. L\u2019entreprise, d\u00e9j\u00e0 bien d\u00e9sar\u00e7onn\u00e9e, serait scind\u00e9e en trois entit\u00e9s\u00a0: EDF Bleu (transport et nucl\u00e9aire), EDF Vert (distribution et \u00e9lectricit\u00e9 renouvelable) et EDF Azur (barrages hydro\u00e9lectriques). Ce qu\u2019il faut en retenir est assez simple\u00a0: les secteurs d\u00e9ficitaires (Bleu) resteraient publics, tandis que les secteurs d\u2019avenir (Vert) seraient ouverts au secteur priv\u00e9 (2). Socialiser les dettes, privatiser les profits, un grand classique.<br \/>\nIl serait pourtant urgent, comme en 1946, de re-cr\u00e9er un grand p\u00f4le public de l\u2019\u00e9nergie. Le d\u00e9fi qui s\u2019impose est en effet au moins aussi gigantesque que celui d\u2019apr\u00e8s-guerre\u00a0: mener la bifurcation \u00e9cologique pour limiter le d\u00e9r\u00e8glement climatique. Et pour cela, il faut reprendre en main tous les leviers qui permettraient d\u2019appliquer une strat\u00e9gie globale et coh\u00e9rente, articulant les diff\u00e9rentes \u00e9nergies entre elles et les moyens de production entre eux, utilisant les b\u00e9n\u00e9fices des secteurs rentables pour, par exemple, isoler des b\u00e2timents et \u0153uvrer pour la sobri\u00e9t\u00e9.<br \/>\nHier pour reconstruire le pays, aujourd\u2019hui pour sauver le climat\u00a0: dans les deux cas, le n\u00e9olib\u00e9ralisme est l\u2019ennemi. Marcel Paul avait pr\u00e9venu d\u00e8s 1946 les agents \u2013 et \u00e0 travers eux les usagers \u2013 d\u2019EDF-GDF\u00a0: \u00ab\u00a0Je vous demande de ne jamais oublier que vous avez en charge un instrument fondamental de la vie du pays. Votre dignit\u00e9, comme l\u2019int\u00e9r\u00eat national, vous font un devoir imp\u00e9rieux de continuer \u00e0 d\u00e9fendre sans jamais d\u00e9faillir le Service Public, propri\u00e9t\u00e9 de la nation, contre les repr\u00e9sentants du grand capital industriel et bancaire dont le seul objectif est d\u2019asservir encore plus le pays \u00e0 leurs insatiables besoins de domination et de profit.\u00a0\u00bb Pour l\u2019heure, les gr\u00e9vistes d\u2019EDF et de ses filiales ont du mal \u00e0 se faire entendre m\u00e9diatiquement et \u00e0 mobiliser les usagers dans leur combat.<br \/>\nMais \u00e7a va venir, Marcel, \u00e7a va venir\u2026<\/p>\n<p style=\"text-align: justify;\"><strong>Nicolas B\u00e9rard, journaliste au mensuel \u00ab\u00a0l\u2019\u00e2ge de faire\u00a0\u00bb<\/strong><\/p>\n<p style=\"text-align: justify;\">\n<p style=\"text-align: justify;\">1 \u2013 Et la lumi\u00e8re fut nationalis\u00e9e, Ren\u00e9 Gaudy, \u00e9ditions Sociales.<br \/>\n2 \u2013 Reste le cas d\u2019Azur, qui serait, dans un premier temps en tout cas, une entreprise d\u00e9tenue par EDF Bleu, ce qui s\u2019explique notamment par le fait que les centrales nucl\u00e9aires doivent pouvoir fonctionner en collaboration \u00e9troite avec les barrages pour refroidir les r\u00e9acteurs.<\/p>\n<p style=\"text-align: justify;\">\n","protected":false},"excerpt":{"rendered":"<p>Le projet Hercule, qui doit finir de d\u00e9manteler EDF(-GDF), est de retour, avec un texte de loi qui devrait \u00eatre publi\u00e9 avant l\u2019\u00e9t\u00e9.<\/p>\n","protected":false},"author":4,"featured_media":0,"comment_status":"closed","ping_status":"open","sticky":false,"template":"","format":"standard","meta":{"footnotes":""},"categories":[1],"tags":[],"class_list":["post-6838","post","type-post","status-publish","format-standard","hentry","category-non-classe"],"_links":{"self":[{"href":"https:\/\/collectif-accad.fr\/site\/wp-json\/wp\/v2\/posts\/6838","targetHints":{"allow":["GET"]}}],"collection":[{"href":"https:\/\/collectif-accad.fr\/site\/wp-json\/wp\/v2\/posts"}],"about":[{"href":"https:\/\/collectif-accad.fr\/site\/wp-json\/wp\/v2\/types\/post"}],"author":[{"embeddable":true,"href":"https:\/\/collectif-accad.fr\/site\/wp-json\/wp\/v2\/users\/4"}],"replies":[{"embeddable":true,"href":"https:\/\/collectif-accad.fr\/site\/wp-json\/wp\/v2\/comments?post=6838"}],"version-history":[{"count":2,"href":"https:\/\/collectif-accad.fr\/site\/wp-json\/wp\/v2\/posts\/6838\/revisions"}],"predecessor-version":[{"id":6840,"href":"https:\/\/collectif-accad.fr\/site\/wp-json\/wp\/v2\/posts\/6838\/revisions\/6840"}],"wp:attachment":[{"href":"https:\/\/collectif-accad.fr\/site\/wp-json\/wp\/v2\/media?parent=6838"}],"wp:term":[{"taxonomy":"category","embeddable":true,"href":"https:\/\/collectif-accad.fr\/site\/wp-json\/wp\/v2\/categories?post=6838"},{"taxonomy":"post_tag","embeddable":true,"href":"https:\/\/collectif-accad.fr\/site\/wp-json\/wp\/v2\/tags?post=6838"}],"curies":[{"name":"wp","href":"https:\/\/api.w.org\/{rel}","templated":true}]}}