{"id":6826,"date":"2021-01-13T02:47:56","date_gmt":"2021-01-13T01:47:56","guid":{"rendered":"https:\/\/collectif-accad.fr\/site\/?p=6826"},"modified":"2021-01-12T10:57:12","modified_gmt":"2021-01-12T09:57:12","slug":"les-methodes-denedis-et-de-ses-partenaires-suite","status":"publish","type":"post","link":"https:\/\/collectif-accad.fr\/site\/les-methodes-denedis-et-de-ses-partenaires-suite\/","title":{"rendered":"Les m\u00e9thodes d\u2019Enedis et de ses \u00ab\u00a0partenaires\u00a0\u00bb -suite"},"content":{"rendered":"<h2 style=\"text-align: left;\"><strong>Une septuag\u00e9naire dunkerquoise accuse Enedis de la harceler pour poser le compteur<\/strong><\/h2>\n<p><!--more--><\/p>\n<p style=\"text-align: justify;\">Pour savoir \u2013d\u2019apr\u00e8s Enedis- combien de compteurs sont install\u00e9s dans votre commune\u00a0:<\/p>\n<p style=\"text-align: justify;\"><a href=\"https:\/\/commune.app-linky.fr\/index.html\">https:\/\/commune.app-linky.fr\/index.html<\/a><\/p>\n<p style=\"text-align: justify;\">Attention, ce site ne refl\u00e8te pas la r\u00e9alit\u00e9 mais les r\u00eaves de Enedis<\/p>\n<p style=\"text-align: justify;\">Exemple \u00e0 Lichans-sunhar (64) : quand l\u2019opposition est totale Enedis d\u00e9clare la commune comme ne relevant pas de sa mission<\/p>\n<p style=\"text-align: justify;\">Le meilleur moyen de faire le point sur sa commune, c\u2019est de demander aux releveurs de compteurs combien il a de maisons \u00e0 visiter.<\/p>\n<p><em>Une pr\u00e9cision de linkyrikez<\/em><\/p>\n<p style=\"text-align: center;\">******* ******<\/p>\n<p style=\"text-align: justify;\">L\u2019article qui suit est tout de m\u00eame rassurant pour Enedis : ils auront pos\u00e9 30 millions de compteurs d\u2019ici le 16 janvier !<\/p>\n<p style=\"text-align: left;\">** **<\/p>\n<p style=\"text-align: justify;\">Malgr\u00e9 une main courante d\u00e9pos\u00e9e en d\u00e9cembre, une habitante de Dunkerque continue de repousser Enedis, qui insiste pour lui installer un compteur Linky.<\/p>\n<p style=\"text-align: justify;\">Alors qu&rsquo;Enedis a annonc\u00e9 que pr\u00e8s de 35 millions de compteurs intelligents auront \u00e9t\u00e9 install\u00e9s en 2021, la soci\u00e9t\u00e9 se heurte toujours \u00e0 quelques r\u00e9fractaires \u00e0 ce compteur intelligent. C&rsquo;est le cas de cette habitante de Dunkerque qui se dit harcel\u00e9e depuis plusieurs mois par Enedis. Dans les colonnes de <a href=\"https:\/\/www.nordlittoral.fr\/104311\/article\/2021-01-05\/deux-cancers-sur-le-dos-et-enedis-qui-insiste\">Nord Littoral,<\/a> la septuag\u00e9naire raconte subir des pressions de la part de l&rsquo;entreprise pour lui installer un Linky. Apr\u00e8s une main courante d\u00e9pos\u00e9e en d\u00e9cembre, elle envisage d\u00e9sormais de porter plainte.<\/p>\n<p style=\"text-align: justify;\">La Dunkerquoise affirme recevoir en moyenne trois appels par jour. Un harc\u00e8lement constant qui p\u00e8se sur son moral et sur son \u00e9tat de sant\u00e9, d\u00e9j\u00e0 fragile, explique au quotidien r\u00e9gional celle qui suit actuellement une chimioth\u00e9rapie. En effet, la septuag\u00e9naire se bat contre deux cancers, au sein et au foie, auxquels s&rsquo;ajoute une proth\u00e8se de hanche \u00e9galement handicapante.<\/p>\n<p style=\"text-align: justify;\">Contact\u00e9e par Nord Littoral, Enedis assure que les appels, pass\u00e9s par un sous-traitant, vont cesser, mais maintient son souhait de remplacer le compteur de la septuag\u00e9naire par un Linky. Un m\u00e9diateur devrait tr\u00e8s prochainement la contacter pour \u00e9voquer la pose du compteur connect\u00e9 et convenir d&rsquo;un rendez-vous.<\/p>\n<p style=\"text-align: justify;\">Alors que la pand\u00e9mie a ralenti de nombreuses activit\u00e9s, le d\u00e9ploiement de Linky n&rsquo;a quant \u00e0 lui pas pos\u00e9 de probl\u00e8me. Cinq ans apr\u00e8s la pose du premier compteur intelligent, Enedis entame la derni\u00e8re ligne droite, rapportaient le 4 janvier dernier<a href=\"https:\/\/www.lesechos.fr\/industrie-services\/energie-environnement\/malgre-le-covid-le-deploiement-du-compteur-linky-touche-a-sa-fin-1277724\"> Les \u00c9chos.<\/a> \u00ab\u00a030 millions de compteurs communicants auront \u00e9t\u00e9 install\u00e9s le 16 janvier prochain. Nous sommes compl\u00e8tement en ligne avec notre objectif de terminer le d\u00e9ploiement de Linky en 2021, avec pr\u00e8s de 35 millions de compteurs\u00a0\u00bb, indiquait alors la pr\u00e9sidente d&rsquo;Enedis, Marianne Laigneau.<\/p>\n<p style=\"text-align: justify;\"><strong>capital.fr<\/strong><\/p>\n<p style=\"text-align: center;\">******** ******<\/p>\n<p style=\"text-align: center;\"><strong>Solutions 30 <\/strong><\/p>\n<p style=\"text-align: justify;\">Le fameux partenaire d\u2019Enedis place son argent dans les paradis fiscaux, ce qui n&rsquo;est pas nouveau pou les personnes int\u00e9ress\u00e9es par Linky.<br \/>\nSolutions 10 a des probl\u00e8mes !<\/p>\n<p><a href=\"https:\/\/www.robindestoits.org\/LINKY-SOLUTIONS-30-A-DES-PROBLEMES-dec-2020_a3021.html\">https:\/\/www.robindestoits.org\/LINKY-SOLUTIO<\/a><\/p>\n<p style=\"text-align: justify;\">Nous n&rsquo;allons pas pleurer sur le sort de cette soci\u00e9t\u00e9 aux m\u00e9thodes plus que douteuses !<\/p>\n<p style=\"text-align: center;\">*********** ************<\/p>\n<p style=\"text-align: center;\"><strong>Colonnes montantes<\/strong><\/p>\n<p>On en parle encore<\/p>\n<p><a href=\"https:\/\/www.robindestoits.org\/COLONNES-MONTANTES-On-en-parle-encore-28-12-2020_a3020.html\">https:\/\/www.robindestoits.org\/COLONNES-MONTAN<\/a><\/p>\n<p style=\"text-align: justify;\"><strong>Nous l&rsquo;avons maintes fois signal\u00e9 dans nos communiqu\u00e9s, et l&rsquo;on n&rsquo;a pas fini d&rsquo;en entendre parler.<\/strong><strong><br \/>\n<\/strong>Un article du Journal du Dimanche du 28\/12\/2020 reparle des Colonnes montantes, confirme nos propos et nous cite.<br \/>\n<strong><em>\u00ab\u00a0Comment la nationalisation des colonnes montantes profite \u00e0 Enedis<\/em><\/strong><br \/>\n[&#8230;] <em>Enedis estime ne pas \u00eatre tenu par la loi de financer tous les travaux de r\u00e9novation. Dans une note dat\u00e9e du 18 novembre 2020, le gestionnaire annonce clairement la couleur. D&rsquo;accord pour assumer les travaux sur les colonnes quand un danger est av\u00e9r\u00e9 et pour effectuer des raccordements quand les colonnes \u00e9taient \u00ab\u00a0d\u00e9j\u00e0 sous contrainte\u00a0\u00bb. \u00ab\u00a0Mais lors d&rsquo;une demande de modification de branchement ou d&rsquo;augmentation de puissance, <\/em><strong><em>le client prend en charge 60% du co\u00fbt,<\/em><\/strong><em> le reste \u00e9tant couvert par Enedis\u00a0\u00bb, d\u00e9taille \u00c9ric Salomon, directeur clients chez Enedis. Encourag\u00e9es depuis deux ans \u00e0 c\u00e9der gratuitement leurs installations \u00e9lectriques, les copropri\u00e9t\u00e9s qui se retrouvent avec un reste \u00e0 charge ont-elles conclu un march\u00e9 de dupes ?<\/em><br \/>\n[&#8230;]\u00a0 <em>\u00ab\u00a0Nous \u00e9laborons un calendrier du parc \u00e0 r\u00e9nover mais <\/em><strong><em>nous ne sommes pas oblig\u00e9s de faire une mise aux normes de toutes ces colonnes<\/em><\/strong><em>\u00ab\u00a0, estime Eric Salomon (directeur clients chez Enedis)<\/em><br \/>\n[&#8230;] <em><strong>Pour les membres de l&rsquo;association Robin des Toits, avec la cession des colonnes, le loup Enedis est entr\u00e9 dans la bergerie. Et de pointer les risques d&rsquo;utilisation, sans contr\u00f4le, par l&rsquo;op\u00e9rateur des parties communes pour laisser s&rsquo;y installer des compteurs communicants et connect\u00e9s, des capteurs, voire les c\u00e2bles pour raccorder les antennes 5G. \u00ab\u00a0<\/strong><\/em> (JDD &#8211; 28\/12\/2020)<\/p>\n","protected":false},"excerpt":{"rendered":"<p>Une septuag\u00e9naire dunkerquoise accuse Enedis de la harceler pour poser le compteur<\/p>\n","protected":false},"author":4,"featured_media":0,"comment_status":"closed","ping_status":"open","sticky":false,"template":"","format":"standard","meta":{"footnotes":""},"categories":[1],"tags":[],"class_list":["post-6826","post","type-post","status-publish","format-standard","hentry","category-non-classe"],"_links":{"self":[{"href":"https:\/\/collectif-accad.fr\/site\/wp-json\/wp\/v2\/posts\/6826","targetHints":{"allow":["GET"]}}],"collection":[{"href":"https:\/\/collectif-accad.fr\/site\/wp-json\/wp\/v2\/posts"}],"about":[{"href":"https:\/\/collectif-accad.fr\/site\/wp-json\/wp\/v2\/types\/post"}],"author":[{"embeddable":true,"href":"https:\/\/collectif-accad.fr\/site\/wp-json\/wp\/v2\/users\/4"}],"replies":[{"embeddable":true,"href":"https:\/\/collectif-accad.fr\/site\/wp-json\/wp\/v2\/comments?post=6826"}],"version-history":[{"count":8,"href":"https:\/\/collectif-accad.fr\/site\/wp-json\/wp\/v2\/posts\/6826\/revisions"}],"predecessor-version":[{"id":6837,"href":"https:\/\/collectif-accad.fr\/site\/wp-json\/wp\/v2\/posts\/6826\/revisions\/6837"}],"wp:attachment":[{"href":"https:\/\/collectif-accad.fr\/site\/wp-json\/wp\/v2\/media?parent=6826"}],"wp:term":[{"taxonomy":"category","embeddable":true,"href":"https:\/\/collectif-accad.fr\/site\/wp-json\/wp\/v2\/categories?post=6826"},{"taxonomy":"post_tag","embeddable":true,"href":"https:\/\/collectif-accad.fr\/site\/wp-json\/wp\/v2\/tags?post=6826"}],"curies":[{"name":"wp","href":"https:\/\/api.w.org\/{rel}","templated":true}]}}