{"id":6819,"date":"2021-01-11T02:31:08","date_gmt":"2021-01-11T01:31:08","guid":{"rendered":"https:\/\/collectif-accad.fr\/site\/?p=6819"},"modified":"2021-01-10T09:46:57","modified_gmt":"2021-01-10T08:46:57","slug":"infos-5g-du-11-janvier-2021","status":"publish","type":"post","link":"https:\/\/collectif-accad.fr\/site\/infos-5g-du-11-janvier-2021\/","title":{"rendered":"Infos 5G du 11 janvier 2021"},"content":{"rendered":"<h2 style=\"text-align: left;\"><strong>On divulguerait de fausses nouvelles ; la lutte continue ; Orange n&rsquo;a pas que des salari\u00e9s pro-5G \u2026<\/strong><\/h2>\n<p><!--more--><\/p>\n<p style=\"text-align: justify;\"><strong>Merci \u00e0 face de bouc de pr\u00e9venir que l&rsquo;on divulguerait de fausses nouvelles\u00a0 !<\/strong><\/p>\n<p style=\"text-align: justify;\">Il parait que ce qui a \u00e9t\u00e9 mis sur la page face de bouc<\/p>\n<p style=\"text-align: justify;\"><a href=\"https:\/\/www.facebook.com\/pierre.rose.142\/\">https:\/\/www.facebook.com\/pierre.rose.142\/<\/a><\/p>\n<p style=\"text-align: justify;\">contient des \u00ab\u00a0<em><strong>Informations partiellement fausses. Les m\u00eames informations ont \u00e9t\u00e9 v\u00e9rifi\u00e9es par des m\u00e9dias de v\u00e9rification ind\u00e9pendants dans une autre publication<\/strong><\/em>.\u00a0\u00bb<\/p>\n<p style=\"text-align: justify;\">Le grand \u00ab\u00a0<em>v\u00e9rificateur ind\u00e9pendant<\/em>\u00a0\u00bb serait \u00ab\u00a0<em><strong>20 minutes<\/strong><\/em>\u00a0\u00bb\u00a0!<\/p>\n<p style=\"text-align: justify;\">Nicolas B\u00e9rard qui a \u00e9crit un livre \u00ab\u00a05G mon amour\u00a0\u00bb\u00a0 n\u2019est pas cr\u00e9dible\u00a0?<\/p>\n<p style=\"text-align: justify;\">Le site (par exemple)\u00a0:<\/p>\n<p style=\"text-align: justify;\"><a href=\"https:\/\/www.levelesyeux.com\/fiche-argumentaire-contre-la-5g\/\">https:\/\/www.levelesyeux.com\/fiche-argu<\/a><\/p>\n<p style=\"text-align: justify;\">n\u2019est pas cr\u00e9dible\u00a0?<\/p>\n<p style=\"text-align: justify;\">face de bouc tient compte uniquement de \u00ab\u00a020 minutes\u00a0\u00bb\u00a0?<\/p>\n<p style=\"text-align: justify;\">Comme d\u2019habitude, ce qui ne va pas dans le sens du vent dominant est conspirationniste, complotiste. Il faut que tout le monde se rende \u00e0 la raison\u00a0: le seul discours raisonnable est celui que distille le pouvoir macronien.<\/p>\n<p style=\"text-align: justify;\">1984 est d\u00e9pass\u00e9\u00a0: on court vers le transhumanisme \u00e0 grande vitesse. Comme le dit si bien un conf\u00e9rencier\u00a0: \u00ab\u00a0dans l\u2019avenir, une petite quantit\u00e9 de personnes dira ce que doit faire un robot\u00a0; pour le reste de la population, c\u2019est le robot qui dira quoi faire\u00a0!\u00a0\u00bb<\/p>\n<p style=\"text-align: justify;\">Pas besoin de reprendre les \u00e9l\u00e9ments de \u00ab\u00a020 minutes\u00a0\u00bb\u00a0; ils sont d\u00e9cortiqu\u00e9s r\u00e9guli\u00e8rement sur le site du collectif ACCAD \u2026 et dans de nombreux sites.<\/p>\n<p style=\"text-align: center;\">************\u00a0\u00a0\u00a0\u00a0\u00a0\u00a0 ***********<\/p>\n<p style=\"text-align: center;\"><strong>La lutte continue<\/strong><\/p>\n<p style=\"text-align: justify;\">Surtout ne baissons pas\u00a0les bras<\/p>\n<p style=\"text-align: justify;\">Nous avons encore des combats \u00e0 mener, l\u2019action n\u2019est pas termin\u00e9e loin de l\u00e0, en voici une nouvelle preuve.<\/p>\n<p style=\"text-align: justify;\">T\u00e9l\u00e9communications, nous n\u2019avons pas encore tout vu, apr\u00e8s la 5G pas encore install\u00e9e, voil\u00e0 la 6 G dans les\u00a0 \u00ab\u00a0cartons\u00a0\u00bb\u2026.<br \/>\nAlors que le gouvernement s&rsquo;est adress\u00e9\u00a0\u00e0 tous les maires de France, pour leur vanter\u00a0\u00a0 \u00ab\u00a0les bienfaits\u00a0\u00bb\u00a0 \u00a0de la 5 G<\/p>\n<p style=\"text-align: justify;\"><em><a href=\"https:\/\/www.maire-info.com\/numerique\/5g-le-gouvernement-veut-s'appuyer-sur-les-elus-pour-demonter-les-fausses-informations--article-24819\">5G : le gouvernement veut s&rsquo;appuyer sur les \u00e9lus pour d\u00e9monter les \u00ab fausses informations \u00bb | Maire-Info, quotidien d&rsquo;information destin\u00e9 aux \u00e9lus locaux (maire-info.com)<\/a><\/em>\u00a0 ),<\/p>\n<p style=\"text-align: justify;\">\u00a0<em><strong>Rappels sur la\u00a0\u00a05 G\u00a0:\u00a0\u00a0\u00a0\u00a0\u00a0<\/strong><\/em><\/p>\n<p style=\"text-align: justify;\"><em><strong>&#8211; 5 G = 50 fois le d\u00e9bit de la 4 G <\/strong><\/em><\/p>\n<p style=\"text-align: justify;\"><em><strong>&#8211; 5G = antennes \u00e9mettrices et r\u00e9ceptrices de puissance\u00a010 fois sup\u00e9rieures \u00e0 la 3\/4G.<\/strong><\/em><\/p>\n<p style=\"text-align: justify;\"><em><strong>&#8211; \u00a05G = \u00a050.000\u00a0nouveaux\u00a0satellites\u00a0<\/strong><\/em><\/p>\n<p style=\"text-align: justify;\"><em><strong>&#8211; \u00a05G = des\u00a0milliards\u00a0de donn\u00e9es et\u00a0d\u2019informations personnelles\u00a0avec des effets biologiques qui n\u2019ont \u00a0\u00a0pas \u00e9t\u00e9 test\u00e9s scientifiquement<\/strong><\/em><\/p>\n<p style=\"text-align: justify;\"><em><strong>&#8211; \u00a05G = rayonnements de fa\u00e7on permanente 24\/24.<\/strong><\/em><\/p>\n<p style=\"text-align: justify;\"><em><strong>&#8211;\u00a0 5G = suppressions massives d\u2019emplois gr\u00e2ce \u00e0 l\u2019automatisation et \u00e0 la robotisation. <\/strong><\/em><\/p>\n<p style=\"text-align: justify;\"><em><strong>&#8211;\u00a0 5G =\u00a01 millions d\u2019objets connect\u00e9s au Km\u00b2 avec des dizaines de petites antennes dans nos rues. <\/strong><\/em><\/p>\n<p style=\"text-align: justify;\">Des actions diverses contre la 5G, comme \u00e0 Bordeaux\u00a0 <a href=\"https:\/\/www.sudouest.fr\/2020\/12\/20\/video-bordeaux-un-collectif-d-artistes-manifeste-contre-la-5g-8211650-2780.php\">Vid\u00e9o. Bordeaux\u00a0: un collectif d\u2019artistes manifeste contre la 5G (sudouest.fr)<\/a><\/p>\n<p style=\"text-align: justify;\">\u00a0Nous n&rsquo;avons pas encore tout vu, avec la 6 G ce sera pire !!!\u00a0Raison de plus pour interpeller tous les \u00e9lus dans nos villes. N&rsquo;attendons pas qu&rsquo;il soit trop tard.<\/p>\n<p style=\"text-align: justify;\">\u00a06G , voici l\u2019information\u00a0: \u200c<\/p>\n<p style=\"text-align: justify;\">\u00ab\u00a0Haut d\u00e9bit : A peine la 5G dans les tuyaux, l\u2019Europe se lance d\u00e9j\u00e0 \u00e0 la conqu\u00eate de la 6G \u00bb<\/p>\n<p style=\"text-align: justify;\">TELECOMMUNICATIONS\u00a0Le futur standard des t\u00e9l\u00e9communications pourrait \u00eatre lanc\u00e9 d\u00e8s 2030, <strong>avec un d\u00e9bit encore cinquante fois plus rapide que la 5G.\u00a0<\/strong><\/p>\n<p style=\"text-align: justify;\">Alors que le d\u00e9ploiement de la 5G d\u00e9bute \u00e0 peine, l\u2019Europe planche d\u00e9j\u00e0 sur\u00a0la prochaine g\u00e9n\u00e9ration des standards de la t\u00e9l\u00e9phonie mobile. Hexa-X, le projet de recherche de l\u2019Union europ\u00e9enne \u00e0 propos des futurs r\u00e9seaux\u00a0<a href=\"https:\/\/deref-gmx.fr\/mail\/client\/qSDzg8VGTw8\/dereferrer\/?redirectUrl=https%3A%2F%2Fwww.20minutes.fr%2Fhigh-tech%2F2614639-20190927-huawei-travaille-deja-sur-la-6g\">6G<\/a>, vient en effet d\u2019\u00eatre lanc\u00e9.<\/p>\n<p style=\"text-align: justify;\">Enti\u00e8rement financ\u00e9 par la\u00a0<a href=\"https:\/\/deref-gmx.fr\/mail\/client\/9I49km7kDWA\/dereferrer\/?redirectUrl=https%3A%2F%2Fwww.20minutes.fr%2Fhigh-tech%2F2932559-20201215-union-europeenne-devoile-plan-contre-derives-google-facebook-amazon\">Commission europ\u00e9enne<\/a>\u00a0dans le cadre du programme d\u2019innovation Horizon 2020, ce projet chapeaut\u00e9 par Nokia, avec la participation d\u2019Ericsson pour la direction technique, rassemblera pas moins de 25 industriels et universit\u00e9s europ\u00e9ennes pendant deux ans et demi.\u00a0\u00bb<\/p>\n<p style=\"text-align: justify;\"><a href=\"https:\/\/www.msn.com\/fr-fr\/finance\/other\/haut-d%C3%A9bit-a-peine-la-5g-dans-les-tuyaux-l-europe-se-lance-d%C3%A9j%C3%A0-%C3%A0-la-conqu%C3%AAte-de-la-6g\/ar-BB1cBU5O\">https:\/\/www.msn.com\/fr-fr\/finance\/other<\/a><br \/>\nStopLinkyBassens33<\/p>\n<p style=\"text-align: center;\">************\u00a0\u00a0\u00a0\u00a0\u00a0\u00a0 ***********<\/p>\n<p style=\"text-align: center;\"><strong>Orange n\u2019a pas que des salari\u00e9s pro-5G<\/strong><\/p>\n<p style=\"text-align: justify;\"><a href=\"https:\/\/www.zdnet.fr\/actualites\/des-anti-5g-au-coeur-de-la-machine-orange-39915469.htm\">https:\/\/www.zdnet.fr\/actualites\/des-anti-5g-au<\/a><\/p>\n<p style=\"text-align: center;\">************\u00a0\u00a0\u00a0\u00a0\u00a0\u00a0 ***********<\/p>\n<p style=\"text-align: center;\"><strong>Quelques r\u00e9flexions<\/strong><\/p>\n<p style=\"text-align: justify;\">&#8211; attendre l&rsquo;\u00e9tude de l&rsquo;ANSES est tr\u00e8s risqu\u00e9 : on a vu ce qu&rsquo;a fait le gouvernement avec les IGAS-IGF-CGE, somm\u00e9s d&rsquo;approuver sans barguigner le d\u00e9ploiement de la 5G dans un rapport ultra complaisant en septembre.<\/p>\n<p style=\"text-align: justify;\">Et deux des experts de l&rsquo;ANSES ont d\u00e9j\u00e0 montr\u00e9 la couleur de leur avis dans un article r\u00e9cent<\/p>\n<p style=\"text-align: justify;\"><a href=\"https:\/\/theconversation.com\/5g-et-sante-que-sait-on-147295\">https:\/\/theconversation.com\/5g-et-sante-que-sait-<\/a><\/p>\n<p style=\"text-align: justify;\">&#8211; d\u00e9bats citoyens : utiles mais pas \u00e0 n&rsquo;importe quelles conditions. Certains paraissent pi\u00e9geants ; tel celui organis\u00e9 \u00e0 Strasbourg, o\u00f9 tous les \u00ab\u00a0experts\u00a0\u00bb invit\u00e9s semblent des pro-5G<\/p>\n<p style=\"text-align: justify;\"><a href=\"https:\/\/participer.strasbourg.eu\/-\/5g-debat\">https:\/\/participer.strasbourg.eu\/-\/5g-debat<\/a>).<\/p>\n<p style=\"text-align: justify;\">D&rsquo;autres donnent plus de garanties, comme celui envisag\u00e9 \u00e0 Poitiers<\/p>\n<p style=\"text-align: justify;\">(<a href=\"https:\/\/ardecos.grandpoitiers.fr\/webdelib\/files\/unzip\/seance_130386\/49_d1602686659045.pdf\">https:\/\/ardecos.grandpoitiers.fr\/webdelib\/fil<\/a><\/p>\n<p style=\"text-align: justify;\">avec cette fois un jury citoyen tir\u00e9 au sort qui invite lui-m\u00eame des experts et rend public ses conclusions.<\/p>\n<p style=\"text-align: justify;\">&#8211; d&rsquo;autres sources d&rsquo;infos peuvent \u00eatre mobilis\u00e9es, par exemple ces deux d\u00e9bats derni\u00e8rement organis\u00e9s au niveau du parlement europ\u00e9en dans le cadre d&rsquo;un \u00ab\u00a0panel\u00a0\u00bb (dont fait partie une seule fran\u00e7aise, Mich\u00e8le Rivasi). Ils \u00e9taient tr\u00e8s ouverts \u00e0 des opinions critiques.<\/p>\n<p style=\"text-align: justify;\">* L&rsquo;un a \u00e9t\u00e9 traduit, sur sant\u00e9 et environnement, plus versant \u00e9lectrosmog <a href=\"https:\/\/multimedia.europarl.europa.eu\/en\/panel-for-future-of-science-and-technology-workshop-on-5g_20201207-1000-SPECIAL-STOA_vd\">https:\/\/multimedia.europarl.europa.eu\/en\/panel<\/a><\/p>\n<p style=\"text-align: justify;\">* L&rsquo;autre, sur les droits humains num\u00e9riques, avec l&rsquo;intervention de Soshana Zuboff (autrice du livre remarqu\u00e9 sur le capitalisme de surveillance) n&rsquo;a malheureusement pas \u00e9t\u00e9 traduit<\/p>\n<p style=\"text-align: justify;\"><a href=\"https:\/\/multimedia.europarl.europa.eu\/en\/panel-for-future-of-science-and-technology_20201209-1500-SPECIAL-STOA_vd\">https:\/\/multimedia.europarl.europa.eu\/en\/pane<\/a><\/p>\n<p style=\"text-align: justify;\">\u00a0Pour le collectif Stop Linky 5G Loire<\/p>\n<p style=\"text-align: center;\">************\u00a0\u00a0\u00a0\u00a0\u00a0\u00a0 ***********<\/p>\n<p style=\"text-align: left;\"><strong>Contre l\u2019avis du rapporteur public, le conseil d\u2019Etat rejette le recours de deux associations<\/strong><\/p>\n<p style=\"text-align: justify;\">Depuis le 31 d\u00e9cembre 2020 \u00e0 17h42, quelques m\u00e9dias se sont fait l\u2019\u00e9cho, via une d\u00e9p\u00eache de l\u2019Agence France Presse, d\u2019un rejet des recours engag\u00e9s devant le Conseil d\u2019Etat par les associations Priartem et Agir pour l\u2019Environnement dans le dossier 5G.<\/p>\n<p style=\"text-align: justify;\">Avec force d\u00e9tails, ces m\u00e9dias ont eu acc\u00e8s \u00e0 une information que seul le Conseil d\u2019Etat est en mesure d\u2019avoir diffus\u00e9e. <strong>Les associations s\u2019\u00e9tonnent de cette fa\u00e7on de faire et souhaiteraient conna\u00eetre pr\u00e9cis\u00e9ment comment, quand et qui, au sein du Conseil d\u2019Etat, a \u00e9t\u00e9 autoris\u00e9 \u00e0 diffuser une d\u00e9cision que les requ\u00e9rants et leurs avocats n\u2019ont re\u00e7u formellement que 4 jours plus tard.<\/strong><\/p>\n<p style=\"text-align: justify;\">Il est pour le moins curieux que la plus haute juridiction administrative se pr\u00eate \u00e0 ce qui pourrait appara\u00eetre comme une volont\u00e9 de r\u00e9server une information \u00e0 certains m\u00e9dias tri\u00e9s sur le volet en jouant la carte du scoop sans respecter les proc\u00e9dures habituelles.<\/p>\n<p style=\"text-align: justify;\">Ceci est d\u2019autant plus \u00e9tonnant que <strong>cette d\u00e9cision de rejet des recours des associations ne retient pas les conclusions du rapporteur public qui avait propos\u00e9, le 18 d\u00e9cembre dernier, de sursoir \u00e0 statuer le temps de saisir la Cour de justice de l\u2019Union europ\u00e9enne (CJUE) via une question pr\u00e9judicielle\u00a0; <\/strong>donnant ainsi raison aux demandes l\u00e9gitimes des associations et de leurs avocats.<\/p>\n<p style=\"text-align: justify;\">Le Conseil d\u2019Etat rejette ainsi la demande formul\u00e9e par les associations de mener \u00e0 bien une \u00e9valuation environnementale et sanitaire avant tout d\u00e9ploiement de la 5G et une mise au d\u00e9bat public, comme le pr\u00e9voit pourtant la directive relative \u00e0 l\u2019\u00e9valuation environnementale des plans et programmes.<\/p>\n<p style=\"text-align: justify;\">Les associations d\u00e9noncent cette d\u00e9cision de la plus haute juridiction administrative, <strong>d\u2019autant plus regrettable que le Haut Conseil pour le Climat vient de confirmer l\u2019impact significatif de la cinqui\u00e8me g\u00e9n\u00e9ration de t\u00e9l\u00e9phonie mobile sur le climat<\/strong>, qui aurait d\u00fb \u00eatre \u00e9valu\u00e9 au pr\u00e9alable selon lui.<\/p>\n<p style=\"text-align: justify;\">PRIARTEM\u00a0: 01 42 47 81 54\u00a0; Agir pour l\u2019Environnement : 01 40 31 02 37<\/p>\n<p style=\"text-align: center;\">************\u00a0\u00a0\u00a0\u00a0\u00a0\u00a0 ***********<\/p>\n<p style=\"text-align: center;\"><strong>Nicolas B\u00e9rard<\/strong><\/p>\n<p style=\"text-align: justify;\">Journaliste bien connu de \u00ab\u00a0l&rsquo;\u00e2ge de faire\u00a0\u00bb, Nicolas r\u00e9alise un inventaire sur son site d\u00e9di\u00e9 au Linky et \u00e0 la 5G :<\/p>\n<p style=\"text-align: justify;\"><a href=\"https:\/\/refuser-compteur-linky.fr\/liste-des-communes-opposees-a-la-5g\/\">https:\/\/refuser-compteur-linky.fr\/liste-des-commu<\/a><\/p>\n<p style=\"text-align: center;\">************\u00a0\u00a0\u00a0\u00a0\u00a0\u00a0 ***********<\/p>\n<p style=\"text-align: center;\"><strong>Motion\u00a0 de Courri\u00e8res et Rouvroy<\/strong><\/p>\n<p><a href=\"https:\/\/collectif-accad.fr\/site\/wp-content\/uploads\/2021\/01\/Courrieres-62_CM-201210.docx\">Courri\u00e8res 62_CM 201210<\/a><\/p>\n<p><a href=\"https:\/\/collectif-accad.fr\/site\/wp-content\/uploads\/2021\/01\/Rouvroy-62_CM-201211.docx\">Rouvroy 62_CM 201211<\/a><\/p>\n<p style=\"text-align: center;\">************\u00a0\u00a0\u00a0\u00a0\u00a0\u00a0 ***********<\/p>\n<p style=\"text-align: center;\"><strong>Que peuvent faire les maires\u00a0?<\/strong><\/p>\n<p><a href=\"https:\/\/collectif-accad.fr\/site\/wp-content\/uploads\/2021\/01\/Comment-contester-limplantation-dune-antenne-relais-5G_-Maires.pdf\">Comment-contester-limplantation-dune-antenne-relais-5G_-Maires<\/a><\/p>\n<p style=\"text-align: center;\">************\u00a0\u00a0\u00a0\u00a0\u00a0\u00a0 ***********<\/p>\n<p style=\"text-align: center;\"><strong>Des nouvelles d\u2019ACE Hendaye<\/strong><\/p>\n<p><strong>5G : Courrier envoy\u00e9 par le gouvernement aux mairies\u00a0<\/strong><\/p>\n<p><a href=\"http:\/\/ace-hendaye.over-blog.fr\/2021\/01\/5g-courrier-envoye-par-le-gouvernement-aux-mairies.html\">http:\/\/ace-hendaye.over-blog.fr\/2021\/01\/5g<\/a><\/p>\n<p><strong>Ignor\u00e9s ou licenci\u00e9s : EDF m\u00e8ne la vie dure \u00e0 ses lanceurs d&rsquo;alerte\u00a0<\/strong><\/p>\n<p><a href=\"http:\/\/ace-hendaye.over-blog.fr\/2021\/01\/ignores-ou-licencies-edf-mene-la-vie-dure-a-ses-lanceurs-d-alerte.html\">http:\/\/ace-hendaye.over-blog.fr\/2021\/01\/ignor<\/a><\/p>\n<p><strong>EDF-GDF : Hercule contre Marcel\u00a0<\/strong><\/p>\n<p><a href=\"http:\/\/ace-hendaye.over-blog.fr\/2021\/01\/edf-gdf-hercule-contre-marcel.html\">http:\/\/ace-hendaye.over-blog.fr\/2021\/01\/edf-gdf-her<\/a><\/p>\n<p><strong>Lettre \u00e0 envoyer \u00e0 votre Maire : D\u00e9ploiement de la 5G et mise en danger de la sant\u00e9 publique, de la sant\u00e9 environnementale, atteinte \u00e0 la vie priv\u00e9e et aux libert\u00e9s individuelles\u00a0<\/strong><\/p>\n<p><a href=\"http:\/\/ace-hendaye.over-blog.fr\/2021\/01\/lettre-a-envoyer-a-votre-maire-deploiement-de-la-5g-et-mise-en-danger-de-la-sante-publique-de-la-sante-environnementale-atteinte-a-l\">http:\/\/ace-hendaye.over-blog.fr\/2021\/01\/lettr<\/a><\/p>\n","protected":false},"excerpt":{"rendered":"<p>On divulguerait de fausses nouvelles ; la lutte continue ; Orange n&rsquo;a pas que des salari\u00e9s pro-5G \u2026<\/p>\n","protected":false},"author":4,"featured_media":0,"comment_status":"closed","ping_status":"open","sticky":false,"template":"","format":"standard","meta":{"footnotes":""},"categories":[1],"tags":[],"class_list":["post-6819","post","type-post","status-publish","format-standard","hentry","category-non-classe"],"_links":{"self":[{"href":"https:\/\/collectif-accad.fr\/site\/wp-json\/wp\/v2\/posts\/6819","targetHints":{"allow":["GET"]}}],"collection":[{"href":"https:\/\/collectif-accad.fr\/site\/wp-json\/wp\/v2\/posts"}],"about":[{"href":"https:\/\/collectif-accad.fr\/site\/wp-json\/wp\/v2\/types\/post"}],"author":[{"embeddable":true,"href":"https:\/\/collectif-accad.fr\/site\/wp-json\/wp\/v2\/users\/4"}],"replies":[{"embeddable":true,"href":"https:\/\/collectif-accad.fr\/site\/wp-json\/wp\/v2\/comments?post=6819"}],"version-history":[{"count":6,"href":"https:\/\/collectif-accad.fr\/site\/wp-json\/wp\/v2\/posts\/6819\/revisions"}],"predecessor-version":[{"id":6825,"href":"https:\/\/collectif-accad.fr\/site\/wp-json\/wp\/v2\/posts\/6819\/revisions\/6825"}],"wp:attachment":[{"href":"https:\/\/collectif-accad.fr\/site\/wp-json\/wp\/v2\/media?parent=6819"}],"wp:term":[{"taxonomy":"category","embeddable":true,"href":"https:\/\/collectif-accad.fr\/site\/wp-json\/wp\/v2\/categories?post=6819"},{"taxonomy":"post_tag","embeddable":true,"href":"https:\/\/collectif-accad.fr\/site\/wp-json\/wp\/v2\/tags?post=6819"}],"curies":[{"name":"wp","href":"https:\/\/api.w.org\/{rel}","templated":true}]}}