{"id":6814,"date":"2021-01-12T02:05:45","date_gmt":"2021-01-12T01:05:45","guid":{"rendered":"https:\/\/collectif-accad.fr\/site\/?p=6814"},"modified":"2021-01-09T11:06:58","modified_gmt":"2021-01-09T10:06:58","slug":"il-y-a-du-sang-dans-nos-smartphones","status":"publish","type":"post","link":"https:\/\/collectif-accad.fr\/site\/il-y-a-du-sang-dans-nos-smartphones\/","title":{"rendered":"Il y a du sang dans nos smartphones"},"content":{"rendered":"<h2 style=\"text-align: left;\"><strong>Il se vend 54 t\u00e9l\u00e9phones portables chaque seconde dans le monde, et chacun d\u2019entre nous le regarde en moyenne 150 fois par jour.<\/strong><\/h2>\n<p><!--more--><\/p>\n<p style=\"text-align: justify;\">Une vid\u00e9o courte (12 min) et p\u00e9dagogique sur l&rsquo;impact environnemental et soci\u00e9tal du smartphone.<\/p>\n<p style=\"text-align: justify;\"><a href=\"https:\/\/www.youtube.com\/watch?v=HSlULOo35mM\">https:\/\/www.youtube.com\/watch?v=HSlULOo35mM<\/a><\/p>\n<p style=\"text-align: justify;\">Cette vid\u00e9o transmise par Robin des toits 81 illustre parfaitement la th\u00e8se 9 de \u00a0\u00bb la soci\u00e9t\u00e9 du spectacle \u00a0\u00bb de Guy Debord : \u00a0\u00bb Dans le monde r\u00e9ellement renvers\u00e9, le vrai est un moment du faux.\u00a0\u00bb<br \/>\nIl faut en effet attendre la derni\u00e8re phrase de cette vid\u00e9o pour entendre parler de la force du capital que celle de l&rsquo; Etat devrait vaincre, alors qu&rsquo; il y a belle lurette que l&rsquo; Etat est devenu capitaliste et que sa force, loin de s&rsquo; opposer \u00e0 la force capitaliste, tout au contraire la soutient et en fait la promotion permanente!<\/p>\n<p>L&rsquo; histoire a montr\u00e9 aussi en th\u00e9orie et en pratique que l&rsquo; \u00e9mancipation des travailleurs ne pouvait \u00eatre l&rsquo; oeuvre d&rsquo; un Etat socialiste, mais bien plut\u00f4t celle de l&rsquo; association des travailleurs eux-m\u00eames supprimant le salariat, le travail-marchandise ( ce qu&rsquo; illustre dans cette vid\u00e9o la r\u00e9volte des travailleurs indiens dont le travail a \u00e9t\u00e9 impay\u00e9 pendant quatre mois, \u00e0 qui des heures suppl\u00e9mentaires \u00e9taient impos\u00e9es et qui, en r\u00e9ponse \u00e0 ce vol, s&rsquo; attaquent visiblement au monde capitaliste et \u00e0 tout son d\u00e9cor, en brisant ses constructions et ses machines)&#8230;.<br \/>\nCSL LRY<\/p>\n<p>PS. Cette vid\u00e9o garde tout son sens sur un r\u00e9seau de lutte contre le Linky et la 5G. Il nous faut \u00eatre coh\u00e9rent ou ne pas \u00eatre ! ET merci donc \u00e0 Robin des toits 81 !<\/p>\n","protected":false},"excerpt":{"rendered":"<p>Il se vend 54 t\u00e9l\u00e9phones portables chaque seconde dans le monde, et chacun d\u2019entre nous le regarde en moyenne 150 fois par jour.<\/p>\n","protected":false},"author":4,"featured_media":0,"comment_status":"closed","ping_status":"open","sticky":false,"template":"","format":"standard","meta":{"footnotes":""},"categories":[1],"tags":[],"class_list":["post-6814","post","type-post","status-publish","format-standard","hentry","category-non-classe"],"_links":{"self":[{"href":"https:\/\/collectif-accad.fr\/site\/wp-json\/wp\/v2\/posts\/6814","targetHints":{"allow":["GET"]}}],"collection":[{"href":"https:\/\/collectif-accad.fr\/site\/wp-json\/wp\/v2\/posts"}],"about":[{"href":"https:\/\/collectif-accad.fr\/site\/wp-json\/wp\/v2\/types\/post"}],"author":[{"embeddable":true,"href":"https:\/\/collectif-accad.fr\/site\/wp-json\/wp\/v2\/users\/4"}],"replies":[{"embeddable":true,"href":"https:\/\/collectif-accad.fr\/site\/wp-json\/wp\/v2\/comments?post=6814"}],"version-history":[{"count":1,"href":"https:\/\/collectif-accad.fr\/site\/wp-json\/wp\/v2\/posts\/6814\/revisions"}],"predecessor-version":[{"id":6815,"href":"https:\/\/collectif-accad.fr\/site\/wp-json\/wp\/v2\/posts\/6814\/revisions\/6815"}],"wp:attachment":[{"href":"https:\/\/collectif-accad.fr\/site\/wp-json\/wp\/v2\/media?parent=6814"}],"wp:term":[{"taxonomy":"category","embeddable":true,"href":"https:\/\/collectif-accad.fr\/site\/wp-json\/wp\/v2\/categories?post=6814"},{"taxonomy":"post_tag","embeddable":true,"href":"https:\/\/collectif-accad.fr\/site\/wp-json\/wp\/v2\/tags?post=6814"}],"curies":[{"name":"wp","href":"https:\/\/api.w.org\/{rel}","templated":true}]}}