{"id":6789,"date":"2021-01-08T02:07:04","date_gmt":"2021-01-08T01:07:04","guid":{"rendered":"https:\/\/collectif-accad.fr\/site\/?p=6789"},"modified":"2021-01-06T11:09:33","modified_gmt":"2021-01-06T10:09:33","slug":"fiche-argumentaire-contre-la-5g","status":"publish","type":"post","link":"https:\/\/collectif-accad.fr\/site\/fiche-argumentaire-contre-la-5g\/","title":{"rendered":"Fiche argumentaire contre la 5G"},"content":{"rendered":"<h2 style=\"text-align: left;\"><strong>Un d\u00e9ni de d\u00e9mocratie et un risque sanitaire ; pas que !<br \/>\n<\/strong><\/h2>\n<p><!--more--><\/p>\n<p style=\"text-align: justify;\"><strong>Un d\u00e9ni de d\u00e9mocratie\u00a0<\/strong><\/p>\n<p style=\"text-align: justify;\"><strong>LA SOCI\u00c9T\u00c9 EST CONTRE\u00a0<\/strong><\/p>\n<ul style=\"text-align: justify;\">\n<li>La <strong>Convention citoyenne<\/strong> <strong>a demand\u00e9<\/strong> dans l\u2019une de ses 149 mesures un <strong>\u00ab\u00a0moratoire\u00a0\u00bb <\/strong>(soit une suspension) sur le d\u00e9ploiement de la 5G<\/li>\n<li><strong>2 tiers des Fran\u00e7ais (65%)<\/strong> ont d\u00e9clar\u00e9 en ao\u00fbt 2020 \u00eatre <strong>favorables \u00e0 un moratoire <\/strong>dans l\u2019attente d\u2019\u00e9valuations (sondage Opinion Way pour My Smart Cab \u2013 cabinet d\u2019avocat)<\/li>\n<li><strong>70 maires et \u00e9lus de gauche ont demand\u00e9 un moratoire<\/strong> dans une tribune au JJD\u00a0le 13 septembre 2020<\/li>\n<li>Les r\u00e9gions <strong>Occitanie et Corse<\/strong>, les villes de <strong>Lille,<\/strong> <strong>Lyon et Grenoble <\/strong>et un certain nombre d\u2019autres collectivit\u00e9s locales ont vot\u00e9 des <strong>moratoires contre la 5G<\/strong><\/li>\n<li>Plusieurs <strong>proc\u00e9dures contentieuses au Conseil d\u2019\u00c9tat<\/strong> (notamment de Priartem) sont en cours ainsi que des actions collectives<\/li>\n<li><strong>150 communes \u00e9trang\u00e8res<\/strong> (italiennes, suisses ou anglaises) <strong>ont refus\u00e9 l\u2019implantation de la 5G<\/strong><\/li>\n<li><strong>Le Haut Conseil pour le climat <\/strong>(le 19\/12\/20) alerte le Gouvernement sur l\u2019impact de la 5G sur la consommation d\u2019\u00e9lectricit\u00e9 et la hausse des \u00e9missions de GES, qui risque d\u2019\u00eatre \u00ab\u00a0significative\u00a0\u00bb et d\u2019\u00e9loigner encore plus la France de sa trajectoire de r\u00e9duction.<\/li>\n<\/ul>\n<p style=\"text-align: justify;\"><strong>MAIS LE GOUVERNEMENT L\u2019IMPOSE\u00a0<\/strong><\/p>\n<ul style=\"text-align: justify;\">\n<li><strong>Le Gouvernement,<\/strong> via l\u2019ARCEP<a href=\"https:\/\/www.levelesyeux.com\/fiche-argumentaire-contre-la-5g\/#sdfootnote1sym\"><sup>1<\/sup><\/a>, <strong>a ouvert la proc\u00e9dure d\u2019ench\u00e8res des fr\u00e9quences<\/strong> le 29 septembre aux 4 op\u00e9rateurs (Orange, SFR, Bouygues et Free) sur certaines fr\u00e9quences (3,4 et 3,8 GHz).<\/li>\n<li><strong>Les fr\u00e9quences les \u00ab\u00a0plus probl\u00e9matiques\u00a0\u00bb<\/strong> car jamais utilis\u00e9es jusqu\u2019\u00e0 pr\u00e9sent et non \u00e9valu\u00e9es (26 GHz)<strong> sont d\u00e9j\u00e0 utilis\u00e9es dans certaines gares<\/strong> (Rennes, Lyon), au Port du Havre et \u00e0 la D\u00e9fense, faisant des habitants locaux de v\u00e9ritables cobayes\u2026 sans m\u00eame qu\u2019ils en soient inform\u00e9s.<\/li>\n<li>Pour rappel, les op\u00e9rateurs de t\u00e9l\u00e9phonie ont un immense pouvoir d\u2019influence, notamment via leur contr\u00f4le de nombreux m\u00e9dias\u00a0: Xavier Niel (Free) poss\u00e8de Le Monde, T\u00e9l\u00e9rama et Courrier International, Patrick Drahi (SFR) poss\u00e8de Lib\u00e9ration, L\u2019Express, BFMTV et RMC, tandis que Bouygues poss\u00e8de TF1 et LCI.<\/li>\n<\/ul>\n<p style=\"text-align: justify;\"><strong><u>Phrases-choc<\/u><\/strong><\/p>\n<ul style=\"text-align: justify;\">\n<li><strong><em>Le gouvernement n\u2019\u00e9coute pas les citoyens,<\/em><\/strong><em> qui sont tr\u00e8s sceptiques sur la 5G, et veulent des garanties solides sur le risque sanitaire et \u00e9cologique <\/em><\/li>\n<li><em>Le <strong>lobby du num\u00e9rique nous parle de \u00ab\u00a0r\u00e9volution\u00a0\u00bb<\/strong>, mais quand le peuple subit l\u2019arbitraire du pouvoir impos\u00e9 par le haut, <strong>il s\u2019agit d\u2019un \u00ab\u00a0putch\u00a0\u00bb<\/strong><\/em><\/li>\n<li><em>La 5G est <strong>un saut <\/strong> Le Pr\u00e9sident y pousse son peuple, <strong>sans parachute.<\/strong> <\/em><\/li>\n<\/ul>\n<p style=\"text-align: justify;\"><strong>Un risque sanitaire<\/strong><\/p>\n<p style=\"text-align: justify;\"><strong>LES ONDES CAUSENT D\u00c9J\u00c0 DES PROBL\u00c8MES\u00a0DE SANTE<\/strong><\/p>\n<ul style=\"text-align: justify;\">\n<li><strong>Baisse de l\u2019immunit\u00e9\u00a0:<\/strong> d\u2019apr\u00e8s l<strong>e rapport Bio Initiative 2012 <\/strong>(r\u00e9dig\u00e9 par 29 scientifiques ind\u00e9pendants issus de 10 pays diff\u00e9rents, avec plusieurs milliers d\u2019\u00e9tudes r\u00e9unies)\u00a0 les ondes issues des r\u00e9seaux de t\u00e9l\u00e9phonie mobile attaquent le syst\u00e8me immunitaire des hommes et des animaux (section 8).<\/li>\n<li><strong>\u00ab\u00a0Canc\u00e9rig\u00e8ne possible\u00a0\u00bb<\/strong>: le rapport <strong>INTERPHONE 2010<\/strong> d\u00e9montre que l\u2019usage rapproch\u00e9 du t\u00e9l\u00e9phone portable (pr\u00e8s de l\u2019oreille) et continu (\u00e0 partir de 30 minutes par jour) multiplie par 4 les chances de gliome du cerveau du c\u00f4t\u00e9 o\u00f9 l\u2019on tient le t\u00e9l\u00e9phone.\n<ul>\n<li>L\u2019OMS reconna\u00eet que les ondes issues des t\u00e9l\u00e9phones portables sont des \u00ab\u00a0canc\u00e9rig\u00e8nes possibles\u00a0\u00bb<\/li>\n<\/ul>\n<\/li>\n<li>Il existe actuellement <strong>3 millions de Fran\u00e7ais souffrant d\u2019\u00e9lectrosensibilit\u00e9<\/strong>, c\u2019est \u00e0 dire de maux physiques li\u00e9s \u00e0 leur exposition aux ondes \u00e9lectromagn\u00e9tiques.<\/li>\n<li><strong>Un \u00ab\u00a0cluster\u00a0\u00bb de gliomes<\/strong> li\u00e9s \u00e0 une exposition aux ondes a \u00e9t\u00e9 identifi\u00e9 dans un des bureaux de l\u2019entreprise ATOS situ\u00e9 \u00e0 proximit\u00e9 d\u2019antennes relais (source\u00a0: docu \u00ab\u00a0L\u2019onde d\u2019un doute\u00a0\u00bb du 12 novembre 2020, France 2).<\/li>\n<\/ul>\n<p style=\"text-align: justify;\"><strong>LA 5G VA AUGMENTER LE RISQUE<\/strong><\/p>\n<ul style=\"text-align: justify;\">\n<li>La 5G va impliquer l\u2019implantation d\u2019<strong>antennes tous les 100 m\u00e8tres<\/strong> et l\u2019introduction d\u2019une <strong>nouvelle fr\u00e9quence autour de 26GHz<\/strong>, aux effets inconnus et non \u00e9valu\u00e9s.<\/li>\n<li><a href=\"https:\/\/www.jrseco.com\/wp-content\/uploads\/2017-09-13-Scientist-Appeal-5G-Moratorium.pdf\"><strong>Les scientifiques alertent<\/strong><\/a>: plus de 230 scientifiques ind\u00e9pendants issus de 37 pays ont demand\u00e9 un moratoire en 2017 \u00e0 l\u2019Union europ\u00e9enne sur la base du risque sanitaire, en application du principe de pr\u00e9caution.<\/li>\n<li><strong>Les lobbies fa\u00e7onnent les normes<\/strong>: les membres de l\u2019ICNIRP, la commission internationale mandat\u00e9e par l\u2019OMS pour d\u00e9finir les seuils de dangerosit\u00e9 d\u2019exposition aux ondes, est noyaut\u00e9e par les lobbies de l\u2019industrie num\u00e9rique (sources\u00a0: <a href=\"https:\/\/www.levelesyeux.com\/nicolas-berard-5g-mon-amour-enquete-sur-la-face-cachee-des-reseaux-mobiles\/\">livre 5G Mon amour<\/a> et le documentaire \u00ab\u00a0L\u2019onde d\u2019un doute\u00a0\u00bb du 12\/11\/2020, Compl\u00e9ment d\u2019enqu\u00eate, France 2).<\/li>\n<\/ul>\n<p style=\"text-align: justify;\"><strong><u>Phrases-choc<\/u><\/strong><\/p>\n<ul style=\"text-align: justify;\">\n<li>\u00ab\u00a0<em>Nos associations font <strong>davantage confiance aux scientifiques ind\u00e9pendants<\/strong> qu\u2019aux \u00e9tudes financ\u00e9es par l\u2019industrie num\u00e9rique qui, comme toujours, ont pour principale fonction de semer le doute dans l\u2019opinion<\/em>\u00bb<\/li>\n<li>\u00ab\u00a0<strong><em>L\u2019int\u00e9r\u00eat des lobbies industriels passe avant la sant\u00e9 des Fran\u00e7ais<\/em><\/strong><em> et la pr\u00e9servation de l\u2019environnement<\/em>\u00bb<\/li>\n<li>\u00ab<strong><em>Le principe de pr\u00e9caution n\u2019est jamais appliqu\u00e9 lorsque les int\u00e9r\u00eats \u00e9conomiques sont importants.<\/em><\/strong><em> L\u2019amiante, le tabac ou les pesticides devraient pourtant nous servir de le\u00e7on.<\/em>\u00a0\u00bb<\/li>\n<\/ul>\n<p style=\"text-align: justify;\">LE NUM\u00c9RIQUE EST D\u00c9J\u00c0 UNE CATASTROPHE \u00c9COLOGIQUE\u2026<\/p>\n<ul style=\"text-align: justify;\">\n<li>L\u2019industrie num\u00e9rique repr\u00e9sente <strong>4% des \u00e9missions de Gaz \u00e0 effets de serre,<\/strong> soit davantage que le secteur a\u00e9rien (source Shift Project).<\/li>\n<li><strong>En hausse de 9% par an<\/strong>, son impact est estim\u00e9 \u00e0 7,5% des \u00e9missions de GES en 2025<\/li>\n<li><strong>L\u2019extraction des m\u00e9taux rares,<\/strong> n\u00e9cessaire \u00e0 la fabrication des \u00e9quipements num\u00e9riques, \u00e9puise les sols, pollue les eaux et tue des travailleurs pr\u00e9caires exploit\u00e9s (dont des enfants), en particulier en Afrique (Congo) et en Chine. (Lire G. Pitron ou P. Bihouix).<\/li>\n<li>Les ondes \u00e9lectromagn\u00e9tiques ont un<strong> impact av\u00e9r\u00e9 sur la biodiversit\u00e9, <\/strong>et en particulier sur les <a href=\"https:\/\/www.rts.ch\/dossiers\/observatoire-de-la-5g\/10332437-limpact-des-ondes-sur-le-comportement-des-insectes.html\">abeilles,<\/a> dont le r\u00f4le est d\u00e9cisif et la survie menac\u00e9e.<\/li>\n<\/ul>\n<p style=\"text-align: justify;\">\u2026QUE LA 5G VA AGGRAVER<\/p>\n<ul style=\"text-align: justify;\">\n<li>La 5G est \u00e9valu\u00e9e comme <strong>3 fois plus \u00e9nergivore que la 4G,<\/strong> en d\u00e9bit comme en co\u00fbt de fabrication (calcul du Shift Project qui int\u00e8gre dans son calcul les gains pr\u00e9vus en efficacit\u00e9 \u00e9nerg\u00e9tiques li\u00e9s \u00e0 la connectivit\u00e9 des objets).<\/li>\n<li><strong>Le Haut Conseil pour le climat <\/strong>(le 19\/12\/20) alerte le Gouvernement sur l\u2019impact de la 5G sur la consommation d\u2019\u00e9lectricit\u00e9 et la hausse des \u00e9missions de GES, qui risque d\u2019\u00eatre \u00ab\u00a0significative\u00a0\u00bb et d\u2019\u00e9loigner encore plus la France de sa trajectoire de r\u00e9duction.<\/li>\n<li>On annonce l\u2019arriv\u00e9e de <strong>22 milliards d\u2019objets connect\u00e9s<\/strong>: La fabrication des \u00e9quipements num\u00e9rique repr\u00e9sente pourtant les 3 quarts de l\u2019impact \u00e9nerg\u00e9tique du num\u00e9rique (un quart pour le transport et le stockage des donn\u00e9es)<\/li>\n<li>Le march\u00e9 des smarpthones semblait satur\u00e9\u00a0(6 milliards actifs en 2019), il faudra son renouvellement pour l\u2019acc\u00e8s \u00e0 la 5G, ce qui constitue une <strong>\u00e9ni\u00e8me tactique d\u2019obsolescence programm\u00e9e, <\/strong>pour laquelle Apple s\u2019est d\u00e9j\u00e0 fait condamn\u00e9e en France (cf. HOP).<\/li>\n<\/ul>\n<p style=\"text-align: justify;\"><strong><u>Phrases-choc<\/u><\/strong><\/p>\n<ul style=\"text-align: justify;\">\n<li>\u00ab\u00a0<strong><em>La 5G nous pose une question\u00a0: quelle vie voulons-nous demain\u00a0? <\/em><\/strong><em>Toujours plus rapide, consommatrice d\u2019\u00e9nergie et connect\u00e9e\u00a0aux \u00e9crans ? Ou plus apais\u00e9e, sobre et connect\u00e9e au vivant\u00a0?\u00a0<\/em>\u00bb<\/li>\n<li>\u00ab\u00a0<em>Le Gouvernement promet la lune \u00e9cologique mais ne fait rien pour respecter son <strong>engagement d\u2019une r\u00e9duction de 5% des \u00e9missions de GES par an.<\/strong><\/em>\u00bb<\/li>\n<li>\u00ab\u00a0<strong><em>L\u2019int\u00e9r\u00eat des lobbies industriels passe encore une fois avant celui de la pr\u00e9servation de la plan\u00e8te<\/em><\/strong><em>, comme l\u2019a bien montr\u00e9 Nicolas Hulot au moment de sa d\u00e9mission.<\/em>\u00bb<\/li>\n<\/ul>\n<p style=\"text-align: justify;\"><a href=\"https:\/\/www.levelesyeux.com\/fiche-argumentaire-contre-la-5g\/#sdfootnote1anc\">1<\/a>Autorit\u00e9 de r\u00e9gulation des communications \u00e9lectroniques, des postes et de la distribution de la presse<\/p>\n<p style=\"text-align: justify;\"><a href=\"https:\/\/www.levelesyeux.com\/\">https:\/\/www.levelesyeux.com\/<\/a><\/p>\n<p style=\"text-align: center;\">******** **************<\/p>\n<p style=\"text-align: center;\"><strong>En compl\u00e9ment \u00e0 cet argumentaire<\/strong><\/p>\n<p style=\"text-align: justify;\">Autre danger\u00a0: l\u2019usage de ces technologies intensifiera la surveillance de masse et le contr\u00f4le des individus par les \u00c9tats et les grandes entreprises : nos faits et gestes seront trac\u00e9s dans nos domiciles et dans l\u2019espace public, \u00e0 travers nos d\u00e9placements, par les objets connect\u00e9s et les technologies de surveillance num\u00e9rique.<\/p>\n<p style=\"text-align: justify;\">C\u2019est bien la mise en circulation exponentielle d\u2019objets connect\u00e9s, de voitures autonomes qui se pr\u00e9pare avant la fin de cette ann\u00e9e \u2026, le tout s\u2019articulant dans nos quartiers et communes selon le concept de la \u00ab\u00a0ville intelligente et s\u00fbre\u00a0\u00bb.<\/p>\n<p style=\"text-align: justify;\">La 5G permettra l\u2019internet des objets\u00a0; mais l\u2019internet des objets, c\u2019est aussi l\u2019internet des corps, c\u2019est-\u00e0-dire la connexion des corps humains\u00a0au r\u00e9seau et \u00e0 l\u2019intelligence artificielle par l\u2019interm\u00e9diaire de puces \u00ab\u00a0RFID\u00a0\u00bb ou d\u2019autres dispositifs int\u00e9gr\u00e9s dans le corps. Associ\u00e9 au maillage de tout le territoire par la 5G et \u00e0 la suppression de toutes les zones blanches, ceci permettra de tracer et contr\u00f4ler partout et \u00e0 chaque instant les personnes \u00e0 distance. Le but final est de canaliser l\u2019\u00eatre humain et de robotiser la terre.<\/p>\n<p style=\"text-align: justify;\">En niant tous les dangers pourtant constat\u00e9s par nombre de scientifiques, le pouvoir politique comme les lobbies \u00e9conomiques veulent acc\u00e9l\u00e9rer l\u2019installation de la 5G, sans consultation de la population. C\u2019est d\u00e9j\u00e0 commenc\u00e9.<\/p>\n<p style=\"text-align: justify;\">Il faut savoir que\u00a0 l\u2019ordonnance n\u00b0 6, impos\u00e9e le 26 mars -donc pendant le premier confinement et l\u2019\u00e9tat d\u2019urgence-, a lib\u00e9r\u00e9 les op\u00e9rateurs de t\u00e9l\u00e9phonie de toutes formalit\u00e9s avec les maires et a supprim\u00e9 les demandes d\u2019autorisation pr\u00e9alable d\u2019implantation d\u2019antennes\u00a0; ceci s\u2019apparente \u00e0 une violation des droits des communes, des citoyens et retire l\u2019autorit\u00e9 aux maires. Les op\u00e9rateurs en ont bien profit\u00e9\u00a0!<\/p>\n<p style=\"text-align: justify;\">Avec la 5G, il faudra\u00a0 produire plus d\u2019\u00e9lectricit\u00e9\u00a0; ce qui s\u2019oppose aux principes d\u2019\u00e9conomie d\u2019\u00e9nergie en faveur de l\u2019environnement, alors qu\u2019il y a d\u2019autres solutions nettement moins \u00e9nergivores.<\/p>\n<p style=\"text-align: justify;\">Sur le plan \u00e9cologique, le foisonnement d\u2019antennes meurtrit les paysages urbains, campagnards, et montagneux\u00a0; De plus, la 5G n\u00e9cessitera la destruction imm\u00e9diate d\u2019arbres dans les villes et les villages pour laisser passer les ondes millim\u00e9triques. Ces arbres ne sont pas rempla\u00e7ables. La 5G, absorb\u00e9e facilement par les feuilles, d\u00e9truit aussi les arbres.<\/p>\n<p style=\"text-align: justify;\">L\u2019installation n\u00e9cessitera aussi le lancement de pr\u00e8s de 50 000 satellites.<\/p>\n<p style=\"text-align: justify;\">Macron a clairement \u00e9voqu\u00e9 le fait que la 5G serait d\u00e9ploy\u00e9e sur tout le territoire fran\u00e7ais \u2013 m\u00eame dans les zones blanches, m\u00eame dans tous les espaces publics comme priv\u00e9s, 24h sur 24, 365 jours par an.<\/p>\n","protected":false},"excerpt":{"rendered":"<p>Un d\u00e9ni de d\u00e9mocratie et un risque sanitaire ; pas que !<\/p>\n","protected":false},"author":4,"featured_media":0,"comment_status":"closed","ping_status":"open","sticky":false,"template":"","format":"standard","meta":{"footnotes":""},"categories":[1],"tags":[],"class_list":["post-6789","post","type-post","status-publish","format-standard","hentry","category-non-classe"],"_links":{"self":[{"href":"https:\/\/collectif-accad.fr\/site\/wp-json\/wp\/v2\/posts\/6789","targetHints":{"allow":["GET"]}}],"collection":[{"href":"https:\/\/collectif-accad.fr\/site\/wp-json\/wp\/v2\/posts"}],"about":[{"href":"https:\/\/collectif-accad.fr\/site\/wp-json\/wp\/v2\/types\/post"}],"author":[{"embeddable":true,"href":"https:\/\/collectif-accad.fr\/site\/wp-json\/wp\/v2\/users\/4"}],"replies":[{"embeddable":true,"href":"https:\/\/collectif-accad.fr\/site\/wp-json\/wp\/v2\/comments?post=6789"}],"version-history":[{"count":4,"href":"https:\/\/collectif-accad.fr\/site\/wp-json\/wp\/v2\/posts\/6789\/revisions"}],"predecessor-version":[{"id":6791,"href":"https:\/\/collectif-accad.fr\/site\/wp-json\/wp\/v2\/posts\/6789\/revisions\/6791"}],"wp:attachment":[{"href":"https:\/\/collectif-accad.fr\/site\/wp-json\/wp\/v2\/media?parent=6789"}],"wp:term":[{"taxonomy":"category","embeddable":true,"href":"https:\/\/collectif-accad.fr\/site\/wp-json\/wp\/v2\/categories?post=6789"},{"taxonomy":"post_tag","embeddable":true,"href":"https:\/\/collectif-accad.fr\/site\/wp-json\/wp\/v2\/tags?post=6789"}],"curies":[{"name":"wp","href":"https:\/\/api.w.org\/{rel}","templated":true}]}}