{"id":6655,"date":"2020-12-23T02:52:38","date_gmt":"2020-12-23T01:52:38","guid":{"rendered":"https:\/\/collectif-accad.fr\/site\/?p=6655"},"modified":"2020-12-22T06:54:15","modified_gmt":"2020-12-22T05:54:15","slug":"linky-non-merci-episode-1","status":"publish","type":"post","link":"https:\/\/collectif-accad.fr\/site\/linky-non-merci-episode-1\/","title":{"rendered":"Linky non merci \u00e9pisode 1"},"content":{"rendered":"<h1 style=\"text-align: left;\"><strong>De quoi s\u2019agit-il ?<\/strong><\/h1>\n<p><img loading=\"lazy\" decoding=\"async\" class=\"alignnone size-full wp-image-6651\" src=\"https:\/\/collectif-accad.fr\/site\/wp-content\/uploads\/2020\/12\/Pollution-Numerique-5.jpg\" alt=\"\" width=\"502\" height=\"500\" srcset=\"https:\/\/collectif-accad.fr\/site\/wp-content\/uploads\/2020\/12\/Pollution-Numerique-5.jpg 502w, https:\/\/collectif-accad.fr\/site\/wp-content\/uploads\/2020\/12\/Pollution-Numerique-5-300x300.jpg 300w, https:\/\/collectif-accad.fr\/site\/wp-content\/uploads\/2020\/12\/Pollution-Numerique-5-150x150.jpg 150w, https:\/\/collectif-accad.fr\/site\/wp-content\/uploads\/2020\/12\/Pollution-Numerique-5-100x100.jpg 100w\" sizes=\"auto, (max-width: 502px) 100vw, 502px\" \/><\/p>\n<p><!--more--><\/p>\n<p style=\"text-align: justify;\">Depuis 2016, Enedis a initi\u00e9 le remplacement de 35 millions de compteurs \u00e9lectriques parfaitement fonctionnels.<\/p>\n<p style=\"text-align: justify;\">Son but ? L\u2019installation de compteurs \u00ab communicants \u00bb pr\u00e9tendus n\u00e9cessaires \u00e0 la transition \u00e9nerg\u00e9tique voulue par l\u2019Europe d\u2019ici \u00e0 2021.<\/p>\n<p style=\"text-align: justify;\"><strong>\u00a0<\/strong><\/p>\n<p style=\"text-align: justify;\"><strong>Linky : un choix qui nous concerne tous<\/strong><\/p>\n<p style=\"text-align: justify;\">Linky n\u2019est pas qu\u2019un simple compteur \u00e9lectrique. C\u2019est un ordinateur.<\/p>\n<p style=\"text-align: justify;\">Nous avons une carte \u00e0 jouer dans cette histoire en ne prenant pas pour argent comptant ce qu\u2019Enedis nous ass\u00e8ne comme obligatoire et in\u00e9vitable pour aller dans le sens du progr\u00e8s.<\/p>\n<p style=\"text-align: justify;\">En cherchant la v\u00e9rit\u00e9, nous pr\u00e9serverons notre int\u00e9grit\u00e9, notre libert\u00e9, notre vie priv\u00e9e et notre sant\u00e9.<\/p>\n<p style=\"text-align: justify;\">Il n\u2019est pas trop tard : la solution r\u00e9side dans la recherche d\u2019informations, des choix coh\u00e9rents, et dans la solidarit\u00e9 car c\u2019est ensemble que nous ferons valoir nos droits et valeurs.<\/p>\n<p style=\"text-align: justify;\"><strong>\u00a0<\/strong><\/p>\n<p style=\"text-align: justify;\"><strong>Une mobilisation sans pr\u00e9c\u00e9dent<\/strong><\/p>\n<p style=\"text-align: justify;\">Nombreux sont les abonn\u00e9s indign\u00e9s de se voir imposer ce compteur sans concertation pr\u00e9alable. Ils attestent qu\u2019Enedis effectue des poses forc\u00e9es au m\u00e9pris des refus notifi\u00e9s, utilise la ruse et l\u2019intimidation jusqu\u2019\u00e0 la violation de la propri\u00e9t\u00e9 priv\u00e9e.<\/p>\n<p style=\"text-align: justify;\"><strong>\u00a0<\/strong><\/p>\n<p style=\"text-align: justify;\"><strong>\u00c0 savoir<\/strong><\/p>\n<p style=\"text-align: justify;\">Plus de 900 communes, 8000 plaignants, 800 collectifs et des avocats font front ensemble pour voir respecter le choix de refuser le Linky et \u00e9viter une catastrophe annonc\u00e9e.<\/p>\n<p style=\"text-align: justify;\">Cette brochure d\u00e9veloppe des aspects majeurs soulev\u00e9s par le compteur Linky. Elle vous permettra d\u2019en saisir les enjeux et de vous faire une opinion libre et \u00e9clair\u00e9e.<\/p>\n<p style=\"text-align: justify;\">Derri\u00e8re cette histoire de compteur se dessine en filigrane le choix de la soci\u00e9t\u00e9 dans laquelle nous voulons vivre.<\/p>\n<p style=\"text-align: justify;\"><a href=\"https:\/\/linky-non-merci.info\/linky-de-quoi-sagit-il\/\">https:\/\/linky-non-merci.info\/linky-de-quoi-sagit-il\/<\/a><\/p>\n","protected":false},"excerpt":{"rendered":"<p>De quoi s\u2019agit-il ?<\/p>\n","protected":false},"author":4,"featured_media":0,"comment_status":"closed","ping_status":"open","sticky":false,"template":"","format":"standard","meta":{"footnotes":""},"categories":[1],"tags":[],"class_list":["post-6655","post","type-post","status-publish","format-standard","hentry","category-non-classe"],"_links":{"self":[{"href":"https:\/\/collectif-accad.fr\/site\/wp-json\/wp\/v2\/posts\/6655","targetHints":{"allow":["GET"]}}],"collection":[{"href":"https:\/\/collectif-accad.fr\/site\/wp-json\/wp\/v2\/posts"}],"about":[{"href":"https:\/\/collectif-accad.fr\/site\/wp-json\/wp\/v2\/types\/post"}],"author":[{"embeddable":true,"href":"https:\/\/collectif-accad.fr\/site\/wp-json\/wp\/v2\/users\/4"}],"replies":[{"embeddable":true,"href":"https:\/\/collectif-accad.fr\/site\/wp-json\/wp\/v2\/comments?post=6655"}],"version-history":[{"count":2,"href":"https:\/\/collectif-accad.fr\/site\/wp-json\/wp\/v2\/posts\/6655\/revisions"}],"predecessor-version":[{"id":6657,"href":"https:\/\/collectif-accad.fr\/site\/wp-json\/wp\/v2\/posts\/6655\/revisions\/6657"}],"wp:attachment":[{"href":"https:\/\/collectif-accad.fr\/site\/wp-json\/wp\/v2\/media?parent=6655"}],"wp:term":[{"taxonomy":"category","embeddable":true,"href":"https:\/\/collectif-accad.fr\/site\/wp-json\/wp\/v2\/categories?post=6655"},{"taxonomy":"post_tag","embeddable":true,"href":"https:\/\/collectif-accad.fr\/site\/wp-json\/wp\/v2\/tags?post=6655"}],"curies":[{"name":"wp","href":"https:\/\/api.w.org\/{rel}","templated":true}]}}