{"id":6653,"date":"2020-12-24T02:50:05","date_gmt":"2020-12-24T01:50:05","guid":{"rendered":"https:\/\/collectif-accad.fr\/site\/?p=6653"},"modified":"2020-12-22T06:55:55","modified_gmt":"2020-12-22T05:55:55","slug":"linky-non-merci-episode-2","status":"publish","type":"post","link":"https:\/\/collectif-accad.fr\/site\/linky-non-merci-episode-2\/","title":{"rendered":"Linky non merci \u00e9pisode 2"},"content":{"rendered":"<h1 style=\"text-align: left;\"><strong>Comment fonctionne le Linky\u00a0?<\/strong><\/h1>\n<p><img loading=\"lazy\" decoding=\"async\" class=\"alignnone size-full wp-image-6652\" src=\"https:\/\/collectif-accad.fr\/site\/wp-content\/uploads\/2020\/12\/Pollution-Numerique-6.jpg\" alt=\"\" width=\"685\" height=\"931\" srcset=\"https:\/\/collectif-accad.fr\/site\/wp-content\/uploads\/2020\/12\/Pollution-Numerique-6.jpg 685w, https:\/\/collectif-accad.fr\/site\/wp-content\/uploads\/2020\/12\/Pollution-Numerique-6-221x300.jpg 221w\" sizes=\"auto, (max-width: 685px) 100vw, 685px\" \/><\/p>\n<p><!--more--><\/p>\n<p style=\"text-align: justify;\">Linky n\u2019est pas un simple compteur \u00e9lectrique, c\u2019est un v\u00e9ritable r\u00e9seau. Son d\u00e9ploiement n\u00e9cessite la mise en place de nouvelles technologies et infrastructures.<\/p>\n<p style=\"text-align: justify;\">Voici une pr\u00e9sentation pour mieux comprendre les enjeux et questions soulev\u00e9s par ce compteur.<a href=\"https:\/\/linky-non-merci.info\/comment-fonctionne-le-linky\/#note1\"><sup>1<\/sup><\/a><\/p>\n<p><img loading=\"lazy\" decoding=\"async\" class=\"alignnone size-full wp-image-6633\" src=\"https:\/\/collectif-accad.fr\/site\/wp-content\/uploads\/2020\/12\/LinkyNonMerci-02.jpg\" alt=\"\" width=\"821\" height=\"527\" srcset=\"https:\/\/collectif-accad.fr\/site\/wp-content\/uploads\/2020\/12\/LinkyNonMerci-02.jpg 821w, https:\/\/collectif-accad.fr\/site\/wp-content\/uploads\/2020\/12\/LinkyNonMerci-02-300x193.jpg 300w, https:\/\/collectif-accad.fr\/site\/wp-content\/uploads\/2020\/12\/LinkyNonMerci-02-768x493.jpg 768w\" sizes=\"auto, (max-width: 821px) 100vw, 821px\" \/><\/p>\n<p style=\"text-align: justify;\"><strong>\u00a0<\/strong><strong>Le syst\u00e8me est constitu\u00e9 de :<\/strong><\/p>\n<ul style=\"text-align: justify;\">\n<li><strong>35 millions de compteurs<\/strong><strong>\u00a0:<br \/>\n<\/strong>Ces compteurs sont de v\u00e9ritables ordinateurs connect\u00e9s communicants. Ils sont organis\u00e9s en grappes et r\u00e9p\u00e8tent les informations d\u2019un compteur \u00e0 l\u2019autre, ce qui pollue de facto tous les logements \u00e9quip\u00e9s ou non du Linky.<\/li>\n<li><strong>700 000 concentrateurs<\/strong><strong> :<br \/>\n<\/strong>Le concentrateur de quartier supervise la grappe des compteurs Linky via le CPL et communique avec le centre de traitement d\u2019Enedis via le r\u00e9seau GSM. Les concentrateurs sont \u00e9quip\u00e9s d\u2019une antenne et install\u00e9s dans les transformateurs de quartier ou sur poteau, parfois \u00e0 hauteur d\u2019homme.<a href=\"https:\/\/linky-non-merci.info\/comment-fonctionne-le-linky\/#note2\"><sup>2<\/sup><\/a><\/li>\n<li><strong>Des centres de traitement d\u2019Enedis<\/strong><strong> :<br \/>\n<\/strong>Les centres de traitements d\u2019Enedis centralisent les donn\u00e9es de consommation envoy\u00e9es par les concentrateurs. Ces donn\u00e9es et informations r\u00e9colt\u00e9es sur le r\u00e9seau Linky pourront \u00eatre envoy\u00e9es aux data centers en vue de leur exploitation.<a href=\"https:\/\/linky-non-merci.info\/comment-fonctionne-le-linky\/#note3\"><sup>3<\/sup><\/a><\/li>\n<li><strong>L\u2019\u00e9metteur Radio Linky (ERL)<\/strong><strong> :<br \/>\n<\/strong>Il est optionnel pour l\u2019instant et pourra \u00eatre ajout\u00e9 dans le compteur par la suite. Il communiquera par le protocole ZigBee, proche du Wifi, fonctionnant \u00e0 2,4 GHz. Il dialoguera avec les objets connect\u00e9s comme le smartphone et la domotique (frigo, volets, etc.).<a href=\"https:\/\/linky-non-merci.info\/comment-fonctionne-le-linky\/#note4\"><sup>4<\/sup><\/a><\/li>\n<\/ul>\n<p style=\"text-align: justify;\"><strong>\u00a0<\/strong><strong>Il communique avec\u00a0:<\/strong><\/p>\n<ul style=\"text-align: justify;\">\n<li><strong>Du Courant Porteur en Ligne bidirectionnel (CPL)<\/strong><strong> :<br \/>\n<\/strong>Linky utilise le r\u00e9seau \u00e9lectrique domestique 230V\/50Hz pour faire transiter les informations num\u00e9ris\u00e9es et cod\u00e9es selon certaines fr\u00e9quences plus \u00e9lev\u00e9es que celle du r\u00e9seau \u00e9lectrique. Le flux du CPL est envoy\u00e9 par le concentrateur vers les compteurs Linky de la grappe qui le r\u00e9\u00e9mettent dans tous les logements, puis en retour vers le concentrateur pour lui transf\u00e9rer les donn\u00e9es de consommation des usagers. Le CPL G3 int\u00e8gre un protocole de communication (IPV6) qui lui permet, en circulant dans le logement, de prendre le contr\u00f4le d\u2019appareils \u00e9lectriques \u00e9quip\u00e9s d\u2019un module de dialogue.<\/li>\n<li><strong>Un r\u00e9seau GSM Orange<\/strong><strong> :<br \/>\n<\/strong>Il permet aux concentrateurs de transmettre les donn\u00e9es de consommation aux centres de traitement d\u2019Enedis par liaison GSM \u00e0 900 MHz.<a href=\"https:\/\/linky-non-merci.info\/comment-fonctionne-le-linky\/#note5\"><sup>5<\/sup><\/a><\/li>\n<\/ul>\n<p style=\"text-align: justify;\"><strong>Qu\u2019est-ce que le CPL\u00a0?<\/strong><\/p>\n<p style=\"text-align: justify;\">Le CPL Linky utilise 36 fr\u00e9quences porteuses entre 35,9 kHz et 90,6 kHz dans la bande du CENELEC A pour transporter les donn\u00e9es de consommation vers le concentrateur. Des fr\u00e9quences suppl\u00e9mentaires entre 90 kHz et 300 kHz ont \u00e9t\u00e9 mesur\u00e9es sur le r\u00e9seau en aval du compteur Linky.<a href=\"https:\/\/linky-non-merci.info\/comment-fonctionne-le-linky\/#note6\"><sup>6<\/sup><\/a><\/p>\n<p><img loading=\"lazy\" decoding=\"async\" class=\"wp-image-6642 aligncenter\" src=\"https:\/\/collectif-accad.fr\/site\/wp-content\/uploads\/2020\/12\/linkyNonMerci-03.jpg\" alt=\"\" width=\"496\" height=\"245\" srcset=\"https:\/\/collectif-accad.fr\/site\/wp-content\/uploads\/2020\/12\/linkyNonMerci-03.jpg 403w, https:\/\/collectif-accad.fr\/site\/wp-content\/uploads\/2020\/12\/linkyNonMerci-03-300x148.jpg 300w\" sizes=\"auto, (max-width: 496px) 100vw, 496px\" \/><\/p>\n<p style=\"text-align: justify;\">Le r\u00e9seau \u00e9lectrique, pollu\u00e9 par ces radiofr\u00e9quences, devient une immense antenne qui rayonne 24\u00a0heures sur 24 des ondes puls\u00e9es qui impactent le vivant.<\/p>\n<p style=\"text-align: justify;\"><strong>Le saviez-vous\u00a0?<\/strong><\/p>\n<p style=\"text-align: justify;\">Enedis dit utiliser le CPL depuis 50 ans pour les contrats Heures Pleines et Creuses,<a href=\"https:\/\/linky-non-merci.info\/comment-fonctionne-le-linky\/#note7\"><sup>7<\/sup><\/a> mais omet de signaler que\u00a0:<\/p>\n<ul style=\"text-align: justify;\">\n<li>Le CPL HP\/HC est inoffensif en \u00e9mettant deux impulsions par jour \u00e0 la fr\u00e9quence 175 hertz.<\/li>\n<li>Le CPL Linky est nocif et \u00e9met 24 heures sur 24 dans la bande de fr\u00e9quences 35,9 kHz \u2013 90,6 kHz.<\/li>\n<\/ul>\n<p style=\"text-align: justify;\"><strong>L\u2019essentiel<\/strong><\/p>\n<p style=\"text-align: justify;\">Ce nouveau r\u00e9seau est-il un v\u00e9ritable progr\u00e8s pour les usagers et la plan\u00e8te comme nous le vend Enedis\u00a0?<a href=\"https:\/\/linky-non-merci.info\/comment-fonctionne-le-linky\/#note8\"><sup>8<\/sup><\/a><\/p>\n<p style=\"text-align: justify;\"><strong>Les r\u00e9f\u00e9rences de cette page<\/strong><\/p>\n<p style=\"text-align: justify;\"><a href=\"https:\/\/linky-non-merci.info\/comment-fonctionne-le-linky\/#note1anc\">[1]<\/a> \u00a0Brochure de pr\u00e9sentation Enedis en 2018 :<\/p>\n<p style=\"text-align: justify;\">\u00a0<a href=\"https:\/\/www.ville-saint-yorre.fr\/wp-content\/uploads\/2018\/11\/Pr%C3%A9sentation-linky-CM-St-Yorre-16-NOV-2018.pdf\">https:\/\/www.ville-saint-yorre.f<\/a><br \/>\n\u21d2 Pr\u00e9sentation Erdf de 2011 :<\/p>\n<p style=\"text-align: justify;\"><a href=\"https:\/\/www.sigeif.fr\/ckeditor\/ckfinder\/userfiles\/files\/Commissions\/Presentation%20Linky%20V4.pdf\">https:\/\/www.sigeif.fr\/ckeditor\/ckfind<\/a><br \/>\n\u21d2 Robin des toits \u2013 le 7 f\u00e9vrier 2019 :<\/p>\n<p style=\"text-align: justify;\"><a href=\"https:\/\/robindestoits-midipy.org\/pdf\/Linky\/Systeme-Linky_l%27essentiel-a-savoir-en-2019.pdf\">Compteur\/Capteur Linky, Informez-vous avant de le laisser s\u2019installer chez vous. Qu\u2019est-ce que le Syst\u00e8me Linky ?<\/a><a href=\"https:\/\/robindestoits-midipy.org\/pdf\/Linky\/Systeme-Linky_l%27essentiel-a-savoir-en-2019.pdf\"><br \/>\n<\/a>\u21d2 Guide pratique Sequelec :<\/p>\n<p style=\"text-align: justify;\"><a href=\"https:\/\/www.enedis.fr\/sites\/default\/files\/Sequelec_GP15_Linky_2017_03_01.pdf\">https:\/\/www.enedis.fr\/sites\/defa<\/a><br \/>\n\u21d2 Enqu\u00eate France3 Occitanie \u2013 :<\/p>\n<p style=\"text-align: justify;\"><a href=\"https:\/\/linky-non-merci.info\/wp-content\/uploads\/videos\/france3-occitanie-linky.mp4\">https:\/\/france3-regions.francetvinfo.fr\/<\/a><\/p>\n<p style=\"text-align: justify;\"><a href=\"https:\/\/linky-non-merci.info\/comment-fonctionne-le-linky\/#note2anc\">[2]<\/a>\u00a0\u00a0<a href=\"http:\/\/ace.hendaye.over-blog.fr\/2018\/10\/linky-les-concentrateurs-on-ne-vous-dit-pas-tout-quelques-explications-01.html\">http:\/\/ace.hendaye.over-blog.fr\/2018<\/a><\/p>\n<p style=\"text-align: justify;\"><a href=\"https:\/\/linky-non-merci.info\/comment-fonctionne-le-linky\/#note3anc\">[3]<\/a> \u00a0Mr Monloubou indiquant qu\u2019Enedis est op\u00e9rateur du Big Data \u2013 :<\/p>\n<p style=\"text-align: justify;\"><a href=\"http:\/\/www.youtube.com\/watch?v=znSseQS83hk\">www.youtube.com\/watch?v=znSseQS83hk<\/a><br \/>\n\u21d2 Enedis met ses donn\u00e9es \u00e0 dispositions :<\/p>\n<p style=\"text-align: justify;\"><a href=\"https:\/\/www.enedis.fr\/open-data\">https:\/\/www.enedis.fr\/open-data<\/a><br \/>\n\u21d2 Enedis acteur de la donn\u00e9e :<\/p>\n<p style=\"text-align: justify;\"><a href=\"https:\/\/www.frenchweb.fr\/linky-open-data-enedis-ex-erdf-veut-devenir-un-acteur-de-la-donnee\/292204\">https:\/\/www.frenchweb.fr\/linky-open-dat<\/a><br \/>\n\u21d2 Edf et ses data centers :<\/p>\n<p style=\"text-align: justify;\"><a href=\"https:\/\/www.itespresso.fr\/data-center-edf-inaugure-son-arche-de-noe-pour-stocker-des-milliers-de-serveurs-36914.html\">https:\/\/www.itespresso.fr\/data-center-e<\/a><\/p>\n<p style=\"text-align: justify;\"><a href=\"https:\/\/linky-non-merci.info\/comment-fonctionne-le-linky\/#note4anc\">[4]<\/a> \u00a0A propos de l\u2019ERL :<\/p>\n<p style=\"text-align: justify;\"><a href=\"http:\/\/refus.linky.gazpar.free.fr\/linky-scandale-erl.htm\">http:\/\/refus.linky.gazpar.free.fr\/linky-sc<\/a><\/p>\n<p style=\"text-align: justify;\"><a href=\"https:\/\/linky-non-merci.info\/comment-fonctionne-le-linky\/#note5anc\">[5]<\/a>\u00a0\u00a0Orange collabore avec Enedis :<\/p>\n<p style=\"text-align: justify;\"><a href=\"https:\/\/www.orange-business.com\/fr\/presse\/avec-orange-business-services-enedis-accelere-strategie-industrielle-pour-reseaux\">https:\/\/www.orange-business.com\/fr\/presse\/ave<\/a><\/p>\n<p style=\"text-align: justify;\"><a href=\"https:\/\/linky-non-merci.info\/comment-fonctionne-le-linky\/#note6anc\">[6]<\/a>\u00a0\u00a0Pr\u00e9sence de fr\u00e9quences suppl\u00e9mentaires :<\/p>\n<p style=\"text-align: justify;\"><a href=\"https:\/\/www.cem-bioprotect.com\/upload\/test-filtre-cpl-linky-strike-spica-mfa500-rapport-mesure.pdf\">https:\/\/www.cem-bioprotect.com\/upload\/test-filtr<\/a><\/p>\n<p style=\"text-align: justify;\"><a href=\"https:\/\/linky-non-merci.info\/comment-fonctionne-le-linky\/#note7anc\">[7]<\/a>\u00a0\u00a0le CPL \u2013 une technologie utilis\u00e9e depuis plus de 50 ans selon Enedis :<\/p>\n<p style=\"text-align: justify;\">\u00a0<a href=\"https:\/\/www.compteur-linky.com\/comprendre\/technologie-utilisee-compteur-linky-cpl-cest-quoi\/\">https:\/\/www.compteur-linky.com\/comprendre\/tec<\/a><\/p>\n<p style=\"text-align: justify;\"><a href=\"https:\/\/linky-non-merci.info\/comment-fonctionne-le-linky\/#note8anc\">[8]<\/a>\u00a0\u00a0Compteurs Intelligents Opposition et Risques \u201cTake Back Your Power\u201d en fran\u00e7ais \u2013 :<\/p>\n<p style=\"text-align: justify;\"><a href=\"https:\/\/www.youtube.com\/watch?v=dgK14l7_cDw\">https:\/\/www.youtube.com\/watch?v=dgK14l7_cDw<\/a><\/p>\n<p style=\"text-align: justify;\"><a href=\"https:\/\/linky-non-merci.info\/comment-fonctionne-le-linky\/\">https:\/\/linky-non-merci.info\/comment-fon<\/a><\/p>\n<p style=\"text-align: justify;\">\n","protected":false},"excerpt":{"rendered":"<p>Comment fonctionne le Linky\u00a0?<\/p>\n","protected":false},"author":4,"featured_media":0,"comment_status":"closed","ping_status":"open","sticky":false,"template":"","format":"standard","meta":{"footnotes":""},"categories":[1],"tags":[],"class_list":["post-6653","post","type-post","status-publish","format-standard","hentry","category-non-classe"],"_links":{"self":[{"href":"https:\/\/collectif-accad.fr\/site\/wp-json\/wp\/v2\/posts\/6653","targetHints":{"allow":["GET"]}}],"collection":[{"href":"https:\/\/collectif-accad.fr\/site\/wp-json\/wp\/v2\/posts"}],"about":[{"href":"https:\/\/collectif-accad.fr\/site\/wp-json\/wp\/v2\/types\/post"}],"author":[{"embeddable":true,"href":"https:\/\/collectif-accad.fr\/site\/wp-json\/wp\/v2\/users\/4"}],"replies":[{"embeddable":true,"href":"https:\/\/collectif-accad.fr\/site\/wp-json\/wp\/v2\/comments?post=6653"}],"version-history":[{"count":2,"href":"https:\/\/collectif-accad.fr\/site\/wp-json\/wp\/v2\/posts\/6653\/revisions"}],"predecessor-version":[{"id":6658,"href":"https:\/\/collectif-accad.fr\/site\/wp-json\/wp\/v2\/posts\/6653\/revisions\/6658"}],"wp:attachment":[{"href":"https:\/\/collectif-accad.fr\/site\/wp-json\/wp\/v2\/media?parent=6653"}],"wp:term":[{"taxonomy":"category","embeddable":true,"href":"https:\/\/collectif-accad.fr\/site\/wp-json\/wp\/v2\/categories?post=6653"},{"taxonomy":"post_tag","embeddable":true,"href":"https:\/\/collectif-accad.fr\/site\/wp-json\/wp\/v2\/tags?post=6653"}],"curies":[{"name":"wp","href":"https:\/\/api.w.org\/{rel}","templated":true}]}}