{"id":6646,"date":"2020-12-22T03:05:48","date_gmt":"2020-12-22T02:05:48","guid":{"rendered":"https:\/\/collectif-accad.fr\/site\/?p=6646"},"modified":"2020-12-20T10:06:45","modified_gmt":"2020-12-20T09:06:45","slug":"un-francais-sur-deux-se-dit-inquiet-face-aux-technologies","status":"publish","type":"post","link":"https:\/\/collectif-accad.fr\/site\/un-francais-sur-deux-se-dit-inquiet-face-aux-technologies\/","title":{"rendered":"Un Fran\u00e7ais sur deux se dit inquiet face aux technologies"},"content":{"rendered":"<h1 style=\"text-align: left;\"><strong>Le barom\u00e8tre annuel de l\u2019Acad\u00e9mie des Technologies montre un effritement de la confiance dans les sciences et les technologies.<\/strong><\/h1>\n<p><img loading=\"lazy\" decoding=\"async\" class=\"alignnone size-full wp-image-6649 aligncenter\" src=\"https:\/\/collectif-accad.fr\/site\/wp-content\/uploads\/2020\/12\/Pollution-Numerique-4.jpg\" alt=\"\" width=\"478\" height=\"500\" srcset=\"https:\/\/collectif-accad.fr\/site\/wp-content\/uploads\/2020\/12\/Pollution-Numerique-4.jpg 478w, https:\/\/collectif-accad.fr\/site\/wp-content\/uploads\/2020\/12\/Pollution-Numerique-4-287x300.jpg 287w\" sizes=\"auto, (max-width: 478px) 100vw, 478px\" \/><\/p>\n<p><!--more--><\/p>\n<p style=\"text-align: justify;\">Cette ann\u00e9e,\u00a056% des Fran\u00e7ais sont inquiets vis \u00e0 vis des nouvelles technologies.<\/p>\n<p style=\"text-align: justify;\">Chaque ann\u00e9e, l\u2019IFOP sonde les Fran\u00e7ais pour le compte de l\u2019<a href=\"https:\/\/www.academie-technologies.fr\/\">Acad\u00e9mie des Technologies<\/a> afin de savoir ce qu\u2019ils pensent des sciences et des technologies. Cette ann\u00e9e, le bilan montre une <a href=\"https:\/\/www.academie-technologies.fr\/blog\/categories\/autres-publications\/posts\/le-regard-des-francais-sur-les-nouvelles-technologies-a-l-heure-de-la-5g\">m\u00e9fiance manifeste<\/a>.<\/p>\n<p style=\"text-align: justify;\"><strong>franceinfo : Que r\u00e9v\u00e8le votre sondage ?<\/strong><\/p>\n<p style=\"text-align: justify;\"><strong>Bruno Jarry, pr\u00e9sident honoraire de l&rsquo;Acad\u00e9mie des technologies<\/strong> : Nous constatons cette ann\u00e9e que 56% des Fran\u00e7ais sont inquiets vis \u00e0 vis des nouvelles technologies. C\u2019est encore pire que les ann\u00e9es pr\u00e9c\u00e9dentes, avec 15 points de moins par rapport \u00e0 2019 et 18 points par rapport \u00e0 2018. C\u2019est tr\u00e8s diff\u00e9rent, par exemple, de la perception aux \u00c9tats-Unis.<\/p>\n<p style=\"text-align: justify;\"><strong>Comment expliquer cette m\u00e9fiance, voire cette d\u00e9fiance ?<\/strong><\/p>\n<p style=\"text-align: justify;\">Je pense que cela vient essentiellement, cette ann\u00e9e, de ce qui se passe autour de la Covid-19. D\u2019une mani\u00e8re g\u00e9n\u00e9rale, les gens ont du mal \u00e0 s\u2019informer sur ces sujets. Ils nous disent qu\u2019ils font confiance en priorit\u00e9 aux chercheurs et aux journalistes scientifiques, mais pas du tout aux politiques. \u00c0 partir du moment o\u00f9 l\u2019on pr\u00e9sente certains sujets, comme la 5G, de mani\u00e8re n\u00e9gative, au lieu d&rsquo;expliquer qu\u2019i y a des c\u00f4t\u00e9s positifs aux c\u00f4t\u00e9s effets \u00e9ventuellement n\u00e9gatifs, la population est un peu d\u00e9sorient\u00e9e et a tendance \u00e0 voir les choses de mani\u00e8re n\u00e9gative.<\/p>\n<p style=\"text-align: justify;\"><strong>Y a-t-il un manque de culture scientifique en France ?<\/strong><\/p>\n<p style=\"text-align: justify;\">Les enseignants ont beaucoup de difficult\u00e9s \u00e0 enseigner, ne serait-ce que les sciences naturelles. Cela vient essentiellement du fait que les professeurs des \u00e9coles ont surtout fait des \u00e9tudes litt\u00e9raires. Il y a donc un manque de formation scientifique \u00e0 la base et l\u2019on n\u2019explique pas suffisamment comment se construit la science.<\/p>\n<p style=\"text-align: justify;\">Cela dit, nous pouvons aussi battre notre coulpe car nous, ing\u00e9nieurs ou scientifiques, avons beaucoup de mal \u00e0 expliquer tout cela. En outre, la presse a plut\u00f4t tendance \u00e0 faire mousser les effets n\u00e9gatifs que les effets positifs et donc, de fa\u00e7on g\u00e9n\u00e9rale, l&rsquo;information passe mal.<\/p>\n<p style=\"text-align: justify;\"><a href=\"https:\/\/www.francetvinfo.fr\/replay-radio\/nouveau-monde\/nouveau-monde-5g-reconnaissance-faciale-linky-un-francais-sur-deux-se-dit-inquiet-face-aux-technologies_4207419.html\">https:\/\/www.francetvinfo.fr\/replay-radio\/nouveau-monde\/nouveau-monde-5g-reconnaissance-faciale-linky-un-francais-sur-deux-se-dit-inquiet-face-aux-technologies_4207419.html<\/a><\/p>\n<p>********* ********<\/p>\n<p><strong>Commentaire \u00e0 propos du dernier paragraphe<\/strong><\/p>\n<h1 style=\"text-align: justify;\">Il se moque du monde le Bruno Jarry\u00a0!!!<\/h1>\n<p style=\"text-align: justify;\">\n","protected":false},"excerpt":{"rendered":"<p>Le barom\u00e8tre annuel de l\u2019Acad\u00e9mie des Technologies montre un effritement de la confiance dans les sciences et les technologies.<\/p>\n","protected":false},"author":4,"featured_media":0,"comment_status":"closed","ping_status":"open","sticky":false,"template":"","format":"standard","meta":{"footnotes":""},"categories":[1],"tags":[],"class_list":["post-6646","post","type-post","status-publish","format-standard","hentry","category-non-classe"],"_links":{"self":[{"href":"https:\/\/collectif-accad.fr\/site\/wp-json\/wp\/v2\/posts\/6646","targetHints":{"allow":["GET"]}}],"collection":[{"href":"https:\/\/collectif-accad.fr\/site\/wp-json\/wp\/v2\/posts"}],"about":[{"href":"https:\/\/collectif-accad.fr\/site\/wp-json\/wp\/v2\/types\/post"}],"author":[{"embeddable":true,"href":"https:\/\/collectif-accad.fr\/site\/wp-json\/wp\/v2\/users\/4"}],"replies":[{"embeddable":true,"href":"https:\/\/collectif-accad.fr\/site\/wp-json\/wp\/v2\/comments?post=6646"}],"version-history":[{"count":3,"href":"https:\/\/collectif-accad.fr\/site\/wp-json\/wp\/v2\/posts\/6646\/revisions"}],"predecessor-version":[{"id":6650,"href":"https:\/\/collectif-accad.fr\/site\/wp-json\/wp\/v2\/posts\/6646\/revisions\/6650"}],"wp:attachment":[{"href":"https:\/\/collectif-accad.fr\/site\/wp-json\/wp\/v2\/media?parent=6646"}],"wp:term":[{"taxonomy":"category","embeddable":true,"href":"https:\/\/collectif-accad.fr\/site\/wp-json\/wp\/v2\/categories?post=6646"},{"taxonomy":"post_tag","embeddable":true,"href":"https:\/\/collectif-accad.fr\/site\/wp-json\/wp\/v2\/tags?post=6646"}],"curies":[{"name":"wp","href":"https:\/\/api.w.org\/{rel}","templated":true}]}}