{"id":6627,"date":"2020-12-21T02:19:46","date_gmt":"2020-12-21T01:19:46","guid":{"rendered":"https:\/\/collectif-accad.fr\/site\/?p=6627"},"modified":"2020-12-20T06:55:02","modified_gmt":"2020-12-20T05:55:02","slug":"conseil-detat-la-5-g-en-sursis","status":"publish","type":"post","link":"https:\/\/collectif-accad.fr\/site\/conseil-detat-la-5-g-en-sursis\/","title":{"rendered":"Conseil d\u2019Etat\u00a0: la 5G en sursis"},"content":{"rendered":"<h1 style=\"text-align: left;\"><strong>Communiqu\u00e9 de presse<\/strong><\/h1>\n<p><img loading=\"lazy\" decoding=\"async\" class=\"wp-image-6632 aligncenter\" src=\"https:\/\/collectif-accad.fr\/site\/wp-content\/uploads\/2020\/12\/LinkyNonMerci-01.jpg\" alt=\"\" width=\"498\" height=\"528\" srcset=\"https:\/\/collectif-accad.fr\/site\/wp-content\/uploads\/2020\/12\/LinkyNonMerci-01.jpg 362w, https:\/\/collectif-accad.fr\/site\/wp-content\/uploads\/2020\/12\/LinkyNonMerci-01-283x300.jpg 283w\" sizes=\"auto, (max-width: 498px) 100vw, 498px\" \/><\/p>\n<p><!--more--><\/p>\n<p style=\"text-align: justify;\"><strong>Pr\u00e9ambule : l&rsquo;article sur les \u00ab\u00a0mesures des antennes\u00a0\u00bb n&rsquo;est pas tout \u00e0 fait fini. Il parait obligatoirement cette semaine.<\/strong><\/p>\n<p style=\"text-align: center;\">*******\u00a0\u00a0 ***********<\/p>\n<p style=\"text-align: justify;\">Le gouvernement a lanc\u00e9 les proc\u00e9dures d\u2019attribution des fr\u00e9quences 5G via un d\u00e9cret et un arr\u00eat\u00e9 parus au JO fin 2019. Faute d\u2019\u00e9valuations environnementales comme l\u2019impose la directive europ\u00e9enne sur les plans et programmes, les associations ont d\u00e9cid\u00e9 d\u2019attaquer cette d\u00e9cision. Le gouvernement, par la voix de l\u2019ARCEP et de la direction g\u00e9n\u00e9rale des entreprises (DGE) a contest\u00e9 cette analyse, arguant du fait qu\u2019aucun pays de l\u2019union europ\u00e9enne n\u2019avait men\u00e9 \u00e0 bien cette \u00e9valuation environnementale et qu\u2019il n\u2019\u00e9tait, de ce fait, pas utile d\u2019engager cette \u00e9valuation.<\/p>\n<p style=\"text-align: justify;\">Face \u00e0 cette divergence d\u2019appr\u00e9ciation, les associations PRIARTEM et AGIR POUR L\u2019ENVIRONNEMENT, assist\u00e9es par les avocats Fran\u00e7ois Lafforgue et Hermine Baron du cabinet TTLA et associ\u00e9s, ont invit\u00e9 le Conseil d\u2019Etat \u00e0 poser une question pr\u00e9judicielle \u00e0 la Cour de Justice de l\u2019Union Europ\u00e9enne (CJUE).<\/p>\n<p style=\"text-align: justify;\"><strong>A l\u2019occasion de l\u2019audience publique du vendredi 18 d\u00e9cembre, le rapporteur public est all\u00e9 dans le sens des associations.<\/strong><\/p>\n<p style=\"text-align: justify;\">Il estime ainsi que l\u2019arr\u00eat\u00e9 fixant les conditions de d\u00e9livrance et d\u2019utilisation des fr\u00e9quences dans la bande 3,5 GHz en France m\u00e9tropolitaine pourrait \u00eatre consid\u00e9r\u00e9 comme un plan ou programme ayant une incidence sur l\u2019environnement et, \u00e0 ce titre, n\u00e9cessiter une \u00e9valuation environnementale strat\u00e9gique pr\u00e9alable.<\/p>\n<p style=\"text-align: justify;\">Si le Conseil d\u2019Etat suivait l\u2019avis du rapporteur public, la Cour de Justice de l\u2019Union Europ\u00e9enne devrait alors se prononcer express\u00e9ment sur cette question, ce qui pourrait avoir un impact sur le d\u00e9ploiement de la 5G non seulement en France mais \u00e9galement potentiellement dans les autres pays de l\u2019Union europ\u00e9enne.<\/p>\n<p style=\"text-align: justify;\">Dans un contexte de d\u00e9ploiement \u00e0 marche forc\u00e9e, les associations<strong> PRIARTEM et AGIR POUR L\u2019ENVIRONNEMENT r\u00e9clament, aux c\u00f4t\u00e9s d\u2019autres associations partout en Europe, un moratoire sur le d\u00e9ploiement de la 5G <\/strong>afin de permettre une \u00e9valuation compl\u00e8te de ses impacts sur la sant\u00e9, l\u2019environnement, le climat.<\/p>\n<p style=\"text-align: justify;\"><strong>CONTACTS PRESSE<\/strong><\/p>\n<p style=\"text-align: justify;\">Agir pour l&rsquo;Environnement &#8211; 01 40 31 02 37<\/p>\n<p style=\"text-align: justify;\">PRIARTEM &#8211; 01 42 47 81 54<\/p>\n<p style=\"text-align: justify;\">Cabinet d&rsquo;avocats TTLA<\/p>\n<p style=\"text-align: justify;\"><strong>Paris, le 18 d\u00e9cembre 2020<\/strong><\/p>\n","protected":false},"excerpt":{"rendered":"<p>Communiqu\u00e9 de presse<\/p>\n","protected":false},"author":4,"featured_media":0,"comment_status":"closed","ping_status":"open","sticky":false,"template":"","format":"standard","meta":{"footnotes":""},"categories":[1],"tags":[],"class_list":["post-6627","post","type-post","status-publish","format-standard","hentry","category-non-classe"],"_links":{"self":[{"href":"https:\/\/collectif-accad.fr\/site\/wp-json\/wp\/v2\/posts\/6627","targetHints":{"allow":["GET"]}}],"collection":[{"href":"https:\/\/collectif-accad.fr\/site\/wp-json\/wp\/v2\/posts"}],"about":[{"href":"https:\/\/collectif-accad.fr\/site\/wp-json\/wp\/v2\/types\/post"}],"author":[{"embeddable":true,"href":"https:\/\/collectif-accad.fr\/site\/wp-json\/wp\/v2\/users\/4"}],"replies":[{"embeddable":true,"href":"https:\/\/collectif-accad.fr\/site\/wp-json\/wp\/v2\/comments?post=6627"}],"version-history":[{"count":4,"href":"https:\/\/collectif-accad.fr\/site\/wp-json\/wp\/v2\/posts\/6627\/revisions"}],"predecessor-version":[{"id":6637,"href":"https:\/\/collectif-accad.fr\/site\/wp-json\/wp\/v2\/posts\/6627\/revisions\/6637"}],"wp:attachment":[{"href":"https:\/\/collectif-accad.fr\/site\/wp-json\/wp\/v2\/media?parent=6627"}],"wp:term":[{"taxonomy":"category","embeddable":true,"href":"https:\/\/collectif-accad.fr\/site\/wp-json\/wp\/v2\/categories?post=6627"},{"taxonomy":"post_tag","embeddable":true,"href":"https:\/\/collectif-accad.fr\/site\/wp-json\/wp\/v2\/tags?post=6627"}],"curies":[{"name":"wp","href":"https:\/\/api.w.org\/{rel}","templated":true}]}}