{"id":6623,"date":"2020-12-20T02:55:03","date_gmt":"2020-12-20T01:55:03","guid":{"rendered":"https:\/\/collectif-accad.fr\/site\/?p=6623"},"modified":"2020-12-20T07:24:37","modified_gmt":"2020-12-20T06:24:37","slug":"5g-une-empreinte-carbone-pas-neutre","status":"publish","type":"post","link":"https:\/\/collectif-accad.fr\/site\/5g-une-empreinte-carbone-pas-neutre\/","title":{"rendered":"5G\u00a0: une empreinte carbone pas neutre"},"content":{"rendered":"<h1 style=\"text-align: left;\"><strong>Une alerte du Haut Conseil pour le climat<\/strong><\/h1>\n<p><img loading=\"lazy\" decoding=\"async\" class=\"alignnone size-full wp-image-6643 aligncenter\" src=\"https:\/\/collectif-accad.fr\/site\/wp-content\/uploads\/2020\/12\/Pollution-Numerique-3.jpg\" alt=\"\" width=\"501\" height=\"500\" srcset=\"https:\/\/collectif-accad.fr\/site\/wp-content\/uploads\/2020\/12\/Pollution-Numerique-3.jpg 501w, https:\/\/collectif-accad.fr\/site\/wp-content\/uploads\/2020\/12\/Pollution-Numerique-3-300x300.jpg 300w, https:\/\/collectif-accad.fr\/site\/wp-content\/uploads\/2020\/12\/Pollution-Numerique-3-150x150.jpg 150w, https:\/\/collectif-accad.fr\/site\/wp-content\/uploads\/2020\/12\/Pollution-Numerique-3-100x100.jpg 100w\" sizes=\"auto, (max-width: 501px) 100vw, 501px\" \/><\/p>\n<p><!--more--><\/p>\n<p style=\"text-align: justify;\"><strong>Le d\u00e9ploiement de la 5G risque d\u2019augmenter \u00ab\u00a0significativement\u00a0\u00bb les \u00e9missions de gaz \u00e0 effet de serre du num\u00e9rique et la consommation d\u2019\u00e9lectricit\u00e9 en France, selon l\u2019autorit\u00e9 ind\u00e9pendante.<\/strong><\/p>\n<p style=\"text-align: left;\"><span style=\"font-size: 18pt;\"><strong>la 5G alourdira \u00absignificativement\u00bb l&#8217;empreinte carbone du num\u00e9rique<\/strong><\/span><\/p>\n<p><a href=\"https:\/\/www.liberation.fr\/terre\/2020\/12\/19\/climat-la-5g-alourdira-significativement-l-empreinte-carbone-du-numerique_1809107\">https:\/\/www.liberation.fr\/terre\/2020\/12\/19\/clima<\/a><br \/>\n<a href=\"https:\/\/www.hautconseilclimat.fr\/publications\/maitriser-limpact-carbone-de-la-5g\/\">https:\/\/www.hautconseilclimat.fr\/publications\/m<\/a><\/p>\n<p style=\"text-align: center;\">**********\u00a0\u00a0 *********<\/p>\n<p style=\"text-align: justify;\">C\u2019est le cadeau high-tech \u00e0 glisser sous le sapin de No\u00ebl version\u00a02020\u00a0: un smartphone\u00a05G (et le forfait qui va avec). Les promesses des op\u00e9rateurs sont all\u00e9chantes\u00a0: un <em>\u00ab\u00a0d\u00e9bit ultrarapide\u00a0\u00bb<\/em>, une <em>\u00ab\u00a0fluidit\u00e9 incroyable\u00a0\u00bb,<\/em> et tout cela avec <a href=\"https:\/\/www.lemonde.fr\/les-decodeurs\/article\/2020\/09\/23\/la-5g-va-t-elle-reduire-ou-augmenter-la-consommation-d-energie_6053336_4355770.html\">une consommation d\u2019\u00e9nergie <em>\u00ab\u00a0plus responsable\u00a0\u00bb<\/em><\/a>. Un cadeau empoisonn\u00e9 pour la plan\u00e8te, si l\u2019on en croit le Haut Conseil pour le climat (HCC). Dans un rapport publi\u00e9 samedi 19\u00a0d\u00e9cembre, le HCC sonne l\u2019alarme. L\u2019autorit\u00e9 ind\u00e9pendante estime que le d\u00e9ploiement de la 5G en France, qui a d\u00e9but\u00e9 cet automne, risque non seulement d\u2019augmenter la consommation d\u2019\u00e9lectricit\u00e9, mais aussi d\u2019accentuer significativement l\u2019empreinte carbone du num\u00e9rique. Et que, faute de mesures correctives, la 5G est donc susceptible de faire d\u00e9railler un peu plus la France de sa trajectoire de r\u00e9duction des gaz \u00e0 effet de serre (GES) pour atteindre l\u2019objectif de la neutralit\u00e9 en\u00a02050. Des conclusions qui pourraient fournir de nouveaux arguments aux organisations environnementales et aux maires (de Lyon, Lille ou Grenoble) qui r\u00e9clament un moratoire.<\/p>\n<p style=\"text-align: justify;\">Contrairement \u00e0 ce que r\u00e9p\u00e8tent les op\u00e9rateurs, le HCC estime que l\u2019impact carbone du d\u00e9ploiement de la 5G ne sera pas neutre. Selon ses calculs, il pourrait ajouter entre 2,7\u00a0millions de tonnes (Mt) et 6,7 Mt d\u2019\u00e9quivalent CO<sub>2<\/sub> en\u00a02030. <em>\u00ab\u00a0Une augmentation significative\u00a0\u00bb<\/em> par rapport \u00e0 l\u2019empreinte carbone actuelle du num\u00e9rique, que le HCC \u00e9value \u00e0 environ 15 Mt d\u2019\u00e9quivalent CO<sub>2<\/sub> en\u00a02020, soit 2\u00a0% de l\u2019empreinte carbone totale de la France (749 Mt \u00e9q\u00a0CO<sub>2<\/sub>), ce qui correspond aux GES \u00e9mis par le secteur a\u00e9rien.<\/p>\n<p style=\"text-align: justify;\">Trois sc\u00e9narios (bas, moyen, haut) ont \u00e9t\u00e9 envisag\u00e9s pour parvenir \u00e0 cette premi\u00e8re \u00e9valuation. Ils prennent en compte les nombreuses <em>\u00ab\u00a0incertitudes\u00a0\u00bb<\/em> qui p\u00e8sent encore sur le d\u00e9ploiement de la 5G\u00a0: niveau de couverture du territoire, renouvellement des terminaux, nouveaux usages et services.<\/p>\n<p style=\"text-align: justify;\"><strong>Renouvellement acc\u00e9l\u00e9r\u00e9 des smartphones<\/strong><\/p>\n<p style=\"text-align: justify;\">Les trois quarts des \u00e9missions de GES suppl\u00e9mentaires induites par la 5G sont li\u00e9es \u00e0 la fabrication des \u00e9quipements de r\u00e9seau (davantage d\u2019antennes), de centres de donn\u00e9es (multiplication des data centers) et, bien s\u00fbr, des terminaux. Smartphones mais aussi casques de r\u00e9alit\u00e9 virtuelle, objets connect\u00e9s\u2026 leur renouvellement ou leur adoption pourraient se voir<em> \u00ab\u00a0acc\u00e9l\u00e9r\u00e9s\u00a0\u00bb<\/em>, note le rapport. Ces \u00e9quipements \u00e9tant g\u00e9n\u00e9ralement fabriqu\u00e9s \u00e0 l\u2019\u00e9tranger, ces \u00e9missions pourraient donc faire augmenter les \u00e9missions import\u00e9es par la France de 1,8 Mt \u00e9q\u00a0CO<sub>2<\/sub> \u00e0 4,6 Mt \u00e9q\u00a0CO<sub>2<\/sub> en\u00a02030.<\/p>\n<p style=\"text-align: justify;\">Le quart restant est li\u00e9 \u00e0 aux usages qui seront faits de la 5G. L\u2019exp\u00e9rience du d\u00e9ploiement des technologies num\u00e9riques montre que les usages finaux sont <em>\u00ab\u00a0rarement ceux anticip\u00e9s\u00a0\u00bb<\/em>, mais que les possibilit\u00e9s techniques offertes sont <em>\u00ab\u00a0toujours utilis\u00e9es\u00a0\u00bb<\/em>, rel\u00e8ve le HCC. Aussi, il note que la 5G <em>\u00ab\u00a0risque \u00e9galement d\u2019augmenter les \u00e9missions li\u00e9es \u00e0 la production d\u2019\u00e9lectricit\u00e9 en France\u00a0\u00bb<\/em>\u00a0: de l\u2019ordre de 0,8 Mt \u00e9q\u00a0CO<sub>2 <\/sub>\u00e0 2,1 Mt \u00e9q\u00a0CO<sub>2<\/sub> en\u00a02030. Une augmentation non n\u00e9gligeable sur un budget carbone pour la production d\u2019\u00e9nergie de 30 Mt \u00e9q\u00a0CO<sub>2<\/sub> la m\u00eame ann\u00e9e.<\/p>\n<p style=\"text-align: justify;\">Le syst\u00e8me d\u2019\u00e9change de quotas d\u2019\u00e9mission (SEQE) europ\u00e9en garantit en th\u00e9orie que le d\u00e9ploiement de la 5G s\u2019ins\u00e9rera dans les quotas n\u00e9goci\u00e9s mais <em>\u00ab\u00a0il ne garantit pas l\u2019atteinte des objectifs de la France, et encore moins des budgets carbone sectoriels\u00a0\u00bb<\/em>, alerte le HCC. Enfin, pointe le rapport, la 5G risque d\u2019avoir <em>\u00ab\u00a0un effet important sur la consommation d\u2019\u00e9lectricit\u00e9 en France\u00a0\u00bb. <\/em>Il estime, toujours selon les trois sc\u00e9narios, entre 16 TWh et 40 TWh en\u00a02030, soit entre 5\u00a0% et 13\u00a0% de la consommation nationale d\u2019\u00e9lectricit\u00e9 du r\u00e9sidentiel et du tertiaire en\u00a02019. De quoi, l\u00e0 aussi, remettre en cause la <em>\u00ab\u00a0coh\u00e9rence\u00a0\u00bb<\/em> de la Programmation pluriannuelle de l\u2019\u00e9nergie.<\/p>\n<p style=\"text-align: justify;\"><strong>Une proposition de loi s\u00e9natoriale<\/strong><\/p>\n<p style=\"text-align: justify;\">Tr\u00e8s critique, le HCC regrette que l\u2019attribution des nouvelles fr\u00e9quences aux op\u00e9rateurs par le gouvernement n\u2019ait <em>\u00ab\u00a0pas fait l\u2019objet d\u2019une \u00e9valuation environnementale pr\u00e9alable\u00a0\u00bb<\/em> et que <em>\u00ab\u00a0seules les logiques de valorisation \u00e9conomique des fr\u00e9quences pour l\u2019Etat\u00a0\u00bb <\/em>ou de <em>\u00ab\u00a0comp\u00e9titivit\u00e9 potentielle des entreprises fran\u00e7aises\u00a0\u00bb<\/em> aient \u00e9t\u00e9 prises en compte. C\u2019est pour combler en partie ce manque que le S\u00e9nat avait saisi en mars le Haut Conseil pour le climat, afin d\u2019\u00e9valuer l\u2019impact carbone du d\u00e9ploiement de la 5G.<\/p>\n<p style=\"text-align: justify;\"><a href=\"http:\/\/www.senat.fr\/presse\/cp20201218.html\">Dans un communiqu\u00e9<\/a>, le pr\u00e9sident du S\u00e9nat, G\u00e9rard Larcher, souligne que les orientations du rapport <em>\u00ab\u00a0confortent la proposition de loi s\u00e9natoriale visant \u00e0 r\u00e9duire l\u2019impact environnemental du num\u00e9rique\u00a0\u00bb <\/em>\u00e0 travers notamment la limitation du renouvellement des terminaux par la lutte contre l\u2019obsolescence programm\u00e9e, la fixation d\u2019objectifs de r\u00e9duction des impacts des r\u00e9seaux ou l\u2019inscription d\u2019engagements environnementaux minimaux dans les cahiers des charges des fr\u00e9quences qui restent \u00e0 attribuer (autour de 27\u00a0GHz). Le S\u00e9nat doit examiner le projet le 12\u00a0janvier\u00a02021.<\/p>\n<p style=\"text-align: justify;\">Lemonde<\/p>\n<p style=\"text-align: justify;\"><strong>Lire aussi<\/strong><\/p>\n<p style=\"text-align: justify;\"><a href=\"https:\/\/www.lemonde.fr\/les-decodeurs\/article\/2020\/09\/23\/la-5g-va-t-elle-reduire-ou-augmenter-la-consommation-d-energie_6053336_4355770.html\">La 5G va-t-elle r\u00e9duire ou augmenter la consommation d\u2019\u00e9nergie ?<\/a><\/p>\n<p style=\"text-align: justify;\">\u00a0Lire aussi\u00a0:<\/p>\n<p style=\"text-align: justify;\"><a href=\"https:\/\/www.lemonde.fr\/economie\/article\/2020\/07\/02\/le-deploiement-de-la-5g-se-heurte-a-la-poussee-des-preoccupations-ecologiques_6044908_3234.html\">Le d\u00e9ploiement de la 5G en France se heurte de plus en plus \u00e0 des pr\u00e9occupations \u00e9cologiques<\/a><\/p>\n<p style=\"text-align: justify;\">\u00a0Lire aussi<\/p>\n<p style=\"text-align: justify;\">\u00a0<a href=\"https:\/\/www.lemonde.fr\/economie\/article\/2020\/12\/18\/5g-sur-la-ligne-de-depart-les-operateurs-montrent-les-muscles_6063840_3234.html\">5G\u00a0: sur la ligne de d\u00e9part, les op\u00e9rateurs montrent les muscles<\/a><\/p>\n<p style=\"text-align: justify;\">\n","protected":false},"excerpt":{"rendered":"<p>Une alerte du Haut Conseil pour le climat<\/p>\n","protected":false},"author":4,"featured_media":0,"comment_status":"closed","ping_status":"open","sticky":false,"template":"","format":"standard","meta":{"footnotes":""},"categories":[1],"tags":[],"class_list":["post-6623","post","type-post","status-publish","format-standard","hentry","category-non-classe"],"_links":{"self":[{"href":"https:\/\/collectif-accad.fr\/site\/wp-json\/wp\/v2\/posts\/6623","targetHints":{"allow":["GET"]}}],"collection":[{"href":"https:\/\/collectif-accad.fr\/site\/wp-json\/wp\/v2\/posts"}],"about":[{"href":"https:\/\/collectif-accad.fr\/site\/wp-json\/wp\/v2\/types\/post"}],"author":[{"embeddable":true,"href":"https:\/\/collectif-accad.fr\/site\/wp-json\/wp\/v2\/users\/4"}],"replies":[{"embeddable":true,"href":"https:\/\/collectif-accad.fr\/site\/wp-json\/wp\/v2\/comments?post=6623"}],"version-history":[{"count":3,"href":"https:\/\/collectif-accad.fr\/site\/wp-json\/wp\/v2\/posts\/6623\/revisions"}],"predecessor-version":[{"id":6645,"href":"https:\/\/collectif-accad.fr\/site\/wp-json\/wp\/v2\/posts\/6623\/revisions\/6645"}],"wp:attachment":[{"href":"https:\/\/collectif-accad.fr\/site\/wp-json\/wp\/v2\/media?parent=6623"}],"wp:term":[{"taxonomy":"category","embeddable":true,"href":"https:\/\/collectif-accad.fr\/site\/wp-json\/wp\/v2\/categories?post=6623"},{"taxonomy":"post_tag","embeddable":true,"href":"https:\/\/collectif-accad.fr\/site\/wp-json\/wp\/v2\/tags?post=6623"}],"curies":[{"name":"wp","href":"https:\/\/api.w.org\/{rel}","templated":true}]}}