{"id":6615,"date":"2020-12-21T01:39:11","date_gmt":"2020-12-21T00:39:11","guid":{"rendered":"https:\/\/collectif-accad.fr\/site\/?p=6615"},"modified":"2020-12-20T06:54:20","modified_gmt":"2020-12-20T05:54:20","slug":"5g-en-conseil-municipal","status":"publish","type":"post","link":"https:\/\/collectif-accad.fr\/site\/5g-en-conseil-municipal\/","title":{"rendered":"5G en conseil municipal"},"content":{"rendered":"<h1 style=\"text-align: left;\"><strong>Cela a eu lieu le 27 novembre, en fin de p\u00e9riode de confinement<\/strong><\/h1>\n<p><img loading=\"lazy\" decoding=\"async\" class=\"wp-image-6634 aligncenter\" src=\"https:\/\/collectif-accad.fr\/site\/wp-content\/uploads\/2020\/12\/Pollution-Numerique-1.jpg\" alt=\"\" width=\"329\" height=\"337\" srcset=\"https:\/\/collectif-accad.fr\/site\/wp-content\/uploads\/2020\/12\/Pollution-Numerique-1.jpg 488w, https:\/\/collectif-accad.fr\/site\/wp-content\/uploads\/2020\/12\/Pollution-Numerique-1-293x300.jpg 293w\" sizes=\"auto, (max-width: 329px) 100vw, 329px\" \/><\/p>\n<p><!--more--><\/p>\n<p style=\"text-align: center;\"><strong>Pour lire le contenu<\/strong><\/p>\n<p style=\"text-align: justify;\"><a href=\"https:\/\/collectif-accad.fr\/site\/wp-content\/uploads\/2020\/12\/5G-vote-en-reunion-de-conseil-municipal.docx\">5G vot\u00e9 en r\u00e9union de conseil municipal<\/a><\/p>\n<p style=\"text-align: justify;\">En r\u00e9ponse \u00e0 cette d\u00e9lib\u00e9ration, voici ce qui a \u00e9t\u00e9 envoy\u00e9 en mairie<\/p>\n<p style=\"text-align: center;\">************ **<\/p>\n<p style=\"text-align: justify;\">Quelques remarques sur la forme li\u00e9e \u00e0 la m\u00e9thode. Tout d\u2019abord, il est surprenant de r\u00e9pondre fin novembre alors que le document initial a \u00e9t\u00e9 lu en r\u00e9union de conseil d\u00e9but juillet. Pourquoi ne pas avoir \u00e9tudi\u00e9 ce point en r\u00e9union au mois d\u2019octobre\u00a0? Evidemment, les m\u00e9thodes gouvernementales ne permettent pas d\u2019acc\u00e9der \u00e0 une connaissance des d\u00e9cisions municipales puisqu\u2019il \u00e9tait interdit au quidam d\u2019assister \u00e0 une r\u00e9union du conseil pendant le suppos\u00e9 second confinement. C\u2019est plus qu\u2019anormal. C\u2019est d\u2019autant plus incompr\u00e9hensible qu\u2019il a \u00e9t\u00e9 tout de m\u00eame permis aux conseillers de venir\u00a0!<\/p>\n<p style=\"text-align: justify;\"><strong>Maintenant le fond<\/strong><\/p>\n<p style=\"text-align: justify;\">Il faut admettre que, dans l\u2019ensemble, le document produit est tr\u00e8s d\u00e9rangeant\u00a0; notamment par un certain manque d\u2019analyse en profondeur et par une r\u00e9flexion un peu trop subjective. Quelques points principaux de la contribution ont \u00e9t\u00e9 \u00e9tudi\u00e9s, montrant une analyse assez unilat\u00e9rale.<\/p>\n<p style=\"text-align: justify;\"><strong><em>Autorisations d\u2019urbanisme<\/em><\/strong><\/p>\n<p style=\"text-align: justify;\">Jusqu\u2019\u00e0 preuve du contraire,\u00a0 l\u2019ordonnance n\u00b0 6, impos\u00e9e le 26 mars -donc pendant le premier confinement et l\u2019\u00e9tat d\u2019urgence-, n\u2019a pas \u00e9t\u00e9 abrog\u00e9e\u00a0; elle lib\u00e8re les op\u00e9rateurs de t\u00e9l\u00e9phonie de toutes formalit\u00e9s avec les maires et a supprim\u00e9 les demandes d\u2019autorisation pr\u00e9alable d\u2019implantation d\u2019antennes\u00a0; ceci s\u2019apparente \u00e0 une violation des droits des communes, des citoyens et retire l\u2019autorit\u00e9 aux maires. Les op\u00e9rateurs en ont bien profit\u00e9\u00a0! Le secteur est d\u00e9j\u00e0 bien fourni\u00a0: par exemple \u00e0 Vitry \u2013pr\u00e8s de Lidl-, Rouvroy (Carrefour), Cuincy (rue du moulin br\u00fbl\u00e9), Lauwin-Planque (\u00e0 30 m de maisons), Douai, H\u00e9nin \u2026<\/p>\n<p style=\"text-align: justify;\">Le directeur g\u00e9n\u00e9ral de la F\u00e9d\u00e9ration fran\u00e7aise des T\u00e9l\u00e9coms, interrog\u00e9 sur les probl\u00e8mes de sant\u00e9 caus\u00e9s par la pollution \u00e9lectromagn\u00e9tique, a dit que les maires avaient le droit de refuser la pose d&rsquo;antennes-relais sur leur commune<\/p>\n<p style=\"text-align: justify;\"><strong><em>L\u2019exposition des ondes<\/em><\/strong><\/p>\n<p style=\"text-align: justify;\">Il faut tout de m\u00eame savoir que les normes fran\u00e7aises (comme celles de l\u2019ICNIRP) sont tellement \u00e9lev\u00e9es\u00a0 qu\u2019il est effectivement difficile de les d\u00e9passer -ce qui n\u2019est pas le cas pour de nombreuses associations m\u00e9dicales, au Luxembourg, en Belgique, en Autriche, en Pologne, en Russie \u2026 Les Normes ICNIRP d\u2019irradiation 24h\/24\u00a0 pour les hautes fr\u00e9quences artificielles micro-ondes du d\u00e9cret 2002-775 sont irr\u00e9elles. Une irradiation p\u00e9renne de 61 V\/m en 2450 MHz, soit 10\u00a0W\/m<sup>2<\/sup> est l\u00e9tale. Toutes irradiations pour les CEM artificiels micro-ondes \u00e0 faibles doses sont d\u00e9l\u00e9t\u00e8res et engendrent un affaiblissement de tout le vivant.<\/p>\n<p style=\"text-align: justify;\"><strong><em>Limite de capacit\u00e9<\/em><\/strong><\/p>\n<p style=\"text-align: justify;\">C\u2019est un choix de soci\u00e9t\u00e9\u00a0; c\u2019est ce qu\u2019on veut appeler le progr\u00e8s\u00a0! On n\u2019y \u00e9chappe pas\u00a0! Sinon, on est has been\u00a0! Il faut croitre. Il faudrait tout de m\u00eame se mettre d\u2019accord sur ce que signifie le progr\u00e8s.<\/p>\n<p style=\"text-align: justify;\"><strong><em>5G rel\u00e8ve plus du monde industriel<\/em><\/strong><\/p>\n<p style=\"text-align: justify;\">C\u2019est totalement inexact. Il suffit de voir en ce moment la publicit\u00e9 d\u2019Orange et d\u2019autres entreprises concern\u00e9es pour annoncer que la 5G se met en place. Ces op\u00e9rateurs sont pr\u00eats \u00e0 vendre des portables 5G \u2013puisque les portables 4G ne sont pas compatibles \u00e0 la 5G- \u00e0 n\u2019importe quel particulier. Par ailleurs, la comp\u00e9titivit\u00e9 est le mot passe-partout.\u00a0 Il permet de l\u00e9gitimer la course \u00e0 la voiture autonome, \u00e0 la t\u00e9l\u00e9m\u00e9decine sans se rendre compte que l\u2019on met de plus en plus de c\u00f4t\u00e9 l\u2019humain. Cela va co\u00fbter tr\u00e8s cher d\u2019avoir une voiture autonome (pour quoi faire\u00a0? Le train n\u2019est pas un moyen moins co\u00fbteux\u00a0?). Cela va co\u00fbter tr\u00e8s cher \u2013et risqu\u00e9- de faire de la chirurgie \u00e0 distance\u00a0; sans compter notamment la perte de contacts humains. C\u2019est aussi le progr\u00e8s d\u2019avoir des machines agricoles qui fonctionnent sans chauffeur\u00a0?<\/p>\n<p style=\"text-align: justify;\"><strong>\u00a0<\/strong><\/p>\n<p style=\"text-align: justify;\"><strong><em>Transition \u00e9nerg\u00e9tique<\/em><\/strong><\/p>\n<p style=\"text-align: justify;\">Il faudra expliquer pourquoi il est n\u00e9cessaire de mettre en place la 5G pour s\u2019occuper de ce probl\u00e8me \u00e9nerg\u00e9tique. Enedis a d\u00e9j\u00e0 fait le coup dans ce domaine pour mettre en avant l\u2019utilit\u00e9 de son produit miracle qui s\u2019appelle Linky\u00a0!<\/p>\n<p style=\"text-align: justify;\">Bref, on peut tout mettre dans le mot progr\u00e8s mais on oublie que le plus important est le progr\u00e8s humain.<\/p>\n<p style=\"text-align: justify;\"><strong>\u00a0<\/strong><\/p>\n<p style=\"text-align: justify;\"><strong><em>L\u2019antenne sur notre territoire <\/em><\/strong><\/p>\n<p style=\"text-align: justify;\">Elle est peut-\u00eatre \u00e0 l\u2019\u00e9cart des habitations mais elle rayonne. Et vous serez surpris de savoir \u00e0 quelle hauteur et \u00e0 quelle distance. Nous sommes en train de faire des mesures dans le secteur et nous ne manquerons pas d\u2019en faire sur le territoire d\u00e8s que possible.<\/p>\n<p style=\"text-align: justify;\">A priori, une antenne 5G sera mise en place dans l\u2019avenir \u00e0 Qui\u00e9ry (c\u2019est encore le progr\u00e8s). Il ne faudra pas un nouveau pyl\u00f4ne\u00a0: il suffira \u00e0 SFR ou Bouygues de faire le changement sur le pyl\u00f4ne actuel \u2013il n\u2019est pas certain que vous serez pr\u00e9venus.<\/p>\n<p style=\"text-align: justify;\">Par ailleurs, il faudra vous attendre \u00e0 \u00eatre sollicit\u00e9s \u2013comme certains particuliers- pour la pose de petites antennes sur, par exemple, des b\u00e2timents communaux\u00a0: bonjour les radiations\u00a0!<\/p>\n<p style=\"text-align: justify;\">Sur le plan \u00e9cologique, le foisonnement d\u2019antennes \u2013il faudra en mettre des petites tous les 100 m\u00e8tres- meurtrit les paysages\u00a0; de plus, la 5G n\u00e9cessitera la destruction imm\u00e9diate d\u2019arbres dans les villes et les villages pour laisser passer les ondes millim\u00e9triques. Ces arbres ne sont pas rempla\u00e7ables. La 5G, absorb\u00e9e facilement par les feuilles, d\u00e9truit aussi les arbres.<\/p>\n<p style=\"text-align: justify;\"><strong><em>Saturation de la 4G<\/em><\/strong><\/p>\n<p style=\"text-align: justify;\">Se placer dans cette l\u2019hypoth\u00e8se est tr\u00e8s dangereux\u00a0: cela signifie que nous voulons toujours la croissance \u2026 alors qu\u2019il faudrait \u00e0 tout prix d\u00e9croitre. On voit d\u00e9j\u00e0 les d\u00e9g\u00e2ts de la croissance actuelle, notamment dans le domaine du d\u00e9r\u00e8glement climatique. Pour l\u2019instant, on continue sur la m\u00eame pente, ce qui veut dire qu\u2019on court \u00e0 la catastrophe. Des exemples\u00a0:<\/p>\n<ul style=\"text-align: justify;\">\n<li>Le num\u00e9rique est responsable actuellement de 3,7% des gaz \u00e0 effet de serre \u2013autant que l\u2019aviation civile. Si on continue de croitre dans ce domaine, on va arriver dans cinq ans \u00e0 8 % -autant que tout le parc mondial automobile<\/li>\n<li>La num\u00e9risation de l\u2019\u00e9cole \u2013tr\u00e8s utilis\u00e9e pendant les confinements- est nuisible aux enfants et \u00e0 l\u2019environnement<\/li>\n<li>Avec la 5G, il faudra consommer au moins trois fois plus qu\u2019avec la 4G, notamment avec l\u2019effet rebond. Il faudra donc produire plus d\u2019\u00e9lectricit\u00e9\u00a0; ce qui s\u2019oppose aux principes d\u2019\u00e9conomie d\u2019\u00e9nergie en faveur de l\u2019environnement. Cela se v\u00e9rifie d\u00e9j\u00e0 en Chine o\u00f9, d\u2019une part, l\u2019utilisation du num\u00e9rique est limit\u00e9e durant la nuit, d\u2019autre part, les op\u00e9rateurs se font subventionner par les communes\u00a0! Si on choisit cette technologie 5G, cela signifie qu\u2019il faudra construire notamment un EPR dans la r\u00e9gion \u2026avec les cons\u00e9quences dramatiques pour nos descendants \u2013voir ce qui se passe \u00e0 Bure. Il y a pourtant d\u2019autres solutions nettement moins \u00e9nergivores.<\/li>\n<li>L\u2019installation n\u00e9cessitera aussi le lancement de pr\u00e8s de 50 000 satellites.<\/li>\n<li>Comme ce march\u00e9 doit \u00eatre rentable pour les industriels, il faudra acheter de nouveaux portables\u00a0!<\/li>\n<\/ul>\n<p style=\"text-align: justify;\">Il faut r\u00e9fl\u00e9chir autrement\u00a0: \u00ab\u00a0Celui qui croit que la croissance peut \u00eatre infinie dans un monde fini est soit un fou, soit un \u00e9conomiste.\u00a0\u00bb<\/p>\n<p style=\"text-align: justify;\"><strong>Au vu du document adopt\u00e9 en conseil municipal<\/strong>, il est remarquable de constater que peu de points mis en avant dans le dossier qui vous a \u00e9t\u00e9 fourni en juin ont \u00e9t\u00e9 repris dans la d\u00e9lib\u00e9ration. D\u2019une part, il n\u2019y a pas de r\u00e9ponses \u00e0 certaines des 8 questions pos\u00e9es\u00a0; d\u2019autre part, ce que l\u2019\u00e9quipe municipale a d\u00e9velopp\u00e9 est \u00e0 sens unique. Etonnant\u00a0!<\/p>\n<p style=\"text-align: justify;\">Vous ne trouvez pas utile ou efficace de faire une proposition de moratoire \u00e0 discuter en r\u00e9union de conseil\u00a0? Sachez que Lille en a fait une. Mais elle n\u2019est pas la seule\u00a0: Fontenay, Hendaye, Corse, Occitanie, Besan\u00e7on, Maul\u00e9on-Licharre, Saint-Herblain, Millau, Nantes \u2026<\/p>\n<p style=\"text-align: justify;\">Puisque la 5G ne fait l&rsquo;objet d&rsquo;aucune concertation avec les \u00e9lus locaux, de d\u00e9bats parlementaire et\/ou citoyen, il faut demander \u2013notamment dans le moratoire- que le Gouvernement instaure un moratoire sur l\u2019implantation des infrastructures de r\u00e9seau 5G, tant qu&rsquo;un d\u00e9bat vraiment d\u00e9mocratique,\u00a0 analysant les cons\u00e9quences de ces innovations technologiques (impacts sociaux, \u00e9cologiques et sanitaires) n&rsquo;aura pas \u00e9t\u00e9 men\u00e9.<\/p>\n<p style=\"text-align: justify;\"><strong>Encore quelques remarques\u00a0<\/strong><\/p>\n<p style=\"text-align: justify;\">\u00ab Un chiffre \u00e9tonnant\u00a0: en 2013, 62 % des gens pensaient que l&rsquo;on allait vivre mieux gr\u00e2ce \u00e0 la technologie et \u00e0 la science. On a perdu 12 points en 7 ans, aujourd&rsquo;hui c&rsquo;est seulement une petite moiti\u00e9, c&rsquo;est 50 % des gens qui croient \u00e0 la science et \u00e0 la technologie pour vivre mieux, il y&rsquo; a une vrai \u00e9volution\u00a0\u00bb\u00a0; \u00ab\u00a0 58 % pensent que les scientifiques d\u00e9pendent d\u2019int\u00e9r\u00eats priv\u00e9s, cela grimpe de 12 points en 7 ans\u00a0\u00bb\u00a0; \u00e9crits du pr\u00e9sident de l&rsquo;Institut Sapiens<\/p>\n<p style=\"text-align: justify;\">Ce choix soci\u00e9tal du tout num\u00e9rique s\u2019inscrit dans la destruction du vivant -humain et animal- et du v\u00e9g\u00e9tal. Il va augmenter le brouillard \u00e9lectromagn\u00e9tique (\u00e9lectro-smog) g\u00e9n\u00e9rateur de probl\u00e8mes de sant\u00e9\u00a0: cancers, mais surtout EHS, Alzheimer et tumeur au cerveau, vertiges, acouph\u00e8nes, insomnies, fatigue chronique, d\u00e9pression, \u2026<\/p>\n<p style=\"text-align: justify;\">Qui que l\u2019on soit, il ne sera pas possible d\u2019\u00e9chapper aux rayonnements polluants.<\/p>\n<p style=\"text-align: justify;\">Autre danger\u00a0: l\u2019usage de ces technologies intensifiera la surveillance de masse et le contr\u00f4le des individus par les \u00c9tats et les grandes entreprises : nos faits et gestes seront trac\u00e9s dans nos domiciles et dans l\u2019espace public, \u00e0 travers nos d\u00e9placements, par les objets connect\u00e9s et les technologies de surveillance num\u00e9rique.<\/p>\n<p style=\"text-align: justify;\">70% de la 5G servira pour la t\u00e9l\u00e9surveillance.<\/p>\n<p style=\"text-align: justify;\">La 5G permettra l\u2019internet des objets\u00a0; mais l\u2019internet des objets, c\u2019est aussi l\u2019internet des corps, c\u2019est-\u00e0-dire la connexion des corps humains\u00a0au r\u00e9seau et \u00e0 l\u2019intelligence artificielle par l\u2019interm\u00e9diaire de puces \u00ab\u00a0RFID\u00a0\u00bb ou d\u2019autres dispositifs int\u00e9gr\u00e9s dans le corps. Associ\u00e9 au maillage de tout le territoire par la 5G et \u00e0 la suppression de toutes les zones blanches \u2013zones tr\u00e8s utiles pour les EHS-, ceci permettra de tracer et contr\u00f4ler partout et \u00e0 chaque instant les personnes \u00e0 distance. Le but final est de canaliser l\u2019\u00eatre humain et de robotiser la terre.<\/p>\n<p style=\"text-align: justify;\">C\u2019est bien la mise en circulation exponentielle d\u2019objets connect\u00e9s, de voitures autonomes qui se pr\u00e9pare \u2026, le tout s\u2019articulant dans nos quartiers et communes selon le concept de la \u00ab\u00a0ville intelligente et s\u00fbre\u00a0\u00bb -la smart City.<\/p>\n<p style=\"text-align: justify;\">On va arriver de plus en plus vers une soci\u00e9t\u00e9 o\u00f9 une petite minorit\u00e9 de personnes diront ce qu\u2019il faut faire aux robots\u00a0; et, pour le reste de la population, c\u2019est le robot qui dira quoi faire.<\/p>\n<p style=\"text-align: justify;\">En niant tous les dangers pourtant constat\u00e9s par nombre de scientifiques, le pouvoir politique comme les lobbies \u00e9conomiques veulent acc\u00e9l\u00e9rer l\u2019installation de la 5G, sans consultation de la population. C\u2019est d\u00e9j\u00e0 commenc\u00e9.<\/p>\n<p style=\"text-align: justify;\">Le pr\u00e9sident de la R\u00e9publique a clairement \u00e9voqu\u00e9 le fait que la 5G serait d\u00e9ploy\u00e9e sur tout le territoire fran\u00e7ais \u2013 m\u00eame dans les zones blanches, m\u00eame dans tous les espaces publics comme priv\u00e9s, 24h sur 24, 365 jours par an. Bien entendu, on pr\u00e9pare d\u00e9j\u00e0 la 6G\u00a0; bient\u00f4t viendra pointer la 7G\u00a0!<\/p>\n<p style=\"text-align: justify;\"><strong>\u00a0<\/strong><\/p>\n<p style=\"text-align: justify;\"><strong>Et pour terminer \u2026 provisoirement\u00a0!<\/strong><\/p>\n<p style=\"text-align: justify;\">Encore quelques points non soulev\u00e9s dans le document municipal\u00a0:<\/p>\n<ul style=\"text-align: justify;\">\n<li><strong>Le progr\u00e8s avec la 5G\u00a0?<\/strong><\/li>\n<\/ul>\n<p style=\"text-align: justify;\">Les services publics se feront sans contacts humains.<\/p>\n<p style=\"text-align: justify;\">Un enseignement \u00e0 distance et le t\u00e9l\u00e9travail seront privil\u00e9gi\u00e9s \u2026 avec des cons\u00e9quences sociales et psychologiques.<\/p>\n<p style=\"text-align: justify;\">Cette technologie n\u00e9cessite l&rsquo;utilisation de m\u00e9taux rares, acc\u00e9l\u00e9rant leur extraction dans les pays du sud. Elle accentuera la pollution et l\u2019exploitation des populations locales.<\/p>\n<p style=\"text-align: justify;\">Notre bien-\u00eatre passe-t-il vraiment par la 5G\u00a0?<\/p>\n<ul style=\"text-align: justify;\">\n<li><strong>On peut se passer de la 5G\u00a0!<\/strong><\/li>\n<\/ul>\n<p style=\"text-align: justify;\">La fibre peut remplacer avantageusement un grand nombre de t\u00e2ches.<\/p>\n<p style=\"text-align: justify;\">L&rsquo;utilisation bien comprise et \u00e9ventuellement utile du t\u00e9l\u00e9phone portable se fait tr\u00e8s bien avec la 3G (la moins polluante).<\/p>\n<p style=\"text-align: justify;\">On pourrait alors orienter le num\u00e9rique vers une r\u00e9duction\u00a0 de ses Gaz \u00e0 Effet de Serre de 5\u00a0% \/an, comme demand\u00e9 dans l&rsquo;accord de la COP 21 \u00e0 Paris.<\/p>\n<p style=\"text-align: justify;\">On n\u2019a pas cru bon d\u2019\u00e9couter les personnes qui nous alertaient sur l\u2019amiante, sur le tabac, sur les OGM, sur le charbon \u2026 Va-t-on encore faire le m\u00eame genre d\u2019erreurs dramatiques avec la 5G\u00a0? Je le crains \u2026 et ne suis pas le seul \u00e0 le penser.<\/p>\n<p style=\"text-align: justify;\">Ce document ne sera peut-\u00eatre pas lu par beaucoup de personnes. Il a pour but d\u2019alerter \u2013comme de nombreuses associations le font en ce moment- sur le probl\u00e8me. S\u2019il n\u2019en est pas tenu compte, tant pis. L\u2019avenir nous dira qui avait raison mais il sera peut-\u00eatre trop tard\u00a0!<\/p>\n<p style=\"text-align: justify;\"><strong>Documents suppl\u00e9mentaires ci-dessous\u00a0: 6 annexes<\/strong><\/p>\n<ol style=\"text-align: justify;\">\n<li><strong>D\u00e9lib\u00e9ration du conseil municipal<\/strong><\/li>\n<li><strong>Sur le site du collectif ACCAD<\/strong><\/li>\n<li><strong>Une nouvelle lettre aux maires et \u00e9lu.es\u00a0:<\/strong><\/li>\n<\/ol>\n<p style=\"text-align: justify;\"><a href=\"https:\/\/collectif-accad.fr\/site\/wp-content\/uploads\/2020\/12\/5G-Lettre-aux-maires-et-e\u0301lus-200731.doc\">5G Lettre aux maires et e\u0301lus 200731<\/a><\/p>\n<ol style=\"text-align: justify;\" start=\"4\">\n<li><strong>La controverse de la 5G<\/strong><\/li>\n<li><strong>5G\u00a0: un d\u00e9ploiement criminel<\/strong><\/li>\n<li><strong>R\u00e9sum\u00e9 technique sur la 5G<\/strong><\/li>\n<\/ol>\n<p style=\"text-align: justify;\"><strong>\u00a0<\/strong><\/p>\n<p style=\"text-align: justify;\"><strong>Pour lire le document complet\u00a0:<\/strong><\/p>\n<p style=\"text-align: justify;\"><a href=\"https:\/\/collectif-accad.fr\/site\/wp-content\/uploads\/2020\/12\/Reponse-a-la-mairie.docx\">R\u00e9ponse \u00e0 la mairie<\/a><\/p>\n","protected":false},"excerpt":{"rendered":"<p>Cela a eu lieu le 27 novembre, en fin de p\u00e9riode de confinement<\/p>\n","protected":false},"author":4,"featured_media":0,"comment_status":"closed","ping_status":"open","sticky":false,"template":"","format":"standard","meta":{"footnotes":""},"categories":[1],"tags":[],"class_list":["post-6615","post","type-post","status-publish","format-standard","hentry","category-non-classe"],"_links":{"self":[{"href":"https:\/\/collectif-accad.fr\/site\/wp-json\/wp\/v2\/posts\/6615","targetHints":{"allow":["GET"]}}],"collection":[{"href":"https:\/\/collectif-accad.fr\/site\/wp-json\/wp\/v2\/posts"}],"about":[{"href":"https:\/\/collectif-accad.fr\/site\/wp-json\/wp\/v2\/types\/post"}],"author":[{"embeddable":true,"href":"https:\/\/collectif-accad.fr\/site\/wp-json\/wp\/v2\/users\/4"}],"replies":[{"embeddable":true,"href":"https:\/\/collectif-accad.fr\/site\/wp-json\/wp\/v2\/comments?post=6615"}],"version-history":[{"count":3,"href":"https:\/\/collectif-accad.fr\/site\/wp-json\/wp\/v2\/posts\/6615\/revisions"}],"predecessor-version":[{"id":6636,"href":"https:\/\/collectif-accad.fr\/site\/wp-json\/wp\/v2\/posts\/6615\/revisions\/6636"}],"wp:attachment":[{"href":"https:\/\/collectif-accad.fr\/site\/wp-json\/wp\/v2\/media?parent=6615"}],"wp:term":[{"taxonomy":"category","embeddable":true,"href":"https:\/\/collectif-accad.fr\/site\/wp-json\/wp\/v2\/categories?post=6615"},{"taxonomy":"post_tag","embeddable":true,"href":"https:\/\/collectif-accad.fr\/site\/wp-json\/wp\/v2\/tags?post=6615"}],"curies":[{"name":"wp","href":"https:\/\/api.w.org\/{rel}","templated":true}]}}