{"id":6607,"date":"2020-12-20T02:52:57","date_gmt":"2020-12-20T01:52:57","guid":{"rendered":"https:\/\/collectif-accad.fr\/site\/?p=6607"},"modified":"2020-12-20T07:24:16","modified_gmt":"2020-12-20T06:24:16","slug":"alertes-incendies-et-explosions","status":"publish","type":"post","link":"https:\/\/collectif-accad.fr\/site\/alertes-incendies-et-explosions\/","title":{"rendered":"Alertes incendies et explosions ET refus Linky"},"content":{"rendered":"<h1 style=\"text-align: left;\"><strong>Enqu\u00eate d\u2019investigations techniques sur l\u2019origine des incendies des compteurs Linky<\/strong><\/h1>\n<p><img loading=\"lazy\" decoding=\"async\" class=\"wp-image-6642 aligncenter\" src=\"https:\/\/collectif-accad.fr\/site\/wp-content\/uploads\/2020\/12\/linkyNonMerci-03.jpg\" alt=\"\" width=\"496\" height=\"245\" srcset=\"https:\/\/collectif-accad.fr\/site\/wp-content\/uploads\/2020\/12\/linkyNonMerci-03.jpg 403w, https:\/\/collectif-accad.fr\/site\/wp-content\/uploads\/2020\/12\/linkyNonMerci-03-300x148.jpg 300w\" sizes=\"auto, (max-width: 496px) 100vw, 496px\" \/><\/p>\n<p><!--more--><\/p>\n<p style=\"text-align: justify;\">La SA Enedis doit proc\u00e9der aux retraits de tous les compteurs Linky des fabricants ITRON et LANDIS\/GYR qui sont potentiellement dangereux.<\/p>\n<p style=\"text-align: justify;\">Dossier Majeur et Sensible en terme de sant\u00e9 publique et aux enjeux financiers colossaux.<\/p>\n<p style=\"text-align: justify;\">-Comprendre les incendies provoqu\u00e9s par les compteurs Linky.<\/p>\n<p style=\"text-align: justify;\"><strong>A-<\/strong> En France il existe un classement norme NF P92-507 qui est compos\u00e9 de 5 cat\u00e9gories qui d\u00e9finissent la r\u00e9action au feu des mat\u00e9riaux : elles vont de la classe M0 -incombustible \u00e0 M4 pour d\u00e9signer les mat\u00e9riaux les plus inflammables.<\/p>\n<p style=\"text-align: justify;\">Le compteur Linky est de la classe M1 \u2013combustible non inflammable norme dite d\u2019extinguibilit\u00e9 cela signifie exactement que le Linky est combustible, donc br\u00fble en pr\u00e9sence de points chauds ou de flammes &#8230;Dans sa communication pour le Linky, Enedis emploie toujours de fa\u00e7on subtile le mot ininflammable pour faire croire que le Linky ne peut prendre feu alors que c\u2019est exactement l\u2019inverse !<\/p>\n<p style=\"text-align: justify;\">Dit autrement le compteur Linky de classe M1 peut donc exploser ou prendre feu s\u2019il est soumis \u00e0 un court-circuit, une surchauffe, le feu ou l\u2019explosion interne d\u2019un composant comme une batterie au lithium. Apr\u00e8s les investigations d\u2019EHS France on comprend enfin le pourquoi du classement du Linky en norme M1.<\/p>\n<p style=\"text-align: justify;\">\u25baReportage: Comprendre les incendies provoqu\u00e9s par les compteurs Linky.<\/p>\n<p style=\"text-align: justify;\"><a href=\"https:\/\/videos2.next-up.org\/Linky_Classe_M1.html\">https:\/\/videos2.next-up.org\/Linky_Classe_M1.html<\/a><\/p>\n<p style=\"text-align: justify;\"><strong>B-<\/strong> M\u00eame si de l\u2019ext\u00e9rieur tous les compteurs Linky sont identiques, par contre l\u2019int\u00e9rieur est de conception structurelle, mais aussi \u00e9lectronique totalement diff\u00e9rente suivant les 6 fabricants retenus suite aux appels d\u2019offres qui sont :<\/p>\n<p style=\"text-align: justify;\">Itron entreprise Am\u00e9ricaine, usine \u00e0 Chasseneuil-du-Poitou ; Landis + Gyr entreprise Suisse, usine \u00e0 Montlu\u00e7on ; Sagemcom entreprise Britannique \u00a0Charterhouse, usine \u00e0 Dinan ; Ester entreprise Allemande, usine \u00e0 Estr\u00e9es-Deni\u00e9court ; Ziv entreprise Espagnole usine \u00e0 Grenoble ; Maec (Manufacture Appareillage Elect Cahors), entreprise Fran\u00e7aise, usine \u00e0 Cahors.<\/p>\n<p style=\"text-align: justify;\"><strong>C-<\/strong> Les investigations et constatations de l\u2019Organisation Environnementale EHS France sur l\u2019origine de la majorit\u00e9 des incendies des compteurs Linky sont sans appel : les compteurs Linky des fabricants ITRON et LANDIS\/GYR sont potentiellement dangereux en termes de risques d\u2019incendie ou d\u2019exposition car ils ont un d\u00e9faut potentiel comme le stipule explicitement en AVERTISSEMENT(WARNING) dans tous leurs compteurs Linky, les fournisseurs des batteries au Lithium de tr\u00e8s hautes intensit\u00e9s \u00e0 d\u00e9charges par pulses (non rechargeables et instables)qui y sont pr\u00e9sentes.<\/p>\n<p style=\"text-align: justify;\">\u25baEn cons\u00e9quence les compteurs Linky des marques ITRON et LANDIS\/GYR peuvent mettre en danger la population par rapport aux risques d\u2019incendies et d\u2019explosions, ce qui n\u2019est pas les cas des compteurs Linky fabriqu\u00e9s par SAGEMCOM qui \u00e9trangement ne comportent pas de batterie au lithium !<\/p>\n<p style=\"text-align: justify;\">\u25baM\u00eame si le facteur de risques d\u2019incendies ou d\u2019explosion des batteries lithium peut \u00eatre consid\u00e9r\u00e9 bien moins que mill\u00e9simal, il n\u2019en demeure pas moins qu\u2019il repr\u00e9sente en fonction des millions de compteurs Itron et Landis\/Gyr en postes, un nombre tr\u00e8s important d\u2019incendies qui peuvent \u00eatre attribu\u00e9s \u00e0 ce dangereux et majeur d\u00e9faut de conception.<\/p>\n<p style=\"text-align: justify;\">\u25baEn cons\u00e9quence l\u2019organisation EHS FRANCE demande que tous les compteurs Linky potentiellement dangereux des marques ITRON et LANDIS\/GYR soient retir\u00e9s par la SA ENEDIS.<\/p>\n<p style=\"text-align: justify;\">\u2026<\/p>\n<p style=\"text-align: justify;\">&#8211; Toutes ces investigations techniques de l\u2019Organisation Environnementale <strong>EHS FRANCE <\/strong>qui par rapport aux enjeux financiers colossaux sont de tr\u00e8s hautes importances sont r\u00e9alis\u00e9es sur <strong>supports 4K et 8K<\/strong>.<\/p>\n<p style=\"text-align: justify;\"><strong>D- <\/strong>Ces investigations et d\u00e9couvertes majeures vont \u00eatre transmises pour analyses <strong>aux Avocats pour suite \u00e0 donner<\/strong>. Dans tous les cas, si vous avez \u00e9t\u00e9 victime d\u2019un incendie de compteur Linky, <strong>juridiquement vous avez un int\u00e9r\u00eat \u00e0 agir<\/strong>, c\u2019est important, merci de contacter l\u2019organisation qui prend \u00e0 sa charge tous les frais de proc\u00e9dures et honoraires.<\/p>\n<p style=\"text-align: justify;\"><strong>E- <\/strong>Constatation : En d\u00e9finitive <strong>ENEDIS avec ses Linky <\/strong>est exactement dans le m\u00eame cas que <strong>BOEING avec ses 787 <\/strong>par rapport aux batteries au lithium, n\u00e9gation dans un premier temps, puis reconnaissance du risque avec retrait de tous <strong>les BOEING nouvelle g\u00e9n\u00e9ration 787<\/strong>.<\/p>\n<p style=\"text-align: justify;\">EHS-FRANCE<\/p>\n<p style=\"text-align: center;\">********** *********<\/p>\n<p style=\"text-align: center;\">Pour en savoir beaucoup plus<\/p>\n<p style=\"text-align: justify;\"><strong><a href=\"https:\/\/collectif-accad.fr\/site\/wp-content\/uploads\/2020\/12\/Dossier_investigations_incendies_EHSfrance.pdf\">Dossier_investigations_incendies_EHSfrance<\/a><\/strong><\/p>\n<p style=\"text-align: center;\">********** *********<\/p>\n<p style=\"text-align: center;\"><strong>REFUS LINKY<\/strong><\/p>\n<p style=\"text-align: justify;\"><strong><br \/>\n<\/strong><u>Juste une info<\/u> concernant le refus du Linky du propri\u00e9taire d&rsquo;une maison qu&rsquo;il venait d&rsquo;acheter et qu&rsquo;il loue pour l&rsquo;installation d&rsquo;une \u00e9picerie associative. La maison \u00e9tait \u00e9quip\u00e9e d&rsquo;un compteur non-connect\u00e9 et, pour le raccordement au r\u00e9seau, Enedis avait annonc\u00e9 son remplacement par un Linky.<br \/>\nL&#8217;employ\u00e9 d&rsquo;Enedis qui est pass\u00e9 il y a deux jours pour y installer son Linky , s&rsquo; est vu refuser cette installation par le propri\u00e9taire (un des membres de l&rsquo;asso est aussi membre de notre collectif !) et l&#8217;employ\u00e9 n&rsquo; a pas insist\u00e9 face \u00e0 ce refus probablement bien argument\u00e9.<br \/>\nLe compteur non-connect\u00e9 y est donc maintenu. \u00c7a s&rsquo;est pass\u00e9 en Vend\u00e9e en ce mois de d\u00e9cembre. Qu&rsquo;on se le dise !<\/p>\n<p>Encore un t\u00e9moignage \u00e0 enregistrer de l&rsquo;absence d&rsquo;obligation de la pose du Linky et corollairement du droit de refus par l&rsquo;usager de cette installation, droit qui est donc \u00e0 faire valoir.<br \/>\nNotre collectif est bien entendu intervenu pour apporter les arguments n\u00e9cessaires au propri\u00e9taire de la maison.<\/p>\n<p><strong>\u00a0pour le CSL lRY<\/strong><\/p>\n","protected":false},"excerpt":{"rendered":"<p>Enqu\u00eate d\u2019investigations techniques sur l\u2019origine des incendies des compteurs Linky<\/p>\n","protected":false},"author":4,"featured_media":0,"comment_status":"closed","ping_status":"open","sticky":false,"template":"","format":"standard","meta":{"footnotes":""},"categories":[1],"tags":[],"class_list":["post-6607","post","type-post","status-publish","format-standard","hentry","category-non-classe"],"_links":{"self":[{"href":"https:\/\/collectif-accad.fr\/site\/wp-json\/wp\/v2\/posts\/6607","targetHints":{"allow":["GET"]}}],"collection":[{"href":"https:\/\/collectif-accad.fr\/site\/wp-json\/wp\/v2\/posts"}],"about":[{"href":"https:\/\/collectif-accad.fr\/site\/wp-json\/wp\/v2\/types\/post"}],"author":[{"embeddable":true,"href":"https:\/\/collectif-accad.fr\/site\/wp-json\/wp\/v2\/users\/4"}],"replies":[{"embeddable":true,"href":"https:\/\/collectif-accad.fr\/site\/wp-json\/wp\/v2\/comments?post=6607"}],"version-history":[{"count":6,"href":"https:\/\/collectif-accad.fr\/site\/wp-json\/wp\/v2\/posts\/6607\/revisions"}],"predecessor-version":[{"id":6644,"href":"https:\/\/collectif-accad.fr\/site\/wp-json\/wp\/v2\/posts\/6607\/revisions\/6644"}],"wp:attachment":[{"href":"https:\/\/collectif-accad.fr\/site\/wp-json\/wp\/v2\/media?parent=6607"}],"wp:term":[{"taxonomy":"category","embeddable":true,"href":"https:\/\/collectif-accad.fr\/site\/wp-json\/wp\/v2\/categories?post=6607"},{"taxonomy":"post_tag","embeddable":true,"href":"https:\/\/collectif-accad.fr\/site\/wp-json\/wp\/v2\/tags?post=6607"}],"curies":[{"name":"wp","href":"https:\/\/api.w.org\/{rel}","templated":true}]}}