{"id":6605,"date":"2020-12-22T02:00:35","date_gmt":"2020-12-22T01:00:35","guid":{"rendered":"https:\/\/collectif-accad.fr\/site\/?p=6605"},"modified":"2020-12-20T06:55:42","modified_gmt":"2020-12-20T05:55:42","slug":"linky-et-compteur-electronique","status":"publish","type":"post","link":"https:\/\/collectif-accad.fr\/site\/linky-et-compteur-electronique\/","title":{"rendered":"Linky et compteur \u00e9lectronique"},"content":{"rendered":"<h1 style=\"text-align: left;\"><strong>Pourquoi Enedis pr\u00e9f\u00e8re le premier\u00a0?<\/strong><\/h1>\n<p><img loading=\"lazy\" decoding=\"async\" class=\"wp-image-6633 aligncenter\" src=\"https:\/\/collectif-accad.fr\/site\/wp-content\/uploads\/2020\/12\/LinkyNonMerci-02.jpg\" alt=\"\" width=\"599\" height=\"384\" srcset=\"https:\/\/collectif-accad.fr\/site\/wp-content\/uploads\/2020\/12\/LinkyNonMerci-02.jpg 821w, https:\/\/collectif-accad.fr\/site\/wp-content\/uploads\/2020\/12\/LinkyNonMerci-02-300x193.jpg 300w, https:\/\/collectif-accad.fr\/site\/wp-content\/uploads\/2020\/12\/LinkyNonMerci-02-768x493.jpg 768w\" sizes=\"auto, (max-width: 599px) 100vw, 599px\" \/><\/p>\n<p style=\"text-align: justify;\"><!--more--><\/p>\n<p style=\"text-align: justify;\">Depuis au moins 2015, les opposants au syst\u00e8me Linky diffusent une information bas\u00e9e sur le fait que<\/p>\n<p style=\"text-align: justify;\"><strong>ce dispositif, en rendant le r\u00e9seau \u00e9lectrique communicant, asservit les usagers aux producteurs et fournisseurs<\/strong>.<\/p>\n<p style=\"text-align: justify;\">Son principe de fonctionnement est l\u2019<em>effacement<\/em>, c\u2019est \u00e0 dire la possibilit\u00e9 de couper temporairement des appareils gros consommateurs d\u2019\u00e9nergie, chez nous, par t\u00e9l\u00e9commande. Si Enedis \u00e0 choisi de mettre un tel dispositif chez tous les usagers c\u2019est pour r\u00e9partir les effacements sur un maximum de foyers afin de les rendre le plus invisible possible.<\/p>\n<p style=\"text-align: justify;\">Ici, dans notre province basque de Soule (36 communes dont 10 pour le moment ayant d\u00e9lib\u00e9r\u00e9es contre Linky) l\u2019essentiel de notre argumentation est celle-ci. C\u2019est celle que nous exposons dans toutes nos r\u00e9unions publiques, rencontres avec les conseils municipaux, communications de presse, tracts. Nous n\u2019avons fait l\u00e0 que mettre \u00e0 profit l\u2019intelligence des collectifs g\u00e9n\u00e9r\u00e9e par la recherche que tous ont pratiqu\u00e9e et mis en commun.<\/p>\n<p style=\"text-align: justify;\">Alors qu\u2019est ce que Linky apporte de plus que les compteurs \u00e9lectroniques\u00a0?<\/p>\n<p style=\"text-align: justify;\"><strong>-Un interrupteur unipolaire man\u0153uvrable a\u0300 distance (ce qui n\u2019est pas sans pr\u00e9senter des risques certains) <\/strong><\/p>\n<p style=\"text-align: justify;\"><strong>-La possibilit\u00e9\u0301 pour Linky G3 de communiquer avec les objets connectes d\u2019une habitation, par l\u2019int\u00e9gration du protocole IPV6<\/strong><\/p>\n<p style=\"text-align: justify;\"><strong>-L\u2019utilisation optionnelle du module ERL <\/strong><\/p>\n<p style=\"text-align: justify;\"><strong>-La modification a\u0300 distance de la puissance souscrite (Et comment change-t-on a\u0300 distance la section des c\u00e2bles vers le disjoncteur g\u00e9n\u00e9ral et le tableau \u00e9lectrique ?) <\/strong><\/p>\n<p style=\"text-align: justify;\">Le bilan est maigre en regard de l\u2019investissement \u00e9conomique et des nuisances av\u00e9r\u00e9es.<\/p>\n<p style=\"text-align: justify;\">On peut l\u00e9gitimement s\u2019interroger sur les circuits de d\u00e9cision ayant abouti a\u0300 des choix aussi incoh\u00e9rents, dans le m\u00e9pris le plus total des usagers. Les pouvoirs publics, les technocrates parisiens, les \u00e9lus seraient-ils a\u0300 ce point incomp\u00e9tents, ou nourrissent-ils des projets particuli\u00e8rement obscurs, &#8230; a\u0300 notre encontre ?<\/p>\n<p style=\"text-align: justify;\">S\u2019agit-il de pousser Enedis \u00e0 avouer ses objectifs ? \u00a0Il semble pourtant que cette entreprise les a (au moins au d\u00e9but) clairement expos\u00e9s. Par exemple au travers d\u2019<strong><u>Une publicit\u00e9 de Enedis pour le Linky\u00a0\u00a0<\/u><\/strong><a href=\"https:\/\/www.youtube.com\/watch?v=Gl1k-MoJNkk\">(<\/a>SMART GRIDS, la n\u00e9cessaire mutation du r\u00e9seau \u00e9lectrique)\u00a0:<strong>\u00a0<\/strong><\/p>\n<p style=\"text-align: justify;\"><a href=\"https:\/\/www.youtube.com\/watch?v=Gl1k-MoJNkk\"><strong>https:\/\/www.youtube.com\/watch?v=G<\/strong><\/a><\/p>\n<p style=\"text-align: justify;\">Le texte de Patrice Goyaud \u201c<strong><u>Le Linky au service des producteurs et au d\u00e9triment des usagers<\/u><\/strong>\u201c compl\u00e9tait de fa\u00e7on particuli\u00e8rement int\u00e9ressante\u00a0:<\/p>\n<p style=\"text-align: justify;\"><a href=\"http:\/\/ekladata.com\/iKR8bn7gYetqjcC1Fxl4xZ5iksE\/Vraies_Raisons_du_Choix_CPL_Linky_2018_07_04.pdf#viewer.action=download\">http:\/\/ekladata.com\/iKR8bn7gYet<\/a><\/p>\n<p style=\"text-align: justify;\">** *<\/p>\n<p style=\"text-align: justify;\"><strong>Comment le CPL du Linky va permettre d\u2019inverser la loi de l\u2019offre et la demande en \u00e9lectricit\u00e9 pour le b\u00e9n\u00e9fice des producteurs priv\u00e9s, au d\u00e9triment des consommateurs, dans un march\u00e9 d\u00e9r\u00e9gul\u00e9.<\/strong><\/p>\n<p style=\"text-align: justify;\">La filiale d\u2019EDF qui se nomme RTE (R\u00e9seau de Transport d\u2019Electricit\u00e9) est charg\u00e9e de la gestion des r\u00e9seaux et groupes de production haute et tr\u00e8s haute tension (63 \u00e0 400 000 Volts). Sa principale mission consiste \u00e0 \u00e9quilibrer, en temps r\u00e9el, la consommation et la production d\u2019\u00e9lectricit\u00e9 \u00e0 la fr\u00e9quence de 50 Hertz.<\/p>\n<p style=\"text-align: justify;\">Jusqu\u2019au d\u00e9but des ann\u00e9es 2000, \u00e0 l\u2019\u00e9poque o\u00f9 le march\u00e9 fran\u00e7ais d\u2019\u00e9lectricit\u00e9 \u00e9tait r\u00e9gul\u00e9 et de type monopolistique, c\u2019est l\u2019offre qui s\u2019adaptait \u00e0 la demande : les consommateurs\/usagers avaient le libre choix de consommer l\u2019\u00e9lectricit\u00e9 selon leur besoin, quelle que soit l\u2019heure dans la journ\u00e9e, bien s\u00fbr dans la limite de la puissance souscrite dans leur abonnement. C\u2019\u00e9tait aux groupes de production de s\u2019adapter \u00e0 cette demande.<\/p>\n<p style=\"text-align: justify;\">A cette \u00e9poque, la plupart de ces groupes (thermique ou hydraulique) \u00e9taient pilotables et donc leur puissance modulable (surtout les groupes hydrauliques au fonctionnement tr\u00e8s souple et r\u00e9actif). Moduler un groupe de production veut dire que l\u2019on peut lui demander de fonctionner \u00e0 puissance r\u00e9duite durant un certain temps. Dans une \u00e9conomie de march\u00e9, cela suppose qu\u2019il y aurait un manque \u00e0 gagner pour le producteur puisque le fonctionnement de son groupe \u00e0 puissance r\u00e9duite fera baisser son profit. Mais, \u00e0 cette \u00e9poque, la grande majorit\u00e9 des importants groupes de production constituait un bien national : la notion de rentabilit\u00e9 imm\u00e9diate pour chaque groupe de production n\u2019\u00e9tait pas une priorit\u00e9 ; la priorit\u00e9 essentielle \u00e9tant la suret\u00e9 et la s\u00e9curit\u00e9 de l\u2019approvisionnement de la client\u00e8le.<\/p>\n<p style=\"text-align: justify;\">Depuis la d\u00e9r\u00e9gulation du march\u00e9 fran\u00e7ais (mais aussi europ\u00e9en) de l\u2019\u00e9lectricit\u00e9, l\u2019appareil de production \u00e9lectrique se retrouve confront\u00e9 \u00e0 deux probl\u00e9matiques :<\/p>\n<p style=\"text-align: justify;\">1\/ Les groupes de production modulables et pilotables vont de plus en plus \u00eatre exploit\u00e9s par des op\u00e9rateurs priv\u00e9s (voir la catastrophe qui se pr\u00e9pare pour le fleuron de la production hydraulique fran\u00e7aise). Or, ces op\u00e9rateurs priv\u00e9s ne vont plus accepter le fonctionnement de leurs groupes \u00e0 puissance modulable et r\u00e9duite, ce qui les emp\u00eacherait de maximiser leurs profits.<\/p>\n<p style=\"text-align: justify;\">2\/ La production d\u2019\u00e9nergie renouvelable (surtout \u00e9olien et solaire photovolta\u00efque) a fait son apparition. Or, cette production n\u2019est actuellement ni modulable, ni pilotable pour les raisons suivantes :<\/p>\n<p style=\"text-align: justify;\">&#8211; Leurs caract\u00e9ristiques intrins\u00e8ques implique que, lorsqu\u2019ils sont coupl\u00e9s, leur puissance produite ne d\u00e9pend que de la vitesse du vent pour l\u2019\u00e9olien et de l\u2019ensoleillement pour le solaire.<\/p>\n<p style=\"text-align: justify;\">&#8211; Pour des raisons d\u2019\u00e9conomie, les constructeurs de ces parcs de production n\u2019ont pas jug\u00e9 opportun d\u2019\u00e9quiper leurs machines de r\u00e9gulateurs performants, permettant \u00e0 leurs groupes de participer au r\u00e9glage de la fr\u00e9quence et de la tension, comme le font les groupes hydrauliques et thermiques.<\/p>\n<p style=\"text-align: justify;\">&#8211; Les producteurs de ces parcs exigent d\u2019\u00eatre coupl\u00e9s au r\u00e9seau prioritairement d\u00e8s qu\u2019il y a du vent ou du soleil : concept d\u2019\u00e9nergie fatale qu\u2019il faut accueillir au d\u00e9triment des autres modes de production.<\/p>\n<p style=\"text-align: justify;\"><strong>D\u2019o\u00f9 un changement de paradigme n\u00e9cessaire : ce sera dor\u00e9navant \u00e0 la Demande (les consommateurs) de s\u2019adapter \u00e0 l\u2019Offre (les producteurs). Et c\u2019est l\u00e0 qu\u2019intervient le compteur Linky dont le CPL G3, int\u00e9grant le protocole IPV6, permet de prendre le contr\u00f4le\/commande des appareils \u00e9lectriques disposant d\u2019une puce RFID, et qui sont raccord\u00e9s au r\u00e9seau 50 Hertz du logement.<\/strong><\/p>\n<p style=\"text-align: justify;\">Il suffit ensuite d\u2019inventer une nouvelle cat\u00e9gorie d\u2019interm\u00e9diaires : les Op\u00e9rateurs d\u2019Effacement. Leur r\u00f4le consistera, \u00e0 la demande du Gestionnaire du R\u00e9seau et de la production (RTE), \u00e0 \u00a0baisser\/augmenter la consommation des usagers \u00e0 leur insu ; ces Op\u00e9rateurs d\u2019Effacement seront r\u00e9tribu\u00e9s pour ce service. Mais les consommateurs n\u2019auront droit \u00e0 rien.<\/p>\n<p style=\"text-align: justify;\"><strong>Voil\u00e0 la raison essentielle du d\u00e9ploiement des compteurs Linky et du CPL G3 : maximiser les profits de la production privatis\u00e9e de l\u2019\u00e9lectricit\u00e9 \u00e0 l\u2019insu du consommateur qui, par l\u2019automatisation de l\u2019effacement\/augmentation de sa consommation, aura perdu toute souverainet\u00e9.<\/strong><\/p>\n<p style=\"text-align: justify;\"><strong>Les consommateurs\/usagers seront bien les dindons de la farce !<\/strong><\/p>\n<p style=\"text-align: justify;\">** *<\/p>\n<p style=\"text-align: justify;\">Pour notre part, il y plusieurs ann\u00e9es que nous \u00e9vitons d\u2019utiliser l\u2019expression \u201ccompteurs Linky\u201c, depuis que nous avons compris (gr\u00e2ce notamment aux \u00e9changes dans ce r\u00e9seau) que la fonction de comptage de cet appareil n\u2019\u00e9tait que subsidiaire et n\u2019avait de toute \u00e9vidence \u00e9t\u00e9 utilis\u00e9e que pour mieux cacher sa raison : r\u00e9pondre aux enjeux commerciaux actuels de l\u2019\u00e9lectricit\u00e9 : rentabilisation des unit\u00e9s de production, gestion pointue par les fournisseurs, taxation diverses en fonction de l\u2019utilisation du courant (notamment le carburant des v\u00e9hicules \u00e9lectriques), \u2026 En disant \u201ccompteur Linky\u201c nous contribuons \u00e0 cacher ces objectifs.<\/p>\n<p style=\"text-align: justify;\">Notre question, donc : ne suffit-il de r\u00e9p\u00e9ter autant qu\u2019on le peut les objectifs \u00e9vidents et visibles des producteurs et des fournisseurs ?<\/p>\n<p style=\"text-align: justify;\">Collectif anti Linky &amp; 5G de Soule<br \/>\n<a href=\"http:\/\/linkyrikez.eklablog.com\/\"><strong>http:\/\/linkyrikez.eklablog.com\/<\/strong><\/a><u><\/u><\/p>\n<p>&nbsp;<\/p>\n<p style=\"text-align: justify;\">\n","protected":false},"excerpt":{"rendered":"<p>Pourquoi Enedis pr\u00e9f\u00e8re le premier\u00a0?<\/p>\n","protected":false},"author":4,"featured_media":0,"comment_status":"closed","ping_status":"open","sticky":false,"template":"","format":"standard","meta":{"footnotes":""},"categories":[1],"tags":[],"class_list":["post-6605","post","type-post","status-publish","format-standard","hentry","category-non-classe"],"_links":{"self":[{"href":"https:\/\/collectif-accad.fr\/site\/wp-json\/wp\/v2\/posts\/6605","targetHints":{"allow":["GET"]}}],"collection":[{"href":"https:\/\/collectif-accad.fr\/site\/wp-json\/wp\/v2\/posts"}],"about":[{"href":"https:\/\/collectif-accad.fr\/site\/wp-json\/wp\/v2\/types\/post"}],"author":[{"embeddable":true,"href":"https:\/\/collectif-accad.fr\/site\/wp-json\/wp\/v2\/users\/4"}],"replies":[{"embeddable":true,"href":"https:\/\/collectif-accad.fr\/site\/wp-json\/wp\/v2\/comments?post=6605"}],"version-history":[{"count":4,"href":"https:\/\/collectif-accad.fr\/site\/wp-json\/wp\/v2\/posts\/6605\/revisions"}],"predecessor-version":[{"id":6639,"href":"https:\/\/collectif-accad.fr\/site\/wp-json\/wp\/v2\/posts\/6605\/revisions\/6639"}],"wp:attachment":[{"href":"https:\/\/collectif-accad.fr\/site\/wp-json\/wp\/v2\/media?parent=6605"}],"wp:term":[{"taxonomy":"category","embeddable":true,"href":"https:\/\/collectif-accad.fr\/site\/wp-json\/wp\/v2\/categories?post=6605"},{"taxonomy":"post_tag","embeddable":true,"href":"https:\/\/collectif-accad.fr\/site\/wp-json\/wp\/v2\/tags?post=6605"}],"curies":[{"name":"wp","href":"https:\/\/api.w.org\/{rel}","templated":true}]}}