{"id":6596,"date":"2020-12-18T01:30:27","date_gmt":"2020-12-18T00:30:27","guid":{"rendered":"https:\/\/collectif-accad.fr\/site\/?p=6596"},"modified":"2020-12-17T11:31:28","modified_gmt":"2020-12-17T10:31:28","slug":"retrait-du-compteur-linky","status":"publish","type":"post","link":"https:\/\/collectif-accad.fr\/site\/retrait-du-compteur-linky\/","title":{"rendered":"Retrait du compteur Linky"},"content":{"rendered":"<h1 style=\"text-align: left;\"><strong>Pour cause de sant\u00e9<\/strong><\/h1>\n<p><!--more--><\/p>\n<p style=\"text-align: justify;\">Le tribunal judiciaire de Tours a ordonn\u00e9 le retrait du compteur Linky pos\u00e9 chez une Tourangelle. Son \u00e9tat de sant\u00e9 a notamment \u00e9t\u00e9 pris en compte.<\/p>\n<p style=\"text-align: justify;\">Elle ne se fait pas trop d\u2019illusions. Qu\u2019importe. Genevi\u00e8ve est satisfaite de la d\u00e9cision rendue par le tribunal judiciaire de Tours, ce lundi 7\u00a0d\u00e9cembre. L\u2019histoire\u00a0? C\u2019est la m\u00eame que d\u2019autres qui, depuis des mois voire des ann\u00e9es, se r\u00e8glent devant le tribunal. En cause, le compteur dit intelligent Linky. Dont la pose indispose.<\/p>\n<p style=\"text-align: justify;\">\n<strong>L\u2019\u00e9tat de sant\u00e9 pris en compte <\/strong><\/p>\n<p style=\"text-align: justify;\">Pour Genevi\u00e8ve et son ami qui vivent \u00e0 Tours, rue Amp\u00e8re, il y a d\u2019embl\u00e9e un d\u00e9faut d\u2019information pr\u00e9alable \u00e0 la pose d\u2019un compteur Linky, a estim\u00e9 le tribunal. Tout commence en septembre\u00a02018. Suite \u00e0 une demande de souscription de fourniture d\u2019\u00e9lectricit\u00e9, elle se voit proposer, avec son compagnon, la visite d\u2019un technicien quelques jours plus tard sans se douter de quoi que ce soit. Le 30\u00a0octobre, un courrier d\u2019EDF les informe qu\u2019un compteur Linky a \u00e9t\u00e9 pos\u00e9. Surpris par la m\u00e9thode, le couple se rapproche de l\u2019UFC-Que choisir puis du m\u00e9diateur national de l\u2019\u00e9nergie (qui pr\u00f4ne un d\u00e9dommagement). Avant de prendre attache avec un avocat.<\/p>\n<p style=\"text-align: justify;\">Outre le d\u00e9faut d\u2019information, un autre probl\u00e8me est mis en avant. Essentiel. L\u2019\u00e9tat de sant\u00e9 de Genevi\u00e8ve. Celle-ci souffre d\u2019\u00e9lectro-sensibilit\u00e9 et d\u2019une maladie de la thyro\u00efde. Et, certificats m\u00e9dicaux \u00e0 l\u2019appui, son \u00e9tat semble s\u2019\u00eatre aggrav\u00e9 depuis la pose du compteur.<\/p>\n<p style=\"text-align: justify;\">Lors de l\u2019audience en r\u00e9f\u00e9r\u00e9 le 29\u00a0septembre dernier, les parties ont notamment argument\u00e9 sur la question du lien de causalit\u00e9. Enedis se base sur les \u00e9tudes techniques et sanitaires de l\u2019Agence nationale des fr\u00e9quences et de l\u2019Agence nationale de s\u00e9curit\u00e9 sanitaire. La cliente de Me Marc Morin, elle, sur les conclusions de ses examens m\u00e9dicaux et les certificats \u00e9tablis par son g\u00e9n\u00e9raliste et le professeur Dominique Belpomme, canc\u00e9rologue et l\u2019un des premiers \u00e0 s\u2019\u00eatre int\u00e9ress\u00e9 de pr\u00e8s \u00e0 l\u2019\u00e9lectrohypersensibilit\u00e9.<\/p>\n<p style=\"text-align: justify;\">Si le tribunal reconna\u00eet que ces analyses ne permettent pas d\u2019\u00e9tablir <em>\u00ab\u00a0avec certitude un lien direct\u00a0\u00bb<\/em> entre la d\u00e9gradation de l\u2019\u00e9tat de sant\u00e9 et l\u2019installation de l\u2019appareil, il estime en revanche qu\u2019elles d\u00e9montrent un renforcement du risque sanitaire, et ce <em>\u00ab\u00a0dans des proportions qui demeurent inconnues\u00a0\u00bb.<\/em><\/p>\n<p style=\"text-align: justify;\">Plut\u00f4t qu\u2019un blindage dudit compteur comme cela est r\u00e9guli\u00e8rement demand\u00e9, pr\u00e9cise Me Morin, le tribunal a ordonn\u00e9 son retrait pur et simple et son remplacement par un compteur classique.<br \/>\nGenevi\u00e8ve pr\u00e9cise qu\u2019elle n\u2019est <em>\u00ab\u00a0pas une anti-Linky\u00a0\u00bb, <\/em>mais que <em>\u00ab<\/em>\u00a0<em>le comportement d\u2019Enedis\u00a0\u00bb <\/em>l\u2019a fait r\u00e9agir.<em> \u00ab\u00a0Et je perds un kg par mois\u00a0\u00bb<\/em>, indique-t-elle. Dans sa maison secondaire, elle avait fait valoir son \u00e9tat de sant\u00e9 pour \u00e9viter ce compteur. Ce qu\u2019on lui avait assur\u00e9. Il a \u00e9t\u00e9 pos\u00e9. Et n\u2019est pas enlev\u00e9 \u00e0 ce jour.\u00a0L\u2019ordonnance est susceptible d\u2019appel.<\/p>\n<p style=\"text-align: justify;\">\n<p style=\"text-align: justify;\"><a href=\"https:\/\/www.lanouvellerepublique.fr\/tours\/indre-et-loire-malade-elle-obtient-le-retrait-du-compteur-linky?fbclid=IwAR2CljH7Rc4YuukchZfoDjj5l32kn6kCJflQXMyJ_djImTGQVQuBJXfcaFc\">https:\/\/www.lanouvellerepublique.fr\/<\/a><\/p>\n","protected":false},"excerpt":{"rendered":"<p>Pour cause de sant\u00e9<\/p>\n","protected":false},"author":4,"featured_media":0,"comment_status":"closed","ping_status":"open","sticky":false,"template":"","format":"standard","meta":{"footnotes":""},"categories":[1],"tags":[],"class_list":["post-6596","post","type-post","status-publish","format-standard","hentry","category-non-classe"],"_links":{"self":[{"href":"https:\/\/collectif-accad.fr\/site\/wp-json\/wp\/v2\/posts\/6596","targetHints":{"allow":["GET"]}}],"collection":[{"href":"https:\/\/collectif-accad.fr\/site\/wp-json\/wp\/v2\/posts"}],"about":[{"href":"https:\/\/collectif-accad.fr\/site\/wp-json\/wp\/v2\/types\/post"}],"author":[{"embeddable":true,"href":"https:\/\/collectif-accad.fr\/site\/wp-json\/wp\/v2\/users\/4"}],"replies":[{"embeddable":true,"href":"https:\/\/collectif-accad.fr\/site\/wp-json\/wp\/v2\/comments?post=6596"}],"version-history":[{"count":1,"href":"https:\/\/collectif-accad.fr\/site\/wp-json\/wp\/v2\/posts\/6596\/revisions"}],"predecessor-version":[{"id":6597,"href":"https:\/\/collectif-accad.fr\/site\/wp-json\/wp\/v2\/posts\/6596\/revisions\/6597"}],"wp:attachment":[{"href":"https:\/\/collectif-accad.fr\/site\/wp-json\/wp\/v2\/media?parent=6596"}],"wp:term":[{"taxonomy":"category","embeddable":true,"href":"https:\/\/collectif-accad.fr\/site\/wp-json\/wp\/v2\/categories?post=6596"},{"taxonomy":"post_tag","embeddable":true,"href":"https:\/\/collectif-accad.fr\/site\/wp-json\/wp\/v2\/tags?post=6596"}],"curies":[{"name":"wp","href":"https:\/\/api.w.org\/{rel}","templated":true}]}}