{"id":6594,"date":"2020-12-18T01:29:12","date_gmt":"2020-12-18T00:29:12","guid":{"rendered":"https:\/\/collectif-accad.fr\/site\/?p=6594"},"modified":"2020-12-17T11:30:24","modified_gmt":"2020-12-17T10:30:24","slug":"les-factures-deau-a-mareuil-les-meaux","status":"publish","type":"post","link":"https:\/\/collectif-accad.fr\/site\/les-factures-deau-a-mareuil-les-meaux\/","title":{"rendered":"Les factures d&rsquo;eau \u00e0 Mareuil-l\u00e8s-Meaux"},"content":{"rendered":"<h1 style=\"text-align: left;\"><strong>Elles ont explos\u00e9 depuis le changement des compteurs <\/strong><\/h1>\n<p><!--more--><\/p>\n<p style=\"text-align: justify;\">Les habitants de Mareuil-l\u00e8s-Meaux sont nombreux \u00e0 avoir not\u00e9 une augmentation de leur facture d&rsquo;eau. V\u00e9olia avance une r\u00e9gularisation due aux nouveaux compteurs.<\/p>\n<p style=\"text-align: justify;\">Mauvaise surprise pour de nombreux habitants de <a href=\"https:\/\/actu.fr\/ile-de-france\/mareuil-les-meaux_77276\"><strong>Mareuil-l\u00e8s-Meaux<\/strong><\/a><strong>. Leur facture d\u2019eau indique une consommation nettement sup\u00e9rieure aux ann\u00e9es pr\u00e9c\u00e9dentes.<\/strong><\/p>\n<p style=\"text-align: justify;\">Pour certains, la note s\u2019annonce m\u00eame extr\u00eamement sal\u00e9e. \u00ab\u00a0J\u2019ai re\u00e7u un courrier de V\u00e9olia m\u2019annon\u00e7ant que je dois payer encore 750\u00a0\u20ac en d\u00e9cembre alors que je suis mensualis\u00e9e\u00a0\u00bb commente une habitante.<\/p>\n<p style=\"text-align: justify;\">La surprise a \u00e9t\u00e9 telle qu\u2019<a href=\"https:\/\/www.facebook.com\/groups\/239993300504867\/permalink\/418686659302196\/\">une duscussion sur un groupe Facebook s\u2019est constitu\u00e9<\/a> pour r\u00e9unir des t\u00e9moignages. Rapidement, une centaine d\u2019habitants abondent et d\u00e9clarent que leur facture indique une vingtaine de m\u00e8tres cubes suppl\u00e9mentaires. Et c\u2019est ce volume qui fait tiquer Sylvain Barnay, \u00e0 l\u2019origine du message sur le r\u00e9seau social.<\/p>\n<p style=\"text-align: justify;\">Les habitants sont tr\u00e8s nombreux \u00e0 avoir la m\u00eame surconsommation. \u00ab\u00a0Nous avons tous quasiment la m\u00eame surconsommation de 20\u00a0m3\u00a0\u00bb mart\u00e8le-t-il. Un hasard\u00a0? Difficile \u00e0 croire pour les Mareuillois qui pointent un \u00e9v\u00e9nement. Au cours de cette ann\u00e9e, <strong>V\u00e9olia est intervenu pour remplacer les compteurs d\u2019eau.<\/strong> La quasi-totalit\u00e9 des Mareuillois sont d\u00e9sormais \u00e9quip\u00e9s d\u2019un syst\u00e8me permettant le t\u00e9l\u00e9relev\u00e9 des consommations.<\/p>\n<p style=\"text-align: justify;\"><strong>\u00a0<\/strong><\/p>\n<p style=\"text-align: justify;\"><strong>Pas de surconsommation pour ceux qui ont gard\u00e9 les anciens compteurs<\/strong><\/p>\n<p style=\"text-align: justify;\">Pour les habitants, il n\u2019y a pas de doute, ce sont bien les nouveaux compteurs qui sont en cause. D\u2019autant que ceux qui n\u2019ont pas not\u00e9 de surconsommation sont ceux qui ont conserv\u00e9 les anciens compteurs d\u2019eau.<\/p>\n<p style=\"text-align: justify;\">Interrog\u00e9 par les habitants, V\u00e9olia aurait reconnu que le probl\u00e8me \u00e9tait \u00e0 mettre au cr\u00e9dit des anciens compteurs qui, avec le temps \u00e9taient moins performants et indiquaient des consommations en dessous des consommations r\u00e9elles.<\/p>\n<p style=\"text-align: justify;\">La mairie de Mareuil a \u00e9galement fait remonter le probl\u00e8me aupr\u00e8s du syndicat des eaux. Tony Grancagnolo, adjoint charg\u00e9 de l\u2019urbanisme, a indiqu\u00e9 que certains habitants ont vu leur facture \u00ab\u00a0grimper de mani\u00e8re tr\u00e8s exponentielle, jusqu\u2019\u00e0 445\u00a0m3 d\u2019eau en un mois\u00a0\u00bb, ce qui a fait exploser les factures, certaines atteignant des rappels de 900 \u00e0 2000 \u20ac. L\u2019\u00e9lu pointe \u00e9galement le manque de communication sur le sujet.<\/p>\n<p style=\"text-align: justify;\"><strong>\u00a0<\/strong><\/p>\n<p style=\"text-align: justify;\"><strong>Une r\u00e9gularisation dans 10 mois peut-\u00eatre\u00a0?<\/strong><\/p>\n<p style=\"text-align: justify;\">Mais l\u00e0 o\u00f9 les consommateurs se sont \u00e9trangl\u00e9s, c\u2019est quand V\u00e9olia leur a r\u00e9pondu qu\u2019<strong>une r\u00e9gularisation pourrait \u00eatre faite\u2026 en octobre 2021<\/strong>, si la d\u00e9faillance technique des nouveaux compteurs \u00e9tait av\u00e9r\u00e9e.<\/p>\n<p style=\"text-align: justify;\">\u00ab\u00a0Cette situation pr\u00e9occupante, nous m\u00e8ne \u00e0 nous interroger sur le bon fonctionnement des appareils install\u00e9s, ainsi que la bienveillance de ce fournisseur\u00a0\u00bb \u00e9crit Tony Grancagnolo.<\/p>\n<p style=\"text-align: justify;\">\n<p style=\"text-align: justify;\"><a href=\"https:\/\/actu.fr\/ile-de-france\/\">https:\/\/actu.fr\/ile-de-france\/<\/a><\/p>\n<p style=\"text-align: justify;\">\n","protected":false},"excerpt":{"rendered":"<p>Elles ont explos\u00e9 depuis le changement des compteurs<\/p>\n","protected":false},"author":4,"featured_media":0,"comment_status":"closed","ping_status":"open","sticky":false,"template":"","format":"standard","meta":{"footnotes":""},"categories":[1],"tags":[],"class_list":["post-6594","post","type-post","status-publish","format-standard","hentry","category-non-classe"],"_links":{"self":[{"href":"https:\/\/collectif-accad.fr\/site\/wp-json\/wp\/v2\/posts\/6594","targetHints":{"allow":["GET"]}}],"collection":[{"href":"https:\/\/collectif-accad.fr\/site\/wp-json\/wp\/v2\/posts"}],"about":[{"href":"https:\/\/collectif-accad.fr\/site\/wp-json\/wp\/v2\/types\/post"}],"author":[{"embeddable":true,"href":"https:\/\/collectif-accad.fr\/site\/wp-json\/wp\/v2\/users\/4"}],"replies":[{"embeddable":true,"href":"https:\/\/collectif-accad.fr\/site\/wp-json\/wp\/v2\/comments?post=6594"}],"version-history":[{"count":1,"href":"https:\/\/collectif-accad.fr\/site\/wp-json\/wp\/v2\/posts\/6594\/revisions"}],"predecessor-version":[{"id":6595,"href":"https:\/\/collectif-accad.fr\/site\/wp-json\/wp\/v2\/posts\/6594\/revisions\/6595"}],"wp:attachment":[{"href":"https:\/\/collectif-accad.fr\/site\/wp-json\/wp\/v2\/media?parent=6594"}],"wp:term":[{"taxonomy":"category","embeddable":true,"href":"https:\/\/collectif-accad.fr\/site\/wp-json\/wp\/v2\/categories?post=6594"},{"taxonomy":"post_tag","embeddable":true,"href":"https:\/\/collectif-accad.fr\/site\/wp-json\/wp\/v2\/tags?post=6594"}],"curies":[{"name":"wp","href":"https:\/\/api.w.org\/{rel}","templated":true}]}}