{"id":6583,"date":"2020-12-14T02:20:07","date_gmt":"2020-12-14T01:20:07","guid":{"rendered":"https:\/\/collectif-accad.fr\/site\/?p=6583"},"modified":"2020-12-19T05:57:39","modified_gmt":"2020-12-19T04:57:39","slug":"infos-5g-du-14-decembre-2020","status":"publish","type":"post","link":"https:\/\/collectif-accad.fr\/site\/infos-5g-du-14-decembre-2020\/","title":{"rendered":"Infos 5G du 14 d\u00e9cembre 2020"},"content":{"rendered":"<h1 style=\"text-align: left;\"><strong>Lundi prochain, un article sp\u00e9cial avec des mesures prises pr\u00e8s des antennes du secteur<\/strong><\/h1>\n<p><!--more--><\/p>\n<p style=\"text-align: justify;\"><strong>Au sommaire<\/strong><\/p>\n<p style=\"text-align: justify;\"><strong>Lens, Lille, Fontenay, <\/strong><strong>Maul\u00e9on-Licharre <\/strong>64, <strong>Lyon, Cartes, autres pays, visio-conf\u00e9rences, 6G, q<\/strong><strong>uelques joyeuset\u00e9s pour nos associations et collectifs, <\/strong><strong>Robin des Toits, ACE \u2026<\/strong><\/p>\n<p style=\"text-align: center;\">************\u00a0\u00a0\u00a0\u00a0\u00a0\u00a0 ***********<\/p>\n<p style=\"text-align: center;\"><strong>L\u2019avenir de l\u2019Artois parle de la 5G \u00e0 Lens<\/strong><\/p>\n<p style=\"text-align: justify;\">Edition en date du 9 d\u00e9cembre<\/p>\n<p style=\"text-align: justify;\"><strong>La 5G se d\u00e9ploie \u00e0 Lens, pour aider la 4G<\/strong><\/p>\n<p style=\"text-align: justify;\">Une page compl\u00e8te. Voici ce qu\u2019a \u00e9crit le journaliste \u00e0 partir d\u2019infos recueillis aupr\u00e8s du collectif\u00a0:<\/p>\n<p style=\"text-align: justify;\"><strong>La 5G n\u2019a pas que des amis<\/strong><\/p>\n<p style=\"text-align: justify;\">Contact\u00e9, le pr\u00e9sident d\u2019ACCAD a r\u00e9agi au d\u00e9ploiement de la 5G\u00a0:<\/p>\n<p style=\"text-align: justify;\"><em>\u00ab\u00a0Orange s\u2019appuie sur le fait d\u2019\u00eatre en dessous des normes acceptables\u00a0? Seulement, en France, notre norme est \u00e0 un seuil plus \u00e9lev\u00e9 que dans d\u2019autres pays. Sur la 5G, six rapports ont \u00e9tabli un lien direct entre les ondes et la maladie d\u2019Alzeihmer, un degr\u00e9 moindre les cancers et surtout les tumeurs au cerveau. Cela a \u00e9t\u00e9 v\u00e9rifi\u00e9 par des organismes ind\u00e9pendants. La 5G va avoir des fr\u00e9quences plus importantes donc plus dangereuses que la 5G et cela va attaquer les humains, les animaux et la nature\u00a0\u00bb.<\/em> Sour le long terme, \u00ab\u00a0<em>la pollution num\u00e9rique augmente chaque ann\u00e9e. Dans cinq ans la pollution num\u00e9rique sera \u00e9gale au parc automobile mondial<\/em>\u00a0\u00bb. Ensuite, il se pose la question de la libert\u00e9 et de la d\u00e9mocratie. \u00ab\u00a0<em>Avec tous ces appareils connect\u00e9s, les \u00e9crans, les cam\u00e9ras et les micros partout, il y a un contr\u00f4le et une surveillance g\u00e9n\u00e9ralis\u00e9s. On arrive dans un monde de plus en plus surveill\u00e9<\/em>\u00a0\u00bb. Enfin il se projette plus loin et sur les g\u00e9n\u00e9rations futures\u00a0: \u00ab\u00a0 <em>La covid a permis de tester la fiabilit\u00e9 de leur r\u00e9seau. Le t\u00e9l\u00e9travail a habitu\u00e9 les gens \u00e0 travailler \u00e0 distance. Il y aura une r\u00e9percussion dans l\u2019enseignement o\u00f9 les cours pourront se faire \u00e0 distance avec des classes surcharg\u00e9es. On assistera \u00e0 un d\u00e9crochement de plus en plus important<\/em>\u00a0\u00bb<\/p>\n<p style=\"text-align: justify;\"><img loading=\"lazy\" decoding=\"async\" class=\"wp-image-6582 aligncenter\" src=\"https:\/\/collectif-accad.fr\/site\/wp-content\/uploads\/2020\/12\/AvenirArtois-201209-3.jpg\" alt=\"\" width=\"648\" height=\"654\" srcset=\"https:\/\/collectif-accad.fr\/site\/wp-content\/uploads\/2020\/12\/AvenirArtois-201209-3.jpg 984w, https:\/\/collectif-accad.fr\/site\/wp-content\/uploads\/2020\/12\/AvenirArtois-201209-3-297x300.jpg 297w, https:\/\/collectif-accad.fr\/site\/wp-content\/uploads\/2020\/12\/AvenirArtois-201209-3-150x150.jpg 150w, https:\/\/collectif-accad.fr\/site\/wp-content\/uploads\/2020\/12\/AvenirArtois-201209-3-768x775.jpg 768w, https:\/\/collectif-accad.fr\/site\/wp-content\/uploads\/2020\/12\/AvenirArtois-201209-3-100x100.jpg 100w\" sizes=\"auto, (max-width: 648px) 100vw, 648px\" \/><\/p>\n<p style=\"text-align: center;\">************\u00a0\u00a0\u00a0\u00a0\u00a0\u00a0 ***********<\/p>\n<p style=\"text-align: center;\"><strong>Lille: \u00e0 Wazemmes, la 5G se prend pour une lumi\u00e8re <\/strong><\/p>\n<p style=\"text-align: justify;\">En juillet dernier, des habitants de Wazemmes s\u2019\u00e9taient mobilis\u00e9s contre l\u2019implantation d\u2019antennes-relais sur le toit d\u2019un immeuble de la rue des Sarrazins. Depuis quelques jours, le local dans lequel elles sont install\u00e9es illumine tout le quartier. Magie de No\u00ebl\u00a0?<\/p>\n<p style=\"text-align: justify;\"><a href=\"https:\/\/www.lavoixdunord.fr\/903649\/article\/2020-12-06\/lille-wazemmes-la-5g-se-prend-pour-une-lumiere\">https:\/\/www.lavoixdunord.fr\/903649\/article\/20<\/a><\/p>\n<p style=\"text-align: center;\">************\u00a0\u00a0\u00a0\u00a0\u00a0\u00a0 ***********<\/p>\n<p style=\"text-align: center;\"><strong>Fontenay sous bois prend un moratoire<\/strong><\/p>\n<p style=\"text-align: justify;\"><a href=\"https:\/\/stoplinky94120.wordpress.com\/2020\/12\/08\/5g-la-ville-de-fontenay-sous-bois-vient-de-prendre-un-moratoire\/\">https:\/\/stoplinky94120.wordpress.com\/2020\/12\/08\/5g-la-ville-de-fontenay-sous-bois-vient-de-prendre-un-moratoire\/<\/a><\/p>\n<p style=\"text-align: justify;\">L\u2019aspect le plus remarquable de cette d\u00e9cision n\u2019est-il pas qu\u2019il s\u2019agit d\u2019un arr\u00eat\u00e9, contrairement \u00e0 ce qui se fait ailleurs (motions, v\u0153ux) ?<\/p>\n<p style=\"text-align: justify;\">Et sa faiblesse la plus grande, qu\u2019il conditionne cette suspension au rapport de l\u2019ANSES et \u00e0 \u00e9valuation environnementale (de quelle agence ?).<\/p>\n<p style=\"text-align: justify;\"><strong>Maul\u00e9on-Licharre <\/strong>64 &#8211; 3000 habitants) va plus loin en disant : \u201c<em>Que le Gouvernement instaure un moratoire sur l\u2019implantation des infrastructures de r\u00e9seau 5G, tant qu&rsquo;un d\u00e9bat r\u00e9ellement d\u00e9mocratique,\u00a0n&rsquo;\u00e9cartant aucune des cons\u00e9quences qu&rsquo;impliquent les innovations technologiques et\u00a0sur les impacts sociaux, \u00e9cologiques et sanitaires n&rsquo;aura pas \u00e9t\u00e9 men\u00e9\u00a0\u201c<\/em><\/p>\n<p><a href=\"https:\/\/collectif-accad.fr\/site\/wp-content\/uploads\/2020\/12\/Maule\u0301on-5G-motion.pdf\">Maule\u0301on 5G motion<\/a><\/p>\n<p style=\"text-align: justify;\">Vivi<\/p>\n<p style=\"text-align: justify;\"><strong>Lyon aussi<\/strong><\/p>\n<p style=\"text-align: justify;\"><a href=\"https:\/\/www.lyon.fr\/blob?op=202009\/delib\/20200252.pdf\">https:\/\/www.lyon.fr\/blob?op=202009\/<\/a><\/p>\n<p style=\"text-align: center;\">************\u00a0\u00a0\u00a0\u00a0\u00a0\u00a0 ***********<\/p>\n<p style=\"text-align: center;\"><strong>Carte des antennes de t\u00e9l\u00e9phonie mobile<\/strong><\/p>\n<p style=\"text-align: justify;\"><a href=\"https:\/\/www.ariase.com\/mobile\/carte-antennes\">https:\/\/www.ariase.com\/mobile\/carte-antennes<\/a><\/p>\n<p style=\"text-align: justify;\"><strong>Les 7000 communes o\u00f9 des sites 5G sont d\u00e9j\u00e0 autoris\u00e9s<\/strong><\/p>\n<p style=\"text-align: justify;\"><a href=\"https:\/\/www.ouest-france.fr\/high-tech\/5g\/carte-decouvrez-les-7-000-communes-ou-des-sites-5g-sont-deja-autorises-7077878\">https:\/\/www.ouest-france.fr\/high-tech\/5g\/c<\/a><\/p>\n<p style=\"text-align: justify;\">Avec une carte<\/p>\n<p style=\"text-align: center;\">************\u00a0\u00a0\u00a0\u00a0\u00a0\u00a0 ***********<\/p>\n<p style=\"text-align: center;\"><strong>Dans d\u2019autres pays<\/strong><\/p>\n<p style=\"text-align: justify;\">Dans plusieurs pays des strat\u00e9gies concert\u00e9es se font jour pour obtenir des moratoires 5G, soit au niveau national, soit en soutenant des initiatives locales.<\/p>\n<p style=\"text-align: justify;\">Pour ne parler que de nos voisins imm\u00e9diats :<\/p>\n<p style=\"text-align: justify;\">1) <strong>Suisse<\/strong> : le r\u00e9seau 5G comptait 3000 antennes (fin ao\u00fbt), mais il en n\u00e9cessite 26000 de plus pour une couverture seulement \u00e9quivalente \u00e0 la 4G (des installations semblent se faire en sourdine actuellement). La contestation est pass\u00e9e par deux grandes manifs de 3000, de nombreux moratoires locaux, surtout en Suisse romande, des batailles juridiques \u00e0 la fois locales (cantons) et nationales. 5 \u00ab\u00a0initiatives\u00a0\u00bb (r\u00e9f\u00e9rendums) sont lanc\u00e9s. De fait le d\u00e9ploiement est ralenti, et les Stop 5G ont r\u00e9ussi la mobilisation d&rsquo;une forte partie de l&rsquo;opinion publique.<\/p>\n<p style=\"text-align: justify;\">2) <strong>Belgique<\/strong> : la 5G qui y avait \u00e9t\u00e9 d\u00e9ploy\u00e9e \u00e9tait une 5G light, \u00e9quivalente \u00e0 4G+. C&rsquo;est elle qui a \u00e9t\u00e9 mise en \u00e9chec par les moratoires. Le d\u00e9ploiement de la vraie 5G reste \u00e0 faire. La contestation est \u00e0 la fois locale avec l&rsquo;appel aux communes pour des moratoires municipaux, et nationale notamment par des recours judiciaires.<\/p>\n<p style=\"text-align: justify;\">3) <strong>Espagne<\/strong> : une grande action pour un moratoire national a \u00e9t\u00e9 lanc\u00e9e en juin<\/p>\n<p style=\"text-align: justify;\"><a href=\"https:\/\/www.ecologistasenaccion.org\/146098\/\">https:\/\/www.ecologistasenaccion.org\/146098\/<\/a>,<\/p>\n<p style=\"text-align: justify;\">avec beaucoup d&rsquo;organisations signataires.<\/p>\n<p style=\"text-align: justify;\">4) <strong>Italie<\/strong> : 603 communes et quatre r\u00e9gions ont d\u00e9j\u00e0 vot\u00e9 des moratoires (d&rsquo;autres sont en d\u00e9bat selon semble-t-il une proc\u00e9dure standard)<\/p>\n<p style=\"text-align: justify;\"><a href=\"https:\/\/www.alleanzaitalianastop5g.it\/443193497\">https:\/\/www.alleanzaitalianastop5g.it\/443193497<\/a>.<\/p>\n<p style=\"text-align: justify;\">Cela fait penser aux 945 communes ayant refus\u00e9 le Linky en France.<\/p>\n<p style=\"text-align: justify;\">5) <strong>France<\/strong> : nouvelle version du tableau d&rsquo;analyse au 05\/12\/2020 avec les ajouts de Grenoble, Lyon 5e arr, M\u00e9rignac, Tours, Blois, Poitiers, Strasbourg, Millau, Pays Basque, et la 2e r\u00e9gion apr\u00e8s la Corse, l&rsquo;Occitanie.<\/p>\n<p style=\"text-align: justify;\">&#8211; beaucoup reprennent la d\u00e9claration des 40 maires de septembre, avec la probl\u00e9matique volont\u00e9 (pour les EHS) d&rsquo;intensifier le d\u00e9ploiement de la 4G y compris dans les zones blanches, pour \u00ab\u00a0r\u00e9duire la fracture num\u00e9rique\u00a0\u00bb.<\/p>\n<p style=\"text-align: justify;\">&#8211; la nouveaut\u00e9 est l&rsquo;organisation de d\u00e9bats \u00ab\u00a0citoyens\u00a0\u00bb : \u00e0 Strasbourg, le d\u00e9bat parait ficel\u00e9 par le choix des intervenants (membres de l&rsquo;ARCEP, de l&rsquo;ANSES, un ancien de France t\u00e9l\u00e9com. Seul un avocat du SAF&#8230;). Un document peut \u00eatre une source d&rsquo;infos techniques pour nous (conf des maires). A Poitiers, la proc\u00e9dure semble plus ouverte avec l&rsquo;organisation d\u2019un Jury Citoyen (10 \u00e0 15 habitants) qui, apr\u00e8s \u00e9coute de divers sp\u00e9cialistes, se chargera d&rsquo;une restitution publique et interviendra lors d&rsquo;un d\u00e9bat au Conseil municipal.<\/p>\n<p style=\"text-align: justify;\">&#8211; il manque sans nul doute des villes : je ne mets que les moratoires pris apr\u00e8s d\u00e9lib\u00e9ration. Il faut donc fouiller dans les comptes-rendus.<\/p>\n<p style=\"text-align: justify;\"><strong>Denis, pour le collectif Stop Linky 5G Loire<\/strong><\/p>\n<p style=\"text-align: center;\">************\u00a0\u00a0\u00a0\u00a0 \u00a0\u00a0***********<\/p>\n<p style=\"text-align: left;\"><strong>\u00a0Mich\u00e8le Rivasi est pr\u00eate \u00e0 porter le dossier devant la Cour de Justice de l&rsquo;Union Europ\u00e9enne<\/strong><\/p>\n<p style=\"text-align: justify;\">Pr\u00e8s de 70 maires de la Dr\u00f4me et de France s&rsquo;opposent \u00e0 la technologie 5G bient\u00f4t d\u00e9ploy\u00e9e sur le territoire national. En cause : \u00ab\u00a0les risques sanitaires sur le vivant non \u00e9valu\u00e9s\u00a0\u00bb. Mich\u00e8le Rivasi, euro-d\u00e9put\u00e9e, se dit pr\u00eate \u00e0 aller devant la Cour de Justice de l&rsquo;Union Europ\u00e9enne.<\/p>\n<p style=\"text-align: justify;\"><a href=\"https:\/\/france3-regions.francetvinfo.fr\/auvergne-rhone-alpes\/drome\/valence\/5g-fronde-maires-drome-70-communes-qui-reclament-moratoire-1901448.html?fbclid=IwAR19kAn7Ytp_sh_Pd71Xx-MqfthIm22I_Ow1vtpSkCeiWBMA9kXDRzp9NaM\">https:\/\/france3-regions.francetvinfo.f<\/a><\/p>\n<p style=\"text-align: center;\">************\u00a0\u00a0\u00a0\u00a0\u00a0\u00a0 ***********<\/p>\n<p style=\"text-align: justify;\"><strong>Visioconf, sur les Impacts de la 5G sur la sant\u00e9 et l&rsquo;environnement<\/strong><\/p>\n<p style=\"text-align: justify;\"><a href=\"https:\/\/multimedia.europarl.europa.eu\/en\/panel-for-future-of-science-and-technology-workshop-on-5g_20201207-1000-SPECIAL-STOA_vd\">https:\/\/multimedia.europarl.europa.eu\/en\/panel-for-f<\/a><\/p>\n<p style=\"text-align: justify;\">Pour la t\u00e9l\u00e9charger (en fran\u00e7ais), lancer la vid\u00e9o puis fl\u00e8che en dessous, choix de la langue et votre adresse mail (vous y recevrez le lien de t\u00e9l\u00e9chargement).<strong>Extraits de l&rsquo;analyse qu&rsquo;en tire Maurizio Martucci, de l&rsquo;Alliance Italienne Stop 5G<\/strong>Parlement europ\u00e9en, tournant sur la 5G : \u00ab\u00a0il faut un moratoire !\u00a0\u00bbChercheurs, politiciens et scientifiques isolent l\u2019ICNIRPSurtout, les deux donn\u00e9es politiques les plus importantes qui ont \u00e9merg\u00e9 aujourd&rsquo;hui du Panel pour l&rsquo;avenir de la science et de la technologie (STOA), organis\u00e9 par le Parlement europ\u00e9en sur les dangers socio-sanitaires et environnementaux de l&rsquo;Internet des objets :1) La prise de conscience croissante des risques encourus par les citoyens europ\u00e9ens dans l&rsquo;opposition \u00e0 la 5G est officiellement entr\u00e9e \u00e0 l&rsquo;ordre du jour des travaux parlementaires des commissions de l&rsquo;UE \u00e0 Bruxelles.2) Les certitudes limit\u00e9es aux seuls effets thermiques construits depuis 1992, et la fiabilit\u00e9 de la Commission internationale pour la protection contre les rayonnements non ionisants (ICNIRP) sont remises en cause.Les intervenants ont \u00e9t\u00e9 invit\u00e9s \u00e0 r\u00e9pondre \u00e0 trois questions principales :1. L&rsquo;\u00e9valuation des risques 2020 de la Commission internationale de protection contre les rayonnements non ionisants (ICNIRP) des effets sur la sant\u00e9 et l&rsquo;environnement des champs \u00e9lectromagn\u00e9tiques est-elle suffisamment solide et fiable pour d\u00e9finir des politiques de protection?2. Les limites d&rsquo;exposition recommand\u00e9es par l&rsquo;ICNIRP pour les champs \u00e9lectromagn\u00e9tiques, qui sont principalement bas\u00e9es sur des effets de r\u00e9chauffement des tissus \u00e0 court terme, sont-elles suffisamment protectrices pour \u00e9viter les dommages caus\u00e9s par des expositions \u00e0 des niveaux inf\u00e9rieurs et \u00e0 long terme qui sont inf\u00e9rieures aux limites de l&rsquo;ICNIRP ?3. Existe-t-il suffisamment de recherches ind\u00e9pendantes sur les effets de la 5G sur la sant\u00e9 et l&rsquo;environnement qui contribueraient \u00e0 rassurer le public et \u00e0 minimiser les responsabilit\u00e9s futures ?Pour Arno Thielens (Universit\u00e9 de Gand, Belgique), l&rsquo;ICNIRP produit une documentation partielle et non exhaustive de la litt\u00e9rature biom\u00e9dicale disponible, notamment muette pour l&rsquo;impact sur l&rsquo;\u00e9cosyst\u00e8me (flore, faune). Pour G\u00e9rard Ledoigt (Clermont Universit\u00e9, France), \u00ab\u00a0les ondes radiofr\u00e9quences non ionisantes repr\u00e9sentent une toxicit\u00e9 et l&rsquo;ICNIRP n&rsquo;est pas ad\u00e9quate pour cette \u00e9tude, un moratoire sur la 5G est n\u00e9cessaire pour une \u00e9tude ind\u00e9pendante qui en clarifie les effets\u00a0\u00bb. Selon Elisabeth Cardis (Institut pour la sant\u00e9 globale, Barcelone), nous sommes en \u00ab\u00a0manque de recherche sur les protocoles de mesure, l&rsquo;exposition, ainsi que les exp\u00e9riences in vivo et in vitro pour \u00e9valuer l&rsquo;impact du r\u00e9seau 5G sur la sant\u00e9\u00a0\u00bb, tandis que la scientifique Fiorella Belpoggi a r\u00e9sum\u00e9 sa position sur les r\u00e9sultats de recherche men\u00e9e en Italie par l&rsquo;Institut Ramazzini.La conclusion, anim\u00e9e par David Gee (Institut de l&rsquo;environnement, de la sant\u00e9 et des soci\u00e9t\u00e9s de l&rsquo;Universit\u00e9 Brunel \u00e0 Londres), a abouti \u00e0 un appel aux d\u00e9put\u00e9s pour ne pas soumettre tous les Europ\u00e9ens \u00e0 une exp\u00e9rimentation. Mich\u00e8le Rivasi : \u00ab\u00a0il est n\u00e9cessaire de nous laisser le temps de produire les \u00e9tudes requises. Surtout sur les plantes, les micro-organismes et le stress g\u00e9n\u00e9tique. Poursuivre le d\u00e9ploiement de la 5G, pour et contre tout, c&rsquo;est \u00e0 nouveau mettre la population europ\u00e9enne en position de cobayes et d&rsquo;exposer les plus sensibles \u00e0 un risque global, massif et inacceptable\u00a0\u00bb. C&rsquo;est une avanc\u00e9e par rapport \u00e0 l&rsquo;ann\u00e9e derni\u00e8re, o\u00f9 un premier atelier sur les dangers de la 5G, avec Martin Pall, Marc Arazi, Piernciola Pedicini, Klaus Buchner et Mich\u00e8le Rivasi, avait juste abord\u00e9 le sujet.<\/p>\n<p style=\"text-align: justify;\"><strong>Pour le collectif Stop Linky 5G Loire<\/strong><\/p>\n<p style=\"text-align: center;\">************\u00a0\u00a0\u00a0\u00a0 \u00a0\u00a0***********<\/p>\n<p style=\"text-align: center;\"><strong>L\u2019Europe pense d\u00e9j\u00e0 \u00e0 la 6G\u00a0!<\/strong><\/p>\n<p style=\"text-align: justify;\"><a href=\"https:\/\/www.usinenouvelle.com\/editorial\/l-europe-lance-les-recherches-communes-sur-la-6g-sous-la-houlette-de-nokia.N1037434\">https:\/\/www.usinenouvelle.com\/editor<\/a><\/p>\n<p style=\"text-align: center;\">************\u00a0\u00a0\u00a0\u00a0\u00a0\u00a0 ***********<\/p>\n<p style=\"text-align: left;\"><strong>Quelques joyeuset\u00e9s pour nos associations et collectifs<\/strong><\/p>\n<p style=\"text-align: justify;\">Gendnotes, outil de la gendarmerie en vue de\u00a0\u00bbfaciliter\u00a0\u00bb les enqu\u00eates, permet depuis f\u00e9vrier aux maires et pr\u00e9fets d&rsquo;avoir acc\u00e8s aux infos suivantes :<\/p>\n<p style=\"text-align: justify;\"><em>\u00a0\u00bb relatives \u00e0 la pr\u00e9tendue origine raciale ou ethnique, aux opinions politiques, philosophiques ou religieuses, \u00e0 l\u2019appartenance syndicale, \u00e0 la sant\u00e9 ou \u00e0 la vie sexuelle ou l\u2019orientation sexuelle (&#8230;)\u00a0la transmission aux autorit\u00e9s administratives des donn\u00e9es collect\u00e9es se fera forc\u00e9ment en dehors de l\u2019outil GendNotes, qui est r\u00e9serv\u00e9 \u00e0 la gendarmerie.\u00a0\u00ab\u00a0Une telle transmission ne pourra \u00eatre op\u00e9r\u00e9e en dehors de ladite application que si des mesures suffisantes garantissent la confidentialit\u00e9 et la s\u00e9curit\u00e9 des donn\u00e9es transmises. Compte tenu de la sensibilit\u00e9 de ces donn\u00e9es, il conviendrait ainsi qu\u2019elles soient transmises de mani\u00e8re chiffr\u00e9e et que ces transmissions soient trac\u00e9es\u00a0\u00bb, jugeait d\u00e9j\u00e0 la CNIL, en\u00a0octobre\u00a02019. Or une telle solution n\u2019a pas \u00e9t\u00e9 dessin\u00e9e.<\/em><\/p>\n<p style=\"text-align: justify;\"><a href=\"https:\/\/www.lemonde.fr\/les-decodeurs\/article\/2020\/02\/28\/faut-il-s-inquieter-du-decret-autorisant-un-traitement-automatise-de-donnees-a-caractere-personnel_6031164_4355770.html\">https:\/\/www.lemonde.fr\/les-decodeurs\/article<\/a><\/p>\n<p style=\"text-align: left;\"><strong>Les possibilit\u00e9s de fichage de la police discr\u00e8tement \u00e9largies par trois d\u00e9crets.<\/strong><\/p>\n<p><a href=\"https:\/\/www.franceinter.fr\/societe\/les-possibilites-de-fichage-de-la-police-discretement-elargit-par-trois-decrets\">https:\/\/www.franceinter.fr\/societe\/les-possibilites<\/a><\/p>\n<p style=\"text-align: center;\">************\u00a0\u00a0\u00a0\u00a0\u00a0\u00a0 ***********<\/p>\n<p style=\"text-align: center;\"><strong>Des nouvelles de Robin des Toits <\/strong><\/p>\n<p style=\"text-align: justify;\"><strong>Le syndrome de La Havane<\/strong><\/p>\n<p style=\"text-align: justify;\">Ce pourrait \u00eatre le titre du dernier polar dont on parle, mais pour nous la r\u00e9alit\u00e9 est tragiquement plus banale.<br \/>\n<em>\u201cUn rapport indique qu\u2019une \u00ab\u00a0attaque\u00a0\u00bb par micro-ondes est la source probable de maladies myst\u00e9rieuses qui frappent les diplomates et les espions\u00a0\u00bb<\/em><br \/>\n<em>\u00ab\u00a0Un rapport command\u00e9 par le gouvernement fournit l&rsquo;explication la plus d\u00e9finitive du \u00ab\u00a0Syndrome de La Havane\u00a0\u00bb, qui a frapp\u00e9 des dizaines d&#8217;employ\u00e9s am\u00e9ricains, d&rsquo;abord \u00e0 Cuba, puis en Chine, en Russie et dans d&rsquo;autres pays.<\/em><br \/>\n<em>La cause la plus probable d&rsquo;une s\u00e9rie d&rsquo;afflictions myst\u00e9rieuses qui ont affect\u00e9 les espions et les diplomates am\u00e9ricains \u00e0 l&rsquo;\u00e9tranger au cours des derni\u00e8res ann\u00e9es \u00e9tait l&rsquo;\u00e9nergie des radiofr\u00e9quences, un type de rayonnement qui comprend les micro-ondes, les Acad\u00e9mies nationales des sciences, de l&rsquo;ing\u00e9nierie et de la m\u00e9decine en ont conclu dans un rapport.\u00a0<\/em>\u00bb (New York Times \u2013 5\/12\/2020)<\/p>\n<p style=\"text-align: justify;\">La suite\u00a0:<\/p>\n<p style=\"text-align: justify;\"><a href=\"htttps:\/\/www.robindestoits.org\/LE-SYNDROME-DE-LA-HAVANE-dec-2020_a3012.html?TOKEN_RETURN\">htttps:\/\/www.robindestoits.org\/LE-SYNDR<\/a><\/p>\n<p style=\"text-align: justify;\"><strong>Visio-conf\u00e9rence avec Mich\u00e8le Rivasi et Patrice Goyaud, sur la 5G et la fibre optique<\/strong><\/p>\n<p style=\"text-align: justify;\"><a href=\"https:\/\/youtu.be\/dwW2qoCGWx0\">https:\/\/youtu.be\/dwW2qoCGWx0<\/a><\/p>\n<p style=\"text-align: justify;\">Les communes de Dieulefit et Montjoux, ainsi que les collectifs Questions citoyennes et le comit\u00e9 local CNNR (Conseil National de la Nouvelle R\u00e9sistance) ont propos\u00e9 une visio-conf\u00e9rence avec Mich\u00e8le Rivasi, eurod\u00e9put\u00e9e et pr\u00e9sidente de l\u2019Association Zones Blanches (AZB), et l\u2019ing\u00e9nieur physicien Patrice Goyaud, administrateur de l\u2019association Robin des toits, pour pr\u00e9senter les technologies 5G et fibre, et en comprendre les enjeux.<\/p>\n<p style=\"text-align: justify;\">La conf\u00e9rence s&rsquo;est d\u00e9roul\u00e9e selon les s\u00e9quences suivantes:<\/p>\n<table width=\"558\">\n<tbody>\n<tr>\n<td width=\"558\"><strong>-&gt;<\/strong>\u00a0introduction par Bertrand Partout (BP)<\/td>\n<\/tr>\n<tr>\n<td width=\"558\"><strong>-&gt;<\/strong>\u00a03 mn 20s : Patrice Goyaud (PG) : l&rsquo;essentiel de la physique des ondes et antennes-relais<\/td>\n<\/tr>\n<tr>\n<td width=\"558\"><strong>-&gt;<\/strong>\u00a014 mn : PG 5G, aspects techniques<\/td>\n<\/tr>\n<tr>\n<td width=\"558\"><strong>-&gt;<\/strong>\u00a025 mn : Mich\u00e8le Rivasi (MR) : sant\u00e9, environnement, Europe, r\u00e8glementation&#8230;<\/td>\n<\/tr>\n<tr>\n<td width=\"558\"><strong>-&gt;<\/strong>\u00a039 mn 30s : PG : sant\u00e9, \u00e9nergie, environnement<\/td>\n<\/tr>\n<tr>\n<td width=\"558\"><strong>-&gt;<\/strong>\u00a046 mn : questions\/r\u00e9ponses MR et PG<\/td>\n<\/tr>\n<tr>\n<td width=\"558\"><strong>-&gt;<\/strong>\u00a01h17 mn : PG, fibre optique aspects techniques<\/td>\n<\/tr>\n<tr>\n<td width=\"558\"><strong>-&gt;<\/strong>\u00a01h28 mn : Laurence Girard (LG) d\u00e9ploiement de la fibre autour de Dieulefit (Dr\u00f4me)<\/td>\n<\/tr>\n<tr>\n<td width=\"558\"><strong>-&gt;<\/strong>\u00a01h36 mn : PG vers une sobri\u00e9t\u00e9 de notre usage num\u00e9rique<\/td>\n<\/tr>\n<tr>\n<td width=\"558\"><strong>-&gt;<\/strong>\u00a01h39 mn : BP conclusion<\/td>\n<\/tr>\n<\/tbody>\n<\/table>\n<p style=\"text-align: justify;\"><strong>\u00ab\u00a0Phonegate : le facteur de s\u00e9curit\u00e9 de 50 pour les DAS locaux n\u2019a jamais exist\u00e9 !<\/strong><br \/>\nDepuis plus de vingt ans, des gouvernements, la Commission europ\u00e9enne, des agences nationales, des scientifiques internationaux et \u00e0 leur suite de nombreux m\u00e9dias, ont sciemment induit en erreur des milliards d\u2019utilisateurs de t\u00e9l\u00e9phones portables sur les risques sanitaires li\u00e9s \u00e0 un pseudo-facteur de s\u00e9curit\u00e9 de 50 entourant la mesure des d\u00e9bits d\u2019absorption sp\u00e9cifiques (DAS) locaux (t\u00eate, tronc et membres).\u00a0\u00bb (Alerte Phonegate &#8211; 9\/12\/2020) <strong><br \/>\n<\/strong><em>Pour lire la suite :<\/em><\/p>\n<p style=\"text-align: justify;\"><a href=\"https:\/\/www.robindestoits.org\/PHONEGATE-DERNIERE-MINUTE-9-12-2020_a3010.html?TOKEN_RETURN\">https:\/\/www.robindestoits.org\/PHON<\/a><\/p>\n<p style=\"text-align: justify;\"><strong>I<\/strong><strong>nformation aux<\/strong><strong> SDIS<\/strong><\/p>\n<p style=\"text-align: justify;\">Avec le d\u00e9ploiement de la 5G, les accidents sanitaires vont se multiplier et, avec eux, les appels aux Services D\u00e9partementaux d&rsquo;Incendie et de Secours (SDIS). <strong><br \/>\n<\/strong>Il est n\u00e9cessaire, parfois vital, d\u2019attirer l\u2019attention des SDIS sur les risques sanitaires caus\u00e9s par les champs \u00e9lectromagn\u00e9tiques artificiels et la situation des personnes \u00e9lectro-hypersensibles (ou EHS) qui pourraient \u00eatre prises en charge par leurs services.<br \/>\nLire la suite\u00a0:<\/p>\n<p style=\"text-align: justify;\"><a href=\"https:\/\/www.robindestoits.org\/INFORMATION-AUX-SDIS-2-12-2020_a3009.html?TOKEN_RETURN\">https:\/\/www.robindestoits.org\/INFORMATION<\/a><\/p>\n<p style=\"text-align: justify;\">Avec les documents suivants\u00a0:<\/p>\n<p style=\"text-align: justify;\"><a href=\"https:\/\/www.robindestoits.org\/attachment\/2061125\/\">Prise en charge des SICEM-EHS &#8211; D\u00e9pliant.pdf<\/a><br \/>\n<a href=\"https:\/\/www.robindestoits.org\/attachment\/2061130\/\">Convention tripartite SDIS &#8211; ENEDIS &#8211; RTE &#8211; 11 dec 2019.pdf<\/a><br \/>\n<a href=\"https:\/\/www.robindestoits.org\/attachment\/2061433\/\">Appel des m\u00e9decins internationaux de 2012.pdf<\/a><br \/>\n<a href=\"https:\/\/www.robindestoits.org\/attachment\/2061434\/\">Lettre aux SDIS.doc<\/a><\/p>\n<p style=\"text-align: center;\">************\u00a0\u00a0\u00a0\u00a0\u00a0\u00a0 ***********<\/p>\n<p style=\"text-align: center;\"><strong>Des nouvelles d\u2019ACE Hendaye<\/strong><\/p>\n<p style=\"text-align: justify;\"><strong>La CAPB doit organiser un d\u00e9bat sur la 5G avec ses \u00e9lus\/e le samedi 19 d\u00e9cembre 2020\u00a0<\/strong><\/p>\n<p style=\"text-align: justify;\"><a href=\"http:\/\/ace-hendaye.over-blog.fr\/2020\/12\/la-capb-doit-organiser-un-debat-sur-la-5g-avec-ses-elus\/e-le-samedi-19-decembre-2020.html\">http:\/\/ace-hendaye.over-blog.fr\/2020\/12\/l<\/a><\/p>\n<p style=\"text-align: justify;\"><strong>Motion anti 5G au Pays Basque\u00a0<\/strong><\/p>\n<p style=\"text-align: justify;\"><a href=\"http:\/\/ace-hendaye.over-blog.fr\/2020\/12\/motion-anti-5g-au-pays-basque.html\">http:\/\/ace-hendaye.over-blog.fr\/2020\/12\/motion-<\/a><\/p>\n<p style=\"text-align: justify;\"><strong>Le 4e Reich sera cybern\u00e9tique\u00a0<\/strong><\/p>\n<p style=\"text-align: justify;\"><a href=\"http:\/\/ace-hendaye.over-blog.fr\/2020\/12\/le-4e-reich-sera-cybernetique.html\">http:\/\/ace-hendaye.over-blog.fr\/2020\/12\/le-4e-reich-<\/a><\/p>\n<p style=\"text-align: justify;\"><strong>5G, radars, CEM compatibilit\u00e9s \u00e9lectromagn\u00e9tiques\u00a0<\/strong><\/p>\n<p style=\"text-align: justify;\"><a href=\"http:\/\/ace-hendaye.over-blog.fr\/2020\/12\/5g-radars-cem-compatibilite-electromagnetiques.html\">http:\/\/ace-hendaye.over-blog.fr\/2020\/12\/5g-radars-<\/a><\/p>\n<p style=\"text-align: justify;\"><strong>\u00ab\u00a0Nous autres\u00a0\u00bb, le roman qui a inspir\u00e9 \u00ab\u00a01984\u00a0\u00bb d&rsquo;Orwell<\/strong><\/p>\n<p style=\"text-align: justify;\"><a href=\"http:\/\/ace-hendaye.over-blog.fr\/2020\/12\/nous-autres-le-roman-qui-a-inspire-1984-d-orwell.html\">http:\/\/ace-hendaye.over-blog.fr\/2020\/12\/nous-autres-le-r<\/a><\/p>\n","protected":false},"excerpt":{"rendered":"<p>Lundi prochain, un article sp\u00e9cial avec des mesures prises pr\u00e8s des antennes du secteur<\/p>\n","protected":false},"author":4,"featured_media":0,"comment_status":"closed","ping_status":"open","sticky":false,"template":"","format":"standard","meta":{"footnotes":""},"categories":[1],"tags":[],"class_list":["post-6583","post","type-post","status-publish","format-standard","hentry","category-non-classe"],"_links":{"self":[{"href":"https:\/\/collectif-accad.fr\/site\/wp-json\/wp\/v2\/posts\/6583","targetHints":{"allow":["GET"]}}],"collection":[{"href":"https:\/\/collectif-accad.fr\/site\/wp-json\/wp\/v2\/posts"}],"about":[{"href":"https:\/\/collectif-accad.fr\/site\/wp-json\/wp\/v2\/types\/post"}],"author":[{"embeddable":true,"href":"https:\/\/collectif-accad.fr\/site\/wp-json\/wp\/v2\/users\/4"}],"replies":[{"embeddable":true,"href":"https:\/\/collectif-accad.fr\/site\/wp-json\/wp\/v2\/comments?post=6583"}],"version-history":[{"count":6,"href":"https:\/\/collectif-accad.fr\/site\/wp-json\/wp\/v2\/posts\/6583\/revisions"}],"predecessor-version":[{"id":6611,"href":"https:\/\/collectif-accad.fr\/site\/wp-json\/wp\/v2\/posts\/6583\/revisions\/6611"}],"wp:attachment":[{"href":"https:\/\/collectif-accad.fr\/site\/wp-json\/wp\/v2\/media?parent=6583"}],"wp:term":[{"taxonomy":"category","embeddable":true,"href":"https:\/\/collectif-accad.fr\/site\/wp-json\/wp\/v2\/categories?post=6583"},{"taxonomy":"post_tag","embeddable":true,"href":"https:\/\/collectif-accad.fr\/site\/wp-json\/wp\/v2\/tags?post=6583"}],"curies":[{"name":"wp","href":"https:\/\/api.w.org\/{rel}","templated":true}]}}