{"id":6573,"date":"2020-12-13T02:06:53","date_gmt":"2020-12-13T01:06:53","guid":{"rendered":"https:\/\/collectif-accad.fr\/site\/?p=6573"},"modified":"2020-12-12T07:09:38","modified_gmt":"2020-12-12T06:09:38","slug":"refuser-linky-dans-les-immeubles","status":"publish","type":"post","link":"https:\/\/collectif-accad.fr\/site\/refuser-linky-dans-les-immeubles\/","title":{"rendered":"Refuser Linky dans les immeubles"},"content":{"rendered":"<h1 style=\"text-align: left;\"><strong>A propos des colonnes montantes <\/strong><\/h1>\n<p style=\"text-align: justify;\"><img loading=\"lazy\" decoding=\"async\" class=\"alignnone size-full wp-image-6568\" src=\"https:\/\/collectif-accad.fr\/site\/wp-content\/uploads\/2020\/12\/CoffreFort-1.jpg\" alt=\"\" width=\"800\" height=\"792\" srcset=\"https:\/\/collectif-accad.fr\/site\/wp-content\/uploads\/2020\/12\/CoffreFort-1.jpg 800w, https:\/\/collectif-accad.fr\/site\/wp-content\/uploads\/2020\/12\/CoffreFort-1-300x297.jpg 300w, https:\/\/collectif-accad.fr\/site\/wp-content\/uploads\/2020\/12\/CoffreFort-1-150x150.jpg 150w, https:\/\/collectif-accad.fr\/site\/wp-content\/uploads\/2020\/12\/CoffreFort-1-768x760.jpg 768w, https:\/\/collectif-accad.fr\/site\/wp-content\/uploads\/2020\/12\/CoffreFort-1-100x100.jpg 100w\" sizes=\"auto, (max-width: 800px) 100vw, 800px\" \/><\/p>\n<p><!--more--><\/p>\n<p style=\"text-align: justify;\"><strong>Question <\/strong><\/p>\n<p style=\"text-align: justify;\">J\u2019aimerais avoir des pr\u00e9cisions sur cette situation de main mise par Enedis sur les colonnes montantes.<br \/>\nMaintenant qu\u2019Enedis est propri\u00e9taire de ces colonnes, donc propri\u00e9taire des compteurs qui font partie de ces colonnes\u2026\u2026comment peut-on faire reconnaitre son refus ?<br \/>\nEn effet, j\u2019ai une amie qui se trouve dans cette situation : elle est dans une copropri\u00e9t\u00e9, elle est la seule \u00e0 refuser le Linky depuis 2 ans, et les poseurs vont venir la semaine prochaine pour lui changer son compteur contre un Linky\u2026..<br \/>\nElle a beau appeler et dire qu\u2019elle a exprim\u00e9 son refus par \u00e9crit en RAR, ils sont tous sourds\u2026..tant Enedis que les poseurs &#8230;<br \/>\nNous allons donc monter\u00a0\u00a0la garde pour emp\u00eacher ce changement de force\u2026mais j\u2019aimerais savoir pr\u00e9cis\u00e9ment nos droits dans cette situation\u2026..<br \/>\nPouvons-nous toujours refuser le Linky dans les copropri\u00e9t\u00e9s, puisque\u00a0\u00a0les compteurs appartiennent\u00a0\u00a0dor\u00e9navant \u00e0 Enedis ? Quels sont les textes de lois qui nous prot\u00e8gent contre cet abus d\u2019autorit\u00e9 ?<br \/>\n<strong>R\u00e9ponse<\/strong><\/p>\n<p style=\"text-align: justify;\">Quand bien m\u00eame les colonnes montantes appartiennent \u00e0 Enedis, les compteurs ne leur appartiennent pas pour autant. Ils sont la propri\u00e9t\u00e9 des collectivit\u00e9s territoriales. Les placards dans lesquels sont plac\u00e9s les compteurs appartiennent toujours \u00e0 la copropri\u00e9t\u00e9. Ce sont juste les gaines qui sont c\u00e9d\u00e9es \u00e0 Enedis.<\/p>\n<p style=\"text-align: justify;\"><strong>Le mieux est de barricader le compteur et d&rsquo;apposer dessus l&rsquo;\u00e9criteau d&rsquo;interdiction<\/strong>.<\/p>\n<p style=\"text-align: justify;\">Ils ne peuvent lui imposer Linky pour les raisons qu&rsquo;on conna\u00eet bien, rappel\u00e9es dans cette brochure qui est maintenant en ligne.<\/p>\n<p style=\"text-align: justify;\">Cliquer sur les fl\u00e8ches bleues pour ouvrir les pages\u00a0:<\/p>\n<p style=\"text-align: justify;\"><a href=\"https:\/\/linky-non-merci.info\/linky-de-quoi-sagit-il\/?fbclid=IwAR2z_7N4NePyFgFREhrrE0U7UBIVE5ZEQOvc-2ORzOSobEL4lCfrO0oPBH4\">https:\/\/linky-non-merci.info\/linky-d<\/a><\/p>\n<p style=\"text-align: justify;\"><strong>Vous pouvez trouver des explications sur la l\u00e9gislation ici :<\/strong><\/p>\n<p style=\"text-align: justify;\"><a href=\"https:\/\/www.copro-devis.fr\/mardis_techniques\/docs\/2017\/20\/MTH_120917_Colonnes_montantes_electriques.pdf\">https:\/\/www.copro-devis.fr\/mardis<\/a><\/p>\n<p style=\"text-align: justify;\">STOP LINKY COMTAT VENTOUX<\/p>\n<p style=\"text-align: justify;\"><strong>Autre r\u00e9ponse<\/strong><\/p>\n<p style=\"text-align: justify;\">On peut prot\u00e9ger\u00a0 le compteur comme \u00e7a :<\/p>\n<p style=\"text-align: justify;\">&#8211; coffre-fort\u00a0 environ 26 \u20ac chez Leroy-Merlin. On a enlev\u00e9 le fond.<\/p>\n<p style=\"text-align: justify;\"><img loading=\"lazy\" decoding=\"async\" class=\"alignnone size-full wp-image-6568\" src=\"https:\/\/collectif-accad.fr\/site\/wp-content\/uploads\/2020\/12\/CoffreFort-1.jpg\" alt=\"\" width=\"800\" height=\"792\" srcset=\"https:\/\/collectif-accad.fr\/site\/wp-content\/uploads\/2020\/12\/CoffreFort-1.jpg 800w, https:\/\/collectif-accad.fr\/site\/wp-content\/uploads\/2020\/12\/CoffreFort-1-300x297.jpg 300w, https:\/\/collectif-accad.fr\/site\/wp-content\/uploads\/2020\/12\/CoffreFort-1-150x150.jpg 150w, https:\/\/collectif-accad.fr\/site\/wp-content\/uploads\/2020\/12\/CoffreFort-1-768x760.jpg 768w, https:\/\/collectif-accad.fr\/site\/wp-content\/uploads\/2020\/12\/CoffreFort-1-100x100.jpg 100w\" sizes=\"auto, (max-width: 800px) 100vw, 800px\" \/><\/p>\n<p style=\"text-align: justify;\">&#8211; ruban m\u00e9tallique feuillard<\/p>\n<p><img loading=\"lazy\" decoding=\"async\" class=\"alignnone size-full wp-image-6566 aligncenter\" src=\"https:\/\/collectif-accad.fr\/site\/wp-content\/uploads\/2020\/12\/RubanMetallique.jpg\" alt=\"\" width=\"685\" height=\"455\" srcset=\"https:\/\/collectif-accad.fr\/site\/wp-content\/uploads\/2020\/12\/RubanMetallique.jpg 685w, https:\/\/collectif-accad.fr\/site\/wp-content\/uploads\/2020\/12\/RubanMetallique-300x199.jpg 300w\" sizes=\"auto, (max-width: 685px) 100vw, 685px\" \/><\/p>\n<p style=\"text-align: justify;\">stoplinky des Olonnes<\/p>\n<p style=\"text-align: center;\"><strong>********** ********<\/strong><\/p>\n<p style=\"text-align: center;\"><strong>La sensibilisation au refus ne cesse de monter en charge<\/strong><\/p>\n<p style=\"text-align: justify;\">Maintenant dans certains quartiers \u00ab\u00a0bien inform\u00e9s\u00a0\u00bb qui ont pris des pr\u00e9cautions la non pose de compteurs connect\u00e9s Linky peut atteindre de 70 \u00e0 90 %, voire 100 % dans des rues !<\/p>\n<p style=\"text-align: justify;\">A ce jour, par rapport aux retours d&rsquo;informations, les estimations de non-pose effectives sont sup\u00e9rieures \u00e0 plusieurs millions sur les 78 % de refus.<br \/>\nFace \u00e0 cette constatation ENEDIS a pr\u00e9vu pour les prestataires un nouvel appel d&rsquo;offre fin 2021 pour une nouvelle campagne de pose qui nous pensons ne changera pas la situation.<br \/>\nPour l&rsquo;organisation <strong>la priorit\u00e9 actuelle en objectif de premi\u00e8re \u00e9tape de normalisation <\/strong>notamment pour les EHS est non pas seulement l&rsquo;installation de filtres par ENEDIS chez tous les EHS (jugements) et les voisins mitoyens, mais le retrait de tous les compteurs connect\u00e9s Linky chez tous les EHS.<\/p>\n<p style=\"text-align: justify;\"><strong>Next-up<\/strong><\/p>\n<p style=\"text-align: justify;\">\n","protected":false},"excerpt":{"rendered":"<p>A propos des colonnes montantes<\/p>\n","protected":false},"author":4,"featured_media":0,"comment_status":"closed","ping_status":"open","sticky":false,"template":"","format":"standard","meta":{"footnotes":""},"categories":[1],"tags":[],"class_list":["post-6573","post","type-post","status-publish","format-standard","hentry","category-non-classe"],"_links":{"self":[{"href":"https:\/\/collectif-accad.fr\/site\/wp-json\/wp\/v2\/posts\/6573","targetHints":{"allow":["GET"]}}],"collection":[{"href":"https:\/\/collectif-accad.fr\/site\/wp-json\/wp\/v2\/posts"}],"about":[{"href":"https:\/\/collectif-accad.fr\/site\/wp-json\/wp\/v2\/types\/post"}],"author":[{"embeddable":true,"href":"https:\/\/collectif-accad.fr\/site\/wp-json\/wp\/v2\/users\/4"}],"replies":[{"embeddable":true,"href":"https:\/\/collectif-accad.fr\/site\/wp-json\/wp\/v2\/comments?post=6573"}],"version-history":[{"count":1,"href":"https:\/\/collectif-accad.fr\/site\/wp-json\/wp\/v2\/posts\/6573\/revisions"}],"predecessor-version":[{"id":6574,"href":"https:\/\/collectif-accad.fr\/site\/wp-json\/wp\/v2\/posts\/6573\/revisions\/6574"}],"wp:attachment":[{"href":"https:\/\/collectif-accad.fr\/site\/wp-json\/wp\/v2\/media?parent=6573"}],"wp:term":[{"taxonomy":"category","embeddable":true,"href":"https:\/\/collectif-accad.fr\/site\/wp-json\/wp\/v2\/categories?post=6573"},{"taxonomy":"post_tag","embeddable":true,"href":"https:\/\/collectif-accad.fr\/site\/wp-json\/wp\/v2\/tags?post=6573"}],"curies":[{"name":"wp","href":"https:\/\/api.w.org\/{rel}","templated":true}]}}