{"id":6569,"date":"2020-12-10T02:00:50","date_gmt":"2020-12-10T01:00:50","guid":{"rendered":"https:\/\/collectif-accad.fr\/site\/?p=6569"},"modified":"2020-12-09T10:31:54","modified_gmt":"2020-12-09T09:31:54","slug":"encore-des-incendies","status":"publish","type":"post","link":"https:\/\/collectif-accad.fr\/site\/encore-des-incendies\/","title":{"rendered":"Encore des incendies"},"content":{"rendered":"<h1 style=\"text-align: left;\"><strong>Comme c\u2019est bizarre\u00a0!<\/strong><\/h1>\n<p><!--more--><\/p>\n<p style=\"text-align: justify;\">A pr\u00e9sent la presse ne mentionne plus \u00ab\u00a0origine \u00e9lectrique\u00a0\u00bb&#8230;.mais choisit \u00ab\u00a0cause inconnue\u00a0\u00bb ?&#8230; Etonnant !<\/p>\n<p style=\"text-align: center;\">*******\u00a0 **********<\/p>\n<p style=\"text-align: left;\"><strong>Calais : un couple et un b\u00e9b\u00e9 sauv\u00e9s des flammes de leur maison<\/strong><\/p>\n<p style=\"text-align: justify;\">Un violent incendie s\u2019est d\u00e9clar\u00e9 dans une maison rue du Mar\u00e9chal Lannes, dans la nuit de samedi \u00e0 dimanche. Le chien du couple qui vit dans la maison n\u2019a pas pu \u00eatre sauv\u00e9.<\/p>\n<p style=\"text-align: justify;\">&#8230;<\/p>\n<p style=\"text-align: justify;\">Le foyer de l\u2019incendie se serait trouv\u00e9 au rez-de-chauss\u00e9e de l\u2019habitation mais <strong>les causes sont pour le moment inconnues<\/strong>.<\/p>\n<p>&#8230;<\/p>\n<p>Ce\u00a0 dimanche matin, Enedis est toujours sur place pour tenter de r\u00e9tablir l&rsquo;\u00e9lectricit\u00e9 dans tous les logements, rue du Mar\u00e9chal Lannes.<\/p>\n<p style=\"text-align: justify;\"><strong>VdN<\/strong><\/p>\n<p style=\"text-align: center;\">*********** ******<\/p>\n<p style=\"text-align: center;\"><strong>Un pavillon ravag\u00e9 par les flammes \u00e0 Pamiers<\/strong><\/p>\n<p style=\"text-align: justify;\">Un violent incendie a d\u00e9truit une maison, ce vendredi matin, \u00e0 Pamiers. Un important dispositif de secours a \u00e9t\u00e9 d\u00e9ploy\u00e9 notamment car un doute planait sur la pr\u00e9sence des occupants. Au final, aucun bless\u00e9 n\u2019est \u00e0 d\u00e9plorer. Les sinistr\u00e9s seront relog\u00e9s par la municipalit\u00e9.<\/p>\n<p style=\"text-align: justify;\">\u2026<\/p>\n<p style=\"text-align: justify;\">Pour l\u2019heure, <strong>l\u2019origine du sinistre, ma\u00eetris\u00e9 en fin de matin\u00e9e, reste inconnue<\/strong>. Seule l\u2019enqu\u00eate de police permettra de clarifier les circonstances du d\u00e9part de l\u2019incendie.<\/p>\n<p style=\"text-align: justify;\"><a href=\"https:\/\/www.ladepeche.fr\/2020\/12\/05\/un-pavillon-ravage-par-les-flammes-9239375.php\">https:\/\/www.ladepeche.fr\/2020\/12\/05\/un<\/a><\/p>\n","protected":false},"excerpt":{"rendered":"<p>Comme c\u2019est bizarre\u00a0!<\/p>\n","protected":false},"author":4,"featured_media":0,"comment_status":"closed","ping_status":"open","sticky":false,"template":"","format":"standard","meta":{"footnotes":""},"categories":[1],"tags":[],"class_list":["post-6569","post","type-post","status-publish","format-standard","hentry","category-non-classe"],"_links":{"self":[{"href":"https:\/\/collectif-accad.fr\/site\/wp-json\/wp\/v2\/posts\/6569","targetHints":{"allow":["GET"]}}],"collection":[{"href":"https:\/\/collectif-accad.fr\/site\/wp-json\/wp\/v2\/posts"}],"about":[{"href":"https:\/\/collectif-accad.fr\/site\/wp-json\/wp\/v2\/types\/post"}],"author":[{"embeddable":true,"href":"https:\/\/collectif-accad.fr\/site\/wp-json\/wp\/v2\/users\/4"}],"replies":[{"embeddable":true,"href":"https:\/\/collectif-accad.fr\/site\/wp-json\/wp\/v2\/comments?post=6569"}],"version-history":[{"count":3,"href":"https:\/\/collectif-accad.fr\/site\/wp-json\/wp\/v2\/posts\/6569\/revisions"}],"predecessor-version":[{"id":6572,"href":"https:\/\/collectif-accad.fr\/site\/wp-json\/wp\/v2\/posts\/6569\/revisions\/6572"}],"wp:attachment":[{"href":"https:\/\/collectif-accad.fr\/site\/wp-json\/wp\/v2\/media?parent=6569"}],"wp:term":[{"taxonomy":"category","embeddable":true,"href":"https:\/\/collectif-accad.fr\/site\/wp-json\/wp\/v2\/categories?post=6569"},{"taxonomy":"post_tag","embeddable":true,"href":"https:\/\/collectif-accad.fr\/site\/wp-json\/wp\/v2\/tags?post=6569"}],"curies":[{"name":"wp","href":"https:\/\/api.w.org\/{rel}","templated":true}]}}