{"id":6560,"date":"2020-12-12T02:34:25","date_gmt":"2020-12-12T01:34:25","guid":{"rendered":"https:\/\/collectif-accad.fr\/site\/?p=6560"},"modified":"2020-12-07T11:36:02","modified_gmt":"2020-12-07T10:36:02","slug":"phonegate","status":"publish","type":"post","link":"https:\/\/collectif-accad.fr\/site\/phonegate\/","title":{"rendered":"Phonegate"},"content":{"rendered":"<h1 style=\"text-align: left;\"><strong>Le livre\u00a0 de Marc Arazi\u00a0<\/strong><\/h1>\n<p><!--more--><\/p>\n<p style=\"text-align: justify;\"><strong>Ed. Massot Edition ; 20,90 \u20ac<\/strong><\/p>\n<p style=\"text-align: center;\"><strong>Pr\u00e9sentation<\/strong><\/p>\n<p style=\"text-align: justify;\"><strong>Tous mis en danger par nos portables<\/strong><\/p>\n<p style=\"text-align: justify;\">Nous sommes plus de 5 milliards d\u2019utilisateurs de t\u00e9l\u00e9phones dans le monde et nous les gardons pour beaucoup \u00e0 port\u00e9e de nous. Et ce depuis le plus jeune \u00e2ge ! Certains dorment m\u00eame avec.\u00a0On vous ment depuis des ann\u00e9es : VOTRE PORTABLE EST\u00a0DANGEREUX.\u00a0Peu savent que les fabricants de nos chers smartphones nous ont sciemment surexpos\u00e9s aux ondes de nos t\u00e9l\u00e9phones, en truquant les logiciels, comme pour le dieselgate.\u00a0Ce scandale porte un nom : le PHONEGATE.\u00a0Une vaste \u00e9pop\u00e9e d\u00e9but\u00e9e en 2016, avec l\u2019aide de femmes et\u00a0d\u2019hommes courageux \u2013 m\u00e9decins, avocats, politiques, scientifiques, amis et simples b\u00e9n\u00e9voles qui se sont battus au c\u00f4t\u00e9 de Marc Arazi pour faire \u00e9clater la v\u00e9rit\u00e9. Apr\u00e8s la lecture du livre, vous aurez \u00e0 coeur de changer vos usages et surtout celui de vos enfants. Quelques gestes simples peuvent prot\u00e9ger votre sant\u00e9 et celle de vos proches. Vous comprendrez aussi pourquoi un moratoire s\u2019impose avant tout d\u00e9ploiement de la 5G. Nous ne pouvons pas faire confiance aux industriels de la\u00a0t\u00e9l\u00e9phonie mobile ! L\u2019ALERTE EST LANC\u00c9E : Devenez vous aussi un acteur du changement en diffusant ce message.<\/p>\n<p style=\"text-align: center;\">*********** ***********<\/p>\n<p style=\"text-align: left;\"><strong>\u00ab\u00a0Le gouvernement est totalement irresponsable de d\u00e9ployer la 5G !\u00a0\u00bb<\/strong><\/p>\n<p style=\"text-align: justify;\">Une intervention de Marc Arazi :<\/p>\n<p style=\"text-align: justify;\"><a href=\"https:\/\/www.youtube.com\/watch?v=1pC-ccn7VUg&amp;t=8s\">https:\/\/www.youtube.com\/watch?v=1pC-<\/a><\/p>\n<p style=\"text-align: justify;\">************* **********<\/p>\n<p style=\"text-align: justify;\"><strong>Pour en savoir plus<\/strong><\/p>\n<p style=\"text-align: justify;\"><a href=\"http:\/\/arazi.fr\/\">http:\/\/arazi.fr\/<\/a><\/p>\n","protected":false},"excerpt":{"rendered":"<p>Le livre\u00a0 de Marc Arazi\u00a0<\/p>\n","protected":false},"author":4,"featured_media":0,"comment_status":"closed","ping_status":"open","sticky":false,"template":"","format":"standard","meta":{"footnotes":""},"categories":[1],"tags":[],"class_list":["post-6560","post","type-post","status-publish","format-standard","hentry","category-non-classe"],"_links":{"self":[{"href":"https:\/\/collectif-accad.fr\/site\/wp-json\/wp\/v2\/posts\/6560","targetHints":{"allow":["GET"]}}],"collection":[{"href":"https:\/\/collectif-accad.fr\/site\/wp-json\/wp\/v2\/posts"}],"about":[{"href":"https:\/\/collectif-accad.fr\/site\/wp-json\/wp\/v2\/types\/post"}],"author":[{"embeddable":true,"href":"https:\/\/collectif-accad.fr\/site\/wp-json\/wp\/v2\/users\/4"}],"replies":[{"embeddable":true,"href":"https:\/\/collectif-accad.fr\/site\/wp-json\/wp\/v2\/comments?post=6560"}],"version-history":[{"count":1,"href":"https:\/\/collectif-accad.fr\/site\/wp-json\/wp\/v2\/posts\/6560\/revisions"}],"predecessor-version":[{"id":6561,"href":"https:\/\/collectif-accad.fr\/site\/wp-json\/wp\/v2\/posts\/6560\/revisions\/6561"}],"wp:attachment":[{"href":"https:\/\/collectif-accad.fr\/site\/wp-json\/wp\/v2\/media?parent=6560"}],"wp:term":[{"taxonomy":"category","embeddable":true,"href":"https:\/\/collectif-accad.fr\/site\/wp-json\/wp\/v2\/categories?post=6560"},{"taxonomy":"post_tag","embeddable":true,"href":"https:\/\/collectif-accad.fr\/site\/wp-json\/wp\/v2\/tags?post=6560"}],"curies":[{"name":"wp","href":"https:\/\/api.w.org\/{rel}","templated":true}]}}