{"id":6558,"date":"2020-12-08T02:29:55","date_gmt":"2020-12-08T01:29:55","guid":{"rendered":"https:\/\/collectif-accad.fr\/site\/?p=6558"},"modified":"2020-12-07T11:33:22","modified_gmt":"2020-12-07T10:33:22","slug":"installations-electriques-et-risques-electromagnetiques","status":"publish","type":"post","link":"https:\/\/collectif-accad.fr\/site\/installations-electriques-et-risques-electromagnetiques\/","title":{"rendered":"Installations \u00e9lectriques et risques \u00e9lectromagn\u00e9tiques"},"content":{"rendered":"<h1 style=\"text-align: left;\"><strong>Un document de Robin des Toits<\/strong><\/h1>\n<p><!--more--><\/p>\n<p style=\"text-align: justify;\">Vivre ou s\u00e9journer \u00e0 proximit\u00e9 d\u2019ouvrages \u00e9lectriques (moyenne tension, haute tension et tr\u00e8s haute tension) repr\u00e9sente un r\u00e9el danger sanitaire. Ces installations g\u00e9n\u00e8rent des rayonnements \u00e9lectromagn\u00e9tiques, dus au courant alternatif \u00e0 50 Hz (tr\u00e8s basse fr\u00e9quence), incompatibles avec la sant\u00e9 humaine. Et, comme pour les rayonnements des hautes fr\u00e9quences, les autorit\u00e9s savaient&#8230; mais l&rsquo;omerta a continu\u00e9, au d\u00e9triment de nos sant\u00e9s.<\/p>\n<p style=\"text-align: justify;\">M\u00eame EDF a \u00e9t\u00e9 alert\u00e9 en 1983 au sein de son unit\u00e9 de recherche :<\/p>\n<p><a href=\"http:\/\/next-up.org\/pdf\/EDF_Document_Confidentiel_CEM_et_Sante_Publique_Extraits_liberalises.pdf\">http:\/\/next-up.org\/pdf\/EDF_Document_Confide<\/a><\/p>\n<p style=\"text-align: justify;\">Pourtant, et malgr\u00e9 l\u2019intense lobbying des industries \u00e9lectriques, le Centre International de Recherche sur le Cancer (CIRC) a class\u00e9 les champs \u00e9lectromagn\u00e9tiques tr\u00e8s basses fr\u00e9quences en cat\u00e9gorie 2B, canc\u00e9rig\u00e8nes possibles, compte tenu de leur facteur aggravant dans le risque de leuc\u00e9mie et Alzheimer, et ce avant m\u00eame le classement des CEM hautes fr\u00e9quences en 2011.<\/p>\n<p style=\"text-align: justify;\">Les valeurs limites d\u2019exposition (VLE), vot\u00e9es par d\u00e9cret en 2002, ne tiennent pas compte des effets biologiques \u00e0 long terme, et qui peuvent survenir pour une exposition chronique \u00e0 des valeurs 100 fois inf\u00e9rieures \u00e0 ces seuils.<\/p>\n<p style=\"text-align: justify;\"><strong><em>Ces seuils sont de 5 000 Volts\/m pour le champ \u00e9lectrique, et 100 microTeslas pour le champ magn\u00e9tique.<\/em><\/strong><\/p>\n<p style=\"text-align: justify;\">L\u2019instruction du 15 avril 2013 de Delphine Batho, relative \u00e0 l\u2019urbanisation \u00e0 proximit\u00e9 des lignes \u00e9lectriques, recommande de ne pas construire de b\u00e2timents \u00e0 destination de l\u2019enfance \u00e0 moins de 100 m des installations \u00e9lectriques haute tension (voir en fin de ce document) et de ne pas \u00eatre expos\u00e9 \u00e0 plus de 0,4 microTeslas sur une dur\u00e9e moyenne de 24h \u00e0 l\u2019int\u00e9rieur de ces b\u00e2timents.<\/p>\n<p style=\"text-align: justify;\">https:\/\/web.archive.org\/web\/20200803152324\/http:\/\/circulaire.legifrance.gouv.fr\/pdf\/2013\/04\/cir_36823.pdf<\/p>\n<p style=\"text-align: justify;\"><strong><em>Nous pr\u00e9conisons de ne pas s\u00e9journer \u00e0 moins d\u20191m par kV install\u00e9, soit par exemple 400m pour une ligne 400 kV, 20m pour une ligne 20 kV\u2026 <\/em><\/strong><\/p>\n<p style=\"text-align: justify;\"><em>Rappel : 1 kV = 1 000 Volts<\/em><\/p>\n<p style=\"text-align: justify;\"><em>\u00a0<\/em><\/p>\n<p style=\"text-align: justify;\"><strong>\u00c9tudes sanitaires embl\u00e9matiques<\/strong><\/p>\n<p style=\"text-align: justify;\">&#8211; Dans les ann\u00e9es 1960, le Docteur Maschi, \u00e9tudiant les statistiques de sant\u00e9 des enfants \u00e0 proximit\u00e9 des ouvrages \u00e9lectriques Haute Tension, a point\u00e9 une augmentation significative du nombre de scl\u00e9roses en plaques.<\/p>\n<p style=\"text-align: justify;\">https:\/\/www.letelegramme.fr\/ar\/viewarticle1024.php?aaaammjj=20051122&#038;article=11081677&#038;type=ar<\/p>\n<p style=\"text-align: justify;\">&#8211; Alerte aux USA d\u00e8s 1979, une \u00e9tude \u00e9pid\u00e9miologique (Wertheimer et Leeper, 1979), associe des cancers d\u00e9velopp\u00e9s par des enfants dans certaines habitations du Colorado (\u00c9tats-Unis) \u00e0 la pr\u00e9sence de r\u00e9seaux \u00e9lectriques dans leur environnement.<\/p>\n<p style=\"text-align: justify;\">https:\/\/tel.archives-ouvertes.fr\/tel-00498760\/document<\/p>\n<p style=\"text-align: justify;\">&#8211; Une \u00e9tude sur 223 salari\u00e9s d\u2019EDF et Hydroqu\u00e9bec (Canada) par Gilles Th\u00e9riault (1994) et une \u00e9tude Draper (Grande Bretagne, 2005) mettent en \u00e9vidence une augmentation des leuc\u00e9mies infantiles et de cancers du poumon chez les professionnels, si l\u2019exposition moyenne a \u00e9t\u00e9 sup\u00e9rieure \u00e0 0,2 microTeslas<\/p>\n<p style=\"text-align: justify;\">(Valeur Limite d\u2019Exposition = 100 microTeslas).<\/p>\n<p style=\"text-align: justify;\">http:\/\/www.hydroquebec.com\/champs\/pdf\/sommaire_theriault_epidemio.pdf<\/p>\n<p style=\"text-align: justify;\">https:\/\/www.fichier-pdf.fr\/2015\/07\/02\/draper-francais\/?<\/p>\n<p style=\"text-align: justify;\">D\u2019autres \u00e9tudes plus r\u00e9centes soulignent de leur c\u00f4t\u00e9 le lien avec le d\u00e9veloppement de maladies neurod\u00e9g\u00e9n\u00e9ratives.<\/p>\n<p style=\"text-align: justify;\">&#8211; En 2002, le CIRC classe en cat\u00e9gorie 2B les champs \u00e9lectromagn\u00e9tiques tr\u00e8s basses fr\u00e9quences canc\u00e9rig\u00e8nes possibles.<\/p>\n<p style=\"text-align: justify;\">&#8211; Michelle Rivasi (Bruxelles, 2011), lors de la conf\u00e9rence internationale sur les CEM et sant\u00e9, a point\u00e9 le r\u00f4le de facteur aggravant des rayonnements \u00e9lectromagn\u00e9tiques tr\u00e8s basses fr\u00e9quences sur les risques de survenue des leuc\u00e9mies et d\u2019Alzheimer.<\/p>\n<p style=\"text-align: justify;\">http:\/\/www.teslabel.be\/PDF\/Conf_CEM_et_Sante_DG_SANCO_Bruxelles_16-17-nov-2011_Discours_Rivasi.pdf<\/p>\n<p style=\"text-align: justify;\">&#8211; Le 21\/06\/2019, l&rsquo;ANSES a publi\u00e9 le communiqu\u00e9 dont la pr\u00e9sentation est consultable en ligne avec ce lien :<\/p>\n<p style=\"text-align: justify;\">https:\/\/www.anses.fr\/fr\/content\/champs-%C3%A9lectromagn%C3%A9tiques-extr%C3%AAmement-bassesfr%C3%A9quences<\/p>\n<p style=\"text-align: justify;\"><strong>Ce communiqu\u00e9 ne se prononce pas sur les effets biologiques d\u2019une exposition \u00e0 long terme, ce qui peut sous-entendre que le lobbying industriel s\u2019est encore une fois manifest\u00e9 :<\/strong><\/p>\n<p style=\"text-align: justify;\"><em>\u00ab L\u2019Anses publie ce jour une nouvelle expertise sur les effets sanitaires li\u00e9s \u00e0 l\u2019exposition aux champs \u00e9lectromagn\u00e9tiques basses fr\u00e9quences. Au regard des donn\u00e9es disponibles, l\u2019Agence r\u00e9it\u00e8re ses conclusions de 2010 sur l\u2019association possible entre l\u2019exposition aux champs \u00e9lectromagn\u00e9tiques basses fr\u00e9quences et le risque \u00e0 long terme de leuc\u00e9mie infantile, ainsi que sa recommandation de ne pas implanter de nouvelles \u00e9coles \u00e0 proximit\u00e9 des lignes \u00e0 tr\u00e8s haute tension.<\/em><\/p>\n<p style=\"text-align: justify;\"><em>Par ailleurs, l\u2019Agence souligne la n\u00e9cessit\u00e9 de mieux ma\u00eetriser l\u2019exposition en milieu de travail pour certains professionnels susceptibles d\u2019\u00eatre expos\u00e9s \u00e0 des niveaux \u00e9lev\u00e9s de champs \u00e9lectromagn\u00e9tiques, et parmi eux tout particuli\u00e8rement les femmes enceintes. \u00bb<\/em><\/p>\n<p style=\"text-align: justify;\"><em>\u00a0<\/em><\/p>\n<p style=\"text-align: justify;\"><strong>Ouvrages \u00e9lectriques concern\u00e9s<\/strong><\/p>\n<p style=\"text-align: justify;\"><strong><em>Aspects techniques<\/em><\/strong><\/p>\n<p style=\"text-align: justify;\">&#8211; RTE (R\u00e9seau de Transport d\u2019Electricit\u00e9) a la responsabilit\u00e9 de g\u00e9rer les ouvrages haute tension (63, 90, 150 kV) et tr\u00e8s haute tension (225 et 400 kV) ;<\/p>\n<p style=\"text-align: justify;\">&#8211; ENEDIS g\u00e8re le transport et la distribution de l\u2019\u00e9lectricit\u00e9 sur les r\u00e9seaux Moyenne tension (5, 15 et 20 kV) et Basse tension (220 V monophas\u00e9 et 380 V triphas\u00e9).<\/p>\n<p style=\"text-align: justify;\">Pour les deux entreprises, les ouvrages sont constitu\u00e9s par les lignes, postes \u00e9lectriques de r\u00e9partition, transformateurs et groupes de production.<\/p>\n<p style=\"text-align: justify;\">\n<p style=\"text-align: justify;\"><strong><em>Lignes \u00e9lectriques<\/em><\/strong><\/p>\n<p style=\"text-align: justify;\">&#8211; Elles sont le si\u00e8ge de champs \u00e9lectrique et magn\u00e9tique d\u2019autant plus intenses que la tension de la ligne est \u00e9lev\u00e9e et que le courant y circulant est important.<\/p>\n<p style=\"text-align: justify;\">&#8211; La valeur de ce courant d\u00e9pend de l\u2019appel de consommation en temps r\u00e9el dans sa zone de desserte, mais est limit\u00e9e par la capacit\u00e9 de transport de la ligne (section des conducteurs, et leur temp\u00e9rature, qui en augmentant avec l\u2019intensit\u00e9 du courant provoque leur allongement, d\u2019o\u00f9 une courbure qui pourrait provoquer un amor\u00e7age avec le sol).<\/p>\n<p style=\"text-align: justify;\"><strong><em>Attention : de plus en plus de lignes sont enterr\u00e9es, notamment en milieu urbain.Si l\u2019enfouissement permet une r\u00e9duction de la valeur du champ \u00e9lectrique, il n\u2019en va pas de m\u00eame pour le champ magn\u00e9tique dont la valeur n\u2019est gu\u00e8re moindre que pour une ligne a\u00e9rienne. La prudence est de mise, avant d\u2019emm\u00e9nager dans un logement proche de ce type d\u2019ouvrage.<\/em><\/strong><\/p>\n<p style=\"text-align: justify;\"><strong><em>\u00a0<\/em><\/strong><\/p>\n<p style=\"text-align: justify;\"><strong><em>Postes \u00e9lectriques<\/em><\/strong><\/p>\n<p style=\"text-align: justify;\">Il s\u2019agit d\u2019ouvrages de regroupement et de r\u00e9partition (constitu\u00e9s par des \u00ab jeux de barres \u00bb, transformateurs, disjoncteurs et sectionneurs) de lignes \u00e9lectriques.<\/p>\n<p style=\"text-align: justify;\">Ces postes comprennent toujours un ou plusieurs transformateurs pour relier entre elles des lignes de tension diff\u00e9rentes (transformateurs abaisseurs et \u00e9l\u00e9vateurs).<\/p>\n<p style=\"text-align: justify;\">Ces postes sont toujours reli\u00e9s, par antenne-relais \u00e9mettant des radiofr\u00e9quences, au Centre de Contr\u00f4le (dispatching) qui en assure la conduite.<\/p>\n<p style=\"text-align: justify;\">\n<p style=\"text-align: justify;\"><strong><em>Groupes de production<\/em><\/strong><\/p>\n<p style=\"text-align: justify;\">&#8211; Groupes thermiques \u00ab classiques \u00e0 flamme \u00bb (charbon, fuel, gaz), de moins en moins utilis\u00e9s, sauf ceux fonctionnant au gaz (turbines \u00e0 gaz et cycles combin\u00e9s gaz) ;<\/p>\n<p style=\"text-align: justify;\">&#8211; Centrales thermiques nucl\u00e9aires ;<\/p>\n<p style=\"text-align: justify;\">&#8211; Centrales solaires thermiques ;<\/p>\n<p style=\"text-align: justify;\">&#8211; \u00c9nergies renouvelables : centrales hydrauliques (barrages, retenues interm\u00e9diaires, fil de l\u2019eau et Stations de Transfert d\u2019\u00c9nergie par Pompage, STEP), parcs \u00e9oliens industriels, centrales photovolta\u00efques, biomasse,<\/p>\n<p style=\"text-align: justify;\">\u2026<\/p>\n<p style=\"text-align: justify;\">Ces groupes sont constitu\u00e9s :<\/p>\n<p style=\"text-align: justify;\">&#8211; Pour les thermiques, d\u2019une chaudi\u00e8re et d\u2019un g\u00e9n\u00e9rateur de vapeur ;<\/p>\n<p style=\"text-align: justify;\">&#8211; Pour les centrales hydrauliques, d\u2019une turbine ;<\/p>\n<p style=\"text-align: justify;\">&#8211; Pour les parcs \u00e9oliens, de pales en rotation (300 Km\/h en extr\u00e9mit\u00e9 de pale).<\/p>\n<p style=\"text-align: justify;\">Tous les groupes de production ont un alternateur, qui transforme l\u2019\u00e9nergie m\u00e9canique ou thermique en un courant alternatif 50Hz.<\/p>\n<p style=\"text-align: justify;\">Ces alternateurs sont bruyants et \u00e9mettent d\u2019intenses champs \u00e9lectromagn\u00e9tiques.<\/p>\n<p style=\"text-align: justify;\">Toutes ces machines industrielles, par leurs vibrations, g\u00e9n\u00e8rent des infrasons (f &lt; 20Hz), inaudibles, mais qui se propagent sans att\u00e9nuation sur 10 km et plus, par le sol et par l\u2019air.<\/p>\n<p style=\"text-align: justify;\">Les sympt\u00f4mes sur les \u00eatres vivants, provoqu\u00e9s par ces infrasons, sont tr\u00e8s similaires \u00e0 ceux de l\u2019\u00e9lectrohypersensibilit\u00e9, et sont tr\u00e8s document\u00e9s dans le cas de l\u2019\u00e9olien industriel.<\/p>\n<p style=\"text-align: justify;\"><a href=\"https:\/\/www.afm-sicem.fr\/images\/images\/infrasons-et-sant-humaine-NL-2011.pdf\">https:\/\/www.afm-sicem.fr\/images\/images\/in<\/a><\/p>\n<p style=\"text-align: justify;\">\n<p style=\"text-align: justify;\"><strong><em>Les transformateurs<\/em><\/strong><\/p>\n<p style=\"text-align: justify;\">Il est malheureusement trop fr\u00e9quent que des transformateurs Moyenne\/Basse tension soient install\u00e9s pour alimenter des immeubles, \u00e0 proximit\u00e9 imm\u00e9diate des logements.<\/p>\n<p style=\"text-align: justify;\">Ils sont bruyants, on les entend jusqu&rsquo;\u00e0 30 m (toutefois les plus r\u00e9cents le sont moins que les anciens).<\/p>\n<p style=\"text-align: justify;\">Ils \u00e9mettent de forts champs magn\u00e9tiques, et leur dispositif de mise \u00e0 la terre g\u00e9n\u00e8re des courants vagabonds qui polluent les circuits de terre des usagers qui sont dans le voisinage.<\/p>\n<p style=\"text-align: justify;\">Il est recommand\u00e9 de ne pas habiter \u00e0 moins de 30 m de ces appareils.<\/p>\n<p style=\"text-align: justify;\">On peut toujours tenter de n\u00e9gocier soit un d\u00e9placement du transfo (pas \u00e9vident car on\u00e9reux pour EDF), soit son remplacement si trop bruyant, ou demander une meilleure isolation acoustique (pas \u00e9vident non plus).<\/p>\n<p style=\"text-align: justify;\"><strong><em>Important : L\u2019intensit\u00e9 des champs \u00e9lectriques et magn\u00e9tiques d\u00e9cro\u00eet avec le carr\u00e9 de la distance vis \u00e0 vis de la source. La meilleure protection est donc de rester \u00e0 une distance de s\u00e9curit\u00e9 envers ces installations, et d\u2019en tenir compte pour l\u2019emplacement de son habitat.<\/em><\/strong><\/p>\n<p style=\"text-align: justify;\"><strong><em>\u00a0<\/em><\/strong><\/p>\n<p style=\"text-align: justify;\"><strong>Le courant alternatif 50 Hz dans son logement<\/strong><\/p>\n<p style=\"text-align: justify;\">En aval du disjoncteur g\u00e9n\u00e9ral de votre alimentation, l\u2019installation \u00e9lectrique est votre propri\u00e9t\u00e9 priv\u00e9e. Il vous appartient donc de prendre les dispositions indispensables pour limiter les risques sanitaires associ\u00e9s \u00e0 la circulation du courant alternatif 50Hz dans les c\u00e2bles parcourant vos murs, et raccordant vos appareils \u00e9lectriques.<\/p>\n<p style=\"text-align: justify;\"><strong><em>\u00a0<\/em><\/strong><\/p>\n<p style=\"text-align: justify;\"><strong><em>Quelques informations techniques<\/em><\/strong><\/p>\n<p style=\"text-align: justify;\">C\u2019est la circulation du courant alternatif dans les conducteurs de la phase et du neutre, qui g\u00e9n\u00e8re les champs \u00e9lectrique et magn\u00e9tique.<\/p>\n<p style=\"text-align: justify;\">Utiliser des gaines blind\u00e9es pour faire passer les c\u00e2bles att\u00e9nue le champ \u00e9lectrique.<\/p>\n<p style=\"text-align: justify;\"><strong><em>Le champ magn\u00e9tique est inversement proportionnel \u00e0 la distance d\u2019\u00e9cartement des c\u00e2bles de phase et de neutre, leur torsade permet de le r\u00e9duire.<\/em><\/strong><\/p>\n<p style=\"text-align: justify;\"><strong>Pour limiter l\u2019exposition aux champs \u00e9lectriques et magn\u00e9tiques du 50 Hz, voici quelques suggestions :<\/strong><\/p>\n<p style=\"text-align: justify;\">&#8211; Ne pas laisser inutilement vos appareils branch\u00e9s ou en veille si vous ne vous en servez pas. Par exemple, une lampe \u00e9teinte, mais raccord\u00e9e \u00e0 une prise murale, donc sous tension \u00e0 vide, pr\u00e9sente un champ \u00e9lectrique entre la prise et l\u2019interrupteur. Un appareil en veille (TV, ordinateur\u2026) consomme de l\u2019\u00e9lectricit\u00e9, g\u00e9n\u00e8re un champ \u00e9lectrique dans le c\u00e2ble le raccordant et aussi un champ magn\u00e9tique, car ces appareils, fonctionnant en courant continu, ont une alimentation avec un transfo qui rayonne un champ magn\u00e9tique.<\/p>\n<p style=\"text-align: justify;\">&#8211; Raccorder les ordinateurs (surtout ceux portables), Box internet\u2026 \u00e0 la terre \u00e9lectrique de votre logement, par le biais de c\u00e2bles sp\u00e9cifiques pouvant se raccorder au port USB de l\u2019appareil : la plupart des appareils \u00e9lectroniques actuels n\u2019ont plus de prise de terre, et sont le si\u00e8ge d\u2019un important champ \u00e9lectrique, les raccorder \u00e0 la terre l\u2019abaisse.<\/p>\n<p style=\"text-align: justify;\">&#8211; V\u00e9rifier ou faire v\u00e9rifier qu\u2019il n\u2019y a pas inversion de la phase et du neutre sur vos prises, car si c\u2019est le cas, le champ \u00e9lectrique sera plus important.<\/p>\n<p style=\"text-align: justify;\">&#8211; Les c\u00e2bles \u00e9lectriques circulant la plupart du temps dans les murs, \u00e9viter d\u2019avoir la t\u00eate du lit trop \u00e0 proximit\u00e9 d\u2019un mur.<\/p>\n<p style=\"text-align: justify;\">&#8211; Id\u00e9alement, ouvrir, sur le tableau \u00e9lectrique, l\u2019interrupteur d\u2019alimentation des chambres la nuit, quand c\u2019est possible, ou s\u2019\u00e9quiper d\u2019interrupteurs automatiques de champs.<\/p>\n<p style=\"text-align: justify;\">&#8211; \u00c9viter d\u2019utiliser les lampes basse consommation, tubes fluorescents pour l\u2019\u00e9clairage. M\u00eame les LED pr\u00e9sentent des risques pour la r\u00e9tine (lumi\u00e8re bleue), et sont parfois le si\u00e8ge de champs magn\u00e9tiques. Pr\u00e9f\u00e9rer les lampes halog\u00e8nes.<\/p>\n<p style=\"text-align: justify;\">\n<p style=\"text-align: justify;\"><strong>Les recommandations de Robin des Toits<\/strong><\/p>\n<p style=\"text-align: justify;\">R\u00e9seau \u00e9lectrique 50 Hz (TBF) Haute et Moyenne tension (20 \u00e0400 KV)\u00a0:<\/p>\n<p style=\"text-align: justify;\">&#8211; Ne pas habiter ou s\u00e9journer \u00e0 moins de 1m par kV, soit par exemple \u00e0 moins de 20m pour une ligne de 20 kV<\/p>\n<p style=\"text-align: justify;\">&#8211; Idem pour la proximit\u00e9 avec un transformateur, une usine de production (proximit\u00e9 d\u2019alternateurs) et un poste \u00e9lectrique<\/p>\n<p style=\"text-align: justify;\">R\u00e9seau \u00e9lectrique, 50 Hz domestique\u00a0:<\/p>\n<p style=\"text-align: justify;\">&#8211; Ne pas laisser les appareils en veille (surtout ceux avec \u00e9lectronique)<\/p>\n<p style=\"text-align: justify;\">&#8211; La nuit, d\u00e9brancher les appareils proches du lit, voire couper l\u2019alimentation \u00e9lectrique de la chambre<\/p>\n<p style=\"text-align: justify;\">&#8211; Eviter les alimentations type \u00ab va et vient \u00bb<\/p>\n<p style=\"text-align: justify;\">&#8211; Disposer d\u2019un r\u00e9seau de terre correct (10 Ohms &lt; Z maison &lt; 50 Ohms)<\/p>\n<p style=\"text-align: justify;\">&#8211; Blindage\/torsadage des c\u00e2bles<\/p>\n","protected":false},"excerpt":{"rendered":"<p>Un document de Robin des Toits<\/p>\n","protected":false},"author":4,"featured_media":0,"comment_status":"closed","ping_status":"open","sticky":false,"template":"","format":"standard","meta":{"footnotes":""},"categories":[1],"tags":[],"class_list":["post-6558","post","type-post","status-publish","format-standard","hentry","category-non-classe"],"_links":{"self":[{"href":"https:\/\/collectif-accad.fr\/site\/wp-json\/wp\/v2\/posts\/6558","targetHints":{"allow":["GET"]}}],"collection":[{"href":"https:\/\/collectif-accad.fr\/site\/wp-json\/wp\/v2\/posts"}],"about":[{"href":"https:\/\/collectif-accad.fr\/site\/wp-json\/wp\/v2\/types\/post"}],"author":[{"embeddable":true,"href":"https:\/\/collectif-accad.fr\/site\/wp-json\/wp\/v2\/users\/4"}],"replies":[{"embeddable":true,"href":"https:\/\/collectif-accad.fr\/site\/wp-json\/wp\/v2\/comments?post=6558"}],"version-history":[{"count":1,"href":"https:\/\/collectif-accad.fr\/site\/wp-json\/wp\/v2\/posts\/6558\/revisions"}],"predecessor-version":[{"id":6559,"href":"https:\/\/collectif-accad.fr\/site\/wp-json\/wp\/v2\/posts\/6558\/revisions\/6559"}],"wp:attachment":[{"href":"https:\/\/collectif-accad.fr\/site\/wp-json\/wp\/v2\/media?parent=6558"}],"wp:term":[{"taxonomy":"category","embeddable":true,"href":"https:\/\/collectif-accad.fr\/site\/wp-json\/wp\/v2\/categories?post=6558"},{"taxonomy":"post_tag","embeddable":true,"href":"https:\/\/collectif-accad.fr\/site\/wp-json\/wp\/v2\/tags?post=6558"}],"curies":[{"name":"wp","href":"https:\/\/api.w.org\/{rel}","templated":true}]}}