{"id":6554,"date":"2020-12-09T02:26:10","date_gmt":"2020-12-09T01:26:10","guid":{"rendered":"https:\/\/collectif-accad.fr\/site\/?p=6554"},"modified":"2020-12-07T11:28:14","modified_gmt":"2020-12-07T10:28:14","slug":"temoignages-apres-incendies","status":"publish","type":"post","link":"https:\/\/collectif-accad.fr\/site\/temoignages-apres-incendies\/","title":{"rendered":"T\u00e9moignages apr\u00e8s incendies"},"content":{"rendered":"<h1 style=\"text-align: left;\"><strong>Cela se passe dans la commune d&rsquo;Yffiniac (C\u00f4tes d&rsquo;Armor<\/strong><strong>\u200c<\/strong><strong>)<\/strong><\/h1>\n<p style=\"text-align: justify;\"><!--more--><br \/>\nC&rsquo;est pas pour moi mais pour le couple avec 3 enfants d&rsquo;Yffiniac qui a perdu son logement qui a besoin de soutien, ils viennent de d\u00e9bourser 550 \u20ac de g\u00eete et 1400 pour un nouveau logement<\/p>\n<p style=\"text-align: justify;\">Comme l&rsquo;article n&rsquo;indiquait pas si c&rsquo;\u00e9tait un Linky j&rsquo;ai pris contact avec le p\u00e8re de famille Dany Lhermusier, et je dois dire que c&rsquo;est hallucinant ce qu&rsquo;il m&rsquo;a racont\u00e9 sur messenger et par t\u00e9l\u00e9phone. Il m&rsquo;a confirm\u00e9 que c&rsquo;\u00e9tait bien un Linky, depuis 1 an, la veille ils avaient fait fonctionner l&rsquo;appareil \u00e0 raclette, dans la soir\u00e9e ils ont senti une odeur de br\u00fbl\u00e9, sans s&rsquo;inqui\u00e9ter plus que \u00e7a.<\/p>\n<p style=\"text-align: justify;\">Il me dit qu&rsquo;ils ont entendu un son ressemblant \u00e0 un micro ondes en marche comme une tension.<\/p>\n<p style=\"text-align: justify;\">Quand l&rsquo;\u00e9lectricit\u00e9 a \u00e9t\u00e9 coup\u00e9e chez eux, une coupure a eu lieu \u00e9galement chez leurs voisins. Il m&rsquo;a \u00e9galement racont\u00e9 que quelques jours avant il prenait sa douche et un arc \u00e9lectrique \u00e9tait sorti d&rsquo;une prise. Il m&rsquo;a \u00e9galement rapport\u00e9 qu&rsquo;un logement pr\u00e8s la mairie avait br\u00fbl\u00e9, et un autre cette fois ci avec un mort br\u00fbl\u00e9 vif, sans que des explications sur ces sinistres soient apport\u00e9es. Il me dit que son assurance n&rsquo;a rien pris en charge au niveau des frais.<\/p>\n<p style=\"text-align: justify;\"><strong>\u00a0L&rsquo;association Ond&rsquo;ic Pordic 22590<\/strong><\/p>\n<p style=\"text-align: center;\">***************\u00a0\u00a0\u00a0\u00a0 *************<\/p>\n<p style=\"text-align: left;\"><strong><span style=\"font-size: 14pt;\">C\u00f4tes-d\u2019Armor. Apr\u00e8s l\u2019incendie, ils ne trouvent pas o\u00f9 poser leurs valises<\/span><\/strong><\/p>\n<p style=\"text-align: justify;\">Avec leurs trois enfants en bas \u00e2ge, ils ont d\u00fb quitter leur location \u00e0 Yffiniac (C\u00f4tes-d\u2019Armor) jeudi 8 octobre au soir, apr\u00e8s un incendie. Depuis, le couple cherche activement un nouveau logement, durable, en vain pour l\u2019instant.<\/p>\n<p style=\"text-align: justify;\">\u00a0Appel \u00e0 l\u2019aide\u00a0! Recherche maison ou g\u00eete pouvant accueillir un couple et ses trois enfants en urgence apr\u00e8s un incendie jeudi 8\u00a0octobre au soir. L\u2019assurance ne leur propose que dix jours d\u2019h\u00f4tel\u00a0\u2026 Le message diffus\u00e9 sur <a href=\"https:\/\/www.ouest-france.fr\/high-tech\/facebook\/\"><em>Facebook<\/em><\/a> concerne Daphn\u00e9 Dehan et Dany L\u2019Hermusier, leur fils de 7\u00a0ans et leurs jumelles de 2\u00a0ans.<\/p>\n<p style=\"text-align: justify;\">Lui est b\u00fbcheron, elle en cong\u00e9 parental. La maison, qu\u2019ils louent depuis quatre ans au Pont-Ranton, dans la campagne d\u2019<a href=\"https:\/\/www.ouest-france.fr\/bretagne\/yffiniac-22120\/\">Yffiniac<\/a> (<a href=\"https:\/\/www.ouest-france.fr\/bretagne\/cotes-d-armor\/\">C\u00f4tes-d\u2019Armor<\/a>), a en effet \u00e9t\u00e9 la proie d\u2019un d\u00e9but d\u2019incendie et n\u2019est plus habitable. Ce soir-l\u00e0, le feu s\u2019est d\u00e9clar\u00e9 vers 22\u00a0h\u00a030, au niveau du tableau \u00e9lectrique, dans la buanderie. \u00a0L\u2019\u00e9lectricit\u00e9 venait de se couper subitement, raconte Daphn\u00e9 Dehan. Heureusement que Dany est all\u00e9 voir le compteur, c\u2019est l\u00e0 qu\u2019il a d\u00e9couvert que \u00e7a br\u00fblait. Si \u00e7a avait eu lieu pendant notre sommeil, \u00e7a aurait \u00e9t\u00e9 terrible\u2026<\/p>\n<p style=\"text-align: justify;\"><strong>Des maisons pas libres ou des appartements trop petits<\/strong><\/p>\n<p style=\"text-align: justify;\">Les pompiers ont \u00e9teint les flammes avant qu\u2019elles ne se propagent, cependant la maison ne pourra pas \u00eatre r\u00e9occup\u00e9e de sit\u00f4t. D\u2019ores et d\u00e9j\u00e0, l\u2019installation \u00e9lectrique, d\u00e9truite, semble \u00e0 refaire enti\u00e8rement.<\/p>\n<p style=\"text-align: justify;\">Le couple ne sait donc pas o\u00f9 poser ses valises de fa\u00e7on p\u00e9renne. \u00a0Le soir de l\u2019incendie, l\u2019adjointe au maire Isabelle Plaze est venue voir si nous avions besoin d\u2019un logement, de bons alimentaires ou de v\u00eatements. Nous avons pass\u00e9 la nuit chez mon fr\u00e8re et ma belle-s\u0153ur, \u00e0 Pl\u00e9dran, et le lendemain, j\u2019ai appel\u00e9 tous les num\u00e9ros de la liste de logements fournie par la mairie. Les maisons n\u2019\u00e9taient pas libres et les appartements trop petits. J\u2019ai appel\u00e9 les agences, rien non plus. L\u2019assurance nous a propos\u00e9s dix nuits d\u2019h\u00f4tel, mais ce n\u2019est pas adapt\u00e9 \u00e0 notre famille.<\/p>\n<p style=\"text-align: justify;\">Apr\u00e8s deux nuits chez son fr\u00e8re, la famille a trouv\u00e9 un g\u00eete pour une semaine, rue de la Fontaine, \u00e0 360\u00a0\u20ac. \u00a0L\u2019assurance le prendra-t-elle en charge\u00a0?<\/p>\n<p style=\"text-align: justify;\"><strong>\u00ab\u00a0J\u2019ai d\u00e9j\u00e0 pass\u00e9 60\u00a0coups de fil, sans succ\u00e8s\u00a0\u00bb<\/strong><\/p>\n<p style=\"text-align: justify;\">Que ce soit pour un relogement provisoire ou pour une location \u00e0 longs termes, le couple ne trouve aucune maison, bien qu\u2019il \u00e9tende ses recherches \u00e0 Quessoy, Tr\u00e9gueux, H\u00e9non, Saint-Julien\u2026 \u00a0J\u2019ai d\u00e9j\u00e0 pass\u00e9 soixante coups de fil, sans succ\u00e8s, poursuit Daphn\u00e9.\u00a0Je pensais qu\u2019\u00e9tant assur\u00e9e, l\u2019assurance prenait en charge la recherche de logement, mais non, c\u2019est \u00e0 nous de tout faire.\u00a0 Au stress d\u2019avoir subi un sinistre, s\u2019ajoute celui des d\u00e9marches compliqu\u00e9es et de l\u2019incertitude des lendemains avec trois enfants.<\/p>\n<p style=\"text-align: justify;\"><a href=\"https:\/\/www.ouest-france.fr\/bretagne\/yffiniac-22120\/yffiniac-apres-l-incendie-ils-ne-trouvent-pas-ou-poser-leurs-valises-7010147\">https:\/\/www.ouest-france.fr\/bretagne\/yf<\/a><\/p>\n<p style=\"text-align: justify;\"><strong>********\u00a0\u00a0\u00a0 ********<\/strong><\/p>\n<p style=\"text-align: justify;\"><strong>Un compteur Linky prend feu \u00e0 Saint-Paul-Trois-Ch\u00e2teaux (Dr\u00f4me)<\/strong><\/p>\n<p style=\"text-align: justify;\"><strong>Des habitants de Saint-Paul-Trois-Ch\u00e2teaux ont vu leur compteur Linky br\u00fbler ce dimanche matin. Eux sont persuad\u00e9s que l&rsquo;installation est d\u00e9fectueuse. Le compteur n&rsquo;est pas en cause selon Enedis qui parle d&rsquo;un incident \u00e9lectrique sur le r\u00e9seau en amont. <\/strong><\/p>\n<p style=\"text-align: justify;\">Un couple a vu son compteur Linky s&rsquo;enflammer ce dimanche matin \u00e0 Saint-Paul-Trois-Ch\u00e2teaux (Dr\u00f4me). Les pompiers ont rapidement \u00e9teint l&rsquo;incendie mais <strong>le compteur \u00e9lectrique situ\u00e9 \u00e0 l&rsquo;ext\u00e9rieur de la maison a compl\u00e8tement fondu.<\/strong> <em>\u00ab\u00a0Heureusement qu&rsquo;il n&rsquo;\u00e9tait pas \u00e0 l&rsquo;int\u00e9rieur du logement, sinon il y aurait eu pas mal de d\u00e9g\u00e2ts\u00a0\u00bb<\/em>, t\u00e9moigne Anne, l&rsquo;occupante des lieux.<\/p>\n<p style=\"text-align: justify;\">Elle en est convaincue, l&rsquo;incendie est s\u00fbrement li\u00e9 \u00e0 un d\u00e9faut du compteur, <em>\u00ab\u00a0En quinze ans nous n&rsquo;avons eu aucun probl\u00e8me avec notre ancienne installation, l\u00e0 \u00e7a fait six mois que nous avons un compteur Linky et voil\u00e0 le r\u00e9sultat.\u00a0\u00bb<\/em> <strong>Le couple envisage de porter plainte contre Enedis.<\/strong><\/p>\n<p style=\"text-align: justify;\">\u00ab\u00a0Nous n&rsquo;avons aucun cas de d\u00e9part de feu li\u00e9 \u00e0 un d\u00e9faut de compteur Linky\u00a0\u00bb &#8211; Responsable d&rsquo;agence Enedis \u00e0 Valence<\/p>\n<p style=\"text-align: justify;\">Une \u00e9quipe d&rsquo;Enedis s&rsquo;est tr\u00e8s vite rendue sur place, les techniciens ont install\u00e9 un nouveau compteur Linky. <em>\u00ab\u00a0Les courts-circuits dans un coffret peuvent \u00eatre de multiples origines\u00a0\u00bb<\/em>, explique Pascal Baude, responsable d&rsquo;agence Enedis \u00e0 Valence. \u00c7<em>a peut \u00eatre un animal qui est rentr\u00e9 dans la logette, la logette qui est rest\u00e9e ouverte et la pluie qui est rentr\u00e9e \u00e0 l&rsquo;int\u00e9rieur.\u00a0\u00bb<\/em> En l&rsquo;occurrence, il s&rsquo;agirait d&rsquo;un incident sur le r\u00e9seau en amont du compteur.<\/p>\n<p style=\"text-align: justify;\"><strong>Le compteur lui-m\u00eame n&rsquo;est pas en cause<\/strong> selon Enedis. <em>\u00ab\u00a0Des \u00e9tudes ind\u00e9pendantes l&rsquo;ont prouv\u00e9. Depuis le d\u00e9but du d\u00e9ploiement, nous n&rsquo;avons eu aucun cas de d\u00e9part de feu li\u00e9 \u00e0 un d\u00e9faut de compteur Linky\u00a0\u00bb<\/em>, insiste Pascal Baude.<\/p>\n<p style=\"text-align: justify;\">\u2026<\/p>\n<p style=\"text-align: justify;\"><strong>Pour voir une vid\u00e9o\u00a0:<\/strong><\/p>\n<p style=\"text-align: justify;\"><a href=\"https:\/\/www.francebleu.fr\/infos\/faits-divers-justice\/video-un-compteur-linky-prend-feu-a-saint-paul-trois-chateaux-dans-la-drome-1604865955\">https:\/\/www.francebleu.fr\/infos\/faits-diver<\/a><\/p>\n<p style=\"text-align: justify;\"><strong>\u00a0<\/strong><\/p>\n<p style=\"text-align: justify;\"><strong>Commentaire<\/strong><\/p>\n<p style=\"text-align: justify;\">On savait \u00e0 l\u2019avance qu\u2019Enedis dirait que le compteur n\u2019est pas en cause\u00a0! Comme c\u2019est bizarre\u00a0!<\/p>\n<p style=\"text-align: justify;\">\n","protected":false},"excerpt":{"rendered":"<p>Cela se passe dans la commune d&rsquo;Yffiniac (C\u00f4tes d&rsquo;Armor\u200c)<\/p>\n","protected":false},"author":4,"featured_media":0,"comment_status":"closed","ping_status":"open","sticky":false,"template":"","format":"standard","meta":{"footnotes":""},"categories":[1],"tags":[],"class_list":["post-6554","post","type-post","status-publish","format-standard","hentry","category-non-classe"],"_links":{"self":[{"href":"https:\/\/collectif-accad.fr\/site\/wp-json\/wp\/v2\/posts\/6554","targetHints":{"allow":["GET"]}}],"collection":[{"href":"https:\/\/collectif-accad.fr\/site\/wp-json\/wp\/v2\/posts"}],"about":[{"href":"https:\/\/collectif-accad.fr\/site\/wp-json\/wp\/v2\/types\/post"}],"author":[{"embeddable":true,"href":"https:\/\/collectif-accad.fr\/site\/wp-json\/wp\/v2\/users\/4"}],"replies":[{"embeddable":true,"href":"https:\/\/collectif-accad.fr\/site\/wp-json\/wp\/v2\/comments?post=6554"}],"version-history":[{"count":1,"href":"https:\/\/collectif-accad.fr\/site\/wp-json\/wp\/v2\/posts\/6554\/revisions"}],"predecessor-version":[{"id":6555,"href":"https:\/\/collectif-accad.fr\/site\/wp-json\/wp\/v2\/posts\/6554\/revisions\/6555"}],"wp:attachment":[{"href":"https:\/\/collectif-accad.fr\/site\/wp-json\/wp\/v2\/media?parent=6554"}],"wp:term":[{"taxonomy":"category","embeddable":true,"href":"https:\/\/collectif-accad.fr\/site\/wp-json\/wp\/v2\/categories?post=6554"},{"taxonomy":"post_tag","embeddable":true,"href":"https:\/\/collectif-accad.fr\/site\/wp-json\/wp\/v2\/tags?post=6554"}],"curies":[{"name":"wp","href":"https:\/\/api.w.org\/{rel}","templated":true}]}}