{"id":6539,"date":"2020-12-11T02:51:08","date_gmt":"2020-12-11T01:51:08","guid":{"rendered":"https:\/\/collectif-accad.fr\/site\/?p=6539"},"modified":"2020-12-09T10:07:08","modified_gmt":"2020-12-09T09:07:08","slug":"ni-metro-ni-boulot-ni-dodo","status":"publish","type":"post","link":"https:\/\/collectif-accad.fr\/site\/ni-metro-ni-boulot-ni-dodo\/","title":{"rendered":"Ni m\u00e9tro, ni boulot, ni dodo"},"content":{"rendered":"<h1 style=\"text-align: left;\"><strong>L\u2019exclusion des EHS (E<\/strong><strong>lectroHyperSensibles<\/strong>)<\/h1>\n<p><!--more--><\/p>\n<p>Une \u00e9tude r\u00e9alis\u00e9e \u00e0 Lyon met en lumi\u00e8re la gal\u00e8re quotidienne des personnes EHS qui doivent d\u00e9velopper diverses strat\u00e9gies pour tenter de vivre le plus normalement possible en ville.<\/p>\n<p style=\"text-align: justify;\">Parmi les \u00e9lectro-hypersensibles, il y a les cas les plus dramatiques, ces personnes contraintes de vivre <a href=\"https:\/\/refuser-compteur-linky.fr\/ehs-quon-nous-laisse-vivre\/\">totalement recluses<\/a> pour rester \u00e0 l\u2019abri des ondes. Et puis, il y a tout un bataillon de cas moins graves, qui vivent tant bien que mal avec leur handicap. Une \u00e9tude commandit\u00e9e par la m\u00e9tropole de Lyon a \u00e9tudi\u00e9 <em>\u00abl\u2019acc\u00e8s \u00e0 la ville des personnes \u00e9lectrohypersensibles\u00bb<\/em>. Quelles sont les cons\u00e9quences de la multiplication des ondes \u00e9lectromagn\u00e9tiques en ville sur leur quotidien? Et comment faire pour tenter de vivre avec?<\/p>\n<p style=\"text-align: justify;\">En se basant sur les t\u00e9moignages d\u2019EHS (assez peu, disons-le), les enqu\u00eateur\u00b7rices ont pu d\u00e9gager quelques grandes lignes : la n\u00e9cessit\u00e9 de d\u00e9m\u00e9nager pour trouver un logement peu expos\u00e9, les zones trop denses \u00e0 \u00e9viter, les manifs qu\u2019on d\u00e9laisse, les sorties entre ami\u00b7es auxquelles on renonce\u2026<\/p>\n<p style=\"text-align: justify;\">Parmi toutes ces contraintes, les d\u00e9placements, notamment, doivent faire l\u2019objet de certaines strat\u00e9gies : il faut privil\u00e9gier la marche \u00e0 pied, le v\u00e9lo et la trottinette lorsque la m\u00e9t\u00e9o le permet, tout en contournant les zones trop irradi\u00e9es. Le bus pose probl\u00e8me, surtout durant les heures de pointe. Comme beaucoup de passagers profitent de leur trajet pour t\u00e9l\u00e9phoner ou se connecter \u00e0 internet, l\u2019atmosph\u00e8re \u00e9lectromagn\u00e9tique devient vite insupportable.<\/p>\n<p style=\"text-align: justify;\"><strong>PLUS DE 3 MILLIONS DE FRAN\u00c7AIS TOUCH\u00c9S<\/strong><\/p>\n<p style=\"text-align: justify;\">Le m\u00e9tro \u00e9tait encore r\u00e9cemment pris\u00e9 par les EHS. Mais nos d\u00e9cideurs ont trouv\u00e9 <a href=\"https:\/\/www.zoneadsl.com\/couverture-mobile\/transports\/paris-75000\/ligne-1.html\">formidable<\/a> de le doter d\u2019un r\u00e9seau 4G pour que les usager\u00b7es ne soient pas priv\u00e9s de connexion durant leurs trajets sous terre. Les EHS doivent donc \u00e9galement s\u2019en passer.<\/p>\n<p style=\"text-align: justify;\">Les gares sont aussi des lieux particuli\u00e8rement expos\u00e9s. Forte densit\u00e9 de population, t\u00e9l\u00e9phones en fonctionnement, bornes wi-fi ou <a href=\"https:\/\/refuser-compteur-linky.fr\/les-cobayes-de-la-5g\/\">exp\u00e9rimentations de la 5G<\/a>\u2026 Le mieux est d\u2019y rester le moins possible : il s\u2019agit donc d\u2019arriver juste avant le d\u00e9part pour sauter dans son wagon et s\u2019\u00e9loigner imm\u00e9diatement. Mais l\u00e0 encore, les choses ne se sont pas am\u00e9lior\u00e9es, puisque les trains sont \u00e9quip\u00e9s de r\u00e9seaux wi-fi embarqu\u00e9s.<\/p>\n<p style=\"text-align: justify;\">Pour les EHS, le m\u00e9tro-boulot-dodo n\u2019est pas possible : m\u00e9tro, c\u2019est non. Dodo, c\u2019est souvent difficile (l\u2019un des sympt\u00f4mes de l\u2019EHS est l\u2019insomnie). Et pour le boulot, c\u2019est gu\u00e8re mieux. Un enqu\u00eat\u00e9 a d\u00fb d\u00e9missionner de son emploi, une autre ne peut plus aller \u00e0 la fac : <em>\u00abJ\u2019aime plus la fac\u2026 Quand je vais en amphi, il faut que je demande \u00e0 tout le monde d\u2019\u00e9teindre les portables, il faut que j\u2019explique pourquoi, enfin c\u2019est\u2026 C\u2019est lourd, du coup j\u2019aime plus.\u00bb<\/em><\/p>\n<p style=\"text-align: justify;\">Selon <a href=\"https:\/\/refuser-compteur-linky.fr\/das-tronc-anses\/\">l\u2019Anses<\/a>, l\u2019\u00e9lectro-hypersensibilit\u00e9 pourrait toucher 5 % de la population fran\u00e7aise. Ce qui, avec cet exemple de la m\u00e9tropole lyonnaise, repr\u00e9sente 70.000 personnes, et plus de 3 millions de personnes en France. Et \u00e7a non plus, \u00e7a ne va pas aller en s\u2019am\u00e9liorant.<\/p>\n<p style=\"text-align: justify;\"><strong>\u00a0<\/strong><\/p>\n<p style=\"text-align: justify;\"><strong>Nicolas B\u00e9rard<\/strong><\/p>\n<p style=\"text-align: justify;\"><strong>Cet article est directement extrait du n\u00b0 157 du journal <em>L\u2019\u00e2ge de faire<\/em>, un mensuel ind\u00e9pendant et sans publicit\u00e9. <\/strong><\/p>\n<p style=\"text-align: justify;\"><strong>Pour soutenir notre d\u00e9marche et recevoir chaque mois <em>L\u2019\u00e2ge de faire<\/em> dans votre bo\u00eete aux lettres, <\/strong><\/p>\n<p style=\"text-align: justify;\"><strong><a href=\"https:\/\/lagedefaire-lejournal.fr\/categorie-produit\/abonnements\/abonnements-papier\/\">abonnez-vous !<\/a><\/strong><\/p>\n<p style=\"text-align: justify;\">\n","protected":false},"excerpt":{"rendered":"<p>L\u2019exclusion des EHS (ElectroHyperSensibles)<\/p>\n","protected":false},"author":4,"featured_media":0,"comment_status":"closed","ping_status":"open","sticky":false,"template":"","format":"standard","meta":{"footnotes":""},"categories":[1],"tags":[],"class_list":["post-6539","post","type-post","status-publish","format-standard","hentry","category-non-classe"],"_links":{"self":[{"href":"https:\/\/collectif-accad.fr\/site\/wp-json\/wp\/v2\/posts\/6539","targetHints":{"allow":["GET"]}}],"collection":[{"href":"https:\/\/collectif-accad.fr\/site\/wp-json\/wp\/v2\/posts"}],"about":[{"href":"https:\/\/collectif-accad.fr\/site\/wp-json\/wp\/v2\/types\/post"}],"author":[{"embeddable":true,"href":"https:\/\/collectif-accad.fr\/site\/wp-json\/wp\/v2\/users\/4"}],"replies":[{"embeddable":true,"href":"https:\/\/collectif-accad.fr\/site\/wp-json\/wp\/v2\/comments?post=6539"}],"version-history":[{"count":2,"href":"https:\/\/collectif-accad.fr\/site\/wp-json\/wp\/v2\/posts\/6539\/revisions"}],"predecessor-version":[{"id":6541,"href":"https:\/\/collectif-accad.fr\/site\/wp-json\/wp\/v2\/posts\/6539\/revisions\/6541"}],"wp:attachment":[{"href":"https:\/\/collectif-accad.fr\/site\/wp-json\/wp\/v2\/media?parent=6539"}],"wp:term":[{"taxonomy":"category","embeddable":true,"href":"https:\/\/collectif-accad.fr\/site\/wp-json\/wp\/v2\/categories?post=6539"},{"taxonomy":"post_tag","embeddable":true,"href":"https:\/\/collectif-accad.fr\/site\/wp-json\/wp\/v2\/tags?post=6539"}],"curies":[{"name":"wp","href":"https:\/\/api.w.org\/{rel}","templated":true}]}}