{"id":6533,"date":"2020-12-15T02:30:50","date_gmt":"2020-12-15T01:30:50","guid":{"rendered":"https:\/\/collectif-accad.fr\/site\/?p=6533"},"modified":"2020-12-09T10:06:57","modified_gmt":"2020-12-09T09:06:57","slug":"loption-hp-hc","status":"publish","type":"post","link":"https:\/\/collectif-accad.fr\/site\/loption-hp-hc\/","title":{"rendered":"L\u2019option HP\/HC"},"content":{"rendered":"<h1 style=\"text-align: center;\"><strong>Pourquoi cette option <\/strong><\/h1>\n<h1 style=\"text-align: center;\"><strong>HeuresPleines\/HeuresCreuses <\/strong><\/h1>\n<h1 style=\"text-align: center;\"><strong>peut faire gonfler votre facture<\/strong><strong>\u00a0<\/strong><!--more--><\/h1>\n<p style=\"text-align: justify;\">50% des m\u00e9nages fran\u00e7ais sont abonn\u00e9s \u00e0 l\u2019option heures pleines, heures creuses pour leur fourniture d\u2019\u00e9lectricit\u00e9. Un choix qui fait perdre 450 millions d\u2019euros par an aux clients.<\/p>\n<p style=\"text-align: justify;\">L&rsquo;option \u00ab heures pleines\/heures creuses \u00bb (HP\/HC) ne remplit plus ses promesses. Pire, elle peut faire perdre de l&rsquo;argent. Un comble pour cette offre cr\u00e9\u00e9e dans les ann\u00e9es 1960 pour justement lutter contre la flamb\u00e9e des factures. \u00ab La part du chauffage \u00e9lectrique en France fait qu&rsquo;au moindre coup de froid, la consommation s&rsquo;envole, rappelle Fran\u00e7ois Carlier, d\u00e9l\u00e9gu\u00e9 g\u00e9n\u00e9ral de l&rsquo;association CLCV. Le report d&rsquo;une partie de cette consommation la nuit permettait de limiter la casse. \u00bb<\/p>\n<p style=\"text-align: justify;\">\u00ab Le probl\u00e8me est que l&rsquo;\u00e9volution des tarifs a totalement r\u00e9duit l&rsquo;int\u00e9r\u00eat de ce syst\u00e8me, d\u00e9plore Vincent Maillard, ancien d&rsquo;EDF et cofondateur du <a href=\"https:\/\/www.leparisien.fr\/economie\/votre-argent\/fournisseurs-d-energie-faites-jouer-la-concurrence-06-12-2016-6417696.php\">fournisseur Pl\u00fcm \u00c9nergie<\/a>. R\u00e9sultat, aujourd&rsquo;hui dans 85 % des cas, le diff\u00e9rentiel de tarifs entre heures pleines et heures creuses n&rsquo;arrive plus \u00e0 compenser le suppl\u00e9ment d&rsquo;abonnement. Au mieux les m\u00e9nages ne gagnent rien \u00e0 y souscrire. Mais dans la moiti\u00e9 des cas, cela fait gonfler les factures. \u00bb<\/p>\n<p style=\"text-align: justify;\">Pl\u00fcm \u00c9nergie lance sur son site <a href=\"https:\/\/plum.fr\/calcul-rentabilite-heures-creuses\/\">plum.fr\/calcul-rentabilite-heures-creuses<\/a> un calculateur permettant de v\u00e9rifier, en fonction de votre profil de consommation, quelle offre vous correspond le mieux. Gare aux surprises! Dans de nombreux cas, le dispositif HP\/HC fait perdre plusieurs dizaines d&rsquo;euros par an \u00e0 ses souscripteurs. Et 450 millions d&rsquo;euros \u00e0 l&rsquo;\u00e9chelle nationale.<\/p>\n<p style=\"text-align: justify;\">\u00ab Il y a quelques ann\u00e9es, pour que l&rsquo;option heures pleines\/heures creuses soit financi\u00e8rement int\u00e9ressante, il suffisait de consommer environ 30 % de son \u00e9lectricit\u00e9 en heures creuses, alerte \u00e9galement le M\u00e9diateur de l&rsquo;\u00c9nergie (qui propose \u00e9galement son propre calculateur sur <a href=\"https:\/\/calculettes.energie-info.fr\/calculettes\/meilleure-option-tarifaire\">calculettes.energie-info.fr<\/a> ). Aujourd&rsquo;hui, on est plut\u00f4t autour de 50 \u00e0 60 %. \u00bb<\/p>\n<p style=\"text-align: justify;\"><img loading=\"lazy\" decoding=\"async\" class=\"alignnone size-full wp-image-6532\" src=\"https:\/\/collectif-accad.fr\/site\/wp-content\/uploads\/2020\/12\/HP-HC.jpg\" alt=\"\" width=\"737\" height=\"804\" srcset=\"https:\/\/collectif-accad.fr\/site\/wp-content\/uploads\/2020\/12\/HP-HC.jpg 737w, https:\/\/collectif-accad.fr\/site\/wp-content\/uploads\/2020\/12\/HP-HC-275x300.jpg 275w\" sizes=\"auto, (max-width: 737px) 100vw, 737px\" \/><\/p>\n<p style=\"text-align: justify;\">Sauf que reporter plus de la moiti\u00e9 de sa consommation \u00e9lectrique aux heures creuses, essentiellement \u00e0 la nuit, est loin d&rsquo;\u00eatre \u00e0 la port\u00e9e de tous les particuliers. \u00ab Nous avons effectivement constat\u00e9 que l&rsquo;option n\u00e9cessite un report de consommation de plus en plus important pour \u00eatre int\u00e9ressante \u00bb, admet-on \u00e0 la direction d&rsquo;EDF (qui compte 11,8 millions d&rsquo;abonn\u00e9s option base, pour 10,7 millions \u00e0 l&rsquo;offre heures creuses).<\/p>\n<p style=\"text-align: justify;\">Ce que confirme un cadre de la Commission de r\u00e9gulation de l&rsquo;\u00c9nergie (CRE), qui fixe les tarifs de l&rsquo;\u00e9lectricit\u00e9 : \u00ab Il b\u00e9n\u00e9ficie \u00e0 de moins en moins de foyers. Il faudrait le faire \u00e9voluer. \u00bb Seuls cas o\u00f9 il peut \u00e9ventuellement pr\u00e9senter encore quelques avantages \u00e9conomiques : si vous poss\u00e9dez un v\u00e9hicule \u00e9lectrique, par exemple, une piscine ou un gros chauffe-eau \u00e9lectrique. Pour les autres, passez votre chemin. \u00ab C&rsquo;est aujourd&rsquo;hui clairement le r\u00f4le du fournisseur de conseiller sur l&rsquo;offre la plus adapt\u00e9e, estime une responsable marketing de Total Direct \u00c9nergie. Quitte \u00e0 les inciter \u00e0 migrer vers une option plus \u00e9conomique. \u00bb<\/p>\n<p style=\"text-align: justify;\"><strong>Linky permet de changer de tarif sans frais<\/strong><\/p>\n<p style=\"text-align: justify;\">Bonne nouvelle : passer d&rsquo;une offre HP\/HC \u00e0 une offre classique ne co\u00fbte d\u00e9sormais plus un centime si votre foyer est \u00e9quip\u00e9 d&rsquo;un <a href=\"https:\/\/www.leparisien.fr\/economie\/dangereux-inutile-couteux-le-vrai-du-faux-sur-le-compteur-linky-28-09-2018-7905780.php\">compteur Linky<\/a>. Le compteur communiquant, dont le d\u00e9ploiement a d\u00e9but\u00e9 en 2015 et qui \u00e9quipe aujourd&rsquo;hui 70 % du parc national, permet d\u00e9sormais aux techniciens d&rsquo;op\u00e9rer \u00e0 distance. Ceux encore \u00e9quip\u00e9s d&rsquo;un compteur \u00e9lectrique plus ancien, voire d&rsquo;un appareil m\u00e9canique devront d\u00e9bourser jusqu&rsquo;\u00e0 56 euros pour frais d&rsquo;intervention.<\/p>\n<p style=\"text-align: justify;\"><strong>leparisien.fr<\/strong><\/p>\n<p style=\"text-align: center;\">********\u00a0\u00a0\u00a0\u00a0 ***********<\/p>\n<p style=\"text-align: center;\"><strong>Commentaires<\/strong><\/p>\n<p style=\"text-align: justify;\">Cela se termine par une bonne nouvelle \u2026. Pour ceux qui ont le Linky\u00a0!!!!<\/p>\n<p style=\"text-align: justify;\">Par ailleurs, est-ce une r\u00e9alit\u00e9 ou un leurre pour supprimer les HC ? C\u2019est peu probable, \u00e7a fait longtemps que l&rsquo;on d\u00e9nonce ce fait. L\u2019option \u00e0 un co\u00fbt mais ce que peu de gens savent c\u2019est que pour certains contrats fournisseur (en particulier EDF), avec l\u2019option HP\/HC, le prix du kW en heures pleines est l\u00e9g\u00e8rement plus cher qu\u2019en tarif r\u00e8glement\u00e9 et cela s\u2019ajoute au prix de l\u2019option. De ce fait, selon les contrats et les ann\u00e9es (\u00e9volution des tarifs) il doit y avoir 50 \u00e0 60% de la consommation totale en consommation heures creuses pour rentabiliser le surcout de cette option. Donc je conseille de bien contr\u00f4ler les consommations, de v\u00e9rifier les diff\u00e9rents prix du kW selon votre contrat et avec ou sans option.<\/p>\n<p style=\"text-align: justify;\">Ce qui est remarquable c\u2019est qu\u2019on en parle maintenant. Sans aucun doute dans le but de pr\u00e9parer les abonn\u00e9s \u00e0 sa disparition alors qu\u2019une grille tarifaire complexe va arriver.<\/p>\n<p style=\"text-align: justify;\">Caract\u00e9ristique aussi du fonctionnement des m\u00e9dias incapable de r\u00e9fl\u00e9chir intelligemment, la phrase de cet article : \u201cce m\u00e9canisme a pour but premier de faire baisser la facture d\u2019\u00e9lectricit\u00e9 d\u2019un foyer.\u201c Incroyable de r\u00e9p\u00e9ter une telle propagande sans aucun recul. Car si ce tarif existe c\u2019est pour \u00e9quilibrer le rapport production\/consommation. La diff\u00e9rence de prix est incitative, point.<\/p>\n<p style=\"text-align: center;\">********\u00a0\u00a0\u00a0\u00a0 ***********<\/p>\n<p style=\"text-align: center;\"><strong>Autres articles<\/strong><\/p>\n<p style=\"text-align: justify;\"><a href=\"https:\/\/www.capital.fr\/conso\/edf-les-heures-creuses-vraiment-rentables-faites-le-test-1387529\">https:\/\/www.capital.fr\/conso\/edf-les-<\/a><\/p>\n<p style=\"text-align: justify;\"><a href=\"http:\/\/www.economiematin.fr\/news-option-heure-pleines-creuses-plus-cher-fait-perdre-450-millions-euros-clients\">http:\/\/www.economiematin.fr\/news-o<\/a><\/p>\n","protected":false},"excerpt":{"rendered":"<p>Pourquoi cette option HeuresPleines\/HeuresCreuses peut faire gonfler votre facture\u00a0<\/p>\n","protected":false},"author":4,"featured_media":0,"comment_status":"closed","ping_status":"open","sticky":false,"template":"","format":"standard","meta":{"footnotes":""},"categories":[1],"tags":[],"class_list":["post-6533","post","type-post","status-publish","format-standard","hentry","category-non-classe"],"_links":{"self":[{"href":"https:\/\/collectif-accad.fr\/site\/wp-json\/wp\/v2\/posts\/6533","targetHints":{"allow":["GET"]}}],"collection":[{"href":"https:\/\/collectif-accad.fr\/site\/wp-json\/wp\/v2\/posts"}],"about":[{"href":"https:\/\/collectif-accad.fr\/site\/wp-json\/wp\/v2\/types\/post"}],"author":[{"embeddable":true,"href":"https:\/\/collectif-accad.fr\/site\/wp-json\/wp\/v2\/users\/4"}],"replies":[{"embeddable":true,"href":"https:\/\/collectif-accad.fr\/site\/wp-json\/wp\/v2\/comments?post=6533"}],"version-history":[{"count":5,"href":"https:\/\/collectif-accad.fr\/site\/wp-json\/wp\/v2\/posts\/6533\/revisions"}],"predecessor-version":[{"id":6538,"href":"https:\/\/collectif-accad.fr\/site\/wp-json\/wp\/v2\/posts\/6533\/revisions\/6538"}],"wp:attachment":[{"href":"https:\/\/collectif-accad.fr\/site\/wp-json\/wp\/v2\/media?parent=6533"}],"wp:term":[{"taxonomy":"category","embeddable":true,"href":"https:\/\/collectif-accad.fr\/site\/wp-json\/wp\/v2\/categories?post=6533"},{"taxonomy":"post_tag","embeddable":true,"href":"https:\/\/collectif-accad.fr\/site\/wp-json\/wp\/v2\/tags?post=6533"}],"curies":[{"name":"wp","href":"https:\/\/api.w.org\/{rel}","templated":true}]}}