{"id":6290,"date":"2020-11-02T02:32:36","date_gmt":"2020-11-02T01:32:36","guid":{"rendered":"https:\/\/collectif-accad.fr\/site\/?p=6290"},"modified":"2020-11-02T14:30:08","modified_gmt":"2020-11-02T13:30:08","slug":"infos-5g-du-26-octobre-2020-2","status":"publish","type":"post","link":"https:\/\/collectif-accad.fr\/site\/infos-5g-du-26-octobre-2020-2\/","title":{"rendered":"Infos 5G du 2 novembre 2020"},"content":{"rendered":"<h2 style=\"text-align: left;\"><strong>Au sommaire\u00a0: saison 2 du confinement-emprisonnement, Beuvry, Saint Laurent de Rochefort, Suisse, Angleterre, Samsung,Orange, Nantes \u2026<\/strong><\/h2>\n<p style=\"text-align: justify;\"><!--more--><br \/>\n<strong>Que penser de la saison 2 du confinement-emprisonnement\u00a0?<\/strong><\/p>\n<p style=\"text-align: justify;\">Pas beaucoup de bien. On nous demande d\u2019\u00eatre \u00e9co-confin\u00e9. Cela eut dire, travailler puis retourner chez soi sans faire de bruit, sans manifester ses opinions.<br \/>\nC\u2019est ce que l\u2019on va voir dans notre domaine\u00a0: On va reprofiter de cette p\u00e9riode pour accentuer les poses des antennes-relais. Orange ne se cache d\u2019ailleurs pas pour annoncer la couleur. C\u2019est la loi d\u2019urgence qui date de mars qui va servir encore une fois pour que l\u2019on se fasse avoir une deuxi\u00e8me fois\u00a0; avant la troisi\u00e8me\u00a0?<br \/>\nEn tout cas, il ne faut pas s\u2019attendre \u00e0 ce que certains se laissent faire. Depuis mars, le pouvoir liberticide n\u2019a rien fait pour mettre en place des hopitaux efficaces (contrairement \u00e0 ce qu\u2019il avait dit). Il veut nous culpabiliser. Il veut surtout nous contraindre. Il n\u2019est pas capable de mettre calmement en place des mesures raisonnables et de les expliquer de mani\u00e8re p\u00e9dagogique.<br \/>\nDonc, il se pourrait que certaines personnes n\u2019aient pas envie d\u2019avoir autour d\u2019eux des antennes 5G. Il se pourrait que des personnes ne veuillent pas se laisser intimider par des poses forc\u00e9es de compteurs communicants. Des r\u00e9actions violentes ne surprendront pas obligatoirement\u00a0: le pouvoir a montr\u00e9 la voie en pratiquant des mesures violentes, sans concertation \u2026<\/p>\n<p style=\"text-align: center;\">************\u00a0\u00a0\u00a0\u00a0\u00a0\u00a0 ***********<\/p>\n<p style=\"text-align: justify;\"><strong>Une commune de moins de 2000 habitants dans la Loire s\u2019oppose \u00e0 la 5G<\/strong><\/p>\n<p style=\"text-align: justify;\">On peut \u00eatre dans un petit village et avoir un conseil municipal qui r\u00e9fl\u00e9chit et prend des d\u00e9cisions qui vont \u00e0 l&rsquo;encontre du tout d\u00e9veloppement. En cette p\u00e9riode morose, cela fait plaisir de voir un tel exemple qui peut donner des id\u00e9es \u00e0 d&rsquo;autres. A diffuser sans mod\u00e9ration. Merci \u00e0 Saint Laurent de Rochefort !<\/p>\n<p style=\"text-align: justify;\">Ne vous focalisez pas sur les villes mais bien sur votre t\u00e9l\u00e9phone intelligent comme disent nos cousins Canadiens. En effet, la 5G dans les villes ne sera que la vitrine et les produits dedans seront bien dans nos poches. De fait, il sera facile \u00e0 partir de l\u00e0 d\u2019activer les nanoparticules qui seront ou sont dans nos petits corps.<\/p>\n<p style=\"text-align: justify;\">Il y 90 % des personnes ayant un t\u00e9l\u00e9phone intelligent quand ce n\u2019est pas deux qui ne s\u2019\u00e9teignent jamais.<\/p>\n<p style=\"text-align: justify;\"><strong>Extraits du journal<\/strong><\/p>\n<p style=\"text-align: justify;\">Le conseil municipal a vot\u00e9 un moratoire sur la 5G\u00a0: \u00ab\u00a0il ne s\u2019agit pas d\u2019une opposition brutale, pr\u00e9cise un \u00e9lu, mais avant tout d\u2019une demande d\u2019interdire toute installation 5G tant que les \u00e9tudes exp\u00e9rimentales n\u2019ont pas abouti. La 5G pose des questions qui concernent tout le monde, au-del\u00e0 des m\u00e9tropoles\u00a0: consommation d\u2019\u00e9nergie, impacts climatiques, protection des donn\u00e9es \u2026\u00a0\u00bb<\/p>\n<p style=\"text-align: justify;\">Avant ce vote, plusieurs habitants du village, qui avaient eu l\u2019impression d\u2019avoir \u00e9t\u00e9 mis au pied du mur, tout en comprenant l\u2019utilit\u00e9 d\u2019un tel projet dans l\u2019int\u00e9r\u00eat du village, avaient demand\u00e9 aux \u00e9lus de bien prendre en compte les risques sanitaires pour leurs lieux d\u2019habitation et les risques de pollution visuelle \u00e0 proximit\u00e9 de leur village qui est un site prot\u00e9g\u00e9.<\/p>\n<p style=\"text-align: justify;\">Certains \u00e9lus se sont pench\u00e9s sur la complexe question de l\u2019impact sur la sant\u00e9 de ces antennes-relais, se plongeant \u00e9galement dans l\u2019opacit\u00e9 des valeurs seuil impos\u00e9es. Pour le projet situ\u00e9 \u00e0 Colmy, ils ont trouv\u00e9 des valeurs de champs maximales estim\u00e9es \u00e0 0,54 V\/m au niveau des habitations les plus proches. En France, les valeurs seuil varient entre 35 et 60 V\/m selon la longueur d\u2019ondes \u00e9mise.<\/p>\n<p style=\"text-align: justify;\">Pour en savoir plus\u00a0:<\/p>\n<p style=\"text-align: justify;\"><a href=\"https:\/\/collectif-accad.fr\/site\/wp-content\/uploads\/2020\/11\/Saint-Laurent-Rochefort-201101.docx\">Saint-Laurent-Rochefort 201101<\/a><\/p>\n<p style=\"text-align: center;\">************\u00a0\u00a0\u00a0\u00a0\u00a0\u00a0 ***********<\/p>\n<p style=\"text-align: justify;\"><strong>Beuvry : ils ne veulent pas d\u2019une antenne relais dans leur rue<\/strong><\/p>\n<p style=\"text-align: justify;\">Le Collectif des habitants du Marais l\u2019Avou\u00e9 a lanc\u00e9 une p\u00e9tition pour contrer le projet<\/p>\n<p style=\"text-align: justify;\">lavenirdelartois.fr<\/p>\n<p style=\"text-align: justify;\">Il faut esp\u00e9rer qu\u2019ils ne veulent pas de l\u2019antenne dans le terrain d\u2019\u00e0 c\u00f4t\u00e9\u00a0!<\/p>\n<p style=\"text-align: center;\">************\u00a0\u00a0\u00a0\u00a0\u00a0\u00a0 ***********<\/p>\n<p style=\"text-align: center;\"><strong>La politique de Samsung<\/strong><\/p>\n<p style=\"text-align: justify;\">Samsung \u00e0 l\u2019offensive dans la 5G pour la faire rentrer dans le b\u00e2timent<br \/>\nAur\u00e9ol\u00e9 de son m\u00e9ga contrat avec l\u2019op\u00e9rateur t\u00e9l\u00e9coms am\u00e9ricain Verizon, Samsung accentue son offensive dans les \u00e9quipements de r\u00e9seaux 5G en lan\u00e7ant une micro cellule pour la couverture de b\u00e2timent. L\u2019objectif est d\u2019aider les op\u00e9rateurs \u00e0 \u00e9tendre leurs r\u00e9seaux \u00e0 l\u2019int\u00e9rieure des bureaux, usines, entrep\u00f4ts, centres commerciaux, h\u00f4pitaux, etc.<br \/>\nDe quoi renforcer encore,\u00a0 nous rendre malades&#8230; et associer les sympt\u00f4mes de la 5G au covid pour faire croire \u00e0 une fausse pand\u00e9mie<br \/>\net nous re-confiner&#8230; un v\u00e9ritable cercle vicieux, mais \u00e0 quoi s&rsquo;attendre d&rsquo;autre &#8230; l'\u00a0\u00bbagenda 21&Prime; le veut !<br \/>\n<a href=\"http:\/\/stoplinky28.blogg.org\/les-microcellules-5g-arrivent-dans-nos-batiments-a203885234\">http:\/\/stoplinky28.blogg.org\/les-microcellules<\/a><\/p>\n<p style=\"text-align: justify;\">comment dire non \u00e0 la 5G dans les immeubles<br \/>\n<a href=\"http:\/\/resistance-verte.over-blog.com\/2020\/10\/expropriation-des-colonnes-montantes-electriques-des-immeubles-d-habitation.html\">http:\/\/resistance-verte.over-blog.com\/2020\/10\/expropri<\/a><br \/>\n<a href=\"https:\/\/stoplinky76320.wordpress.com\/2020\/10\/01\/dictature-technotronique-le-passage-4g-5g-sera-extremement-energivore-et-plombera-les-budgets-en-plus-de-detruire-notre-peu-de-liberte-et-de-sante-restant\/\">https:\/\/stoplinky76320.wordpress.com\/2020\/10\/01<\/a><\/p>\n<p style=\"text-align: center;\">************\u00a0\u00a0\u00a0\u00a0\u00a0\u00a0 ***********<\/p>\n<p style=\"text-align: center;\"><strong>Couverture de la 5G<\/strong><\/p>\n<p style=\"text-align: justify;\">ALERTE ils veulent que 20% de la population fran\u00e7aise soit couverte par la 5G avant d\u00e9cembre 2020!<\/p>\n<p style=\"text-align: justify;\">Orange veut couvrir 20% de la population fran\u00e7aise de la 5G avant d\u00e9cembre 2020<\/p>\n<p><a href=\"https:\/\/www.francetvinfo.fr\/economie\/telecom\/5g-si-on-arrive-a-15-ou-20-de-la-population-couverte-a-la-fin-2020-ce-sera-deja-consequent-estime-le-pdg-d-orange_3650015.html\">https:\/\/www.francetvinfo.fr\/economie\/telecom\/5g-<\/a><\/p>\n<p>donc si 20% de la population fran\u00e7aise a les soit disant sympt\u00f4mes du covid cet hiver, pensez \u00e9ventuellement \u00e0 la 5G !<\/p>\n<p style=\"text-align: justify;\">36 :50, les objets intelligents\u00a0 causent le cancer dans les endroits o\u00f9 ils sont post\u00e9s sur le corps :<\/p>\n<p style=\"text-align: justify;\"><a href=\"https:\/\/youtu.be\/BwyDCHf5iCY\">https:\/\/youtu.be\/BwyDCHf5iCY<\/a><\/p>\n<p style=\"text-align: center;\">************\u00a0\u00a0\u00a0\u00a0\u00a0\u00a0 ***********<\/p>\n<p style=\"text-align: center;\"><strong>En Suisse<\/strong><\/p>\n<p style=\"text-align: justify;\"><strong><a href=\"https:\/\/collectif-accad.fr\/site\/wp-content\/uploads\/2020\/11\/Les-victimes-de-la-5G-dans-les-immeubles-en-Suisse.docx\">Les victimes de la 5G dans les immeubles en Suisse<\/a><\/strong><\/p>\n<p style=\"text-align: center;\">************\u00a0\u00a0\u00a0\u00a0\u00a0\u00a0 ***********<\/p>\n<p style=\"text-align: center;\"><strong>En Angleterre<\/strong><\/p>\n<p style=\"text-align: justify;\">Je t&rsquo;envoie cette r\u00e9ponse de Jonathan , ma \u00ab\u00a0connaissance par personne interpos\u00e9e\u00a0\u00bb (!!!) dans le Devon (sud-ouest de l&rsquo;Angleterre&#8230;).<\/p>\n<p style=\"text-align: justify;\">Il aime alterner fran\u00e7ais (il doit aimer notre langue !) et anglais &#8230;parfois la \u00ab\u00a0traduction\u00a0\u00bb est ardue !<\/p>\n<p style=\"text-align: justify;\">\u00ab\u00a0survey\u00a0\u00bb en anglais est un \u00ab\u00a0sondage\u00a0\u00bb , une enqu\u00eate de terrain&#8230;<\/p>\n<p style=\"text-align: justify;\">Pour la partie \u00ab\u00a0anglais\u00a0\u00bb en substance : il a inform\u00e9 les \u00e9l\u00e8ves d&rsquo;une \u00e9cole sur l&rsquo;exposition aux ondes \u00e9lectromagn\u00e9tiques&#8230;<\/p>\n<p style=\"text-align: justify;\">La femme du directeur ainsi que ses enfants de moins de 8 ans sont devenus EHS \u00e0 200 m\u00e8tres de 2 tours&#8230;<\/p>\n<p style=\"text-align: justify;\">On a demand\u00e9 \u00e0 Jonathan d&rsquo;effectuer une recherche sur 4 b\u00e2timents et d&rsquo;\u00e9tablir un rapport sur ce qu&rsquo;il aura d\u00e9couvert.<\/p>\n<p style=\"text-align: justify;\">\u00e7\u00e0 \u00ab\u00a0chauffe\u00a0\u00bb aussi pour 2 de leurs cas au tribunal&#8230;<\/p>\n<p style=\"text-align: justify;\">Sally (son \u00e9pouse) a travers\u00e9 ces pbs qui causent une difficult\u00e9 \u00e0 s&rsquo;en \u00e9chapper.<\/p>\n<p style=\"text-align: justify;\">Ils n&rsquo;ont pas eu la possibilit\u00e9 de d\u00e9m\u00e9nager dans leur autre propri\u00e9t\u00e9 parce que les champs \u00e9lectriques de basse fr\u00e9quence sont trop \u00ab\u00a0\u00e9nergiques \u00ab\u00a0&#8230;<\/p>\n<p style=\"text-align: justify;\">Ils doivent y travailler pour s&rsquo;en sortir&#8230;<\/p>\n<p>Martine<\/p>\n<p style=\"text-align: center;\">************\u00a0\u00a0\u00a0\u00a0\u00a0\u00a0 ***********<\/p>\n<p style=\"text-align: center;\"><strong>5G et Linky \u00e0 Nantes<\/strong><\/p>\n<p style=\"text-align: justify;\">Nous nous battons depuis 2 ans pour avoir un moratoire et un d\u00e9bat sur l&rsquo;ensemble de Nantes m\u00e9tropole et dans le 44 concernant la 5G. Nous \u00e9tions partis, avec l&rsquo;assentiment de Mme notre Maire, pour \u00eatre une ville-test&#8230; Et cela bouge, et m\u00eame gel\u00e9 au grand d\u00e9sespoir d&rsquo;Orange qui attaque en justice, Cela rel\u00e8ve d&rsquo;un corps \u00e0 corps bien fatigant. Nous avons fait venir Gauthier Roussilhe en salle officielle et il y avait des \u00e9lus.<\/p>\n<p style=\"text-align: justify;\">Mais nous avons \u00e9t\u00e9 compl\u00e8tement abandonn\u00e9s sur le Linky par TOUS les partis politiques.<\/p>\n<p style=\"text-align: justify;\">Ce qui n\u00a0\u00bbemp\u00eache pas de r\u00e2ler partout et nous agissons avec nos maigres moyens (barricadages, conf\u00e9rences, harc\u00e8lement du SDE etc.).<\/p>\n<p style=\"text-align: justify;\">Nous avons aid\u00e9 la ZAD de Notre-Dame-des-Landes qui s&rsquo;est d\u00e9clar\u00e9e officiellement ZSCC (zone sans compteurs communicants) et qui nous aide en retour dans notre combat contre la 5G. Nous ne pouvons dire sur le r\u00e9seau, forc\u00e9ment surveill\u00e9, ce qu&rsquo;ils font de tr\u00e8s efficace. Nous ne conseillerons pas \u00e0 Enedis d&rsquo;y envoyer ses mercenaires !<\/p>\n<p style=\"text-align: justify;\">On peut supposer que chacun fait ce qu&rsquo;il peut selon sa situation locale : Nantes n&rsquo;est pas la Zad, Bordeaux n&rsquo;est pas St Macaire etc.<\/p>\n<p style=\"text-align: justify;\">Que des petits collectifs locaux baissent les bras face au rouleau compresseur, c&rsquo;est une triste constatation. Mais la r\u00e9sistance se poursuit.<\/p>\n<p style=\"text-align: justify;\">Remarque : Attention Big Macron nous regarde, nous Gaulois r\u00e9fractaires (pas de doute) et \u00ab\u00a0chamailleurs&rsquo; (l\u00e0, faudrait pas lui donner raison).<\/p>\n<p style=\"text-align: justify;\">Bien amischcalement<\/p>\n<p style=\"text-align: center;\">************\u00a0\u00a0\u00a0\u00a0\u00a0\u00a0 ***********<\/p>\n<p style=\"text-align: center;\"><strong>Linky et 5G<\/strong><\/p>\n<p style=\"text-align: justify;\">Cet hiver, ils veulent vous couper de l&rsquo;\u00e9lectricit\u00e9 \u00e0 distance avec les compteurs linky (donc internet par la m\u00eame occasion, donc ch\u00f4mage car pas de t\u00e9l\u00e9travail possible sans internet ) en disant que vous consommez trop, alors qu&rsquo;en r\u00e9alit\u00e9, c&rsquo;est parce que c&rsquo;est la 5G qu&rsquo;ils vous auront impos\u00e9 qui aura consomm\u00e9 toute l&rsquo;\u00e9lectricit\u00e9 de votre immeuble, et dont vous payerez la facture de la 5G sans le savoir dans l&rsquo;augmentation de la facture d&rsquo;\u00e9lectricit\u00e9 ou de loyer<\/p>\n<p style=\"text-align: justify;\"><a href=\"http:\/\/stoplinky28.blogg.org\/hiver-2020-pas-suffisamment-d-electricite-pour-chauffer-les-foyers-a203887038\">http:\/\/stoplinky28.blogg.org\/hiver-2020-pas-s<\/a><br \/>\n<a href=\"https:\/\/resistance71.wordpress.com\/2020\/09\/29\/dictature-technotronique-le-passage-4g-5g-sera-extremement-energivore-et-plombera-les-budgets-en-plus-de-detruire-notre-peu-de-liberte-et-de-sante-restant\/\">https:\/\/resistance71.wordpress.com\/2020\/09\/2<\/a><\/p>\n<p style=\"text-align: justify;\">\n","protected":false},"excerpt":{"rendered":"<p>Au sommaire\u00a0: saison 2 du confinement-emprisonnement, Beuvry, Saint Laurent de Rochefort, Suisse, Angleterre, Samsung,Orange, Nantes \u2026<\/p>\n","protected":false},"author":4,"featured_media":0,"comment_status":"closed","ping_status":"open","sticky":false,"template":"","format":"standard","meta":{"footnotes":""},"categories":[1],"tags":[],"class_list":["post-6290","post","type-post","status-publish","format-standard","hentry","category-non-classe"],"_links":{"self":[{"href":"https:\/\/collectif-accad.fr\/site\/wp-json\/wp\/v2\/posts\/6290","targetHints":{"allow":["GET"]}}],"collection":[{"href":"https:\/\/collectif-accad.fr\/site\/wp-json\/wp\/v2\/posts"}],"about":[{"href":"https:\/\/collectif-accad.fr\/site\/wp-json\/wp\/v2\/types\/post"}],"author":[{"embeddable":true,"href":"https:\/\/collectif-accad.fr\/site\/wp-json\/wp\/v2\/users\/4"}],"replies":[{"embeddable":true,"href":"https:\/\/collectif-accad.fr\/site\/wp-json\/wp\/v2\/comments?post=6290"}],"version-history":[{"count":3,"href":"https:\/\/collectif-accad.fr\/site\/wp-json\/wp\/v2\/posts\/6290\/revisions"}],"predecessor-version":[{"id":6306,"href":"https:\/\/collectif-accad.fr\/site\/wp-json\/wp\/v2\/posts\/6290\/revisions\/6306"}],"wp:attachment":[{"href":"https:\/\/collectif-accad.fr\/site\/wp-json\/wp\/v2\/media?parent=6290"}],"wp:term":[{"taxonomy":"category","embeddable":true,"href":"https:\/\/collectif-accad.fr\/site\/wp-json\/wp\/v2\/categories?post=6290"},{"taxonomy":"post_tag","embeddable":true,"href":"https:\/\/collectif-accad.fr\/site\/wp-json\/wp\/v2\/tags?post=6290"}],"curies":[{"name":"wp","href":"https:\/\/api.w.org\/{rel}","templated":true}]}}