{"id":5859,"date":"2020-08-14T02:39:26","date_gmt":"2020-08-14T00:39:26","guid":{"rendered":"https:\/\/collectif-accad.fr\/site\/?p=5859"},"modified":"2020-08-14T07:00:48","modified_gmt":"2020-08-14T05:00:48","slug":"linkypas-obligatoire","status":"publish","type":"post","link":"https:\/\/collectif-accad.fr\/site\/linkypas-obligatoire\/","title":{"rendered":"Linky pas obligatoire"},"content":{"rendered":"<p style=\"text-align: justify;\"><span style=\"font-size: 18pt;\"><strong>Et Linky briseur de la fronti\u00e8re de l\u2019intimit\u00e9<\/strong><\/span><\/p>\n<p><!--more--><\/p>\n<p style=\"text-align: justify;\"><strong>Pas obligatoire<\/strong><\/p>\n<p style=\"text-align: justify;\">Enedis pr\u00e9tend que la pose du Linky est obligatoire.<br \/>\nIl s\u2019appuie sur ceci\u00a0: \u00ab\u00a0 le d\u00e9cret n\u00b02010-1022 du 31 ao\u00fbt 2010 relatif aux dispositifs de comptage sur les r\u00e9seaux publics d\u2019\u00e9lectricit\u00e9 rend obligatoire la mise en \u0153uvre de compteurs communicants par les gestionnaires de r\u00e9seaux \u00e9lectriques\u00a0\u00bb.<br \/>\nA la question\u00a0: \u00ab\u00a0<em>Linky est-il obligatoire\u00a0?<\/em>\u00a0\u00bb Enedis r\u00e9pond\u00a0: \u00ab\u00a0<em>il est indispensable<\/em>\u00a0\u00bb.\u00a0 Enedis ne dit donc pas que Linky est obligatoire\u00a0! <strong>Obligatoire<\/strong> ne signifie pas <strong>indispensable<\/strong>\u00a0!<\/p>\n<p style=\"text-align: justify;\">L<u>a directive 2009\/75\/CE du parlement europ\u00e9en et du Conseil du 13 juillet 2009<\/u> \u00e9tablissant des r\u00e8gles communes pour le march\u00e9 int\u00e9rieur de l\u2019\u00e9lectricit\u00e9\u00a0 et abrogeant la directive 2003\/54\/CE, dit ceci -au chap. II, art. 3, alin\u00e9a 11-\u00a0:<\/p>\n<p style=\"text-align: justify;\"><em>\u00ab\u00a0Afin depromouvoir l\u2019efficacit\u00e9 \u00e9nerg\u00e9tique, les Etats membres ou, si in Etat membre le pr\u00e9voit, l\u2019autorit\u00e9 de r\u00e9gulation, <u>recommandent vivement<\/u> aux entreprises d\u2019\u00e9lectricit\u00e9 d\u2019optimiser l\u2019utilisation de l\u2019\u00e9lectricit\u00e9, par en proposant des services de gestion de l\u2019\u00e9nergie, en \u00e9laborant des formules novatrices ou, le cas, \u00e9ch\u00e9ant, en introduisant des syst\u00e8mes de mesures ou des r\u00e9seaux intelligents\u00a0\u00bb.<\/em><\/p>\n<p style=\"text-align: justify;\">Par ailleurs, <em>l\u2019article 13, alin\u00e9a 1, au chapitre III de la directive 2006\/32\/CE <\/em>du 5 avril 2006 \u00e9nonce\u00a0:<\/p>\n<p style=\"text-align: justify;\"><em>\u00ab\u00a0les Etats membres <u>veuillent \u00e0 ce que dans la mesure<\/u> o\u00f9 cela est techniquement possible, financi\u00e8rement raisonnable et proportionn\u00e9 compte tenu des \u00e9conomies d\u2019\u00e9nergie potentielles, les clients finals dans les domaines de l\u2019\u00e9lectricit\u00e9, du gaz naturel, du chauffage et\/ou du refroidissement urbain(s) et de la production d\u2019eau chaude \u00e0 usage domestique re\u00e7oivent \u00e0 un prix concurrentiel des compteurs individuels qui mesurent avec pr\u00e9cision leur consommation effective et qui fournissent des informations sur le moment o\u00f9 l\u2019\u00e9nergie a \u00e9t\u00e9 utilis\u00e9e<\/em>\u00a0\u00bb.<\/p>\n<p style=\"text-align: justify;\"><strong>Il s\u2019agit donc d\u2019une simple pr\u00e9conisation et non d\u2019une obligation<\/strong>. Soulignons d\u2019ailleurs l\u2019incoh\u00e9rence entre l\u2019objectif affiche et l\u2019\u00e9tat de fait\u00a0: pour la moiti\u00e9 de la population dont le compteur est situ\u00e9 \u00e0 l\u2019ext\u00e9rieur du domicile, le Linky ne permet pas \u00e0 l\u2019usager le contr\u00f4le imm\u00e9diat de sa consommation et repr\u00e9sente une d\u00e9pense inconsid\u00e9r\u00e9e pour un gadget inutile. On voit bien en revanche tout l\u2019int\u00e9r\u00eat du contr\u00f4le \u00e0 distance du Linky pour l\u2019op\u00e9rateur.<\/p>\n<p style=\"text-align: justify;\">La loi n\u00b0 2015-992 du 17 ao\u00fbt 2015 relative \u00e0 la transition \u00e9nerg\u00e9tique pour la croissance verte, dans son article 28-II, formule\u00a0: \u00ab\u00a0<em>apr\u00e8s le premier alin\u00e9a de l\u2019article L. 331-4 du code de l\u2019\u00e9nergie, sont ins\u00e9r\u00e9s quatre alin\u00e9as (dont les deux premiers sont) ainsi r\u00e9dig\u00e9s\u00a0:<\/em><\/p>\n<p style=\"text-align: justify;\"><em>\u00ab\u00a0Dans le cadre du d\u00e9ploiement des dispositifs pr\u00e9vus au premier alin\u00e9a du pr\u00e9sent article et en application de la mission fix\u00e9 au 7\u00b0 de l\u2019article L. 332-8, les gestionnaires des r\u00e9seaux publics de distribution d\u2019\u00e9lectricit\u00e9 mettent \u00e0 la disposition des consommateurs leurs donn\u00e9es de comptage , des syst\u00e8mes d\u2019alerte li\u00e9s au niveau de leur consommation ainsi que des \u00e9l\u00e9ments de comparaison issus de moyennes statistiques bas\u00e9es sur les donn\u00e9es de consommation locales et nationales.<br \/>\nDans le cadre de l\u2019article L. 337-3-1, ils garantissent aux fournisseurs la possibilit\u00e9 d\u2019acc\u00e9der aux donn\u00e9es de comptage de consommation en aval du compteur et en temps r\u00e9el, sous r\u00e9serve de <strong>l\u2019accord du consommateur<\/strong>\u00a0\u00bb.<\/em><\/p>\n<p style=\"text-align: justify;\">Il n\u2019est pas question, l\u00e0 non plus, d\u2019une obligation pour le client d\u2019accepter la pose du compteur intelligent puisque la loi pr\u00e9voit de mettre \u00e0 la disposition des consommateurs et des fournisseurs les donn\u00e9es de comptage de consommation, \u00ab\u00a0<em>sous r\u00e9serve de l\u2019accord du consommateur<\/em>\u00a0\u00bb. La mention d\u2019obligation d\u2019accepter est donc inexistante.<\/p>\n<p style=\"text-align: justify;\">Autre argument\u00a0: Si c\u2019\u00e9tait obligatoire, il y a d\u00e9j\u00e0 longtemps qu\u2019Enedis aurait attaqu\u00e9 en justice toutes les personnes qui refusent la pose du Linky. Conclusion\u00a0: Enedis n\u2019a aucun argument valable pour obliger \u00e0 la pose du Linky. Les seuls qu\u2019il trouve sont soit une interpr\u00e9tation fausse des textes, soit des mensonges.<br \/>\nIl suffit de leur demander sur quel(s) texte(s) Enedis ou son partenaire s\u2019appuie pour qu\u2019il ne sache pas quoi r\u00e9pondre.<\/p>\n<p style=\"text-align: justify;\">***********\u00a0\u00a0\u00a0\u00a0\u00a0\u00a0 *************<\/p>\n<p style=\"text-align: justify;\"><strong>Linky briseur de la fronti\u00e8re de l\u2019intimit\u00e9<\/strong><\/p>\n<p style=\"text-align: justify;\"><strong>A propos du livre du collectif \u00ab\u00a0Ecran total\u00a0\u00bb.<br \/>\n<\/strong>Il en a d\u00e9j\u00e0 \u00e9t\u00e9 question dans un article en date du 24 juin\u00a0: \u00ab\u00a0Linky\u00a0: surveiller et g\u00e9rer\u00a0\u00bb.<br \/>\nUn article de reporterre donne d\u2019autres renseignements \u00e0 propos de ce livre remarquable.<\/p>\n<p style=\"text-align: justify;\">Le Collectif \u00c9cran Total, dans \u00ab\u00a0Linky\u00a0: surveiller et g\u00e9rer\u00a0\u00bb, explique comment ce compteur \u00ab\u00a0intelligent\u00a0\u00bb va permettre \u00e0 l\u2019\u00c9tat et au monde marchand d\u2019entrer dans l\u2019intimit\u00e9 de notre domicile.<\/p>\n<ul style=\"text-align: justify;\">\n<li><em>Pr\u00e9sentation du livre par son \u00e9diteur\u00a0: <\/em><\/li>\n<\/ul>\n<p style=\"text-align: justify;\">Linky c\u2019est un compteur d\u2019\u00e9lectricit\u00e9 dit <em>\u00ab\u00a0intelligent\u00a0\u00bb,<\/em> et pr\u00e9tendument \u00e9cologique. Un beau mensonge quand on sait qu\u2019il faut jeter les 35 millions d\u2019anciens compteurs, pourtant plus solides et plus \u00e9conomes en \u00e9nergie.<br \/>\nSi nous ne faisons rien, Linky va exploser une fronti\u00e8re. Avec cet outil, c\u2019est l\u2019\u00c9tat et le monde marchand qui p\u00e9n\u00e8trent dans notre domicile. Dans le m\u00eame temps, chacun, de nos faits et gestes seront trac\u00e9s et marchandis\u00e9s \u00e0 notre insu, sous la forme de donn\u00e9es.<\/p>\n<p style=\"text-align: justify;\">Bonus\u00a0! Contient un mode d\u2019emploi pour d\u00e9monter un compteur Linky et rebrancher un ancien compteur.<\/p>\n<ul style=\"text-align: justify;\">\n<li>Sommaire<br \/>\nIntroduction, par le collectif \u00c9cran Total<br \/>\nLinky, un seuil \u00e0 ne pas franchir, par le collectif \u00c9cran Total<br \/>\nMon Linky\u00a0? Enedisparu\u00a0!, par Julien Martin<br \/>\nLettre ouverte aux salari\u00e9s d\u2019Enedis, par S\u00e9bastien Delpech<br \/>\nDans les filets de Linky, par Fran\u00e7ois Jarrrige<br \/>\nPique-nique dans les locaux d\u2019Enedis \u00e0 Albi, par des comit\u00e9s de lutte anti-Linky et des Gilets jaunes<br \/>\nNos cerveaux valent mieux que leurs robots\u00a0!, par un cloud d\u2019opposant\u00b7es \u00e0 la start-up nation<br \/>\nIA, 5G, Linky, par des Gilets jaunes du Tarn et des membres d\u2019\u00e9cran Total<\/li>\n<\/ul>\n<ul style=\"text-align: justify;\">\n<li>L\u2019auteur<br \/>\n\u00c9cran Total est un collectif r\u00e9unissant des personnes de divers horizons professionnels et g\u00e9ographiques.<br \/>\nConfront\u00e9es \u00e0 la rationalisation et \u00e0 la num\u00e9risation du travail, \u00e0 l\u2019inflation des protocoles et des normes qu\u2019exige la soci\u00e9t\u00e9 industrielle, elles \u00e9prouvent un m\u00eame sentiment de d\u00e9possession. N\u2019acceptant plus qu\u2019on leur vole la parole ni qu\u2019on affadisse ainsi le sens et la finalit\u00e9 de leurs activit\u00e9s, elles ont d\u00e9cid\u00e9 de t\u00e9moigner et de r\u00e9sister ensemble.<\/li>\n<\/ul>\n<ul style=\"text-align: justify;\">\n<li>Linky\u00a0: surveiller et g\u00e9rer, du Collectif \u00c9cran Total, <a href=\"http:\/\/www.lemondealenvers.lautre.net\/livres\/linky.html\">\u00e9ditions Le Monde \u00e0 l\u2019envers\/La Lenteur<\/a>, juin 2020, 96 p., 8 \u20ac.<\/li>\n<\/ul>\n","protected":false},"excerpt":{"rendered":"<p>Et Linky briseur de la fronti\u00e8re de l\u2019intimit\u00e9<\/p>\n","protected":false},"author":4,"featured_media":0,"comment_status":"closed","ping_status":"open","sticky":false,"template":"","format":"standard","meta":{"footnotes":""},"categories":[1],"tags":[],"class_list":["post-5859","post","type-post","status-publish","format-standard","hentry","category-non-classe"],"_links":{"self":[{"href":"https:\/\/collectif-accad.fr\/site\/wp-json\/wp\/v2\/posts\/5859","targetHints":{"allow":["GET"]}}],"collection":[{"href":"https:\/\/collectif-accad.fr\/site\/wp-json\/wp\/v2\/posts"}],"about":[{"href":"https:\/\/collectif-accad.fr\/site\/wp-json\/wp\/v2\/types\/post"}],"author":[{"embeddable":true,"href":"https:\/\/collectif-accad.fr\/site\/wp-json\/wp\/v2\/users\/4"}],"replies":[{"embeddable":true,"href":"https:\/\/collectif-accad.fr\/site\/wp-json\/wp\/v2\/comments?post=5859"}],"version-history":[{"count":3,"href":"https:\/\/collectif-accad.fr\/site\/wp-json\/wp\/v2\/posts\/5859\/revisions"}],"predecessor-version":[{"id":5863,"href":"https:\/\/collectif-accad.fr\/site\/wp-json\/wp\/v2\/posts\/5859\/revisions\/5863"}],"wp:attachment":[{"href":"https:\/\/collectif-accad.fr\/site\/wp-json\/wp\/v2\/media?parent=5859"}],"wp:term":[{"taxonomy":"category","embeddable":true,"href":"https:\/\/collectif-accad.fr\/site\/wp-json\/wp\/v2\/categories?post=5859"},{"taxonomy":"post_tag","embeddable":true,"href":"https:\/\/collectif-accad.fr\/site\/wp-json\/wp\/v2\/tags?post=5859"}],"curies":[{"name":"wp","href":"https:\/\/api.w.org\/{rel}","templated":true}]}}