{"id":5857,"date":"2020-08-13T02:37:16","date_gmt":"2020-08-13T00:37:16","guid":{"rendered":"https:\/\/collectif-accad.fr\/site\/?p=5857"},"modified":"2020-08-08T14:39:24","modified_gmt":"2020-08-08T12:39:24","slug":"la-5g-va-detruire-le-monde","status":"publish","type":"post","link":"https:\/\/collectif-accad.fr\/site\/la-5g-va-detruire-le-monde\/","title":{"rendered":"La 5G va d\u00e9truire le monde"},"content":{"rendered":"<p style=\"text-align: left;\"><span style=\"font-size: 18pt;\"><strong>Big Brother vous regarde&#8230;<\/strong><\/span><\/p>\n<p><!--more--><\/p>\n<p style=\"text-align: justify;\">En Lorraine une antenne a \u00e9t\u00e9 br\u00fbl\u00e9e \u00e0 Mendres en Barois le 3 avril derniers, pourquoi ces antennes sont-elles attaqu\u00e9es ?<\/p>\n<p style=\"text-align: justify;\">Les attaques incendiaires et autres sabotages contre des antennes-relais se poursuivent intensivement depuis le d\u00e9but de l\u2019ann\u00e9e. En cause, l\u2019apparition de la 5G sur tout le territoire, une technologie jug\u00e9e dangereuse et probl\u00e9matique par de nombreux-ses opposant-e-s. Certain-e-s, exasp\u00e9r\u00e9-e-s de voir les antennes s\u2019implanter un peu partout, passent \u00e0 l\u2019action pour emp\u00eacher leur d\u00e9veloppement, et alerter la population sur les dangers de la 5G, \u00e0 savoir :<\/p>\n<p style=\"text-align: justify;\">&#8211; des risques inconnus sur la sant\u00e9 avec toujours plus d\u2019ondes<\/p>\n<p style=\"text-align: justify;\">&#8211; une pollution consid\u00e9rable : augmentation de la publicit\u00e9, de la consommation, des flux commerciaux, de la production d\u2019objets connect\u00e9s et de nouveaux services inutiles<\/p>\n<p style=\"text-align: justify;\">&#8211; une utilisation des donn\u00e9es personnelles opaque, l\u2019espionnage de masse renforc\u00e9, des syst\u00e8mes connect\u00e9s toujours plus puissants et contr\u00f4l\u00e9s par les grandes entreprises et les Etats<\/p>\n<p style=\"text-align: justify;\">&#8211; la destruction d\u2019\u00e9cosyst\u00e8mes avec la construction de nouvelles antennes et \u00e0 cause des ondes<\/p>\n<p style=\"text-align: justify;\">&#8211; une augmentation probable des prix de la t\u00e9l\u00e9phonie et des objets connect\u00e9s, le d\u00e9veloppement de nouveaux services payants, des objets connect\u00e9s devenant obsol\u00e8tes et l\u2019obligation d\u2019en acheter des nouveaux, adapt\u00e9s \u00e0 la 5G<\/p>\n<p style=\"text-align: justify;\">&#8211; le d\u00e9veloppement toujours plus rapide et important du capitalisme, le refus de questionner notre rapport au temps, \u00e0 la croissance, \u00e0 la consommation, une d\u00e9pendance acc\u00e9l\u00e9r\u00e9e \u00e0 la technique, toujours plus d\u2019 \u00ab efficacit\u00e9 \u00bb et de vitesse.<\/p>\n<p style=\"text-align: justify;\">Pour y voir plus clair, le collectif STOP 5G LILLE partage r\u00e9guli\u00e8rement des articles alertant sur les dangers de la 5G. On vous invite aussi \u00e0 lire le dossier en six parties publi\u00e9 sur le site Reporterre (liens \u00e0 la fin de cette publication).<\/p>\n<p style=\"text-align: justify;\">Face \u00e0 la 5G, de plus en plus de monde s\u2019organise.<\/p>\n<p style=\"text-align: justify;\">En avril, selon le Parisien, \u00ab une vingtaine de sabotages d\u2019antennes-relais et de destructions symboliques ont \u00e9t\u00e9 recens\u00e9s \u00bb. Le journal avait \u00e0 cette occasion r\u00e9alis\u00e9 une carte des sabotages en France, la plupart touchant des installations technologiques destin\u00e9es \u00e0 accueillir la 5G, ou \u00e9tant d\u00e9j\u00e0 \u00e9quip\u00e9es de cette innovation dangereuse (voir la carte dans les images).<\/p>\n<p style=\"text-align: justify;\">Depuis avril, les sabotages continuent. Beaucoup d\u2019antennes-relais ont \u00e9t\u00e9 attaqu\u00e9es. Voici une liste non-exhaustive des sabotages ayant eu un \u00e9cho dans la presse au cours des derniers mois, m\u00eame si il est certain qu\u2019un nombre plus important d\u2019antennes a \u00e9t\u00e9 d\u00e9grad\u00e9 durant cette p\u00e9riode.<\/p>\n<p style=\"text-align: justify;\">3 avril : Mendres en Barois (Meuse)<\/p>\n<p style=\"text-align: justify;\">30 avril : Annecy-le-Vieux (Haute-Savoie), sabotage d\u2019une antenne-relais<\/p>\n<p style=\"text-align: justify;\">30 avril : Contes (Alpes-Maritimes), d\u00e9gradation d\u2019une antenne-relais<\/p>\n<p style=\"text-align: justify;\">3 mai : Douai-Dorignies (Nord), sabotage (incendie) d\u2019une antenne-relais<\/p>\n<p style=\"text-align: justify;\">3 mai : Vers Privas (Ard\u00e8che), sabotage (incendie) d\u2019une antenne-relais<\/p>\n<p style=\"text-align: justify;\">4 mai : Chantemerle (Vercors), sabotage (incendie) d\u2019une antenne-relais<\/p>\n<p style=\"text-align: justify;\">6 mai : Toulouse (Haute-Garonne), sabotage (incendie) d\u2019une antenne-relais<\/p>\n<p style=\"text-align: justify;\">6 mai : Languenan (C\u00f4tes-d\u2019armor), sabotage (incendie) d\u2019une antenne-relais<\/p>\n<p style=\"text-align: justify;\">6 mai : Oriol-en-Royans (Dr\u00f4me), sabotage (incendie) d\u2019une antenne-relais<\/p>\n<p style=\"text-align: justify;\">7 mai : Aubigny-les-Poth\u00e9es (Ardennes), sabotage (incendie) d\u2019antennes-relais<\/p>\n<p style=\"text-align: justify;\">10 mai : Brest (Finist\u00e8re) sabotage (incendie) d\u2019une antenne-relais en construction<\/p>\n<p style=\"text-align: justify;\">12 mai : Alby-sur-Ch\u00e9ran (Haute-Savoie), sabotage (incendie) d\u2019une antenne-relais<\/p>\n<p style=\"text-align: justify;\">14 mai : Toulouse (Haute-Garonne), sabotage (incendie) d\u2019une antenne-relais<\/p>\n<p style=\"text-align: justify;\">18 Mai : Jarrie (Is\u00e8re), sabotage (incendie) d\u2019une antennes-relais<\/p>\n<p style=\"text-align: justify;\">18 Mai : Seyssinet-Pariset (Is\u00e8re), sabotage (incendie) d\u2019une antenne-relais<\/p>\n<p style=\"text-align: justify;\">18 Mai : Herbeys (Is\u00e8re), sabotage (incendie) d\u2019une antenne-relais<\/p>\n<p style=\"text-align: justify;\">24 mai : Azille (Aude), sabotage (incendie) d\u2019une antenne-relais<\/p>\n<p style=\"text-align: justify;\">26 mai : arrestation de deux personnes suspect\u00e9es d\u2019avoir incendi\u00e9 l\u2019antenne relais de Foncine-le-haut (Jura) le 15 avril 2020.<\/p>\n<p style=\"text-align: justify;\">29 mai : Saint-Louis (La r\u00e9union), un chantier d\u2019antenne 5G sabot\u00e9<\/p>\n<p style=\"text-align: justify;\">3 juin : Rimon-et-Savel (Dr\u00f4me), sabotage d\u2019une antenne-relais<\/p>\n<p style=\"text-align: justify;\">3 juin : Saint-Pierre-Quiberon (Morbihan), plainte pour divers sabotages sur le chantier de l\u2019antenne-relais 5G<\/p>\n<p style=\"text-align: justify;\">11 juin : Flourens (Haute-Garonne), sabotage d\u2019une antenne-relais<\/p>\n<p style=\"text-align: justify;\">16 juin : Contes (Alpes-Maritimes), sabotage d\u2019une antenne-relais, deux interpellations<\/p>\n<p style=\"text-align: justify;\">19 juin : Pechbusque (Haute-Garonne), sabotage d\u2019une antenne-relais<\/p>\n<p style=\"text-align: justify;\">24 juin : quelque part en France, sabotage (incendie) d\u2019une antenne-relais<\/p>\n<p style=\"text-align: justify;\">18 juillet : Saint-Paul (La r\u00e9union) trois antennes relais incendi\u00e9es.<\/p>\n<p style=\"text-align: justify;\">Quelles cons\u00e9quences mat\u00e9rielles ?<\/p>\n<p style=\"text-align: justify;\">Les cons\u00e9quences mat\u00e9rielles sont en g\u00e9n\u00e9ral assez importantes : des centaines de milliers d\u2019euros de d\u00e9g\u00e2ts, des cha\u00eenes de la TNT inaccessibles, des fr\u00e9quences de radios qui s\u2019arr\u00eatent, des coupures du r\u00e9seau t\u00e9l\u00e9phonique pour des milliers de personnes, des paiements par carte bancaire impossibles, des GPS qui ne marchent pas, etc. Dans certaines villes \u00ab connect\u00e9es \u00bb, le stationnement devient gratuit suite au sabotage car les horodateurs sont rendus inop\u00e9rants. Les communications des commissariats et des services de s\u00e9curit\u00e9 sont perturb\u00e9es, voir totalement coup\u00e9es. Des donn\u00e9es sont perdues. Beaucoup d\u2019entreprises voient leur fonctionnement entrav\u00e9, notamment celles qui sont d\u00e9pendantes des \u00ab datacenters \u00bb (par exemple, un c\u00e9l\u00e8bre site de poker en ligne subit une interruption totale suite \u00e0 un sabotage du r\u00e9seau le 3 mai).<\/p>\n<p style=\"text-align: justify;\">On assiste aussi peu \u00e0 peu \u00e0 une meilleure coordination des actions, qu\u2019elles visent ou non des antennes-relais.<\/p>\n<p style=\"text-align: justify;\">Le 3 mai \u00e0 Argenteuil, des points n\u00e9vralgiques des r\u00e9seaux de communication de la r\u00e9gion sont attaqu\u00e9s, des c\u00e2bles sectionn\u00e9s \u00e0 diff\u00e9rents endroits de la ville. Dans le Val-de-Marne, ce sont une vingtaine de points qui sont touch\u00e9s, presque simultan\u00e9ment. Cela provoque dans le secteur des coupures d\u2019internet, du r\u00e9seau mobile Orange, la perturbation du r\u00e9seau de vid\u00e9osurveillance. Le t\u00e9l\u00e9travail, en p\u00e9riode de confinement, est rendu impossible. Les communications des services de police sont perturb\u00e9es elles aussi, des donn\u00e9es sont perdues. Des entreprises ne peuvent maintenir leur activit\u00e9, la production s\u2019arr\u00eate un temps. Le pr\u00e9judice de cette action d\u2019ampleur est \u00e9valu\u00e9 \u00e0 un million d\u2019euros.<\/p>\n<p style=\"text-align: justify;\">En ce qui concerne les antennes 5G, des actions mieux coordonn\u00e9es semblent voir le jour. Le 18 mai dernier dans l\u2019Is\u00e8re, ce sont trois antennes-relais qui sont sabot\u00e9es le m\u00eame jour, entra\u00eenant des dysfonctionnements du r\u00e9seau consid\u00e9rables.<\/p>\n<p style=\"text-align: justify;\">A ce sujet, lire l\u2019article du journal Le Postillon :<\/p>\n<p style=\"text-align: justify;\"><a href=\"https:\/\/l.facebook.com\/l.php?u=https%3A%2F%2Fwww.lepostillon.org%2FUn-postier-repond-au-lynchage-mediatique.html%3Ffbclid%3DIwAR22CY-nivxAxZD-S5mf2QWsbHvyPhx7eoNeAzX1VD4BsZHaXGU2_2o5BlY&amp;h=AT2IoJyXaYYpph5R17zCit_kNa11otg1wcEzEYgxqfFzrhEL4AUaYiOIE5BcclHf6mZhxYHHnHzZ7rGHZkggPflFh_D0CfhUdon_fREELcIDV_5R-GVf1_et5-l90rv7vyslaNq3Qc_9yG-_q_A&amp;__tn__=-UK-y-R&amp;c%5b0%5d=AT0tCxOlMk68VPrUhtzT050p8Qflf9yLgEo2vYl3s4gqPs-CDI82hVw97oDsjueCKv-YxRHfv8nN0RxgQT5DyZxZJG3DfjRa4DOvJ2UxMun4YntF2cvcaIYFtyCibTJLGnicLX15EsacWJ5LEOIQZ2ehBkDzqQLW43lhPE9wkxnbl1vYhPViGYFq8KHS7HWnTGmnhY4CDwVfKDsk2Oe0\">https:\/\/www.lepostillon.org\/Un-postier-re<\/a><\/p>\n<p style=\"text-align: justify;\">Les services de renseignements, dans leurs notes internes, s\u2019inqui\u00e8tent de cette recrudescence des actes de sabotage, et de la contestation qui ne cesse de grandir \u00e0 l\u2019\u00e9gard de la 5G.<\/p>\n<p style=\"text-align: justify;\">Quelles cons\u00e9quences judiciaires ?<\/p>\n<p style=\"text-align: justify;\">La police, parfois appuy\u00e9e par des unit\u00e9s sp\u00e9ciales comme la BRI, a proc\u00e9d\u00e9 \u00e0 plusieurs interpellations lors de ces derniers mois. Elle a arr\u00eat\u00e9 diff\u00e9rentes personnes soup\u00e7onn\u00e9es d\u2019avoir particip\u00e9 \u00e0 des d\u00e9gradations sur des antennes-relais.<\/p>\n<p style=\"text-align: justify;\">Le 30 juin dans la r\u00e9gion lilloise, six personnes sont arr\u00eat\u00e9es, suspect\u00e9es d\u2019avoir sabot\u00e9 une antenne le 3 mai \u00e0 Douai. Les enqu\u00eateurs, comme souvent dans ces affaires \u00e0 caract\u00e8re politique et qui mettent \u00e0 mal le pouvoir, ont mis les grands moyens et ont organis\u00e9 une surveillance physique des suspect-e-s. Sur ces six personnes, cinq vont \u00eatre pr\u00e9sent\u00e9es \u00e0 la justice (une a \u00e9t\u00e9 plac\u00e9e en d\u00e9tention provisoire avant d\u2019\u00eatre rel\u00e2ch\u00e9e). Le proc\u00e8s de quatre de ces personnes se d\u00e9roulera ce 30 juillet au tribunal judiciaire de Douai.<\/p>\n<p style=\"text-align: justify;\">Autre affaire retentissante, l\u2019arrestation le mardi 2 juin de pas moins de 18 personnes suspect\u00e9es d\u2019avoir organis\u00e9 l\u2019incendie d\u2019une antenne-relais \u00e0 Bourg-Saint-And\u00e9ol en ao\u00fbt 2019. L\u2019op\u00e9ration a mobilis\u00e9 150 gendarmes, dans cinq d\u00e9partements. Une seule personne a finalement \u00e9t\u00e9 mise en examen.<\/p>\n<p style=\"text-align: justify;\">On constate donc que le pouvoir prend de plus en plus au s\u00e9rieux cette s\u00e9rie de sabotages, et n\u2019h\u00e9site pas \u00e0 mettre les grands moyens pour d\u00e9fendre la 5G. Ecoutes t\u00e9l\u00e9phoniques, relev\u00e9s ADN, exploitation de la vid\u00e9osurveillance, surveillance physique, op\u00e9rations de police importantes pour arr\u00eater les suspect-e-s\u2026Il a m\u00eame \u00e9t\u00e9 envisag\u00e9 de saisir le parquet national anti-terroriste (PNAT) pour des affaires de destruction d\u2019antennes ! L\u2019Etat, comme \u00e0 son habitude, sort son arsenal r\u00e9pressif le plus complet lorsque des citoyen-ne-s refusent un nouveau projet et se mobilisent.<\/p>\n<p style=\"text-align: justify;\">Quelles cons\u00e9quences politiques ?<\/p>\n<p style=\"text-align: justify;\">Pour l\u2019instant, les pouvoirs publics ne semblent pas entendre l\u2019opposition \u00e0 ces antennes. Pourtant, cette contestation est importante. Dans de nombreuses r\u00e9gions, des collectifs citoyens se sont cr\u00e9\u00e9s, souvent pour emp\u00eacher la construction d\u2019une antenne \u00e0 proximit\u00e9 de leur domicile. Quand les antennes sont d\u00e9j\u00e0 l\u00e0, certain-e-s passent \u00e0 l\u2019action, et les sabotent. Cette vaste campagne d\u2019action ne se limite d\u2019ailleurs pas aux fronti\u00e8res fran\u00e7aises, puisqu\u2019en Allemagne, aux Pays-Bas, en Angleterre et m\u00eame en Su\u00e8de, des antennes-relais sont incendi\u00e9es r\u00e9guli\u00e8rement. Ce qui est aussi int\u00e9ressant, c\u2019est que cette r\u00e9sistance \u00e0 la 5G ne provient pas d\u2019une seule mouvance politique. Les m\u00e9dias traditionnels cherchent \u00e0 tout prix \u00e0 attribuer tous ces sabotages \u00e0 la \u00ab mouvance complotiste \u00bb, mais en r\u00e9alit\u00e9, les oppositions \u00e0 la 5G viennent de toutes parts : milieux \u00e9cologistes, collectifs locaux, agriculteurs et agricultrices, anarchistes, gilets jaunes, riverain-e-s, etc. Il est \u00e9vident que c\u2019est un v\u00e9ritable mouvement collectif qui est en train de se former, par le sabotage d\u2019un c\u00f4t\u00e9, et par l\u2019action d\u2019associations et de collectifs locaux de l\u2019autre, pour emp\u00eacher l\u2019implantation d\u2019une technologie n\u00e9faste \u00e0 tous points de vue.<\/p>\n<p style=\"text-align: justify;\">Sources Lille Insurg\u00e9e et cerveaux Non disponibles.<\/p>\n<p style=\"text-align: justify;\">Cr\u00e9dit vid\u00e9o : Le Media Tv<\/p>\n<p style=\"text-align: justify;\">\u00c0 vous de vous faire votre propre opinion concernant cette technologie que le fran\u00e7ais ne connaissait pas.<\/p>\n<p style=\"text-align: justify;\">\n","protected":false},"excerpt":{"rendered":"<p>Big Brother vous regarde&#8230;<\/p>\n","protected":false},"author":4,"featured_media":0,"comment_status":"closed","ping_status":"open","sticky":false,"template":"","format":"standard","meta":{"footnotes":""},"categories":[1],"tags":[],"class_list":["post-5857","post","type-post","status-publish","format-standard","hentry","category-non-classe"],"_links":{"self":[{"href":"https:\/\/collectif-accad.fr\/site\/wp-json\/wp\/v2\/posts\/5857","targetHints":{"allow":["GET"]}}],"collection":[{"href":"https:\/\/collectif-accad.fr\/site\/wp-json\/wp\/v2\/posts"}],"about":[{"href":"https:\/\/collectif-accad.fr\/site\/wp-json\/wp\/v2\/types\/post"}],"author":[{"embeddable":true,"href":"https:\/\/collectif-accad.fr\/site\/wp-json\/wp\/v2\/users\/4"}],"replies":[{"embeddable":true,"href":"https:\/\/collectif-accad.fr\/site\/wp-json\/wp\/v2\/comments?post=5857"}],"version-history":[{"count":1,"href":"https:\/\/collectif-accad.fr\/site\/wp-json\/wp\/v2\/posts\/5857\/revisions"}],"predecessor-version":[{"id":5858,"href":"https:\/\/collectif-accad.fr\/site\/wp-json\/wp\/v2\/posts\/5857\/revisions\/5858"}],"wp:attachment":[{"href":"https:\/\/collectif-accad.fr\/site\/wp-json\/wp\/v2\/media?parent=5857"}],"wp:term":[{"taxonomy":"category","embeddable":true,"href":"https:\/\/collectif-accad.fr\/site\/wp-json\/wp\/v2\/categories?post=5857"},{"taxonomy":"post_tag","embeddable":true,"href":"https:\/\/collectif-accad.fr\/site\/wp-json\/wp\/v2\/tags?post=5857"}],"curies":[{"name":"wp","href":"https:\/\/api.w.org\/{rel}","templated":true}]}}