{"id":5855,"date":"2020-08-12T02:34:33","date_gmt":"2020-08-12T00:34:33","guid":{"rendered":"https:\/\/collectif-accad.fr\/site\/?p=5855"},"modified":"2020-08-08T14:37:06","modified_gmt":"2020-08-08T12:37:06","slug":"petition-ehs","status":"publish","type":"post","link":"https:\/\/collectif-accad.fr\/site\/petition-ehs\/","title":{"rendered":"P\u00e9tition EHS"},"content":{"rendered":"<p style=\"text-align: left;\"><span style=\"font-size: 18pt;\"><strong>Christophe est un lanceur d\u2019alerte<\/strong><\/span><\/p>\n<p><!--more--><\/p>\n<p style=\"text-align: justify;\"><strong>La p\u00e9tition\u00a0 qui sera adress\u00e9e \u00e0 Emmanuel Macron (Pr\u00e9sident de la R\u00e9publique) <\/strong><\/p>\n<p style=\"text-align: justify;\">\n<p style=\"text-align: justify;\">Christophe est ehs (\u00e9lectro hyper sensible)\u00a0; il habite Rennes et a vu se densifier l\u2019\u00e9lectrosmog ambiant avec la 3G la 4G, essai de 5G \u00e0 la Gare, et le syst\u00e8me linky.<\/p>\n<p style=\"text-align: justify;\">\n<p style=\"text-align: justify;\"><strong>Il a entendu r\u00e9guli\u00e8rement d\u2019autres personnes \u00e9lectro hyper sensibles au sein des associations \u00ab\u00a0alterondes 35\u00a0\u00bb et \u00ab\u00a0AALGA Bretagne\u00a0\u00bb se plaindre de douleurs, de souffrances, d\u2019exclusion et en a \u00e9t\u00e9 \u00e9mu.<\/strong><\/p>\n<p style=\"text-align: justify;\">\n<p style=\"text-align: justify;\">Devant le pilonnage de la soci\u00e9t\u00e9 Enedis, et le d\u00e9ni de l\u2019\u00c9tat, il a choisi d\u2019agir\u00a0: et a d\u00e9mont\u00e9 m\u00e9thodiquement quelques dizaines concentrateurs du syst\u00e8me linky qui injectent sur nos r\u00e9seaux \u00e9lectriques pas moins de 30 \u00e0 90 kHz en G3, lesquels r\u00e9seaux domestiques non blind\u00e9s sont pr\u00e9vus pour recevoir du 50 Hz. Trois restaient en attente.<\/p>\n<p style=\"text-align: justify;\">\n<p style=\"text-align: justify;\">Le 3 juillet 2020, il a vu d\u00e9barquer chez lui une dizaine de gendarmes qui l\u2019avaient rep\u00e9r\u00e9 en installant des cam\u00e9ras \u00e0 proximit\u00e9 de certains concentrateurs. Et il leur a donn\u00e9 les composants de ses prises, tri\u00e9s m\u00e9ticuleusement dans des bacs, le plastique d\u2019un c\u00f4t\u00e9, les terres rares (extr\u00eamement polluantes) de l\u2019autre, en vue du recyclage.<\/p>\n<p style=\"text-align: justify;\">\n<p style=\"text-align: justify;\">Il est un <strong>lanceur d\u2019alerte, confront\u00e9 au lobby EDF\/ENEDIS de l\u2019\u00c9tat<\/strong>, qui veut imposer par tous les moyens la dictature des ondes et du flicage, et que de nombreux collectifs partout en France, refusent.<\/p>\n<p style=\"text-align: justify;\">\n<p style=\"text-align: justify;\"><strong>Nous demandons que Christophe soit jug\u00e9 comme lanceur d\u2019alerte et b\u00e9n\u00e9ficie d\u2019un statut et d\u2019une protection accord\u00e9s par la loi du 9 d\u00e9cembre 2016. <\/strong><\/p>\n<p style=\"text-align: justify;\">\n<p style=\"text-align: justify;\">Il n\u2019a pas d\u2019arme et ne menace aucune vie humaine, au contraire, la prot\u00e8ge, en \u00e9liminant les radiofr\u00e9quences en ondes puls\u00e9es nuisibles \u00e0 la sant\u00e9, comme on peut le lire dans la r\u00e9solution 1815 du Conseil de l\u2019Europe qui date de 2011, dans la loi Abeille vot\u00e9e en 2015, dans la Charte de l\u2019environnement 2004, ainsi que la Charte du citoyen Europ\u00e9en.<\/p>\n<p style=\"text-align: justify;\">\n<p style=\"text-align: justify;\">Il s\u2019en est pris \u00e0 du mat\u00e9riel et non \u00e0 ses semblables, on ne peut mettre ce comportement \u00e9thique et responsable dans la m\u00eame cat\u00e9gorie que des islamistes lanceurs de bombes sur les places publiques\u00a0?<\/p>\n<p style=\"text-align: justify;\">\n<p style=\"text-align: justify;\">L&rsquo;article 35 de la D\u00e9claration des droits de l&rsquo;homme et du citoyen de 1793 l\u00e9gitimise la d\u00e9sob\u00e9issance civile :<\/p>\n<p style=\"text-align: justify;\">\n<p style=\"text-align: justify;\">\u00ab\u00a0Quand le gouvernement viole les droits du peuple, l&rsquo;insurrection est, pour le peuple et pour chaque portion du peuple, le plus sacr\u00e9 des droits et le plus indispensable des devoirs.\u00a0\u00bb<\/p>\n<p style=\"text-align: justify;\">\n<p style=\"text-align: justify;\">Merci de le soutenir en signant et diffusant cette p\u00e9tition.<\/p>\n<p><strong>Vous pouvez \u00e9galement le soutenir financi\u00e8rement pour les frais d&rsquo;avocat en envoyant un ch\u00e8que \u00e0 l&rsquo;attention des citoyens \u00e9clair\u00e9s, \u00e0 l&rsquo;adresse ci-dessous, et en indiquant \u00ab\u00a0Christophe\u00a0\u00bb au dos du ch\u00e8que. Merci !<\/strong><\/p>\n<p style=\"text-align: justify;\">\n<p style=\"text-align: justify;\">Les citoyens \u00e9clair\u00e9s, Maison des associations, Place Penvern , 56600 Lanester<\/p>\n<p><a href=\"https:\/\/lescitoyenseclaires.org\/\">https:\/\/lescitoyenseclaires.org<\/a><br \/>\ncontact@lescitoyenseclaires.org<\/p>\n<p style=\"text-align: justify;\"><a href=\"https:\/\/www.mesopinions.com\/petition\/justice\/christophe-lanceur-alerte\/98146\">https:\/\/www.mesopinions.com\/petition\/<\/a><\/p>\n<p style=\"text-align: justify;\">************* ************<\/p>\n<p style=\"text-align: justify;\"><strong>Pourquoi avoir sign\u00e9 la p\u00e9tition\u00a0?<\/strong><\/p>\n<p style=\"text-align: justify;\">Parce que Linky est un des responsables de l&rsquo;augmentation du nombre d&rsquo;EHS. Dans notre r\u00e9gion, nous allons attaquer aussi pour des cas d&rsquo;EHS \u00e0 la suite de la pose d&rsquo;un Linky. Et c&rsquo;est loin de se terminer puisqu&rsquo;on veut en remettre une couche avec les antennes 5G\u00a0 :\u00a0 <a href=\"https:\/\/collectif-accad.fr\">https:\/\/collectif-accad.fr<\/a><\/p>\n<p style=\"text-align: justify;\">Il y en a marre des mensonges des politiques qui ne servent que le capital au d\u00e9triment des \u00eatres humains !!!<\/p>\n<p style=\"text-align: justify;\">Enfin un citoyen r\u00e9veill\u00e9 !! Les ondes sont dangereuses, Linky et la 5G doivent \u00eatre arr\u00eat\u00e9s, c&rsquo;est une question de sant\u00e9 publique. L&rsquo;\u00e9cologie pour sauver la nature c&rsquo;est tr\u00e8s bien, mais l&rsquo;\u00e9cologie c&rsquo;est avant tout pr\u00e9server la vie, hommes compris !<\/p>\n<p style=\"text-align: justify;\">Bravo \u00e0 Christophe qui ose d\u00e9noncer cette dictature, laquelle malheureusement concerne beaucoup de domaines en France (pharmaceutique, alimentaire, industriel, agricole), toujours dans l&rsquo;int\u00e9r\u00eat de ces \u00ab\u00a0\u00e9lus\u00a0\u00bb qui mangent (dans tous les sens du terme)avec les \u00ab\u00a0grands\u00a0\u00bb de ce monde<\/p>\n<p style=\"text-align: justify;\">Avec la 5g on devient des cobayes car \u00eatre bombard\u00e9 par les ondes hautes fr\u00e9quences \u00e0 longueur de journ\u00e9e et les basses fr\u00e9quences ne sont pas neutre pour nous ainsi que les animaux mais l&rsquo;argent passe avant tout dans notre syst\u00e8me capitaliste qui nous m\u00e8ne droit dans le mur<\/p>\n<p style=\"text-align: justify;\">Soutien au pompier !<\/p>\n<p style=\"text-align: justify;\">\u2026<\/p>\n<p style=\"text-align: justify;\">\n","protected":false},"excerpt":{"rendered":"<p>Christophe est un lanceur d\u2019alerte<\/p>\n","protected":false},"author":4,"featured_media":0,"comment_status":"closed","ping_status":"open","sticky":false,"template":"","format":"standard","meta":{"footnotes":""},"categories":[1],"tags":[],"class_list":["post-5855","post","type-post","status-publish","format-standard","hentry","category-non-classe"],"_links":{"self":[{"href":"https:\/\/collectif-accad.fr\/site\/wp-json\/wp\/v2\/posts\/5855","targetHints":{"allow":["GET"]}}],"collection":[{"href":"https:\/\/collectif-accad.fr\/site\/wp-json\/wp\/v2\/posts"}],"about":[{"href":"https:\/\/collectif-accad.fr\/site\/wp-json\/wp\/v2\/types\/post"}],"author":[{"embeddable":true,"href":"https:\/\/collectif-accad.fr\/site\/wp-json\/wp\/v2\/users\/4"}],"replies":[{"embeddable":true,"href":"https:\/\/collectif-accad.fr\/site\/wp-json\/wp\/v2\/comments?post=5855"}],"version-history":[{"count":1,"href":"https:\/\/collectif-accad.fr\/site\/wp-json\/wp\/v2\/posts\/5855\/revisions"}],"predecessor-version":[{"id":5856,"href":"https:\/\/collectif-accad.fr\/site\/wp-json\/wp\/v2\/posts\/5855\/revisions\/5856"}],"wp:attachment":[{"href":"https:\/\/collectif-accad.fr\/site\/wp-json\/wp\/v2\/media?parent=5855"}],"wp:term":[{"taxonomy":"category","embeddable":true,"href":"https:\/\/collectif-accad.fr\/site\/wp-json\/wp\/v2\/categories?post=5855"},{"taxonomy":"post_tag","embeddable":true,"href":"https:\/\/collectif-accad.fr\/site\/wp-json\/wp\/v2\/tags?post=5855"}],"curies":[{"name":"wp","href":"https:\/\/api.w.org\/{rel}","templated":true}]}}