{"id":5853,"date":"2020-08-11T02:31:56","date_gmt":"2020-08-11T00:31:56","guid":{"rendered":"https:\/\/collectif-accad.fr\/site\/?p=5853"},"modified":"2020-08-08T14:34:30","modified_gmt":"2020-08-08T12:34:30","slug":"5g-lettre-aux-maires","status":"publish","type":"post","link":"https:\/\/collectif-accad.fr\/site\/5g-lettre-aux-maires\/","title":{"rendered":"5G : Lettre aux maires"},"content":{"rendered":"<p style=\"text-align: justify;\"><strong><span style=\"font-size: 18pt;\">A propos du d\u00e9ploiement de la 5G<\/span> <\/strong><\/p>\n<p><!--more--><\/p>\n<p style=\"text-align: justify;\"><strong>Mise en danger de la sant\u00e9 publique, de la sant\u00e9 environnementale &#8211; Atteinte \u00e0 la vie priv\u00e9e et aux libert\u00e9s individuelles<\/strong><\/p>\n<p style=\"text-align: justify;\">Madame, Monsieur le Maire,<\/p>\n<p style=\"text-align: justify;\">Vous venez d\u2019\u00eatre \u00e9lu(e)\/r\u00e9\u00e9lu(e) et vous \u00eates engag\u00e9(e), \u00e0 ce titre, \u00e0 honorer les obligations et les responsabilit\u00e9s pour lesquelles vous avez \u00e9t\u00e9 choisi(e).<\/p>\n<p style=\"text-align: justify;\">Le d\u00e9ploiement de la 5G est controvers\u00e9. Nous souhaiterions vous apporter un \u00e9clairage indispensable fond\u00e9 sur des \u00e9tudes scientifiques tangibles concernant<strong> les probl\u00e8mes de sant\u00e9 publique et environnementaux qui adviendraient si la 5G<\/strong> venait \u00e0 \u00eatre d\u00e9ploy\u00e9e dans votre commune et irradiait en permanence. La question des libert\u00e9s individuelles sera \u00e9galement trait\u00e9e. Certaines villes d\u2019Europe\u00a0en Autriche, Suisse, Italie, par exemple, et des Etats-Unis\u00a0comme au Connecticut, au Tennessee, en Floride, en Californie, etc. ont r\u00e9ussi \u00e0 bloquer le d\u00e9ploiement de la 5G, et en France plusieurs maires ont d\u00e9j\u00e0 manifest\u00e9 leur opposition \u00e0 celle-ci.<\/p>\n<p style=\"text-align: justify;\">\n<p style=\"text-align: justify;\">Les rayonnements des radiofr\u00e9quences et micro-ondes ou \u00ab\u00a0RF\/MWR\u00a0\u00bb pour \u00ab\u00a0radiofrequency\/microwave radiation\u00a0\u00bb, cons\u00e9cutifs aux installations des antennes-relais affectent l\u2019ensemble des organismes vivants, et la population enti\u00e8re en subit les effets biologiques dangereux.<\/p>\n<p style=\"text-align: justify;\">Parall\u00e8lement, une partie de la population pr\u00e9sente des sympt\u00f4mes invalidants du fait de cette pollution \u00e9lectromagn\u00e9tique exponentielle. De plus en plus de personnes souffrent de sympt\u00f4mes s\u00e9v\u00e8res : <strong>d\u00e9tresse respiratoire, hypoxie c\u00e9r\u00e9brale, troubles du rythme cardiaque, troubles cognitifs comme les d\u00e9ficits de l\u2019attention et pertes de m\u00e9moire, troubles du comportement, maux de t\u00eate, vertiges, acouph\u00e8nes, insomnies, fatigue chronique, d\u00e9pression, <\/strong>et plus.<\/p>\n<p style=\"text-align: justify;\">\n<p style=\"text-align: justify;\">De nombreux scientifiques s\u2019accordent \u00e0 reconna\u00eetre que ce syndrome de sensibilit\u00e9 \u00e9lectromagn\u00e9tique \u00ab\u00a0EMS\u00a0\u00bb ou \u00ab\u00a0EHS\u00a0\u00bb, est une maladie environnementale qui atteint aujourd\u2019hui un pourcentage s\u00e9rieux de la population. Contrairement \u00e0 d\u2019autres pays, la France est tr\u00e8s en retard dans la consid\u00e9ration de ce handicap exog\u00e8ne.<\/p>\n<p style=\"text-align: justify;\">Les pouvoirs publics et priv\u00e9s, dans leur course \u00e0 la comp\u00e9titivit\u00e9, font fi de toutes les recommandations \u00e9manant de la litt\u00e9rature scientifique, des p\u00e9titions et actions des associations, des alertes de plus en plus insistantes de milliers de citoyens, et aussi de m\u00e9decins, professeurs, <strong>experts internationalement reconnus<\/strong> qui s\u2019\u00e9l\u00e8vent dans le monde entier<sup>1 <\/sup>\u00a0pour pr\u00e9venir des inexorables pr\u00e9judices scientifiquement \u00e9tablis.<\/p>\n<p style=\"text-align: justify;\">\n<p style=\"text-align: justify;\">Monsieur Macron, dans un courrier qui lui a \u00e9t\u00e9 adress\u00e9 le 3 avril 2020, ainsi que le Secr\u00e9taire d\u2019\u00c9tat charg\u00e9 du num\u00e9rique, Monsieur C\u00e9dric O, dans un courrier du 6 avril 2020, ont \u00e9t\u00e9 sollicit\u00e9s par nombre d\u2019associations de France venant en aide aux \u00ab\u00a0EHS\u00a0\u00bb afin que soient prises des mesures encourageant la r\u00e9duction de la pollution \u00e9lectromagn\u00e9tique et le maintien indispensable des zones blanches, comme le pr\u00e9conise la r\u00e9solution 1815 du Conseil de l\u2019Europe de 2011<sup>2 <\/sup>.<\/p>\n<p style=\"text-align: justify;\">\n<p style=\"text-align: justify;\">\u00c0 contrario, l\u2019ordonnance n\u00b0 6<sup>3 <\/sup>, impos\u00e9e pendant le confinement et l\u2019\u00e9tat d\u2019urgence, a lib\u00e9r\u00e9 les op\u00e9rateurs de t\u00e9l\u00e9phonie de toutes formalit\u00e9s avec les maires et a supprim\u00e9 les demandes d\u2019autorisation pr\u00e9alable d\u2019implantation d\u2019antennes\u00a0; ceci s\u2019apparente \u00e0 une <strong>violation<\/strong> des droits des communes, des citoyens, et retire l\u2019autorit\u00e9 aux maires.<\/p>\n<p style=\"text-align: justify;\">\n<p style=\"text-align: justify;\">Or, le 12 mai 2020, <strong>Michel COMBOT<\/strong><sup>4 <\/sup><strong>, <\/strong>Directeur g\u00e9n\u00e9ral de la F\u00e9d\u00e9ration fran\u00e7aise des T\u00e9l\u00e9coms, interrog\u00e9 sur les probl\u00e8mes de sant\u00e9 caus\u00e9s par la pollution \u00e9lectromagn\u00e9tique,<strong> a dit que les maires avaient le droit de refuser la pose d&rsquo;antennes-relais sur leur commune. <\/strong><strong>Vous \u00eates donc en premi\u00e8re ligne pour intervenir avant que les d\u00e9g\u00e2ts sanitaires et environnementaux ne s\u2019abattent sur votre commune. <\/strong><\/p>\n<p style=\"text-align: justify;\">\n<p style=\"text-align: justify;\">Avec la 5G, les ondes millim\u00e9triques se superposent aux ondes centim\u00e9triques et d\u00e9cim\u00e9triques cr\u00e9ant une sorte d\u2019\u00ab\u00a0effet cocktail\u00a0\u00bb. Cela n\u2019est ni la continuit\u00e9, ni le remplacement des 2G, 3G ou 4G, ni une \u00e9volution comme souhaiteraient le faire croire les slogans marketings des op\u00e9rateurs\u00a0: les ondes de la 5G s\u2019ajoutent aux pr\u00e9c\u00e9dentes 2G, 3G, et 4G <strong><u>d\u00e9j\u00e0 n\u00e9fastes pour la sant\u00e9<\/u><\/strong>. La 5G utilise des <strong>ondes puls\u00e9es-modul\u00e9es, <\/strong>c\u2019est-\u00e0-dire<strong> \u00ab\u00a0x\u00e9nobiotiques\u00a0\u00bb ou contre-nature. <\/strong>La technologie est-elle nouvelle\u00a0? Les micro-ondes et leurs radiations sont \u00e9tudi\u00e9es, contr\u00f4l\u00e9es et utilis\u00e9es dans les domaines m\u00e9dicaux, industriels et militaires depuis plus d\u2019un si\u00e8cle. <strong>Un d\u00e9ploiement pr\u00e9cipit\u00e9 de la 5G l\u00e9gitimerait implicitement un usage militaire dans la soci\u00e9t\u00e9 civile. <\/strong><\/p>\n<p style=\"text-align: justify;\"><strong>\u00a0<\/strong><\/p>\n<p style=\"text-align: justify;\">Outre cette <strong>violation du droit et des conventions internationales sur la sant\u00e9, des droits de l\u2019homme<\/strong><sup>5 <\/sup><strong>, de la protection de l\u2019enfance et de l\u2019environnement<\/strong>, la 5G inclut aussi l\u2019introduction ill\u00e9gale d&rsquo;armes et de technologies de guerre dans le domaine civil, sans en avertir la population.<\/p>\n<p style=\"text-align: justify;\">Cela prendrait-il la forme d\u2019une exp\u00e9rience sur les citoyens \u00e0 leur insu\u00a0? Ce serait alors une exp\u00e9rience tout \u00e0 fait contraire au <strong>C<\/strong><strong>ode de Nuremberg<\/strong><sup>6 <\/sup>.<\/p>\n<p style=\"text-align: justify;\">\n<p style=\"text-align: justify;\">Des dizaines de milliers d\u2019\u00e9tudes \u00e9manant d\u2019experts internationaux et publi\u00e9es dans les revues scientifiques ont d\u00e9montr\u00e9 les effets biologiques dus aux rayonnements des ondes et micro-ondes des 2G, 3G, 4G, 4G LTE, 5G, et du wifi. Les bio-effets sur l\u2019humain (par exemple\u00a0neurologiques, diab\u00e9tiques, cardiaques, sur la reproduction, sur l\u2019ADN, etc.), sur la faune, la flore et la biodiversit\u00e9, sont bel et bien connus et document\u00e9s (voir liste d\u2019\u00e9tudes en annexe 1).<\/p>\n<p style=\"text-align: justify;\">\n<p style=\"text-align: justify;\">Ces \u00e9tudes ne figurent pas dans les rapports communiqu\u00e9s par les op\u00e9rateurs ou les agences de l&rsquo;Etat, ni m\u00eame, par le FCC, l\u2019ICNIRP<sup>7 <\/sup>\u00a0ou encore l\u2019OMS.<\/p>\n<p style=\"text-align: justify;\">Ces organisations se r\u00e9f\u00e8rent \u00e0 des mesures sur des mannequins synth\u00e9tiques qui servent de normes de r\u00e9f\u00e9rences. Les normes sur lesquelles se basent les autorit\u00e9s fran\u00e7aises \u00e9manent du rapport de l\u2019ICNIRP de 1998, et prennent uniquement en compte les effets thermiques en omettant les effets biologiques<sup>8 <\/sup>. Ainsi les normes fran\u00e7aises peuvent \u00eatre <strong>jusqu\u2019\u00e0 10 fois sup\u00e9rieures<\/strong> \u00e0 celles d\u2019autres pays.<\/p>\n<p style=\"text-align: justify;\">\n<p style=\"text-align: justify;\">Il est \u00e0 noter que les compagnies d\u2019assurance ne prennent pas en charge les dommages caus\u00e9s par les transmissions de rayonnement \u00e0 micro-ondes \u00e0 modulation d\u2019impulsion.<\/p>\n<p style=\"text-align: justify;\">\n<p style=\"text-align: justify;\">Le rapport pr\u00e9liminaire de l\u2019ANSES<sup>9 <\/sup>\u00a0d\u2019octobre 2019, l\u2019Agence Nationale de S\u00e9curit\u00e9 Sanitaire de l\u2019alimentation, de l\u2019environnement et du travail, dit que la 5G va \u00ab\u00a0favoriser la num\u00e9risation de la soci\u00e9t\u00e9 en autorisant le d\u00e9veloppement de nouveaux usages tels que la r\u00e9alit\u00e9 virtuelle, les transports intelligents (contr\u00f4le du trafic routier, optimisation \u00e9nerg\u00e9tique\u2026), l\u2019industrie du futur (pilotage \u00e0 distance des outils industriels, connectivit\u00e9 des machines\u2026), la t\u00e9l\u00e9m\u00e9decine ou encore l\u2019\u00e9ducation en ligne par exemple\u00a0\u00bb.<\/p>\n<p style=\"text-align: justify;\">\n<p style=\"text-align: justify;\">Cependant, ces objectifs sont hautement contestables\u00a0: la rapidit\u00e9 obtenue gr\u00e2ce aux c\u00e2bles \u00e0 fibre optique fournit aux utilisateurs d\u2019internet un service beaucoup plus rapide encore que la 5G, et plus fiable, plus s\u00e9curis\u00e9 et plus efficace en termes de consommation \u00e9lectrique. La t\u00e9l\u00e9m\u00e9decine a \u00e9galement une valeur discutable\u00a0: des dommages ont \u00e9t\u00e9 r\u00e9cemment observ\u00e9s, notamment en Italie o\u00f9 la m\u00e9decine \u00ab\u00a0high tech\u00a0\u00bb est intervenue avec des cons\u00e9quences bien plus n\u00e9fastes que si rien n\u2019avait \u00e9t\u00e9 fait. Quand bien m\u00eame elle pourrait permettre de soigner \u00e0 distance, <strong>la fibre optique remplirait ce r\u00f4le de mani\u00e8re bien plus performante et s\u00e9curitaire.<\/strong><\/p>\n<p style=\"text-align: justify;\">\n<p style=\"text-align: justify;\">La 5G permettrait l\u2019internet des objets\u00a0: \u00ab\u00a0IoT\u00a0\u00bb pour \u00ab\u00a0Internet of Things\u00a0\u00bb\u00a0; ce que l\u2019on sait moins, c\u2019est que l\u2019internet des objets, c\u2019est aussi <strong>l\u2019internet des corps\u00a0: \u00ab\u00a0IoB\u00a0\u00bb pour \u00ab\u00a0Internet of Bodies\u00a0\u00bb<\/strong><sup>10<\/sup>, c\u2019est-\u00e0-dire<strong> la connexion des corps humains<\/strong>\u00a0au r\u00e9seau et \u00e0 l\u2019intelligence artificielle par l\u2019interm\u00e9diaire de puces \u00ab\u00a0RIFD\u00a0\u00bb pour \u00ab\u00a0Radio Frequence IDentity\u00a0\u00bb ou d\u2019autres dispositifs int\u00e9gr\u00e9s dans le corps. Ceci, associ\u00e9 au maillage de tout le territoire par la 5G et la suppression de toutes les zones blanches, pourrait permettre de tracer et contr\u00f4ler partout et \u00e0 chaque instant les personnes \u00e0 distance.<\/p>\n<p style=\"text-align: justify;\">\n<p style=\"text-align: justify;\">La 5G consommerait-elle moins d\u2019\u00e9lectricit\u00e9\u00a0? Quand bien m\u00eame les antennes 5G consommeraient moins que d\u2019autres antennes, leur multiplication, le mobilier urbain 5G, le nombre d\u2019objets connect\u00e9s 5G, la masse de donn\u00e9es \u00e9chang\u00e9es augmenteraient de fa\u00e7on tr\u00e8s importante, et les consommations d\u2019\u00e9lectricit\u00e9 exploseraient.<\/p>\n<p style=\"text-align: justify;\">\u00ab\u00a0(\u2026), il y a aujourd\u2019hui un consensus pour dire qu\u2019un \u00e9quipement 5G consomme trois fois plus qu\u2019un \u00e9quipement 4G, et qu\u2019ajouter des \u00e9quipements 5G aux sites existants (2G, 3G, 4G) conduira \u00e0 doubler la consommation du site (5G Telecom Power Target Network Whitepaper, Huawei, septembre 2019). Par ailleurs, avec la 5G il faudra trois fois plus de sites qu\u2019avec la 4G pour assurer la m\u00eame couverture, conform\u00e9ment aux souhaits du gouvernement<sup>11<\/sup>\u00a0\u00bb (article \u00ab\u00a0Le Monde\u00a0\u00bb du 9\/01\/2020).<\/p>\n<p style=\"text-align: justify;\">\n<p style=\"text-align: justify;\">Notons que les consommations \u00e9lectriques des objets et appareils connect\u00e9s en 5G ne sont pas prises en compte dans cette analyse. Ainsi, le d\u00e9ploiement envisag\u00e9 de <strong>la<\/strong> <strong>5G n\u00e9cessiterait de produire plus d\u2019\u00e9lectricit\u00e9\u00a0;<\/strong> ce qui s\u2019oppose aux principes d\u2019\u00e9conomie d\u2019\u00e9nergie en faveur de l\u2019environnement, alors que la fibre optique est, sur cet aspect aussi, une solution avantageuse.<\/p>\n<p style=\"text-align: justify;\">\n<p style=\"text-align: justify;\">Toujours sur le plan \u00e9cologique, le foisonnement d\u2019antennes meurtrit les paysages urbains, campagnards, et montagneux et de plus, la 5G n\u00e9cessite la destruction imm\u00e9diate d\u2019arbres dans les villes et les villages pour laisser passer les micro-ondes. Ces arbres ne sont pas rempla\u00e7ables. La 5G, absorb\u00e9e facilement par les feuilles, d\u00e9truit aussi les arbres.<\/p>\n<p style=\"text-align: justify;\">\n<p style=\"text-align: justify;\">Comment sera-t-il possible d\u2019\u00e9chapper aux dangers des rayonnements, tant pour les particuliers que pour les professionnels ? Monsieur Macron a clairement \u00e9voqu\u00e9 que la 5G serait d\u00e9ploy\u00e9e sur tout le territoire fran\u00e7ais &#8211; zones blanches comprises &#8211; dans tous les espaces publics comme priv\u00e9s, 24h sur 24, 365 jours par an, allant ainsi \u00e0 l\u2019encontre de la <strong>R\u00e9solution 1815 du Conseil de l\u2019Europe<\/strong><sup>2 <\/sup><strong>.<\/strong><\/p>\n<p style=\"text-align: justify;\"><strong>Dans une telle situation, quelle proposition est faite aux personnes qui souffrent en \u00e9tant soumises aux ondes\u00a0?<\/strong><\/p>\n<p style=\"text-align: justify;\">\n<p style=\"text-align: justify;\">Compte tenu de toutes ces raisons, la 5G impos\u00e9e \u00e0 marche forc\u00e9e peut-elle \u00eatre qualifi\u00e9e d\u2019\u00e9cologique, de solidaire, de d\u00e9mocratique\u00a0?<\/p>\n<p style=\"text-align: justify;\">En tant qu\u2019\u00e9lu(e) de la R\u00e9publique, votre responsabilit\u00e9 est engag\u00e9e vis-\u00e0-vis de vos administr\u00e9s. Vos d\u00e9cisions et actions seront primordiales pour la protection de la sant\u00e9 publique et environnementale et la libert\u00e9 de tous. Nous esp\u00e9rons que vous nous rejoignez sur cette analyse et dans l\u2019action \u00e0 mener. Celle-ci doit \u00eatre entreprise sans tarder\u00a0; c\u2019est pourquoi, nous vous assurons que nous r\u00e9pondrons pr\u00e9sents \u00e0 toutes vos sollicitations.<\/p>\n<p style=\"text-align: justify;\">\n<p style=\"text-align: justify;\">Nous joignons \u00e9galement \u00e0 ce courrier, en annexe 2, divers articles de codes l\u00e9gislatifs auxquels il nous semble opportun de se r\u00e9f\u00e9rer.<\/p>\n<p style=\"text-align: justify;\">\n<p style=\"text-align: justify;\">Nous vous remercions tout particuli\u00e8rement de l\u2019attention scrupuleuse que vous voudrez bien accorder \u00e0 cet appel \u00e0 prot\u00e9ger la sant\u00e9 publique et l\u2019environnement, selon une planification raisonnable et rationnelle. Nous serions heureux de vous rencontrer pour en parler de fa\u00e7on plus approfondie, sur la base de sources scientifiques fiables et des textes dont la France est signataire. De ce fait, nous sollicitons un rendez-vous avec vous \u00e0 votre convenance et demandons votre r\u00e9ponse, si possible, pour le 10 ao\u00fbt.<\/p>\n<p style=\"text-align: justify;\">\n<p style=\"text-align: justify;\">Veuillez agr\u00e9er, Madame\/Monsieur le Maire, l\u2019expression de notre consid\u00e9ration.<\/p>\n<p><strong>Pour en savoir beaucoup plus : <a href=\"https:\/\/collectif-accad.fr\/site\/wp-content\/uploads\/2020\/08\/5G-Lettre-aux-maires-et-\u00e9lus-20200728.doc\">5G Lettre aux maires et \u00e9lus 20200728<\/a><\/strong><\/p>\n<p style=\"text-align: justify;\">\n<p style=\"text-align: justify;\">\n<p style=\"text-align: justify;\">\n","protected":false},"excerpt":{"rendered":"<p>A propos du d\u00e9ploiement de la 5G<\/p>\n","protected":false},"author":4,"featured_media":0,"comment_status":"closed","ping_status":"open","sticky":false,"template":"","format":"standard","meta":{"footnotes":""},"categories":[1],"tags":[],"class_list":["post-5853","post","type-post","status-publish","format-standard","hentry","category-non-classe"],"_links":{"self":[{"href":"https:\/\/collectif-accad.fr\/site\/wp-json\/wp\/v2\/posts\/5853","targetHints":{"allow":["GET"]}}],"collection":[{"href":"https:\/\/collectif-accad.fr\/site\/wp-json\/wp\/v2\/posts"}],"about":[{"href":"https:\/\/collectif-accad.fr\/site\/wp-json\/wp\/v2\/types\/post"}],"author":[{"embeddable":true,"href":"https:\/\/collectif-accad.fr\/site\/wp-json\/wp\/v2\/users\/4"}],"replies":[{"embeddable":true,"href":"https:\/\/collectif-accad.fr\/site\/wp-json\/wp\/v2\/comments?post=5853"}],"version-history":[{"count":1,"href":"https:\/\/collectif-accad.fr\/site\/wp-json\/wp\/v2\/posts\/5853\/revisions"}],"predecessor-version":[{"id":5854,"href":"https:\/\/collectif-accad.fr\/site\/wp-json\/wp\/v2\/posts\/5853\/revisions\/5854"}],"wp:attachment":[{"href":"https:\/\/collectif-accad.fr\/site\/wp-json\/wp\/v2\/media?parent=5853"}],"wp:term":[{"taxonomy":"category","embeddable":true,"href":"https:\/\/collectif-accad.fr\/site\/wp-json\/wp\/v2\/categories?post=5853"},{"taxonomy":"post_tag","embeddable":true,"href":"https:\/\/collectif-accad.fr\/site\/wp-json\/wp\/v2\/tags?post=5853"}],"curies":[{"name":"wp","href":"https:\/\/api.w.org\/{rel}","templated":true}]}}