{"id":5846,"date":"2020-08-10T02:52:52","date_gmt":"2020-08-10T00:52:52","guid":{"rendered":"https:\/\/collectif-accad.fr\/site\/?p=5846"},"modified":"2020-08-07T13:53:44","modified_gmt":"2020-08-07T11:53:44","slug":"pourquoi-prendre-une-deliberation-anti-linky-en-reunion-de-conseil-municipal","status":"publish","type":"post","link":"https:\/\/collectif-accad.fr\/site\/pourquoi-prendre-une-deliberation-anti-linky-en-reunion-de-conseil-municipal\/","title":{"rendered":"Pourquoi prendre une d\u00e9lib\u00e9ration anti-linky en r\u00e9union de conseil municipal"},"content":{"rendered":"<p style=\"text-align: left;\"><span style=\"font-size: 18pt;\"><strong>Trois interventions<\/strong><\/span><\/p>\n<p><!--more--><\/p>\n<p style=\"text-align: justify;\">Malgr\u00e9 la d\u00e9cision arbitraire (mais sans appel) du Conseil d&rsquo;Etat, rien n&#8217;emp\u00eache un conseil municipal de prendre une d\u00e9lib\u00e9ration anti-Linky (ou le maire signer un arr\u00eat\u00e9). Certes, ce texte a toutes les \u00ab\u00a0chances\u00a0\u00bb d&rsquo;\u00eatre annul\u00e9 en justice administrative mais :<\/p>\n<p style=\"text-align: justify;\">&#8211; la d\u00e9lib\u00e9ration est en vigueur tant qu&rsquo;elle n&rsquo;est pas annul\u00e9e (lapalissade, mais incontournable), or la proc\u00e9dure peut prendre jusqu&rsquo;\u00e0 deux ans !<\/p>\n<p style=\"text-align: justify;\">&#8211; il arrive que des d\u00e9lib\u00e9rations ne soient pas attaqu\u00e9es dans les deux mois et qu&rsquo;elles soient donc d\u00e9finitivement valables.<\/p>\n<p style=\"text-align: justify;\">&#8211; mais SURTOUT, et m\u00eame si la d\u00e9lib\u00e9ration est finalement annul\u00e9e, son adoption est un message fort envoy\u00e9 par la municipalit\u00e9 \u00e0 ses administr\u00e9s. Si de plus les \u00e9lus sont r\u00e9actifs et pr\u00eats \u00e0 se rendre imm\u00e9diatement au devant des installateurs lorsqu&rsquo;ils arrivent dans la commune, cela aidera et encouragera grandement les habitants&#8230;<\/p>\n<p style=\"text-align: justify;\"><strong>St\u00e9phane<\/strong><\/p>\n<p style=\"text-align: center;\">*************\u00a0 **************<\/p>\n<p style=\"text-align: justify;\">Un petit b\u00e9mol \u00e0 propos de la phrase\u00a0:<\/p>\n<p style=\"text-align: justify;\"><strong><em>\u00ab\u00a0la d\u00e9lib\u00e9ration est en vigueur tant qu&rsquo;elle n&rsquo;est pas annul\u00e9e (lapalissade, mais incontournable), or la proc\u00e9dure peut prendre jusqu&rsquo;\u00e0 deux ans !\u00a0\u00bb<\/em><\/strong><\/p>\n<p style=\"text-align: justify;\"><em>En effet, Enedis ou le pr\u00e9fet effectuent souvent une demande de suspension de l&rsquo;Arr\u00eat\u00e9 (jugement sur la forme et non le fond) ce qui suspend l&rsquo;Arr\u00eat\u00e9 jusqu&rsquo;au jugement final.<\/em><\/p>\n<p style=\"text-align: justify;\"><em>Bien s\u00fbr, le Maire peut toujours reprendre un autre arr\u00eat\u00e9 apr\u00e8s suspension&#8230;<\/em><\/p>\n<p style=\"text-align: justify;\"><strong>Pat<\/strong><\/p>\n<p style=\"text-align: center;\">******** ********<\/p>\n<p style=\"text-align: justify;\">Tout \u00e0 fait d\u2019accord sur le fait qu\u2019une d\u00e9cision municipale, quelque soit ce qu\u2019en fait l\u2019Autorit\u00e9, est un geste politique qui compte. Et je dirais m\u00eame qu\u2019elle est d\u2019autant plus forte politiquement qu\u2019elle est affaiblie par l\u2019Autorit\u00e9. Il s\u2019agit en fait de promouvoir la culture du refus. Je crois que nous aurons encore besoin de cela contre la 5G puisqu\u2019il est \u00e0 pr\u00e9voir que malgr\u00e9 les annonces \u201cbienveillantes\u201c (directeur de la f\u00e9d\u00e9 des t\u00e9l\u00e9com\u2026) et le Droit, tout ce que diront les communes pour s\u2019opposer sera envoy\u00e9 syst\u00e9matiquement \u00e0 la poubelle par l\u2019Autorit\u00e9 qui ne renoncera pas \u00e0 une technologie d\u2019avenir indispensable au d\u00e9veloppement industriel\u2026 et je ne sais quoi encore.<\/p>\n","protected":false},"excerpt":{"rendered":"<p>Trois interventions<\/p>\n","protected":false},"author":4,"featured_media":0,"comment_status":"closed","ping_status":"open","sticky":false,"template":"","format":"standard","meta":{"footnotes":""},"categories":[1],"tags":[],"class_list":["post-5846","post","type-post","status-publish","format-standard","hentry","category-non-classe"],"_links":{"self":[{"href":"https:\/\/collectif-accad.fr\/site\/wp-json\/wp\/v2\/posts\/5846","targetHints":{"allow":["GET"]}}],"collection":[{"href":"https:\/\/collectif-accad.fr\/site\/wp-json\/wp\/v2\/posts"}],"about":[{"href":"https:\/\/collectif-accad.fr\/site\/wp-json\/wp\/v2\/types\/post"}],"author":[{"embeddable":true,"href":"https:\/\/collectif-accad.fr\/site\/wp-json\/wp\/v2\/users\/4"}],"replies":[{"embeddable":true,"href":"https:\/\/collectif-accad.fr\/site\/wp-json\/wp\/v2\/comments?post=5846"}],"version-history":[{"count":1,"href":"https:\/\/collectif-accad.fr\/site\/wp-json\/wp\/v2\/posts\/5846\/revisions"}],"predecessor-version":[{"id":5847,"href":"https:\/\/collectif-accad.fr\/site\/wp-json\/wp\/v2\/posts\/5846\/revisions\/5847"}],"wp:attachment":[{"href":"https:\/\/collectif-accad.fr\/site\/wp-json\/wp\/v2\/media?parent=5846"}],"wp:term":[{"taxonomy":"category","embeddable":true,"href":"https:\/\/collectif-accad.fr\/site\/wp-json\/wp\/v2\/categories?post=5846"},{"taxonomy":"post_tag","embeddable":true,"href":"https:\/\/collectif-accad.fr\/site\/wp-json\/wp\/v2\/tags?post=5846"}],"curies":[{"name":"wp","href":"https:\/\/api.w.org\/{rel}","templated":true}]}}