{"id":5844,"date":"2020-08-03T02:11:41","date_gmt":"2020-08-03T00:11:41","guid":{"rendered":"https:\/\/collectif-accad.fr\/site\/?p=5844"},"modified":"2020-08-02T18:12:51","modified_gmt":"2020-08-02T16:12:51","slug":"etre-electrohypersensible-ehs","status":"publish","type":"post","link":"https:\/\/collectif-accad.fr\/site\/etre-electrohypersensible-ehs\/","title":{"rendered":"Etre \u00e9lectrohypersensible (EHS)"},"content":{"rendered":"<p style=\"text-align: left;\"><strong><span style=\"font-size: 18pt;\">Ou vivre l\u2019enfer des ondes<\/span> <\/strong><\/p>\n<p><!--more--><\/p>\n<p style=\"text-align: justify;\">Invisibles, les ondes \u00e9lectromagn\u00e9tiques, parce qu\u2019elles sont inaccessibles \u00e0 nos cinq sens. Doublement invisibles, les \u00e9lectrohypersensibles, parce que leurs souffrances ne se voient pas et qu\u2019ils se cachent pour fuir ces ondes.<br \/>\nQuel est le quotidien d\u2019une \u00e9lectrohypersensible, quelles sont ses souffrances, que sait-on de ce mal, et comment s\u2019en sortir\u00a0? T\u00e9moignages et enqu\u00eates dans la revue Nexus.<\/p>\n<p style=\"text-align: justify;\"><strong>Rep\u00e8res<\/strong><\/p>\n<p style=\"text-align: justify;\">Dans le dossier, le terme \u00ab\u00a0basses fr\u00e9quences\u00a0\u00bb repr\u00e9sente l\u2019\u00e9lectricit\u00e9 50 Hz (domestique 220 volts ainsi que moyenne et haute tension). Y est associ\u00e9 un champ magn\u00e9tique de m\u00eame fr\u00e9quence d\u00e8s que le courant circule. Sont nomm\u00e9es \u00ab\u00a0hautes fr\u00e9quences\u00a0\u00bb par facilit\u00e9 les radiofr\u00e9quences (radio, TV, CPL Linky, t\u00e9l\u00e9phone portable, antenne relais de t\u00e9l\u00e9phone mobile, Wifi, t\u00e9l\u00e9phone sans fil, DECT, four \u00e0 micro-ondes \u2026).<\/p>\n<p style=\"text-align: justify;\"><strong>Le professeur Belpomme, canc\u00e9rologue, sp\u00e9cialiste reconnu des maladies environnementales, en particulier de l\u2019EHS\/MCS, parle d\u2019un fl\u00e9au de sant\u00e9 publique majeur\u00a0: il estime \u00e0 50 % le nombre d\u2019\u00e9lectrohypersensibles d\u2019ici \u00e0 50 ans.<\/strong><\/p>\n<p style=\"text-align: justify;\"><strong>Les \u00e9tudes convergent\u00a0: les femmes repr\u00e9sentent 75% des personnes atteintes, la moiti\u00e9 a plus de 45 ans. Les enfants ou jeunes adultes sont de plus en plus repr\u00e9sent\u00e9s, on trouve m\u00eame des nourrissons. La plupart sont urbains.<\/strong><\/p>\n<p style=\"text-align: justify;\"><strong>En su\u00e8de, o\u00f9 l\u2019EHS est reconnue comme un handicap, l\u2019Etat prend en charge les frais de blindage des habitations des personnes et une allocation est syst\u00e9matiquement attribu\u00e9e.<\/strong><\/p>\n<p style=\"text-align: justify;\"><strong>Etablir au plus t\u00f4t le lien entre les sympt\u00f4mes et les \u00e9missions \u00e9lectromagn\u00e9tiques artificielles est indispensable. Faites des essais\u00a0: coupez l\u2019\u00e9lectricit\u00e9 la nuit, couper le smartphone, le Wifi, changez de chambre ou de bureau pendant trois jours \u2026 Si vous allez mieux, il y a un lien\u00a0!<\/strong><\/p>\n<p style=\"text-align: justify;\">\n<p style=\"text-align: justify;\">******\u00a0 ***********<\/p>\n<p style=\"text-align: justify;\">Imaginez \u2026 un jour, soudainement ou peu \u00e0 peu, vous constatez souffrir de maux de t\u00eate violents, de tachycardie ou de douleurs musculaires lorsque vous \u00eates \u00e0 proximit\u00e9 d\u2019un t\u00e9l\u00e9phone portable, d\u2019une box en Wifi, d\u2019une antenne relais ou d\u2019un ordinateur. Rapidement, des douleurs similaires apparaissent pr\u00e8s des radiateurs \u00e9lectriques rayonnants, de la cha\u00eene hi-fi ou des lampes. Un jour, c\u2019est l\u2019odeur de vos produits m\u00e9nagers habituels qui provoque les m\u00eames sympt\u00f4mes. Cette descente aux enfers, je l\u2019ai v\u00e9cu au printemps dernier, pour rejoindre la cat\u00e9gorie de ceux qu\u2019on appelle les \u00e9lectrohypersensibles (EHS), qui sont \u00e9galement souvent chimicosensibles [MCS, \u00ab\u00a0Multiple Chemical Sensitivy), soit sensibilit\u00e9 chimique multiple].<\/p>\n<p style=\"text-align: justify;\">\n<p style=\"text-align: justify;\"><strong>Un quotidien boulevers\u00e9<\/strong><\/p>\n<p style=\"text-align: justify;\">Je travaille \u00e0 l\u2019ordinateur par plages de deux heures journali\u00e8res. Mon ordinateur portable est \u00e9quip\u00e9 d\u2019un clavier externe et la police de caract\u00e8res est grossie\u00a0; je me tiens ainsi au plus loin de la machine rayonnante, laquelle est recouverte d\u2019un tissu anti-ondes et mise \u00e0 la terre. Je porte une chasuble anti-ondes ainsi qu\u2019une casquette blind\u00e9e. Lorsque la batterie est \u00e9puis\u00e9e ou que des maux de t\u00eate surviennent, je sors me ressourcer. J\u2019ai la chance de vivre dans un village proven\u00e7al, \u00e0 port\u00e9e de jambes des collines, dont certaines portions sont relativement peu expos\u00e9es aux antennes. Marche consciente, mise \u00e0 la terre, respiration, le romarin d\u2019hiver est en fleur, j\u2019en rapporte des bouquets.<\/p>\n<p style=\"text-align: justify;\">Parfois je relie ma box internet \u00e0 l\u2019ordinateur pour relever les courriels ou t\u00e9l\u00e9charger quelques documents, autant d\u2019actions qui me semblaient banales l\u2019hiver dernier encore. Imprimer les textes \u00e0 lire s\u2019av\u00e8re toujours un peu p\u00e9nible, car l\u2019imprimante rayonne terriblement \u00e0 mon \u00e9chelle d\u2019EHS et je n\u2019ai pas trouv\u00e9 de moyen de la relier \u00e0 la terre. Certains jours, mes maux de t\u00eate me contraignent au repos, de pr\u00e9f\u00e9rence dans la nature. J\u2019emporte un cahier. Ce ne sont que quelques d\u00e9tails car tout dans la vie des personnes EHS est impact\u00e9 par les sympt\u00f4mes dont nous souffrons.<\/p>\n<p style=\"text-align: justify;\">\n<p style=\"text-align: justify;\"><strong>Invisibles<\/strong><\/p>\n<p style=\"text-align: justify;\">Nous sommes invisibles car nous nous cachons. Pour beaucoup d\u2019entre nous, nous ne pouvons pas nous promener en ville, nous asseoir \u00e0 une terrasse de caf\u00e9, aller au restaurant, au concert ou au cin\u00e9, suivre un cours collectif de yoga ou de dessin, nous ne pouvons plus avoir d\u2019activit\u00e9s professionnelles, aller \u00e0 une f\u00eate \u00e0 une r\u00e9union dans un \u00e9tablissement scolaire de nos enfants, une formation, un entretien \u00e0 P\u00f4le-emploi, un h\u00f4pital, une maison de retraite, une pr\u00e9fecture, un lieu de culte. Nous d\u00e9placer par le rail, la route ou les airs est une \u00e9pop\u00e9e\u00a0; les courses, c\u2019est au plus vite\u00a0;<\/p>\n<p style=\"text-align: justify;\">D\u2019apr\u00e8s l\u2019Anses (Agence nationale de s\u00e9curit\u00e9 sanitaire de l\u2019alimentation, de l\u2019environnement et du travail), nous repr\u00e9sentons pourtant 5% de la population fran\u00e7aise. En Europe, les chiffres vont de 3 \u00e0 10%. Le professeur Belpomme, canc\u00e9rologue, sp\u00e9cialiste reconnu des maladies environnementales, en particulier de l\u2019EHS\/MCS, parle d\u2019un fl\u00e9au de sant\u00e9 publique majeur\u00a0: il estime \u00e0 50 % le nombre d\u2019\u00e9lectrohypersensibles d\u2019ici \u00e0 50 ans.<\/p>\n<p style=\"text-align: justify;\">\n<p style=\"text-align: justify;\"><strong>Pathologie troublante<\/strong><\/p>\n<p style=\"text-align: justify;\">L\u2019EHS est une maladie environnementale \u00e9mergente \u00ab\u00a0<em>tr\u00e8s difficile \u00e0 appr\u00e9hender du fait de la variabilit\u00e9 de l\u2019environnement dans l\u2019espace et le temps ainsi que de l\u2019instabilit\u00e9 de la sensibilit\u00e9s des personnes atteintes<\/em>\u00a0\u00bb, analyse Alexandre Pieroni, sociologue, que nous avons interrog\u00e9, auteur de deux m\u00e9moires sur le sujet. Nous avons aussi tous un degr\u00e9 d\u2019atteinte diff\u00e9rent.<\/p>\n<p style=\"text-align: justify;\">Nous sommes par exemple \u00ab\u00a0allergiques\u00a0\u00bb au rayonnement des t\u00e9l\u00e9phones portables \u00e0 30 m\u00e8tres de distance de la source. Nous nous r\u00e9veillons la nuit si notre voisin surfe sur WhatsApp. Un t\u00e9l\u00e9phone en mode avion dans la pi\u00e8ce d\u2019\u00e0 c\u00f4t\u00e9 nous provoque des maux de t\u00eate \u2026 mais certains jours, nous sommes moins sensibles\u00a0? Question de sommeil\u00a0? d\u2019alimentations , D\u2019autres fois, en rentrant du march\u00e9, nos sympt\u00f4mes persistent plusieurs heures, ou curieusement, c\u2019est seulement apr\u00e8s \u00eatre all\u00e9s \u00ab\u00a0dans les ondes\u00a0\u00bb que nous ressentons les douleurs, alors que d\u2019habitude, c\u2019est pendant.<\/p>\n<p style=\"text-align: justify;\">Comprenez que nous devons compter avec les passages d\u2019avions, les bornes de Wifi, cach\u00e9es partout, les antennes relais dans de fausses chemin\u00e9es, les c\u00e2bles enterr\u00e9s ou a\u00e9riens, les alarmes de boutiques, les radars, tous les \u00e9quipements connect\u00e9s \u00e0 l\u2019int\u00e9rieur des b\u00e2timents, les fils \u00e9lectriques dans les murs, etc \u2026 Nous sommes cern\u00e9s de dispositifs artificiels dont nous sentons les effets sans les voir.<br \/>\nPour les proches, nos r\u00e9actions sont incompr\u00e9hensibles. Finalement, seul un instrument de mesure permet d\u2019objectiver l\u2019omnipr\u00e9sence des ondes.<br \/>\nSi nous somme de surcroit fortement chimicosensibles, ce sont la pollution de l\u2019air, les parfums, les formald\u00e9hydes, les v\u00eatements synth\u00e9tiques ou un sol si fraichement lav\u00e9 qui sont des sources suppl\u00e9mentaires de douleurs.<\/p>\n<p style=\"text-align: justify;\">\u00c7a se complique encore d\u2019un cran si notre intol\u00e9rance s\u2019\u00e9tend \u00e0 certaines \u00e9motions des personnes crois\u00e9es ou \u00e0 l\u2019\u00e9lectricit\u00e9 v\u00e9hicul\u00e9e par l\u2019eau des rivi\u00e8res. L\u00e0, notre folie ne fait plus de doute, n\u2019est-ce-pas\u00a0?<\/p>\n<p style=\"text-align: justify;\">\n<p style=\"text-align: justify;\"><strong>L\u2019EHS, quelle reconnaissance\u00a0?<\/strong><\/p>\n<p style=\"text-align: justify;\">Mon m\u00e9decin traitant, apr\u00e8s avoir accept\u00e9 de m\u2019accorder six semaines d\u2019arr\u00eat maladie, me dit, impuissante\u00a0: \u00ab\u00a0je vois que vous souffrez, mais votre maladie n\u2019existe pas. Je ne peux pas vous aider\u00a0\u00bb.<\/p>\n<p style=\"text-align: justify;\">Il faut dire que la reconnaissance du syndrome est r\u00e9cente et que les m\u00e9decins ne sont pas form\u00e9s.<\/p>\n<p style=\"text-align: justify;\">En France, c\u2019est en 2018 que l\u2019Anses reconnut officiellement l\u2019existence de l\u2019EHS. Un pas de g\u00e9ant selon les associations\u00a0? La m\u00eame ann\u00e9e, pour la premi\u00e8re en France, un tribunal a consid\u00e9r\u00e9 un accident de travail li\u00e9 \u00e0 l\u2019EHS.<\/p>\n<p style=\"text-align: justify;\">L\u2019Organisation mondiale de la sant\u00e9 (OMS) parle \u00ab\u00a0<em>d\u2019intol\u00e9rance environnementale idiopathique<\/em> (c&rsquo;est-\u00e0-dire sans cause pr\u00e9cise, NDLR) <em>attribu\u00e9e aux champs \u00e9lectromagn\u00e9tique<\/em>\u00a0\u00bb. Autrement dit, ce sont les personnes elles-m\u00eames qui attribuent leurs sympt\u00f4mes aux ondes \u00e9lectromagn\u00e9tiques\u00a0; l\u2019EHS et sa source ne sont pas reconnues en tant que telles. L\u2019OMS reconnait en revanche le MCS, class\u00e9e dans la m\u00eame famille. Quoiqu\u2019il en soit, je mets quiconque au d\u00e9fi de passer une journ\u00e9e avec un EHS et de conclure \u00e0 l\u2019absence de lien entre ses sympt\u00f4mes et les ondes artificielles, Comme le souligne Alice Terrasse, avocate de la premi\u00e8re personne EHS \u00e0 avoir b\u00e9n\u00e9fici\u00e9 en 2015\u00a0 de l\u2019allocation adultes handicap\u00e9s en France, \u00ab\u00a0<em>il y a une r\u00e9alit\u00e9 dans les faits<\/em>\u00a0\u00bb.<\/p>\n<p style=\"text-align: justify;\">Au-del\u00e0 de la reconnaissance de la pathologie, la question de sa gen\u00e8se occupe beaucoup. L\u2019OMS ne reconna\u00eet aucun lien avec les ondes \u00e9lectromagn\u00e9tiques. L\u2019Anses, en 2018, \u00e9voque l\u2019absence de lien causal \u00ab\u00a0solide\u00a0\u00bb. En fait, tout est question de preuves, que les industriels de la t\u00e9l\u00e9phonie et leurs lobbyistes r\u00e9clament toujours plus nombreuses, alors que les \u00e9tudes ind\u00e9pendantes pointant les effets catastrophiques des ondes \u00e9lectromagn\u00e9tiques artificielles sur la sant\u00e9 se comptent par centaines.<\/p>\n<p style=\"text-align: justify;\">\n<p style=\"text-align: justify;\"><strong>Pl\u00e9thore d\u2019\u00e9tudes<\/strong><\/p>\n<p style=\"text-align: justify;\">Le rapport BioInitiative de 2007 regroupe plus de 1\u00a0500 travaux internationaux publi\u00e9s et non contest\u00e9s. Il est valid\u00e9 par le parlement europ\u00e9en, dans son plan d\u2019action en mati\u00e8re d\u2019environnement et de sant\u00e9, par vote le 4 septembre 2008, plus compl\u00e9t\u00e9 en 2012 par 300 \u00e9tudes suppl\u00e9mentaires. Il conclut \u00e0 des effets biologiques des ondes \u00e9lectromagn\u00e9tiques dur l\u2019Homme\u00a0: facilitation de la p\u00e9n\u00e9tration dans le cerveau de substances ind\u00e9sirables (m\u00e9taux lourds, virus \u2026)\u00a0; perturbation de la production de m\u00e9latonine, dommages g\u00e9n\u00e9tiques par rupture de l\u2019ADN, actions sur le syst\u00e8me immunitaire et le syst\u00e8me nerveux, apparition de certains types de tumeurs du cerveau, leuc\u00e9mie, Alzheimer \u2026 On a men\u00e9 des exp\u00e9riences sur des cigognes, des rouges-gorges, des abeilles \u2026 Les conclusions sont sans appel\u00a0: d\u00e9sorientation, baisse de la fertilit\u00e9, troubles du comportement, mort de nouveau-n\u00e9s, et ainsi de suite.<\/p>\n<p style=\"text-align: justify;\">En 2018, le docteur Martin Pall, professeur \u00e9m\u00e9rite en biochimie et sciences m\u00e9dicales fondamentales \u00e0 l\u2019universit\u00e9 d\u2019Etat de Washington (Etats-Unis), d\u00e9crit le m\u00e9canisme par lequel les champs \u00e9lectromagn\u00e9tiques artificiels des technologies sans fil attaquent plantes, animaux et humains avec, \u00e0 la cl\u00e9, des effets neuropsychiatriques (fatigue chronique, insomnie, d\u00e9pression, anxi\u00e9t\u00e9), troubles cardiaques, infertilit\u00e9, cancers.<\/p>\n<p style=\"text-align: justify;\">L\u2019ann\u00e9e 2018 est fertile en publications sur le sujet. Citons une vaste \u00e9tude internationale sur les effets sanitaires des rayonnements haute et basse fr\u00e9quences de faible intensit\u00e9, incluant donc le champ \u00e9lectrique (\u00e9lectricit\u00e9 domestique en particulier). Le professeur Belpomme est de la partie. Entre autres conclusions, d\u00e9ficits neurocomportementaux possibles, exclusion de la cause psychosomatique, lien entre expositions aux ondes \u00e9lectromagn\u00e9tiques et syndrome d\u2019\u00e9lectrohypersensibilit\u00e9, augmentation du risque de cancer de cerveau \u00e0 la suite d\u2019une exposition prolong\u00e9e aux fr\u00e9quences de t\u00e9l\u00e9phonie mobile.<\/p>\n<p style=\"text-align: justify;\">Le rapport alerte en particulier sur l\u2019exposition des enfants, en raison de la sensibilit\u00e9 de leur syst\u00e8me nerveux en d\u00e9veloppement, de l\u2019hyperconductivit\u00e9 de leurs tissus c\u00e9r\u00e9braux, de la plus grande p\u00e9n\u00e9tration des radiofr\u00e9quences par rapport \u00e0 la taille de leur t\u00eate et de l\u2019exposition potentielle qu\u2019ils vont subir toute leur vie\u00a0! Enfin, dans une publication de mars 2020, D. Belpomme et P. Irigaray confirment les conclusions des rapports pr\u00e9c\u00e9dents par l\u2019\u00e9tude de patients EHS.<\/p>\n<p style=\"text-align: justify;\">Quid des \u00e9tudes pr\u00e9sent\u00e9es par les op\u00e9rateurs\u00a0? Aucune ne prouve s\u00e9rieusement que le d\u00e9veloppement des technologies sans fil soit sans danger pour la sant\u00e9, sans m\u00eame parler de la 5G.<\/p>\n<p style=\"text-align: justify;\">\n<p style=\"text-align: justify;\"><strong>Radiofr\u00e9quences reclass\u00e9es\u00a0?<\/strong><\/p>\n<p style=\"text-align: justify;\">Du c\u00f4t\u00e9 du CIRC (Centre internationale de recherche sur le cancer, qui rel\u00e8ve de l\u2019OMS), \u00e7a bouge lentement. En 2011, l\u2019OMS classait les radiofr\u00e9quences parmi les agents potentiellement canc\u00e9rog\u00e8nes pour l\u2019Homme (groupe 2B). Basses et extr\u00eamement basses fr\u00e9quences l\u2019\u00e9taient d\u00e9j\u00e0. Sur l\u2019impulsion d\u2019un comit\u00e9 consultatif, le CIRC envisagerait de revoir sa copie et de classer les champs \u00e9lectromagn\u00e9tiques comme canc\u00e9rog\u00e8nes probables (groupe 2A, comme pour le glyphosate). Les experts du CIRC pr\u00e9voient de statuer d\u2019ici deux \u00e0 quatre ans.<\/p>\n<p style=\"text-align: justify;\">\n<p style=\"text-align: justify;\"><strong>Qui sont les EHS\u00a0?<\/strong><\/p>\n<p style=\"text-align: justify;\">\u00ab\u00a0Toutes les cat\u00e9gories sociales sont repr\u00e9sent\u00e9es\u00a0\u00bb, affirme Alexandre Pieroni. Au sein de l\u2019association d\u2019EHS varois \u00ab\u00a0d\u00e9branche\u00a0\u00bb, on trouve notamment un technicien en \u00e9lectronique, un installateur d\u2019\u00e9oliennes, un ing\u00e9nieur d\u2019\u00e9tudes reconverti dans la r\u00e9novation du b\u00e2timent (tous des m\u00e9tiers comptant un pourcentage \u00e9lev\u00e9 d\u2019EHS), des auxiliaires de vie, un agent administratif, une professeure des \u00e9coles, une esth\u00e9ticienne, une consultante en communication. Nous avons tous d\u00fb arr\u00eater de travailler. Les \u00e9tudes convergent\u00a0: les femmes repr\u00e9sentent 75% des personnes atteintes, la moiti\u00e9 a plus de 45 ans. Les enfants ou jeunes adultes sont de plus en plus repr\u00e9sent\u00e9s, on trouve m\u00eame des nourrissons. La plupart sont urbains, pr\u00e9cise le sociologue\u00a0; question de brouillard \u00e9lectromagn\u00e9tique, assur\u00e9ment.<\/p>\n<p style=\"text-align: justify;\">\n<p style=\"text-align: justify;\"><strong>Court terme<\/strong><\/p>\n<p style=\"text-align: justify;\">Deux pi\u00e8ces de mon spacieux appartement de village sont d\u00e9sormais assez bien prot\u00e9g\u00e9es des nuisances \u00e9lectromagn\u00e9tiques alentour. Des\u00a0 voisins tr\u00e8s compr\u00e9hensifs, des murs de pierre \u00e9pais, de petites fen\u00eatres sont des atouts pr\u00e9cieux. L\u2019\u00e9lectricit\u00e9 de la pi\u00e8ce o\u00f9 je vis est coup\u00e9e, radiateurs et lampes blind\u00e9s prennent leur puissance aux prises de terre de la cuisine. Que demander de plus\u00a0? Une certaine s\u00e9r\u00e9nit\u00e9 serait la bienvenue\u00a0: l\u2019\u00e9quilibre peut \u00eatre remis en question \u00e0 tout moment par l\u2019arriv\u00e9e d\u2019un nouvel \u00e9quipement connect\u00e9 dans le salon des voisins ou d\u2019un nouveau locataire deux \u00e9tages au-dessous.<br \/>\nParmi les EHS autour de moi, c\u2019est une constante\u00a0: nous vivons \u00e0 court terme.<\/p>\n<p style=\"text-align: justify;\">Fanny et Loris ont trouv\u00e9 un cabanon hors des ondes, 20 m2 \u00e0 quatre pour six mois. Et apr\u00e8s\u00a0? Christine, Steve souffrent quotidiennement. \u00ab\u00a0<em>Depuis qu\u2019ils ont install\u00e9 le Linky sur mon compteur triphas\u00e9, c\u2019est l\u2019horreur. Et je ne peux pas couper le courant car il alimente aussi les escaliers de l\u2019immeuble<\/em>\u00a0\u00bb, t\u00e9moigne Christine. Trouver \u00e0 d\u00e9m\u00e9nager \u00ab\u00a0<em>avec 800 euros par mois, c\u2019est compliqu\u00e9<\/em>\u00a0\u00bb. Steve, propri\u00e9taire de son appartement, temporise\u00a0: \u00ab\u00a0<em>dans mon baldaquin anti-ondes, pass\u00e9 le temps de d\u00e9charge tr\u00e8s d\u00e9sagr\u00e9able, \u00e7a peut aller\u00a0; avec un somnif\u00e8re, deux depuis que les voisins ont le Linky, je r\u00e9cup\u00e8re la nuit<\/em>\u00a0\u00bb. Ang\u00e9la, elle, apr\u00e8s un s\u00e9jour en h\u00f4pital psychiatrique fortement recommand\u00e9 par sa famille \u00ab\u00a0pour se soigner\u00a0\u00bb -un classique de moins en moins courant-, cinq d\u00e9m\u00e9nagements, un an en mobile home sans \u00e9lectricit\u00e9 ni eau dans la colline, vit enfin confortablement dans une zone presque blanche. Ouf\u00a0! Elle souffre cependant de sifflements permanents dans les oreilles, li\u00e9s \u00e0 la ligne \u00e0 haute tension non loin et \u00e0 l\u2019\u00e9lectricit\u00e9 domestique de son propri\u00e9taire habitant le rez-de-chauss\u00e9e de la maison. Mais, au regard de ce qu\u2019elle a v\u00e9cu, elle supporte. Delphine, de son c\u00f4t\u00e9, s\u2019est momentan\u00e9ment r\u00e9fugi\u00e9e chez son p\u00e8re, au milieu des vignes.<\/p>\n<p style=\"text-align: justify;\">\n<p style=\"text-align: justify;\"><strong>Itin\u00e9rance<\/strong><\/p>\n<p style=\"text-align: justify;\">Marie a radicalement troqu\u00e9 son appartement en location contre un fourgon am\u00e9nag\u00e9, pour le moment pos\u00e9 sur le parking d\u2019un monast\u00e8re, o\u00f9 elle s\u2019investit avec bonheur jusqu\u2019\u00e0 l\u2019arriv\u00e9e de la vague estivale de touristes connect\u00e9s. Op\u00e9ration inverse pour Cl\u00e9ment, \u00e9lectro et chimicosensible\u00a0: apr\u00e8s plus de deux ans en camion, il a trouv\u00e9 le repos dans un village m\u00e9di\u00e9val des Alpes-Maritimes. Un rez-de-chauss\u00e9e de 17 m2, \u00e9quip\u00e9 d\u2019une petite fen\u00eatre donnant sur un mur\u00a0: les antennes \u00e9pargnent le havre de Cl\u00e9ment et de sa compagne. \u00ab\u00a0<em>J\u2019\u00e9tais en cavale, j\u2019ai visit\u00e9 des centaines de logements \u00e0 la campagne, \u00e0 la mer, \u00e0 la montagne. Je m\u2019y sentais toujours mal. Dans le camion, \u00e0 force d\u2019inconfort, de mauvais sommeil, de repas d\u00e9s\u00e9quilibr\u00e9s, d\u2019une sensibilit\u00e9 aux ondes croissante, j\u2019avais des id\u00e9es noires\u00a0? Gar\u00e9 devant chez mes parents qui m\u2019apportaient \u00e0 manger, j\u2019ai d\u00fb d\u00e9placer le camion de plus en plus loin pour m\u2019abriter des ondes, pour finir dans un virage entre deux murets. Il y a non-assistance \u00e0 personne en danger. Enfin, d\u00e9sormais, je vais beaucoup mieux. Je garde mon camion pour fuir en cas de n\u00e9cessit\u00e9\u00a0<\/em>\u00bb. Guillaume, lui, fuit le plus souvent possible le Wifi de ses voisins, pourtant absents. Itin\u00e9rant alternatif dynamique, il dort dans sa voiture parfois plusieurs semaines et rend visite \u00e0 des groupes EHS afin de participer \u00e0 la cr\u00e9ation d\u2019un \u00e9cosite. La plupart des personnes cit\u00e9es sont diagnostiqu\u00e9es EHS depuis plus de cinq ans.<\/p>\n<p style=\"text-align: justify;\">\n<p style=\"text-align: justify;\"><strong>Qu\u00eate d\u2019un lieu hors des ondes<\/strong><\/p>\n<p style=\"text-align: justify;\">Ce petit monde et quelques autres travaillent depuis un an \u00e0 un projet d\u2019\u00e9co-lieu hors des ondes. L\u2019objectif\u00a0: se mettre \u00e0 l\u2019abri et vivre dans un esprit de respect de la nature, de partage et d\u2019entraide, autonomie alimentaire et ouverture sur le monde \u00e0 la cl\u00e9. Autre id\u00e9e r\u00e9cente\u00a0: lancer la cr\u00e9ation d\u2019un r\u00e9seau de terrains \u00e9quip\u00e9s au minimum pour EHS en voyage ou en besoin de ressourcement, \u00e0 mi-chemin entre l\u2019aire\u00a0 pour gens du voyage.<\/p>\n<p style=\"text-align: justify;\">Communiquer \u00e0 distance et se r\u00e9unir constituent un d\u00e9fi en soi compte tenu de nos handicaps. Malgr\u00e9 tout, les visites de terrains, domaines, maisons se succ\u00e8dent, renseignements pris au pr\u00e9alable sur les antennes relais et lignes \u00e0 haute tension alentour, ainsi que sur la distance du voisinage. Avec de situations cocasses, comme cette visite en compagnie d\u2019un agent immobilier bienveillant. \u00ab\u00a0<em>Mon t\u00e9l\u00e9phone est \u00e9teint<\/em>\u00a0\u00bb, rassure-t-il d\u2019embl\u00e9e. Jusqu\u2019au moment o\u00f9, cern\u00e9 d\u2019une demi-douzaine d\u2019appareils de mesure point\u00e9s sur lui, il court s\u2019isoler, contrit, pour d\u00e9sactiver sa montre connect\u00e9e.<br \/>\nAvis aux propri\u00e9taires d\u2019une zone blanche\u00a0: nous sommes nombreux \u00e0 chercher notre oasis\u00a0!<\/p>\n<p style=\"text-align: justify;\"><strong>\u00a0<\/strong><\/p>\n<p style=\"text-align: justify;\"><strong>AZB<\/strong><\/p>\n<p style=\"text-align: justify;\">Un lieu d\u2019accueil hors des ondes, c\u2019est ce \u00e0 quoi travaille aussi, \u00e0 une autre \u00e9chelle et depuis une dizaine d\u2019ann\u00e9e, l\u2019Association Zones Blanches (AZB), pr\u00e9sid\u00e9e par Mich\u00e8le Rivasi. Ce projet, c\u2019est presqu\u2019un mythe pour les EHS. Situ\u00e9 \u00e0 Saint-Julien-en-Beauch\u00eane dans les Hautes-Alpes, le site, ancienne colonie de vacances de la CAF des Bouches-du-Rh\u00f4ne, entre montagnes et for\u00eats, est en zone blanche par endroits et grise (c\u2019est-\u00e0-dire tr\u00e8s peu pollu\u00e9e par les ondes artificielles) \u00e0 d\u2019autres. Objectif\u00a0: l\u2019acqu\u00e9rir pour en faire un lieu d\u2019accueil, de recherche et de suivi m\u00e9dical pour les personnes devenues EHS ou MCS. Une premi\u00e8re en Europe. <em>\u00ab\u00a0Si tout se passe pour le mieux, le site devrait accueillir les premiers h\u00f4tes d\u2019ici quatre \u00e0 cinq ans\u00a0<\/em>\u00bb, indique Marie-No\u00eblle Bollinger, charg\u00e9e de projet AZB. C\u2019est long quand il y a urgence.<\/p>\n<p style=\"text-align: justify;\"><strong>\u00a0<\/strong><\/p>\n<p style=\"text-align: justify;\"><strong>Touche pas \u00e0 mon t\u00e9l\u00e9phone<\/strong><\/p>\n<p style=\"text-align: justify;\">Pas suffisante, mais indispensable \u00e0 la sanctuarisation d\u2019un site est la complicit\u00e9 de l\u2019\u00e9quipe communale. Pas gagn\u00e9 quand chasseurs et promeneurs voient d\u2019un mauvais \u0153il le fait de faire une crois sur leur d\u00e9sir de pouvoir t\u00e9l\u00e9phoner en for\u00eat. De mani\u00e8re g\u00e9n\u00e9rale, nous constatons que le slogan \u00ab\u00a0touche pas \u00e0 mon t\u00e9l\u00e9phone\u00a0\u00bb pourrait rassemble une grande partie de la population, avec les encouragements des op\u00e9rateurs et la complicit\u00e9 des pouvoirs publics. La loi Elan, qui fait de la couverture num\u00e9rique des territoires une priorit\u00e9 du gouvernement, et l\u2019arriv\u00e9e de la 5G sont aux antipodes de ce que devrait \u00eatre le r\u00f4le des politiques\u00a0: voter une loi en faveur de l\u2019\u00e9tablissement de zones blanches assortie, comme l\u2019indique Marie-No\u00eblle Bollinger, d\u2019une classification \u00ab\u00a0Zone blanche\u00a0\u00bb \u00e0 l\u2019instar des classifications \u00ab\u00a0Monument historique\u00a0\u00bb ou \u00ab\u00a0Zone naturelle prot\u00e9g\u00e9e\u00a0\u00bb.<\/p>\n<p style=\"text-align: justify;\">En attendant, dix parlementaires ont d\u00e9pos\u00e9, en d\u00e9cembre 2019, un projet de loi qui vise \u00e0 modifier, \u00e0 titre exp\u00e9rimental, le Code de l\u2019urbanisme. L\u2019objectif est de \u00ab\u00a0<em>permettre la construction d\u2019habitats dans les zones vierges d\u2019ondes nocives pour les personnes souffrant d\u2019\u00e9lectrohypersensibilit\u00e9<\/em>\u00a0\u00bb. A suivre.<\/p>\n<p style=\"text-align: justify;\"><strong>\u00a0<\/strong><\/p>\n<p style=\"text-align: justify;\"><strong>Manque de m\u00e9decins<\/strong><\/p>\n<p style=\"text-align: justify;\">Les m\u00e9decins sp\u00e9cialis\u00e9s se comptent sur les doigts d\u2019une main, regrette la charg\u00e9e de projet AZB. Pour les provinciaux, \u00ab\u00a0monter en consultation chez Belpomme\u00a0\u00bb est une \u00e9pop\u00e9e \u00e9prouvante, un passage encore consid\u00e9r\u00e9 comme oblig\u00e9 par certains. Voyage en TGV dans les toilettes ou assis par terre entre deux wagons, recouvert d\u2019un tissu anti-ondes, et nuit dans une chambre en location sous une tente recouverte dudit tissu pour les uns\u00a0; \u00eatre conduit en voiture, avec nuit sur la banquette, avant de repartir pour les autres. Un h\u00f4tel parisien propose d\u00e9sormais une chambre blind\u00e9e pour \u00e9lectrosensibles\u00a0: un cr\u00e9neau porteur.<\/p>\n<p style=\"text-align: justify;\">A la cl\u00e9 de deux voyages de ce type, la personne re\u00e7oit une prescription du professeur Belpomme, souvent appliqu\u00e9e quelques temps puis laiss\u00e9e de c\u00f4t\u00e9, faute de remonter vers paris pour un suivi ou faute d\u2019argent pour payer le traitement (il n\u2019existe pas de traitement pris en charge par la S\u00e9curit\u00e9 sociale), et un\u00a0 pr\u00e9cieux certificat d\u2019hypersensibilit\u00e9.<\/p>\n<p style=\"text-align: justify;\">Le collectif Sant\u00e9 sans onde, regroupant des professionnels de la sant\u00e9 atteints d\u2019EHS, formule des demandes aux pouvoir publics\u00a0: int\u00e9gration de cette pathologie au cursus m\u00e9dical, cr\u00e9ation de \u00ab\u00a0chambres blanches\u00a0\u00bb adapt\u00e9es aux EHS dans les h\u00f4pitaux (comme en Su\u00e8de) et, en premier lieu, reconnaissance par la S\u00e9curit\u00e9 sociale.<\/p>\n<p style=\"text-align: justify;\"><strong>\u00a0<\/strong><\/p>\n<p style=\"text-align: justify;\"><strong>Reconnaissance sociale\u00a0?<\/strong><\/p>\n<p style=\"text-align: justify;\">Le handicap que constituent les sympt\u00f4mes de l\u2019EHS est largement reconnu pas les maisons d\u00e9partementales des personnes handicap\u00e9es (MDPH). Dans la moiti\u00e9 des cas, une allocation aux adultes handicap\u00e9s (AAH) est accord\u00e9e, souvent \u00e0 la suite d\u2019un parcours de plusieurs ann\u00e9es. \u00ab\u00a0Les disparit\u00e9s r\u00e9gionales sont importantes concernant les EHS, en raison du manque de codification des processus d\u2019attribution de l\u2019allocation\u00a0\u00bb, commente Alexandre Pieroni. Dans le Var, par exemple, aucun EHS n\u2019a obtenu d\u2019allocation jusqu\u2019\u00e0 pr\u00e9sent.<\/p>\n<p style=\"text-align: justify;\"><strong>\u00a0<\/strong><\/p>\n<p style=\"text-align: justify;\"><strong>Quand la pauvret\u00e9 s\u2019en m\u00eale<\/strong><\/p>\n<p style=\"text-align: justify;\">Le cas d\u2019Angela est embl\u00e9matique\u00a0: esth\u00e9ticienne dans un salon de beaut\u00e9, femme de m\u00e9nage dans des bureaux, vendeuse de brocante \u2026 Le Wifi, les t\u00e9l\u00e9phones ou les antennes ont eu raison de toutes ses tentatives professionnelles. Elle a mont\u00e9 son salon d\u2019esth\u00e9tique chez elle, mais comment faire venir des clients en pleine nature au bout d\u2019un chemin de terre\u00a0? Elle vit avec le RSA et, soutenue par son m\u00e9decin, fait appel \u00e0 la d\u00e9cision du refus de l\u2019AAH. En attendant, restos du c\u0153ur.<\/p>\n<p style=\"text-align: justify;\"><em>\u00ab\u00a0Pauvre et EHS, la double peine<\/em>\u00a0\u00bb, d\u00e9nonce Alexandre Pieroni.<\/p>\n<p style=\"text-align: justify;\">En su\u00e8de, o\u00f9 l\u2019EHS est reconnue comme un handicap, l\u2019Etat prend en charge les frais de blindage des habitations des personnes et une allocation est syst\u00e9matiquement attribu\u00e9e. En Angleterre, l\u2019EHS est consid\u00e9r\u00e9e comme une maladie. Ici, reste parfois le psychiatre, qui pose un diagnostic de d\u00e9pression s\u00e9v\u00e8re sans comprendre qu\u2019il s\u2019agit d\u2019un sympt\u00f4me de l\u2019EHS. Qu\u2019\u00e0 cela ne tienne. En arr\u00eat longue maladie, la personne ne serait plus dans le besoin.<\/p>\n<p style=\"text-align: justify;\"><strong>\u00a0<\/strong><\/p>\n<p style=\"text-align: justify;\"><strong>Vie sociale chamboul\u00e9e<\/strong><\/p>\n<p style=\"text-align: justify;\"><em>\u00ab\u00a0J\u2019avais l\u2019impression que certains de mes amis pr\u00e9f\u00e9raient leur smartphone \u00e0 ma compagnie\u00a0<\/em>\u00bb t\u00e9moigne Cl\u00e9ment. Les liens sociaux sont toujours impact\u00e9s. Quitter son activit\u00e9 professionnelle en est une composante. Des couples volent en \u00e9clats, beaucoup d\u2019EHS sont contraints de quitter leur famille et leurs amis pour vivre loin de toute source de pollution \u00e9lectromagn\u00e9tique. Nouer des relations est alors compliqu\u00e9. Les associations jouent un r\u00f4le important. Ceux oblig\u00e9s de vivre sans \u00e9lectricit\u00e9 dans la nature rencontrent des situations d\u2019isolement dramatique.<\/p>\n<p style=\"text-align: justify;\">A contrario, certains EHS, parfois apr\u00e8s quelques ann\u00e9es difficiles, vivent une dynamique d\u2019ouverture. Pour Fanny et Loris, c\u2019est l\u2019occasion de sauter le pas vers l\u2019autonomie d\u00e9croissante. Marie, elle, vit son d\u00e9part en fourgon comme l\u2019opportunit\u00e9 de nouvelles rencontres, Le degr\u00e9 d\u2019atteinte, le soutien familial, les finances et la possibilit\u00e9, ou pas, de \u2018abriter des ondes, sont des facteurs d\u00e9terminants.<\/p>\n<p style=\"text-align: justify;\"><strong>\u00a0<\/strong><\/p>\n<p style=\"text-align: justify;\"><strong>Quels sont les signes avant-coureurs\u00a0?<\/strong><\/p>\n<p style=\"text-align: justify;\">\u00ab\u00a0Quand je tiens mon t\u00e9l\u00e9phone, ma main chauffe, \u00e7a me picote\u00a0\u00bb\u00a0; \u00ab\u00a0je me r\u00e9veille avec des maux de t\u00eate\u00a0\u00bb\u00a0: \u00ab\u00a0je commence \u00e0 avoir des acouph\u00e8nes\u00a0\u00bb\u00a0; j\u2019ai de plus en plus de mal \u00e0 me concentrer\u00a0\u00bb\u00a0; \u00ab\u00a0le TGV me fatigue et j\u2019y suis irrit\u00e9\u00a0\u00bb\u00a0; \u00ab\u00a0j\u2019ai des douleurs musculaires incompr\u00e9hensibles\u00a0\u00bb\u00a0; \u00ab\u00a0ma peau me br\u00fble parfois\u00a0\u00bb \u2026 Le signes avant-coureurs sont vari\u00e9s. Ils signent l\u2019entr\u00e9e dans ce que le professeur Belpomme nomme le syndrome d\u2019intol\u00e9rance aux ondes \u00e9lectromagn\u00e9tiques (SICEM).<\/p>\n<p style=\"text-align: justify;\">Pour nous, ces sympt\u00f4mes ont pu durer des ann\u00e9es et s\u2019amplifier sans que nous arrivions \u00e0 les relier aux ondes \u00e9lectromagn\u00e9tiques. Pour exemple, pendant vingt ans, Loris a consult\u00e9 des m\u00e9decins de plus d\u2019une vingtaine de disciplines, ses douleurs affectant \u00e0 peu pr\u00e8s tous les syst\u00e8mes \u2013douleurs musculaires, d\u00e9mangeaisons cutan\u00e9s, douleurs abdominales, chute brutale de la m\u00e9moire \u00e0 court terme, difficult\u00e9s \u00e0 se concentrer devant l\u2019ordinateur, \u00e9tat \u00e9motionnel en dent de scie, probl\u00e8mes de sommeil \u2026 avant qu\u2019il ne r\u00e9alise qu\u2019en dehors des ondes artificielles, il allait bien. Cl\u00e9ment, lui, ressentait un malaise dans les biblioth\u00e8ques et devant les t\u00e9l\u00e9phones sans fil sur leur base (DECT). Pour Claudine, c\u2019\u00e9tait une sorte de sinusite (op\u00e9r\u00e9e sans que \u00e7a ne change rien) en pr\u00e9sence de Wifi. Pour moi, une nervosit\u00e9 puis des picotements sur la t\u00eate devant les ordinateurs en Wifi et en pr\u00e9sence de personnes t\u00e9l\u00e9phonant ou surfant en voiture. Pour quasiment tous, l\u2019oreille qui chauffe quand on approche du portable.<\/p>\n<p style=\"text-align: justify;\"><strong>\u00a0<\/strong><\/p>\n<p style=\"text-align: justify;\"><strong>Entr\u00e9e dans l\u2019EHS<\/strong><\/p>\n<p style=\"text-align: justify;\">Etablir au plus t\u00f4t le lien entre les sympt\u00f4mes et les \u00e9missions \u00e9lectromagn\u00e9tiques artificielles est indispensable. Faites des essais\u00a0: coupez l\u2019\u00e9lectricit\u00e9 la nuit, couper le smartphone, le Wifi, changez de chambre ou de bureau pendant trois jours \u2026 Si vous allez mieux, il y a un lien\u00a0!<\/p>\n<p style=\"text-align: justify;\">En l\u2019absence de mesures d\u2019\u00e9viction, voire d\u2019un traitement, l\u2019intol\u00e9rance \u00e9volue vers un abaissement du seuil de tol\u00e9rance et l\u2019\u00e9largissement des fr\u00e9quences g\u00e9n\u00e9ratrices des sympt\u00f4mes\u00a0: c\u2019est l\u2019EHS.<\/p>\n<p style=\"text-align: justify;\">Qu\u2019elle soit lente ou soudaine, c\u2019est le caract\u00e8re irr\u00e9m\u00e9diable de cette \u00e9volution qui marque. Cl\u00e9ment a supprim\u00e9 le t\u00e9l\u00e9phone DECT, le Wifi, le t\u00e9l\u00e9phone portable, mais a vu son seuil de tol\u00e9rance baisser peu \u00e0 peu au point de devoir un jour quitter son appartement. Pour Marie, c\u2019est en allumant son ordinateur en Wifi \u00e0 son retour de vacances qu\u2019une douleur fulgurante lui traverse le cerveau\u00a0: en un instant, elle perd la m\u00e9moire \u00e0 court terme et entre dans l\u2019EHS. \u00ab\u00a0<em>Si vous ne faites rien, dans dix ans, c\u2019est Alzheimer<\/em>\u00a0\u00bb, lui dira le professeur Belpomme.<\/p>\n<p style=\"text-align: justify;\">Notons que de plus en plus fr\u00e9quemment, des personnes deviennent EHS sans pr\u00e9avis, comme expliqu\u00e9 par la Docteure Milbert.<\/p>\n<p style=\"text-align: justify;\">Pour en finir, l\u2019exemple de Loris impose une conclusion\u00a0: le nombre de personnes malades des technologies sans fil ne peut \u00eatre que largement sous-\u00e9valu\u00e9. Dermatose, maux de ventre, fatigue chronique ou migraines\u00a0: et si c\u2019\u00e9tait les ondes\u00a0?<\/p>\n<p style=\"text-align: justify;\">\n<p style=\"text-align: justify;\"><strong>Perspectives<\/strong><\/p>\n<p style=\"text-align: justify;\">Quand elle est hors des ondes, Ang\u00e9la s\u2019exclame, lib\u00e9r\u00e9e\u00a0: \u00ab\u00a0<em>Je suis moi<\/em>\u00a0!\u00a0\u00bb. Tous, \u00e0 l\u2019abri, nous nous sentons normaux.<\/p>\n<p style=\"text-align: justify;\">Trouver des moyens de nous adapter ou quitter cette soci\u00e9t\u00e9 hyperconnect\u00e9e est notre alternative. Dans tous les cas, nous lan\u00e7ons l\u2019alerte. Un responsable de l\u2019Association Zones blanches me disait\u00a0: \u00ab\u00a0<em>on a mis cent ans \u00e0 reconnaitre les m\u00e9faits du tabac et de l\u2019amiante\u00a0; j\u2019esp\u00e8re que ce sera moins long pour les ondes \u00e9lectromagn\u00e9tiques artificielles\u00a0\u00bb.<br \/>\n<\/em>A l\u2019heure o\u00f9 je termine ce dossier, en vertu de la loi d\u2019urgence sanitaire du 23 mars 2020, les r\u00e8gles d\u2019implantation des antennes relais sont consid\u00e9rablement assouplies.<\/p>\n<p style=\"text-align: justify;\">Dans le m\u00eame temps, les personnes confin\u00e9es, expos\u00e9es en permanence aux champs \u00e9lectromagn\u00e9tiques puissants de leurs t\u00e9l\u00e9phones, tablettes, consoles de jeux et ordinateur en Wifi s\u2019abiment la sant\u00e9 \u00e0 vitesse acc\u00e9l\u00e9r\u00e9e.<\/p>\n<p style=\"text-align: justify;\">Et les EHS\u00a0? Nous sommes plusieurs autour de moi \u00e0 avoir \u00e9t\u00e9 contraints de partir de chez nous tant l\u2019augmentation du rayonnement \u00e9lectromagn\u00e9tique venant des voisins provoque des douleurs intenses. Pour aller o\u00f9\u00a0? Nous avons besoin plus que jamais d\u2019un lieu o\u00f9 vivre.<\/p>\n<p style=\"text-align: justify;\"><strong>Alice Pouilloux\u00a0; dans la revue Nexus<\/strong><\/p>\n<p style=\"text-align: justify;\">A propos de l\u2019auteure\u00a0: enseignante en physique, puis formatrice en communication en entreprise pendant vingt ans, Alice Pouilloux est aujourd\u2019hui atteinte d\u2019\u00e9lectrohypersensibilit\u00e9. Elle enqu\u00eate sur tous les sujets en lien avec les champs \u00e9lectromagn\u00e9tiques artificiels.<\/p>\n<p style=\"text-align: justify;\">\n","protected":false},"excerpt":{"rendered":"<p>Ou vivre l\u2019enfer des ondes<\/p>\n","protected":false},"author":4,"featured_media":0,"comment_status":"closed","ping_status":"open","sticky":false,"template":"","format":"standard","meta":{"footnotes":""},"categories":[1],"tags":[],"class_list":["post-5844","post","type-post","status-publish","format-standard","hentry","category-non-classe"],"_links":{"self":[{"href":"https:\/\/collectif-accad.fr\/site\/wp-json\/wp\/v2\/posts\/5844","targetHints":{"allow":["GET"]}}],"collection":[{"href":"https:\/\/collectif-accad.fr\/site\/wp-json\/wp\/v2\/posts"}],"about":[{"href":"https:\/\/collectif-accad.fr\/site\/wp-json\/wp\/v2\/types\/post"}],"author":[{"embeddable":true,"href":"https:\/\/collectif-accad.fr\/site\/wp-json\/wp\/v2\/users\/4"}],"replies":[{"embeddable":true,"href":"https:\/\/collectif-accad.fr\/site\/wp-json\/wp\/v2\/comments?post=5844"}],"version-history":[{"count":1,"href":"https:\/\/collectif-accad.fr\/site\/wp-json\/wp\/v2\/posts\/5844\/revisions"}],"predecessor-version":[{"id":5845,"href":"https:\/\/collectif-accad.fr\/site\/wp-json\/wp\/v2\/posts\/5844\/revisions\/5845"}],"wp:attachment":[{"href":"https:\/\/collectif-accad.fr\/site\/wp-json\/wp\/v2\/media?parent=5844"}],"wp:term":[{"taxonomy":"category","embeddable":true,"href":"https:\/\/collectif-accad.fr\/site\/wp-json\/wp\/v2\/categories?post=5844"},{"taxonomy":"post_tag","embeddable":true,"href":"https:\/\/collectif-accad.fr\/site\/wp-json\/wp\/v2\/tags?post=5844"}],"curies":[{"name":"wp","href":"https:\/\/api.w.org\/{rel}","templated":true}]}}