{"id":5841,"date":"2020-08-04T02:05:28","date_gmt":"2020-08-04T00:05:28","guid":{"rendered":"https:\/\/collectif-accad.fr\/site\/?p=5841"},"modified":"2020-07-28T07:06:58","modified_gmt":"2020-07-28T05:06:58","slug":"deploiement-de-la-5g-vu-par-quechoisir","status":"publish","type":"post","link":"https:\/\/collectif-accad.fr\/site\/deploiement-de-la-5g-vu-par-quechoisir\/","title":{"rendered":"D\u00e9ploiement de la 5G vu par QueChoisir"},"content":{"rendered":"<p style=\"text-align: left;\"><span style=\"font-size: 18pt;\"><strong>Cette association de con sot mateurs se pr\u00e9occupe de la 5G\u00a0; avec un titre qui en dit long\u00a0!<\/strong><\/span><\/p>\n<p><!--more--><\/p>\n<p style=\"text-align: center;\"><strong>Ne pas confondre vitesse et pr\u00e9cipitation\u00a0!<\/strong><\/p>\n<p style=\"text-align: justify;\">Alors que les principales fr\u00e9quences 5G vont, en d\u00e9pit des l\u00e9gitimes pr\u00e9occupations exprim\u00e9es au sein de la population, \u00eatre attribu\u00e9es en septembre, l\u2019UFC-Que\u00a0Choisir appelle le nouveau Premier Ministre \u00e0 attendre les r\u00e9sultats de l\u2019enqu\u00eate en cours de l\u2019ANSES sur les \u00e9ventuels risques sanitaires de la 5G avant, le cas \u00e9ch\u00e9ant, d\u2019autoriser sa commercialisation. Par ailleurs, l\u2019association demande que toute la transparence soit faite sur les d\u00e9terminants de la surconsommation de donn\u00e9es mobiles au regard de son impact environnemental, ainsi que d\u2019agir pour \u00e9viter les mystifications marketing des op\u00e9rateurs.<\/p>\n<p style=\"text-align: justify;\">\n<p style=\"text-align: justify;\"><strong>5G et risques sanitaires\u00a0: une n\u00e9cessaire attente des r\u00e9sultats de l\u2019analyse de l\u2019ANSES<\/strong><\/p>\n<p style=\"text-align: justify;\">Le d\u00e9ploiement de la 5G suscite une inqui\u00e9tude grandissante sur les risques sanitaires associ\u00e9s \u00e0 son exploitation, relay\u00e9e par la Convention Citoyenne pour le climat. Si cette inqui\u00e9tude peut parfois d\u00e9couler pour partie d\u2019une pr\u00e9occupation globale sur l\u2019exposition aux ondes \u00e9lectromagn\u00e9tiques, elle est surtout en lien avec l\u2019exploitation sp\u00e9cifique de la bande de fr\u00e9quences 3,5\u00a0GHz, dont les effets sur le vivant n\u2019ont pas encore donn\u00e9 lieu \u00e0 l\u2019\u00e9laboration d\u2019une litt\u00e9rature scientifique permettant d\u2019\u00e9clairer utilement le d\u00e9bat public. Alors que l\u2019Agence nationale de s\u00e9curit\u00e9 sanitaire (ANSES) doit publier au cours du premier trimestre\u00a02021 son expertise permettant d\u2019indiquer s\u2019il existe ou non un risque sanitaire av\u00e9r\u00e9 li\u00e9 \u00e0 la 5G, il serait inacceptable que son exploitation commerciale puisse d\u00e9buter avant.<\/p>\n<p style=\"text-align: justify;\">Donner du temps au temps serait d\u2019autant plus justifi\u00e9 que de nombreux autres arguments mettent en \u00e9vidence l\u2019absence d\u2019urgence \u00e0 ce que la 5G soit d\u00e9ploy\u00e9e et commercialis\u00e9e. Tout d\u2019abord, car l\u2019\u00e9volution des infrastructures permettant \u00e0 la 5G de r\u00e9ellement se d\u00e9marquer de la 4G gr\u00e2ce \u00e0 un temps de latence fortement r\u00e9duit n\u2019est pas attendue avant 2023. Ensuite, car les \u00ab\u00a0nouveaux services\u00a0\u00bb qui seront permis par cette \u00ab\u00a0vraie\u00a0\u00bb 5G ne suscitent pas l\u2019enthousiasme populaire, ce qui n\u2019est gu\u00e8re \u00e9tonnant\u00a0: pouvoir jouer \u00e0 un jeu en r\u00e9alit\u00e9 virtuelle en ligne, par exemple, est-il en effet plus proche de l\u2019utile que du futile\u00a0? Enfin, car la congestion des r\u00e9seaux 4G n\u2019est pas \u00e0 craindre avant\u00a02022, de l\u2019aveu m\u00eame des op\u00e9rateurs.<\/p>\n<p style=\"text-align: justify;\">\n<p style=\"text-align: justify;\"><strong>5G et risques environnementaux\u00a0: une augmentation de la consommation de donn\u00e9es \u00e0 r\u00e9guler<\/strong><\/p>\n<p style=\"text-align: justify;\">La perspective de l\u2019arriv\u00e9e de la 5G met \u00e9galement plus que jamais en lumi\u00e8re la question de l\u2019effet environnemental de la consommation de donn\u00e9es mobiles, d\u00e9j\u00e0 multipli\u00e9e par pr\u00e8s de\u00a08 entre\u00a02015 et 2019<sup>1<\/sup>\u00a0! Cette consommation de donn\u00e9es induisant une forte consommation \u00e9lectrique, il convient de trouver des solutions concr\u00e8tes permettant d\u2019enrayer cette croissance jusqu\u2019\u00e0 pr\u00e9sent non ma\u00eetris\u00e9e. Si les consommateurs doivent \u00eatre sensibilis\u00e9s quant \u00e0 leur responsabilit\u00e9, les marges de man\u0153uvre en lien avec les pratiques des professionnels ne manquent pas.<\/p>\n<p style=\"text-align: justify;\">Par exemple, des travaux<sup>2<\/sup> ont pu permettre d\u2019identifier que sur certains sites internet, la pr\u00e9sence de publicit\u00e9s participait pour 50\u00a0%\u00a0\u00e0 la consommation de donn\u00e9es mobiles. Concernant sp\u00e9cifiquement la situation sur les sites et application de streaming vid\u00e9o, ces publicit\u00e9s, ainsi que les contenus vid\u00e9o qu\u2019elles pr\u00e9c\u00e8dent ou entrecoupent, atteignent des d\u00e9finitions toujours plus \u00e9lev\u00e9es qui alourdissent la consommation de donn\u00e9es sans am\u00e9lioration, ou si peu, de la qualit\u00e9 per\u00e7ue par les consommateurs.<\/p>\n<p style=\"text-align: justify;\">\n<p style=\"text-align: justify;\"><strong>5G et pratiques commerciales\u00a0: la DGCCRF doit contraindre les op\u00e9rateurs \u00e0 la vertu<\/strong><\/p>\n<p style=\"text-align: justify;\">Alors qu\u2019actuellement le chemin vers une commercialisation de la 5G reste trac\u00e9, les risques de d\u00e9rives marketing des op\u00e9rateurs doivent d\u00e8s \u00e0 pr\u00e9sent \u00eatre emp\u00each\u00e9s par les pouvoirs publics. En effet, le terme g\u00e9n\u00e9rique \u00ab\u00a05G\u00a0\u00bb masque en r\u00e9alit\u00e9 de fortes disparit\u00e9s, puisque les d\u00e9bits th\u00e9oriques maximaux pourraient s\u2019\u00e9chelonner de 30\u00a0Mbit\/s \u00e0 1\u00a0Gbit\/s, selon la fr\u00e9quence utilis\u00e9e. Evidemment, le risque est que les op\u00e9rateurs \u00ab\u00a0survendent\u00a0\u00bb la 5G pour pousser les consommateurs \u00e0 souscrire de chers abonnements.<\/p>\n<p style=\"text-align: justify;\">Alors que l\u2019Autorit\u00e9 de r\u00e9gulation des t\u00e9l\u00e9coms (ARCEP) n\u2019a pas jug\u00e9 utile de participer activement \u00e0 la pr\u00e9vention de ces d\u00e9rives marketing<sup>3<\/sup>, la DGCCRF doit d\u00e9sormais prendre la main en encadrant strictement la communication commerciale des op\u00e9rateurs. Par exemple, elle pourrait tout bonnement interdire qu\u2019un op\u00e9rateur puisse promouvoir dans des campagnes marketing locales une 5G aux d\u00e9bits mirifiques dans des zones o\u00f9 elle sera uniquement fournie via une fr\u00e9quence ne permettant que des d\u00e9bits au mieux au niveau de la 4G\u00a0!<\/p>\n<p style=\"text-align: justify;\">Compte tenu des constats et inqui\u00e9tudes li\u00e9s au d\u00e9ploiement et \u00e0 la commercialisation de la 5G\u00a0\u2013sujet impliquant plusieurs minist\u00e8res, pouvant d\u00e9fendre des points de vue contradictoires\u2013<\/p>\n<p style=\"text-align: justify;\"><strong>l\u2019UFC-Que\u00a0Choisir demande\u00a0:<\/strong><\/p>\n<p style=\"text-align: justify;\">1) Au Premier Ministre, de ne pas permettre la commercialisation d\u2019offres 5G tant que les r\u00e9sultats de l\u2019\u00e9tude de l\u2019ANSES sur les effets sanitaires li\u00e9s \u00e0 l\u2019exposition aux champs \u00e9lectromagn\u00e9tique de sa bande de fr\u00e9quences 3,5\u00a0GHz ne seront pas connus\u00a0;<\/p>\n<p style=\"text-align: justify;\">2) A l\u2019ARCEP, d\u2019axer ses travaux, dans le cadre de sa plateforme \u00ab\u00a0pour un num\u00e9rique soutenable\u00a0\u00bb<sup>4<\/sup>, sur le gaspillage de donn\u00e9es mobiles caus\u00e9 par les professionnels (publicit\u00e9 impos\u00e9e aux consommateurs, inutile surench\u00e8re technologique en termes de qualit\u00e9 d\u2019affichage\u2026)\u00a0;<\/p>\n<p style=\"text-align: justify;\">3) A la DGCCRF, d\u2019anticiper une \u00e9ventuelle commercialisation de la 5G en \u00e9rigeant une r\u00e9glementation pr\u00e9servant les consommateurs de d\u00e9rives marketing par les op\u00e9rateurs.<\/p>\n<p style=\"text-align: justify;\">\n<p style=\"text-align: justify;\"><strong>Notes<\/strong><\/p>\n<p style=\"text-align: justify;\">(1)\u00a0<a href=\"https:\/\/www.arcep.fr\/cartes-et-donnees\/nos-publications-chiffrees\/observatoire-des-marches-des-communications-electroniques-en-france\/marche-des-communications-electroniques-en-france-annee-2019-resultats-provisoires.html\">https:\/\/www.arcep.fr\/cartes-et-donne<\/a><\/p>\n<p style=\"text-align: justify;\">(2)\u00a0<a href=\"https:\/\/www.theguardian.com\/media\/2016\/mar\/16\/ad-blocking-advertising-half-of-data-used-articles\">https:\/\/www.theguardian.com\/media<\/a><\/p>\n<p style=\"text-align: justify;\">(3)\u00a0<a href=\"https:\/\/www.quechoisir.org\/billet-du-president-5g-le-chien-et-l-aveugle-n80439\/\">https:\/\/www.quechoisir.org\/billet-du-pre<\/a><\/p>\n<p style=\"text-align: justify;\">(4)\u00a0<a href=\"https:\/\/www.arcep.fr\/actualites\/les-communiques-de-presse\/detail\/n\/reseaux-et-environnement.html\">https:\/\/www.arcep.fr\/actualites\/les-co<\/a><\/p>\n<p style=\"text-align: center;\">********* ************<\/p>\n<p style=\"text-align: center;\"><strong>En r\u00e9sum\u00e9<\/strong><\/p>\n<p style=\"text-align: justify;\">Rien sur l\u2019atteinte \u00e0 la vie priv\u00e9e, sur l\u2019espionnage<\/p>\n<p style=\"text-align: justify;\">Tr\u00e8s peu sur les cons\u00e9quences sur le vivant (homme, animaux, v\u00e9g\u00e9taux)<\/p>\n<p style=\"text-align: justify;\">Rien sur les antennes tous les 100 m\u00a0; avec possible enl\u00e8vements d\u2019arbres qui bloquent les ondes 5G<\/p>\n<p style=\"text-align: justify;\">En somme, un bon discours de con sot mateurs<\/p>\n<p style=\"text-align: justify;\">\n","protected":false},"excerpt":{"rendered":"<p>Cette association de con sot mateurs se pr\u00e9occupe de la 5G\u00a0; avec un titre qui en dit long\u00a0!<\/p>\n","protected":false},"author":4,"featured_media":0,"comment_status":"closed","ping_status":"open","sticky":false,"template":"","format":"standard","meta":{"footnotes":""},"categories":[1],"tags":[],"class_list":["post-5841","post","type-post","status-publish","format-standard","hentry","category-non-classe"],"_links":{"self":[{"href":"https:\/\/collectif-accad.fr\/site\/wp-json\/wp\/v2\/posts\/5841","targetHints":{"allow":["GET"]}}],"collection":[{"href":"https:\/\/collectif-accad.fr\/site\/wp-json\/wp\/v2\/posts"}],"about":[{"href":"https:\/\/collectif-accad.fr\/site\/wp-json\/wp\/v2\/types\/post"}],"author":[{"embeddable":true,"href":"https:\/\/collectif-accad.fr\/site\/wp-json\/wp\/v2\/users\/4"}],"replies":[{"embeddable":true,"href":"https:\/\/collectif-accad.fr\/site\/wp-json\/wp\/v2\/comments?post=5841"}],"version-history":[{"count":1,"href":"https:\/\/collectif-accad.fr\/site\/wp-json\/wp\/v2\/posts\/5841\/revisions"}],"predecessor-version":[{"id":5842,"href":"https:\/\/collectif-accad.fr\/site\/wp-json\/wp\/v2\/posts\/5841\/revisions\/5842"}],"wp:attachment":[{"href":"https:\/\/collectif-accad.fr\/site\/wp-json\/wp\/v2\/media?parent=5841"}],"wp:term":[{"taxonomy":"category","embeddable":true,"href":"https:\/\/collectif-accad.fr\/site\/wp-json\/wp\/v2\/categories?post=5841"},{"taxonomy":"post_tag","embeddable":true,"href":"https:\/\/collectif-accad.fr\/site\/wp-json\/wp\/v2\/tags?post=5841"}],"curies":[{"name":"wp","href":"https:\/\/api.w.org\/{rel}","templated":true}]}}