{"id":15189,"date":"2026-09-06T02:12:52","date_gmt":"2026-09-06T00:12:52","guid":{"rendered":"https:\/\/collectif-accad.fr\/site\/?p=15189"},"modified":"2026-08-31T15:15:44","modified_gmt":"2026-08-31T13:15:44","slug":"les-ehs-et-les-incendies","status":"publish","type":"post","link":"https:\/\/collectif-accad.fr\/site\/les-ehs-et-les-incendies\/","title":{"rendered":"Les EHS et les incendies"},"content":{"rendered":"<p align=\"JUSTIFY\"><img loading=\"lazy\" decoding=\"async\" class=\"size-full wp-image-15191 aligncenter\" src=\"https:\/\/collectif-accad.fr\/site\/wp-content\/uploads\/2026\/08\/IA-260524-2.jpg\" alt=\"\" width=\"765\" height=\"500\" srcset=\"https:\/\/collectif-accad.fr\/site\/wp-content\/uploads\/2026\/08\/IA-260524-2.jpg 765w, https:\/\/collectif-accad.fr\/site\/wp-content\/uploads\/2026\/08\/IA-260524-2-300x196.jpg 300w\" sizes=\"auto, (max-width: 765px) 100vw, 765px\" \/><\/p>\n<p style=\"text-align: left;\" align=\"JUSTIFY\"><span style=\"font-size: 18pt;\"><strong><span style=\"color: #000000;\"><span style=\"font-family: Comic Sans MS, cursive;\">La situation apr\u00e8s cet \u00e9t\u00e9 caniculaire<\/span><\/span><\/strong><\/span><\/p>\n<p align=\"JUSTIFY\"><!--more--><\/p>\n<p style=\"text-align: justify;\" align=\"JUSTIFY\"><span style=\"color: #000000;\"><span style=\"font-family: Comic Sans MS, cursive;\"><span style=\"font-size: medium;\">Depuis les incendies de cet \u00e9t\u00e9, plusieurs arr\u00eat\u00e9s pr\u00e9fectoraux ont interdit\u00a0 au public l&rsquo;acc\u00e8s\u00a0 aux for\u00eats .\u00a0<\/span><\/span><\/span><\/p>\n<p style=\"text-align: justify;\" align=\"JUSTIFY\"><span style=\"color: #000000;\"><span style=\"font-family: Comic Sans MS, cursive;\"><span style=\"font-size: medium;\">Que deviennent les \u00e9lectrohypersensibles souvent stationn\u00e9s \u00e0 l&rsquo;or\u00e9e des bois qui sont leurs derniers\u00a0 refuges?\u00a0<\/span><\/span><\/span><\/p>\n<p style=\"text-align: justify;\" align=\"JUSTIFY\"><span style=\"color: #000000;\"><span style=\"font-family: Comic Sans MS, cursive;\"><span style=\"font-size: medium;\">L&rsquo;\u00e9tat se doit de prendre des mesures d&rsquo;urgence adapt\u00e9es.<\/span><\/span><\/span><\/p>\n<p style=\"text-align: justify;\" align=\"JUSTIFY\"><span style=\"color: #000000;\"><span style=\"font-family: Comic Sans MS, cursive;\"><span style=\"font-size: medium;\">Nous vous invitons \u00e0 relayer\u00a0ce communiqu\u00e9 destin\u00e9 \u00e0 mettre en lumi\u00e8re leur situation extr\u00eame.<\/span><\/span><\/span><\/p>\n<p style=\"text-align: justify;\" align=\"JUSTIFY\"><span style=\"color: #000000;\"><span style=\"font-family: Comic Sans MS, cursive;\"><span style=\"font-size: medium;\">Cette d\u00e9marche d\u00e9clenchera, nous l&rsquo;esp\u00e8rons, un \u00e9lan de solidarit\u00e9.\u00a0<\/span><\/span><\/span><\/p>\n<p style=\"text-align: justify;\" align=\"JUSTIFY\"><span style=\"font-family: Comic Sans MS, cursive;\"><span style=\"font-size: medium;\"><span style=\"color: #000000;\">Nous vous remercions de bien vouloir diffuser\u00a0 cet appel\u00a0 aupr\u00e8s de\u00a0 vos adh\u00e9rents, \u00e0 vos municipalit\u00e9s.<\/span><\/span><\/span><\/p>\n<p style=\"text-align: center;\" align=\"JUSTIFY\"><span style=\"font-family: Comic Sans MS, cursive;\"><span style=\"font-size: medium;\"><span style=\"color: #000000;\">** **<\/span><\/span><\/span><\/p>\n<p style=\"text-align: center;\" align=\"JUSTIFY\"><span style=\"font-size: 14pt;\"><strong><span style=\"font-family: Comic Sans MS, cursive;\"><span style=\"color: #000000;\">Communiqu\u00e9 de Robin des Toits<\/span><\/span><\/strong><\/span><\/p>\n<p style=\"text-align: justify;\" align=\"LEFT\"><span style=\"color: #000000;\"><span style=\"font-family: Comic Sans MS, cursive;\"><span style=\"font-size: medium;\">Ces jours derniers, le \u00ab m\u00e9ga-feu \u00bb de la for\u00eat de monoculture girondo-landaise a mis en danger nombre de nos concitoyens de la conurbation bordelaise. Ailleurs, les for\u00eats du territoire m\u00e9tropolitain sont aussi marqu\u00e9es par une s\u00e9cheresse persistante aggrav\u00e9e de temp\u00e9ratures hors normes, en relation avec le r\u00e9chauffement climatique que nous observions d\u00e9j\u00e0 depuis plusieurs ann\u00e9es.<\/span><\/span><\/span><\/p>\n<p>Face \u00e0 cette situation catastrophique, les pouvoirs publics ont pris des mesures pour prot\u00e9ger les massifs forestiers, en en interdisant l\u2019acc\u00e8s, du moins provisoirement, tant que l\u2019\u00e9tat d\u2019alerte s\u00e9cheresse ne sera pas lev\u00e9. Nous ne pouvons qu\u2019adh\u00e9rer \u00e0 ces mesures d\u2019urgence, dict\u00e9es par la raison et le d\u00e9sir de sauvegarde du bien commun.<\/p>\n<p>N\u00e9anmoins, et sans surprise pour nous, h\u00e9las, les autorit\u00e9s ont n\u00e9glig\u00e9 totalement un probl\u00e8me de taille : celui des personnes \u00e9lectrohypersensibles ayant, faute de mieux, trouv\u00e9 refuge dans les for\u00eats par n\u00e9cessit\u00e9 vitale, face aux effets d\u00e9l\u00e9t\u00e8res des ondes \u00e9lectromagn\u00e9tiques artificielles. Ces personnes, exclues de fait de notre soci\u00e9t\u00e9 hyperconnect\u00e9e en raison de la disparition croissante des zones blanches pouvaient jusque-l\u00e0 esp\u00e9rer un soulagement \u00e0 leurs souffrances. Ces mesures leur enl\u00e8vent donc la protection, m\u00eame partielle, du couvert forestier.<\/p>\n<p>L\u2019Etat fran\u00e7ais refuse de reconna\u00eetre la toxicit\u00e9 de ces ondes \u00e9lectromagn\u00e9tiques, quant \u00e0 leurs effets biologiques, malgr\u00e9 les nombreux travaux des scientifiques ind\u00e9pendants et une reconnaissance partielle par l\u2019ANSES, et privil\u00e9gie les int\u00e9r\u00eats des op\u00e9rateurs de t\u00e9l\u00e9phonie mobile au d\u00e9triment de la sant\u00e9 publique.<\/p>\n<p>Rappelons que nous sommes tous \u00e9lectrosensibles, les \u00e9lectrohypersensibles n\u2019\u00e9tant que les lanceurs d\u2019alerte d\u2019une population en danger.<\/p>\n<p>C\u2019est pourquoi nous demandons aux pouvoirs publics de prendre en consid\u00e9ration la pr\u00e9carit\u00e9 de la situation de ces personnes, et de leur fournir un lieu de vie \u00e0 l\u2019abri de tous rayonnements \u00e9lectromagn\u00e9tiques, basses ou hautes fr\u00e9quences, en s\u2019appuyant \u00e9ventuellement sur l\u2019expertise de g\u00e9obiologues pour d\u00e9tecter localement de tels lieux.<\/p>\n<p>Les \u00eatres humains rendus malades par le d\u00e9veloppement des nouvelles technologies \u00e9mettrices d\u2019ondes \u00e9lectromagn\u00e9tiques artificielles qui les empoisonnent \u00e0 petit feu se retrouvent donc dans une situation de handicap physique et social, car elles se heurtent aux d\u00e9nis conjugu\u00e9s des pouvoirs publics et du corps m\u00e9dical. Par ailleurs, les travaux de scientifiques ind\u00e9pendants ont d\u00e9montr\u00e9 que les animaux et les plantes subissent \u00e9galement l\u2019impact mortif\u00e8re de ces ondes. Nul ne peut arguer d\u2019un \u00ab effet nocebo \u00bb les concernant, sauf \u00e0 se couvrir de ridicule. Dit autrement, les probl\u00e8mes des \u00e9lectrohypersensibles ne se situent pas \u00ab dans leur t\u00eate \u00bb, mais dans un environnement de plus en plus pollu\u00e9 par les ondes \u00e9lectromagn\u00e9tiques artificielles, auxquelles ils essaient d\u2019\u00e9chapper tant bien que mal.<\/p>\n<p>Les personnes \u00e9lectrohypersensibles ont le droit constitutionnel d\u2019\u00eatre prot\u00e9g\u00e9es de toutes formes de pollutions environnementales susceptibles de d\u00e9grader leur \u00e9tat de sant\u00e9, et l\u2019Etat a le devoir de leur reconna\u00eetre ce droit et de tout mettre en \u0153uvre pour les prot\u00e9ger.<\/p>\n","protected":false},"excerpt":{"rendered":"<p>La situation apr\u00e8s cet \u00e9t\u00e9 caniculaire<\/p>\n","protected":false},"author":4,"featured_media":0,"comment_status":"closed","ping_status":"open","sticky":false,"template":"","format":"standard","meta":{"footnotes":""},"categories":[1],"tags":[],"class_list":["post-15189","post","type-post","status-publish","format-standard","hentry","category-non-classe"],"_links":{"self":[{"href":"https:\/\/collectif-accad.fr\/site\/wp-json\/wp\/v2\/posts\/15189","targetHints":{"allow":["GET"]}}],"collection":[{"href":"https:\/\/collectif-accad.fr\/site\/wp-json\/wp\/v2\/posts"}],"about":[{"href":"https:\/\/collectif-accad.fr\/site\/wp-json\/wp\/v2\/types\/post"}],"author":[{"embeddable":true,"href":"https:\/\/collectif-accad.fr\/site\/wp-json\/wp\/v2\/users\/4"}],"replies":[{"embeddable":true,"href":"https:\/\/collectif-accad.fr\/site\/wp-json\/wp\/v2\/comments?post=15189"}],"version-history":[{"count":2,"href":"https:\/\/collectif-accad.fr\/site\/wp-json\/wp\/v2\/posts\/15189\/revisions"}],"predecessor-version":[{"id":15192,"href":"https:\/\/collectif-accad.fr\/site\/wp-json\/wp\/v2\/posts\/15189\/revisions\/15192"}],"wp:attachment":[{"href":"https:\/\/collectif-accad.fr\/site\/wp-json\/wp\/v2\/media?parent=15189"}],"wp:term":[{"taxonomy":"category","embeddable":true,"href":"https:\/\/collectif-accad.fr\/site\/wp-json\/wp\/v2\/categories?post=15189"},{"taxonomy":"post_tag","embeddable":true,"href":"https:\/\/collectif-accad.fr\/site\/wp-json\/wp\/v2\/tags?post=15189"}],"curies":[{"name":"wp","href":"https:\/\/api.w.org\/{rel}","templated":true}]}}