{"id":15185,"date":"2026-08-31T08:32:27","date_gmt":"2026-08-31T06:32:27","guid":{"rendered":"https:\/\/collectif-accad.fr\/site\/?p=15185"},"modified":"2026-08-31T09:31:05","modified_gmt":"2026-08-31T07:31:05","slug":"apercu-ia","status":"publish","type":"post","link":"https:\/\/collectif-accad.fr\/site\/apercu-ia\/","title":{"rendered":"Aper\u00e7u IA"},"content":{"rendered":"<p><img loading=\"lazy\" decoding=\"async\" class=\"alignnone size-full wp-image-15187\" src=\"https:\/\/collectif-accad.fr\/site\/wp-content\/uploads\/2026\/08\/IA-260607-3.jpg\" alt=\"\" width=\"404\" height=\"573\" srcset=\"https:\/\/collectif-accad.fr\/site\/wp-content\/uploads\/2026\/08\/IA-260607-3.jpg 404w, https:\/\/collectif-accad.fr\/site\/wp-content\/uploads\/2026\/08\/IA-260607-3-212x300.jpg 212w\" sizes=\"auto, (max-width: 404px) 100vw, 404px\" \/><\/p>\n<p style=\"text-align: justify;\"><span style=\"font-family: comic sans ms, sans-serif; font-size: 18pt;\"><b>Mobilisons-nous<\/b><\/span><\/p>\n<p><!--more--><\/p>\n<p style=\"text-align: justify;\"><span style=\"font-family: comic sans ms, sans-serif;\"><span style=\"font-size: medium;\">En France, la mobilisation des <\/span><strong><span style=\"font-size: medium;\"><b>associations et collectifs locaux<\/b><\/span><\/strong><span style=\"font-size: medium;\"> contre l&rsquo;implantation anarchique des data centers s&rsquo;organise activement face \u00e0 l&rsquo;essor des projets li\u00e9s \u00e0 l&rsquo;intelligence artificielle<\/span><\/span><\/p>\n<p style=\"text-align: justify;\"><span style=\"font-family: comic sans ms, sans-serif;\"><span style=\"font-size: medium;\"><b>Principaux collectifs et actions en France<\/b><\/span><\/span><\/p>\n<ul style=\"text-align: justify;\">\n<li><span style=\"font-family: comic sans ms, sans-serif;\"><strong><span style=\"font-size: medium;\"><b>Assez Datacenters Rovaltain :<\/b><\/span><\/strong><span style=\"font-size: medium;\"> Collectif et associations locales (dont les Amis de la Terre) oppos\u00e9s au projet de data center de la start-up Sesterce pr\u00e8s de Valence. <\/span><strong><span style=\"font-size: medium;\"><b>Victoire juridique :<\/b><\/span><\/strong><span style=\"font-size: medium;\"> Le tribunal administratif de Grenoble a suspendu le permis de construire le 10 juillet 2026 en l&rsquo;absence d&rsquo;\u00e9tude d&rsquo;impact environnemental. <\/span><\/span><\/li>\n<li><span style=\"font-family: comic sans ms, sans-serif;\"><strong><span style=\"font-size: medium;\"><b>Fouju (Seine-et-Marne) :<\/b><\/span><\/strong><span style=\"font-size: medium;\"> Mobilisation d&rsquo;habitants, d&rsquo;agriculteurs et d&rsquo;associations contre le projet pharaonique de campus d&rsquo;IA sur une commune rurale de 630 \u00e2mes. <\/span><\/span><\/li>\n<li><span style=\"font-family: comic sans ms, sans-serif;\"><strong><span style=\"font-size: medium;\"><b>Laigneville \/ Oise :<\/b><\/span><\/strong><span style=\"font-size: medium;\"> Plus d&rsquo;un millier d&rsquo;habitants mobilis\u00e9s via une p\u00e9tition contre un projet de data center sur 30 hectares, craignant des nuisances (transformateur g\u00e9ant de 8 000 m\u00b2) pour l&rsquo;environnement et l&rsquo;apiculture locale. <\/span><\/span><\/li>\n<li><span style=\"font-family: comic sans ms, sans-serif;\"><strong><span style=\"font-size: medium;\"><b>Le nuage \u00e9tait sous nos pieds :<\/b><\/span><\/strong><span style=\"font-size: medium;\"> Collectif marseillais ayant r\u00e9alis\u00e9 une cartographie nationale des luttes et r\u00e9sistances citoyennes face aux centres de donn\u00e9es. <\/span><\/span><\/li>\n<li><\/li>\n<\/ul>\n<p style=\"text-align: justify;\"><span style=\"font-family: comic sans ms, sans-serif;\"><a href=\"https:\/\/www.zdnet.fr\/actualites\/opposes-a-limplantation-de-datacenters-les-collectifs-de-riverains-sorganisent-497655.htm\" target=\"_blank\" rel=\"noopener\"><span style=\"font-size: medium;\">https:\/\/www.zdnet.fr\/actualites\/opposes-a-limpl<\/span><\/a><\/span><\/p>\n<p style=\"text-align: justify;\"><span style=\"font-family: comic sans ms, sans-serif;\"><a href=\"https:\/\/www.facebook.com\/greenpeacefrance\/posts\/habitants-agriculteurs-et-associations-se-mobilisent-contre-le-data-center-de-fo\/1469604625195539\/\" target=\"_blank\" rel=\"noopener\"><span style=\"font-size: medium;\">https:\/\/www.facebook.com\/greenpeacefrance\/po<\/span><\/a><\/span><\/p>\n<p style=\"text-align: justify;\"><span style=\"font-family: comic sans ms, sans-serif;\"><a href=\"https:\/\/www.reddit.com\/r\/ecologie\/comments\/1vx73xo\/je_veux_agir_contre_les_data_centers_comment_faire\/\" target=\"_blank\" rel=\"noopener\"><span style=\"font-size: medium;\">https:\/\/www.reddit.com\/r\/ecologie\/comments\/1v<\/span><\/a><\/span><\/p>\n<p style=\"text-align: justify;\"><span style=\"font-family: comic sans ms, sans-serif;\"><a href=\"https:\/\/agir.greenvoice.fr\/efforts\/stop-datacenter\" target=\"_blank\" rel=\"noopener\"><span style=\"font-size: medium;\">https:\/\/agir.greenvoice.fr\/efforts\/stop-datacenter<\/span><\/a><\/span><\/p>\n<p style=\"text-align: justify;\"><span style=\"font-family: comic sans ms, sans-serif;\"><a href=\"https:\/\/www.facebook.com\/ledauphinevalence\/videos\/ils-veulent-suspendre-le-projet-du-data-center-de-rovaltain\/4558555201136277\/\"><span style=\"font-size: medium;\">https:\/\/www.facebook.com\/ledauphinevalence\/vid<\/span><\/a><\/span><\/p>\n<p style=\"text-align: center;\"><span style=\"font-family: comic sans ms, sans-serif;\"><span style=\"font-size: medium;\">** **<\/span><\/span><\/p>\n<p style=\"text-align: justify;\"><span style=\"font-family: comic sans ms, sans-serif;\"><span style=\"font-size: medium;\">Remarques<\/span><\/span><\/p>\n<p style=\"text-align: justify;\"><span style=\"font-family: comic sans ms, sans-serif;\"><span style=\"font-size: medium;\">Il ne faut pas se battre contre l&rsquo;implantation <\/span><span style=\"font-size: 18pt;\"><b>anarchique<\/b><\/span><span style=\"font-size: medium;\"> des data centers.<br \/>\nIl faut se battre contre l&rsquo;implantation des data centers.<br \/>\nPourquoi\u00a0?<\/span><\/span><\/p>\n<p style=\"text-align: justify;\"><span style=\"font-family: comic sans ms, sans-serif;\"><span style=\"font-size: medium;\">Depuis longtemps qu&rsquo;on le dit ! On est face \u00e0 une r\u00e9volution humanitaire ; cela ne touche pas que l&rsquo;Homme mais aussi le monde animal et la nature.<\/span><\/span><\/p>\n<p style=\"text-align: justify;\"><span style=\"font-family: comic sans ms, sans-serif;\">On le sait, mais on nous bourre le mou en faisant croire tous les jours dans la presque totalit\u00e9 des m\u00e9dias que l&rsquo;on ne peut rien faire contre le progr\u00e8s.<\/span><\/p>\n<p style=\"text-align: justify;\"><span style=\"font-family: comic sans ms, sans-serif;\">Les \u00e9lus le savent aussi et sont tellement globalement technol\u00e2tres qu&rsquo;ils pr\u00e9f\u00e8rent parler de la pluie et du beau temps plut\u00f4t\u00a0 que de la situation des exploit\u00e9s et de cet avenir dramatique. Il ne faut pas compter sp\u00e9cialement sur les \u00e9lus qui sont volontairement d\u00e9connect\u00e9s de ce grave probl\u00e8me.<\/span><\/p>\n<p style=\"text-align: justify;\"><span style=\"font-family: comic sans ms, sans-serif;\">A quand la bataille dans notre r\u00e9gion (et ailleurs) sur les data centers. On a de dramatiques perspectives dans le Valenciennois, le Cambr\u00e9sis, le Dunkerquois, le B\u00e9thunois et l&rsquo;Ami\u00e9nois\u00a0 ; et maintenant, dans le Douaisis avec le projet de Corbehem (sur la friche de Stora Enzo (anciennement B\u00e9ghin).\u00a0<\/span><\/p>\n<p style=\"text-align: justify;\"><span style=\"font-family: comic sans ms, sans-serif;\">Face \u00e0 cela, X. Bertrand veut \u00eatre le pr\u00e9sident d&rsquo;une r\u00e9gion qui sera un p\u00f4le d&rsquo;excellence apr\u00e8s les r\u00e9gions parisienne et marseillaise. Il fait\u00a0 semblant de ne pas se rendre compte que cela signifie notamment un accroissement de la consommation d&rsquo;\u00e9lectricit\u00e9 et d&rsquo;eau. Il ne veut pas savoir (il ne parle que d&#8217;emplois cr\u00e9\u00e9s) que ces emplois sont bidons et\u00a0 ne m\u00e8neront qu&rsquo;\u00e0 faire que l&rsquo;Homme sera soumis \u00e0 la machine.<\/span><\/p>\n<p style=\"text-align: justify;\"><span style=\"font-family: comic sans ms, sans-serif;\">A quand la r\u00e9volte collective des Humains face \u00e0 ces fossoyeurs.<\/span><\/p>\n<p style=\"text-align: justify;\"><span style=\"font-family: comic sans ms, sans-serif;\">D\u00e9j\u00e0 un espoir \u00e0 Amiens : une r\u00e9union publique a permis de voir que des personnes se battent contre ces data centers.<\/span><\/p>\n<p style=\"text-align: justify;\"><span style=\"font-family: comic sans ms, sans-serif;\">Nous sommes une petite structure mais partants pour cette bataille collective.\u00a0<\/span><\/p>\n<p style=\"text-align: justify;\"><span style=\"font-size: x-large; font-family: comic sans ms, sans-serif;\"><b>On se voit quand\u00a0 ?\u00a0<\/b><\/span><\/p>\n<p style=\"text-align: justify;\"><a name=\"mw9g\"><\/a><a name=\"mw9w\"><\/a><span style=\"font-family: comic sans ms, sans-serif;\">Nous avons d\u00e9j\u00e0 contact\u00e9 un s\u00e9nateur du Cambr\u00e9sis qui se bat sur ce terrain : Alexandre BASQUIN ; son site est tr\u00e8s int\u00e9ressant ; <\/span><\/p>\n<p style=\"text-align: justify;\"><span style=\"font-family: comic sans ms, sans-serif;\">son livre :\u00a0<i>Num\u00e9rique: Stop \u00e0 l&rsquo;exploitation\u00a0!<\/i> Le temps de cerises, 2026<\/span><\/p>\n<p style=\"text-align: justify;\"><span style=\"font-family: comic sans ms, sans-serif;\"><a href=\"https:\/\/internationaldisconnectionmanifesto.org\/wp-content\/uploads\/2026\/01\/manifeste_fr-janvier-2026_mod1.pdf\"><span style=\"font-size: x-large;\"><b>https:\/\/internationaldisconnectionmanifesto.<\/b><\/span><\/a><\/span><\/p>\n<p style=\"text-align: justify;\">\n","protected":false},"excerpt":{"rendered":"<p>Mobilisons-nous<\/p>\n","protected":false},"author":4,"featured_media":0,"comment_status":"closed","ping_status":"open","sticky":false,"template":"","format":"standard","meta":{"footnotes":""},"categories":[1],"tags":[],"class_list":["post-15185","post","type-post","status-publish","format-standard","hentry","category-non-classe"],"_links":{"self":[{"href":"https:\/\/collectif-accad.fr\/site\/wp-json\/wp\/v2\/posts\/15185","targetHints":{"allow":["GET"]}}],"collection":[{"href":"https:\/\/collectif-accad.fr\/site\/wp-json\/wp\/v2\/posts"}],"about":[{"href":"https:\/\/collectif-accad.fr\/site\/wp-json\/wp\/v2\/types\/post"}],"author":[{"embeddable":true,"href":"https:\/\/collectif-accad.fr\/site\/wp-json\/wp\/v2\/users\/4"}],"replies":[{"embeddable":true,"href":"https:\/\/collectif-accad.fr\/site\/wp-json\/wp\/v2\/comments?post=15185"}],"version-history":[{"count":2,"href":"https:\/\/collectif-accad.fr\/site\/wp-json\/wp\/v2\/posts\/15185\/revisions"}],"predecessor-version":[{"id":15188,"href":"https:\/\/collectif-accad.fr\/site\/wp-json\/wp\/v2\/posts\/15185\/revisions\/15188"}],"wp:attachment":[{"href":"https:\/\/collectif-accad.fr\/site\/wp-json\/wp\/v2\/media?parent=15185"}],"wp:term":[{"taxonomy":"category","embeddable":true,"href":"https:\/\/collectif-accad.fr\/site\/wp-json\/wp\/v2\/categories?post=15185"},{"taxonomy":"post_tag","embeddable":true,"href":"https:\/\/collectif-accad.fr\/site\/wp-json\/wp\/v2\/tags?post=15185"}],"curies":[{"name":"wp","href":"https:\/\/api.w.org\/{rel}","templated":true}]}}