{"id":14844,"date":"2026-05-01T02:12:52","date_gmt":"2026-05-01T00:12:52","guid":{"rendered":"https:\/\/collectif-accad.fr\/site\/?p=14844"},"modified":"2026-04-28T07:14:26","modified_gmt":"2026-04-28T05:14:26","slug":"le-danger-potentiel-des-champs-electromagnetiques-2","status":"publish","type":"post","link":"https:\/\/collectif-accad.fr\/site\/le-danger-potentiel-des-champs-electromagnetiques-2\/","title":{"rendered":"Le danger potentiel des champs \u00e9lectromagn\u00e9tiques"},"content":{"rendered":"<p class=\"western\" lang=\"fr-FR\" style=\"text-align: justify;\"><img loading=\"lazy\" decoding=\"async\" class=\"size-full wp-image-14827 aligncenter\" src=\"https:\/\/collectif-accad.fr\/site\/wp-content\/uploads\/2026\/04\/Recyclage-260328.jpg\" alt=\"\" width=\"912\" height=\"500\" srcset=\"https:\/\/collectif-accad.fr\/site\/wp-content\/uploads\/2026\/04\/Recyclage-260328.jpg 912w, https:\/\/collectif-accad.fr\/site\/wp-content\/uploads\/2026\/04\/Recyclage-260328-300x164.jpg 300w, https:\/\/collectif-accad.fr\/site\/wp-content\/uploads\/2026\/04\/Recyclage-260328-768x421.jpg 768w\" sizes=\"auto, (max-width: 912px) 100vw, 912px\" \/><\/p>\n<p class=\"western\" lang=\"fr-FR\" style=\"text-align: left;\"><span style=\"font-size: 18pt;\"><strong><span style=\"font-family: Comic Sans MS, cursive;\">Leur effet sur l\u2019environnement<\/span><\/strong><\/span><\/p>\n<p lang=\"fr-FR\"><!--more--><\/p>\n<p style=\"text-align: justify;\" align=\"LEFT\"><span style=\"font-family: Comic Sans MS, cursive;\"><span style=\"font-size: medium;\">R\u00e9solution 1815 (2011) du Conseil de l&rsquo;Europe<\/span><\/span><\/p>\n<ol style=\"text-align: justify;\">\n<li>\n<p lang=\"fr-FR\" align=\"JUSTIFY\"><span style=\"font-family: Arial MT, serif;\"><span style=\"font-family: Comic Sans MS, cursive;\"><span style=\"font-size: medium;\">L\u2019Assembl\u00e9e parlementaire a soulign\u00e9 \u00e0 maintes reprises l\u2019importance de l\u2019engagement des Etats en faveur de l\u2019environnement et de la sant\u00e9 environnementale telle qu\u2019expos\u00e9e dans de nombreuses chartes, conventions, d\u00e9clarations et protocoles depuis la Conf\u00e9rence des Nations Unies sur l\u2019environnement humain et la D\u00e9claration de Stockholm (Stockholm, 1972). L\u2019Assembl\u00e9e renvoie \u00e0 ses travaux ant\u00e9rieurs dans ce domaine,<\/span><\/span> <span style=\"font-family: Comic Sans MS, cursive;\"><span style=\"font-size: medium;\">notamment<\/span><\/span> <span style=\"font-family: Comic Sans MS, cursive;\"><span style=\"font-size: medium;\">\u00e0<\/span><\/span> <span style=\"font-family: Comic Sans MS, cursive;\"><span style=\"font-size: medium;\">la<\/span><\/span> <a href=\"http:\/\/assembly.coe.int\/nw\/xml\/XRef\/Xref-DocDetails-fr.asp?FileId=17720\"><span style=\"color: #00007f;\"><span style=\"font-family: Comic Sans MS, cursive;\"><span style=\"font-size: medium;\">Recommandation<\/span><\/span><\/span><\/a> <a href=\"http:\/\/assembly.coe.int\/nw\/xml\/XRef\/Xref-DocDetails-fr.asp?FileId=17720\"><span style=\"color: #00007f;\"><span style=\"font-family: Comic Sans MS, cursive;\"><span style=\"font-size: medium;\">1863<\/span><\/span><\/span><\/a> <a href=\"http:\/\/assembly.coe.int\/nw\/xml\/XRef\/Xref-DocDetails-fr.asp?FileId=17720\"><span style=\"color: #00007f;\"><span style=\"font-family: Comic Sans MS, cursive;\"><span style=\"font-size: medium;\">(2009)<\/span><\/span><\/span><\/a> <span style=\"font-family: Comic Sans MS, cursive;\"><span style=\"font-size: medium;\">\u00abEnvironnement<\/span><\/span> <span style=\"font-family: Comic Sans MS, cursive;\"><span style=\"font-size: medium;\">et<\/span><\/span> <span style=\"font-family: Comic Sans MS, cursive;\"><span style=\"font-size: medium;\">sant\u00e9:<\/span><\/span> <span style=\"font-family: Comic Sans MS, cursive;\"><span style=\"font-size: medium;\">mieux<\/span><\/span> <span style=\"font-family: Comic Sans MS, cursive;\"><span style=\"font-size: medium;\">pr\u00e9venir<\/span><\/span> <span style=\"font-family: Comic Sans MS, cursive;\"><span style=\"font-size: medium;\">les<\/span><\/span> <span style=\"font-family: Comic Sans MS, cursive;\"><span style=\"font-size: medium;\">risques sanitaires li\u00e9s \u00e0 l\u2019environnement\u00bb, la <\/span><\/span><a href=\"http:\/\/assembly.coe.int\/nw\/xml\/XRef\/Xref-DocDetails-fr.asp?FileId=17935\">Recommandation 1947 (2010)<\/a> <span style=\"font-family: Comic Sans MS, cursive;\"><span style=\"font-size: medium;\">sur la pollution sonore et lumineuse, et, plus<\/span><\/span> <span style=\"font-family: Comic Sans MS, cursive;\"><span style=\"font-size: medium;\">g\u00e9n\u00e9ralement,<\/span><\/span> <span style=\"font-family: Comic Sans MS, cursive;\"><span style=\"font-size: medium;\">la<\/span><\/span> <a href=\"http:\/\/assembly.coe.int\/nw\/xml\/XRef\/Xref-DocDetails-fr.asp?FileId=17777\"><span style=\"color: #00007f;\"><span style=\"font-family: Comic Sans MS, cursive;\"><span style=\"font-size: medium;\">Recommandation<\/span><\/span><\/span><\/a> <a href=\"http:\/\/assembly.coe.int\/nw\/xml\/XRef\/Xref-DocDetails-fr.asp?FileId=17777\"><span style=\"color: #00007f;\"><span style=\"font-family: Comic Sans MS, cursive;\"><span style=\"font-size: medium;\">1885<\/span><\/span><\/span><\/a> <a href=\"http:\/\/assembly.coe.int\/nw\/xml\/XRef\/Xref-DocDetails-fr.asp?FileId=17777\"><span style=\"color: #00007f;\"><span style=\"font-family: Comic Sans MS, cursive;\"><span style=\"font-size: medium;\">(2009)<\/span><\/span><\/span><\/a> <span style=\"font-family: Comic Sans MS, cursive;\"><span style=\"font-size: medium;\">\u00abElaboration<\/span><\/span> <span style=\"font-family: Comic Sans MS, cursive;\"><span style=\"font-size: medium;\">d\u2019un<\/span><\/span> <span style=\"font-family: Comic Sans MS, cursive;\"><span style=\"font-size: medium;\">protocole<\/span><\/span> <span style=\"font-family: Comic Sans MS, cursive;\"><span style=\"font-size: medium;\">additionnel<\/span><\/span> <span style=\"font-family: Comic Sans MS, cursive;\"><span style=\"font-size: medium;\">\u00e0<\/span><\/span> <span style=\"font-family: Comic Sans MS, cursive;\"><span style=\"font-size: medium;\">la<\/span><\/span> <span style=\"font-family: Comic Sans MS, cursive;\"><span style=\"font-size: medium;\">Convention europ\u00e9enne des droits de l\u2019homme relatif au droit \u00e0 un environnement sain\u00bb et la <\/span><\/span><a href=\"http:\/\/assembly.coe.int\/nw\/xml\/XRef\/Xref-DocDetails-fr.asp?FileId=16730\">Recommandation 1430<\/a> <a href=\"http:\/\/assembly.coe.int\/nw\/xml\/XRef\/Xref-DocDetails-fr.asp?FileId=16730\">(1999)<\/a> <span style=\"font-family: Comic Sans MS, cursive;\"><span style=\"font-size: medium;\">relative \u00e0 l\u2019acc\u00e8s \u00e0 l\u2019information, \u00e0 la participation du public au processus d\u00e9cisionnel et \u00e0 l\u2019acc\u00e8s \u00e0 la justice<\/span><\/span> <span style=\"font-family: Comic Sans MS, cursive;\"><span style=\"font-size: medium;\">en<\/span><\/span> <span style=\"font-family: Comic Sans MS, cursive;\"><span style=\"font-size: medium;\">mati\u00e8re<\/span><\/span> <span style=\"font-family: Comic Sans MS, cursive;\"><span style=\"font-size: medium;\">d\u2019environnement<\/span><\/span> <span style=\"font-family: Comic Sans MS, cursive;\"><span style=\"font-size: medium;\">(mise<\/span><\/span> <span style=\"font-family: Comic Sans MS, cursive;\"><span style=\"font-size: medium;\">en<\/span><\/span> <span style=\"font-family: Comic Sans MS, cursive;\"><span style=\"font-size: medium;\">\u0153uvre<\/span><\/span> <span style=\"font-family: Comic Sans MS, cursive;\"><span style=\"font-size: medium;\">de<\/span><\/span> <span style=\"font-family: Comic Sans MS, cursive;\"><span style=\"font-size: medium;\">la<\/span><\/span> <span style=\"font-family: Comic Sans MS, cursive;\"><span style=\"font-size: medium;\">Convention<\/span><\/span> <span style=\"font-family: Comic Sans MS, cursive;\"><span style=\"font-size: medium;\">d\u2019\u01farhus).<\/span><\/span><\/span><\/p>\n<\/li>\n<li>\n<p lang=\"fr-FR\" align=\"JUSTIFY\"><span style=\"font-family: Comic Sans MS, cursive;\"><span style=\"font-size: medium;\">Les effets potentiels sur la sant\u00e9 des champs magn\u00e9tiques de tr\u00e8s basse fr\u00e9quence entourant les lignes et appareils \u00e9lectriques font l\u2019objet de recherches et suscitent de nombreux d\u00e9bats publics. Selon l\u2019Organisation mondiale de la sant\u00e9, les champs \u00e9lectromagn\u00e9tiques de toute la gamme des fr\u00e9quences sont de plus en plus pr\u00e9sents et influencent de plus en plus notre environnement, suscitant des inqui\u00e9tudes et des sp\u00e9culations croissantes. Tout le monde est aujourd\u2019hui expos\u00e9 \u00e0 des degr\u00e9s divers \u00e0 des champs \u00e9lectromagn\u00e9tiques dont les niveaux vont continuer d\u2019augmenter avec les progr\u00e8s de la technologie.<\/span><\/span><\/p>\n<\/li>\n<li>\n<p lang=\"fr-FR\" align=\"JUSTIFY\"><span style=\"font-family: Comic Sans MS, cursive;\"><span style=\"font-size: medium;\">Le t\u00e9l\u00e9phone portable est maintenant r\u00e9pandu dans le monde entier. La technologie sans fil repose sur un r\u00e9seau dense d\u2019antennes fixes ou de stations de base qui relaient l\u2019information sous forme de signaux radiofr\u00e9quence. Il y a plus de 1,4 million de stations de base dans le monde et leur nombre augmente sensiblement avec l\u2019introduction des technologies de troisi\u00e8me g\u00e9n\u00e9ration. D\u2019autres r\u00e9seaux sans fil permettant l\u2019acc\u00e8s \u00e0 grande vitesse \u00e0 l\u2019internet et \u00e0 d\u2019autres services, comme les r\u00e9seaux locaux sans fils, sont aussi de plus en plus r\u00e9pandus dans les habitations, les bureaux et de nombreux lieux publics (a\u00e9roports, \u00e9coles, zones r\u00e9sidentielles et urbaines). Avec le nombre de stations de base et de r\u00e9seaux locaux sans fil, c\u2019est aussi l\u2019exposition de la population aux radiofr\u00e9quences qui augmente.<\/span><\/span><\/p>\n<\/li>\n<li>\n<p lang=\"fr-FR\" align=\"JUSTIFY\"><span style=\"font-family: Comic Sans MS, cursive;\"><span style=\"font-size: medium;\">Si les champs \u00e9lectriques et \u00e9lectromagn\u00e9tiques de certaines bandes de fr\u00e9quence ont des effets tout \u00e0 fait b\u00e9n\u00e9fiques, qui sont utilis\u00e9s en m\u00e9decine, d\u2019autres fr\u00e9quences non ionisantes, que ce soient les extr\u00eamement basses fr\u00e9quences, les lignes \u00e9lectriques ou certaines ondes \u00e0 haute fr\u00e9quence utilis\u00e9es dans le domaine des radars, de la t\u00e9l\u00e9communication et de la t\u00e9l\u00e9phonie mobile, semblent avoir des effets biologiques non thermiques potentiels plus ou moins nocifs sur les plantes, les insectes et les animaux, ainsi que sur l\u2019organisme humain, m\u00eame en cas d\u2019exposition \u00e0 des niveaux inf\u00e9rieurs aux seuils officiels.<\/span><\/span><\/p>\n<\/li>\n<li>\n<p lang=\"fr-FR\" align=\"JUSTIFY\"><span style=\"font-family: Comic Sans MS, cursive;\"><span style=\"font-size: medium;\">Concernant les normes ou les seuils relatifs aux \u00e9missions des champs \u00e9lectromagn\u00e9tiques de tout type et de toute fr\u00e9quence, l\u2019Assembl\u00e9e pr\u00e9conise l\u2019application du principe \u00abALARA\u00bb <i>(as low as reasonably achievable), <\/i>c\u2019est-\u00e0-dire du niveau le plus bas qu\u2019il soit raisonnablement possible d\u2019atteindre, prenant en compte non seulement les effets dits thermiques, mais aussi les effets athermiques ou biologiques des \u00e9missions ou rayonnements de champs \u00e9lectromagn\u00e9tiques. De plus, le principe de pr\u00e9caution devrait<\/span><\/span><\/p>\n<\/li>\n<\/ol>\n<p style=\"text-align: center;\" align=\"LEFT\"><span style=\"font-family: Comic Sans MS, cursive;\"><span style=\"font-size: medium;\">** **<\/span><\/span><\/p>\n<p style=\"text-align: justify;\" align=\"LEFT\"><span style=\"font-family: Comic Sans MS, cursive;\"><span style=\"font-size: medium;\">Texte adopt\u00e9 par la Commission permanente, agissant au nom de l\u2019Assembl\u00e9e, le 27 mai 2011 (voir <\/span><\/span><a href=\"http:\/\/assembly.coe.int\/nw\/xml\/XRef\/Xref-DocDetails-fr.asp?FileId=13137\"><span style=\"color: #00007f;\"><span style=\"font-family: Comic Sans MS, cursive;\"><span style=\"font-size: medium;\">Doc. 12608<\/span><\/span><\/span><\/a><span style=\"font-family: Comic Sans MS, cursive;\"><span style=\"font-size: medium;\">, rapport de la commission de l\u2019environnement,<\/span><\/span> <span style=\"font-family: Comic Sans MS, cursive;\"><span style=\"font-size: medium;\">de l\u2019agriculture et<\/span><\/span> <span style=\"font-family: Comic Sans MS, cursive;\"><span style=\"font-size: medium;\">des<\/span><\/span> <span style=\"font-family: Comic Sans MS, cursive;\"><span style=\"font-size: medium;\">questions<\/span><\/span> <span style=\"font-family: Comic Sans MS, cursive;\"><span style=\"font-size: medium;\">territoriales,<\/span><\/span> <span style=\"font-family: Comic Sans MS, cursive;\"><span style=\"font-size: medium;\">rapporteur:<\/span><\/span> <span style=\"font-family: Comic Sans MS, cursive;\"><span style=\"font-size: medium;\">M.<\/span><\/span> <span style=\"font-family: Comic Sans MS, cursive;\"><span style=\"font-size: medium;\">Huss).<\/span><\/span><\/p>\n","protected":false},"excerpt":{"rendered":"<p>Leur effet sur l\u2019environnement<\/p>\n","protected":false},"author":4,"featured_media":0,"comment_status":"closed","ping_status":"open","sticky":false,"template":"","format":"standard","meta":{"footnotes":""},"categories":[1],"tags":[],"class_list":["post-14844","post","type-post","status-publish","format-standard","hentry","category-non-classe"],"_links":{"self":[{"href":"https:\/\/collectif-accad.fr\/site\/wp-json\/wp\/v2\/posts\/14844","targetHints":{"allow":["GET"]}}],"collection":[{"href":"https:\/\/collectif-accad.fr\/site\/wp-json\/wp\/v2\/posts"}],"about":[{"href":"https:\/\/collectif-accad.fr\/site\/wp-json\/wp\/v2\/types\/post"}],"author":[{"embeddable":true,"href":"https:\/\/collectif-accad.fr\/site\/wp-json\/wp\/v2\/users\/4"}],"replies":[{"embeddable":true,"href":"https:\/\/collectif-accad.fr\/site\/wp-json\/wp\/v2\/comments?post=14844"}],"version-history":[{"count":1,"href":"https:\/\/collectif-accad.fr\/site\/wp-json\/wp\/v2\/posts\/14844\/revisions"}],"predecessor-version":[{"id":14845,"href":"https:\/\/collectif-accad.fr\/site\/wp-json\/wp\/v2\/posts\/14844\/revisions\/14845"}],"wp:attachment":[{"href":"https:\/\/collectif-accad.fr\/site\/wp-json\/wp\/v2\/media?parent=14844"}],"wp:term":[{"taxonomy":"category","embeddable":true,"href":"https:\/\/collectif-accad.fr\/site\/wp-json\/wp\/v2\/categories?post=14844"},{"taxonomy":"post_tag","embeddable":true,"href":"https:\/\/collectif-accad.fr\/site\/wp-json\/wp\/v2\/tags?post=14844"}],"curies":[{"name":"wp","href":"https:\/\/api.w.org\/{rel}","templated":true}]}}