{"id":14838,"date":"2026-04-29T02:26:42","date_gmt":"2026-04-29T00:26:42","guid":{"rendered":"https:\/\/collectif-accad.fr\/site\/?p=14838"},"modified":"2026-04-27T09:28:16","modified_gmt":"2026-04-27T07:28:16","slug":"la-marche-connectee","status":"publish","type":"post","link":"https:\/\/collectif-accad.fr\/site\/la-marche-connectee\/","title":{"rendered":"La marche connect\u00e9e"},"content":{"rendered":"<p style=\"text-align: justify;\"><img loading=\"lazy\" decoding=\"async\" class=\"size-full wp-image-14825 aligncenter\" src=\"https:\/\/collectif-accad.fr\/site\/wp-content\/uploads\/2026\/04\/Linky-260422.jpg\" alt=\"\" width=\"735\" height=\"500\" srcset=\"https:\/\/collectif-accad.fr\/site\/wp-content\/uploads\/2026\/04\/Linky-260422.jpg 735w, https:\/\/collectif-accad.fr\/site\/wp-content\/uploads\/2026\/04\/Linky-260422-300x204.jpg 300w\" sizes=\"auto, (max-width: 735px) 100vw, 735px\" \/><\/p>\n<p style=\"text-align: left;\"><span style=\"font-size: 18pt;\"><strong><span style=\"font-family: comic sans ms, sans-serif;\">Par la r\u00e9daction du <em>Postillon<\/em><\/span><\/strong><\/span><\/p>\n<p><!--more--><\/p>\n<p style=\"text-align: justify;\"><span style=\"font-family: comic sans ms, sans-serif;\">Avec le num\u00e9rique, nos amis du journal grenoblois <em>Le Postillon<\/em> se montrent tout \u00e0 la fois inquiets et rieurs. En t\u00e9moigne leur livre <em>La Noix connect\u00e9e, le meilleur du pire de l\u2019innovation grenobloise<\/em>, publi\u00e9 au printemps 2025, ou bien encore cette nouvelle livraison\u2026<\/span><\/p>\n<p style=\"text-align: justify;\"><span style=\"font-family: comic sans ms, sans-serif;\">Bien entendu la situation des \u00ab\u00a0aidants familiaux\u00a0\u00bb, personnes qui accompagnent au quotidien un proche gravement malade, est toujours difficile et parfois tragique. Si toute initiative pour les soulager est la bienvenue, est-ce une raison pour lancer des nouveaux concepts connect\u00e9s particuli\u00e8rement ineptes\u00a0?<\/span><\/p>\n<p style=\"text-align: justify;\"><span style=\"font-family: comic sans ms, sans-serif;\">Entre le 18 septembre et le 2 octobre 2025, la Mutualit\u00e9 sociale agricole (MSA) des Alpes du Nord et l\u2019association Bulle d\u2019air (proposant des \u00ab\u00a0<em>solutions de r\u00e9pit<\/em>\u00a0\u00bb pour les aidants) lancent la premi\u00e8re \u00ab\u00a0Marche connect\u00e9e\u00a0\u00bb. \u00ab\u00a0<em>Pas \u00e0 pas pour les aidants<\/em>\u00a0\u00bb, c\u2019est le nom de l\u2019op\u00e9ration qui consiste en un \u00ab\u00a0<em>d\u00e9fi amusant et gratuit, accessible \u00e0 tous, quel que soit votre \u00e2ge ou votre condition physique\u00a0<\/em>\u00bb. Son objectif est de \u00ab\u00a0<em>faire bouger en s\u2019amusant<\/em>\u00a0\u00bb. Pour \u00ab\u00a0<em>s\u2019amuser<\/em>\u00a0\u00bb, il faut r\u00e9aliser \u00ab\u00a0<em>le plus grand nombre de pas tout au long des 2 semaines\u00a0: marcher, courir, p\u00e9daler, faire son m\u00e9nage ou danser, chaque pas compte<\/em>\u00a0\u00bb. Bien entendu pour participer, il faut t\u00e9l\u00e9charger une appli qui \u00ab\u00a0<em>utilise le podom\u00e8tre de votre smartphone ou de votre objet connect\u00e9 pour suivre votre activit\u00e9<\/em>\u00a0\u00bb. Ensuite il y a un syst\u00e8me de points en fonction de l\u2019activit\u00e9 physique quotidienne\u00a0:\u00a0\u00ab\u00a0<em>la r\u00e9gularit\u00e9 est privil\u00e9gi\u00e9e sur l\u2019intensit\u00e9 ponctuelle<\/em>\u00a0\u00bb.<\/span><\/p>\n<p style=\"text-align: justify;\"><span style=\"font-family: comic sans ms, sans-serif;\">On a beau chercher, on ne voit pas du tout le rapport entre ce \u00ab\u00a0<em>d\u00e9fi\u00a0<\/em>\u00bb et les aidants familiaux\u2026 \u00c7a ressemble bien plus \u00e0 une publicit\u00e9 g\u00e9ante pour l\u2019application Kiplin, celle qui transforme votre nombre de pas en points, et qui pr\u00e9tend \u00ab\u00a0<em>lutter contre la s\u00e9dentarit\u00e9, renforcer la coh\u00e9sion d\u2019\u00e9quipe<\/em> [NDR\u00a0: avec des \u00ab\u00a0challenges\u00a0\u00bb pour faire du team building en entreprise], <em>pr\u00e9venir les risques psychosociaux (RPS), etc.<\/em>\u00a0\u00bb C\u2019est du gagnant\/gagnant\u00a0: alors que l\u2019invasion des \u00e9crans, des smartphones et des applis a fait bondir la s\u00e9dentarit\u00e9 et certains risques psycho-sociaux, il faudrait maintenant une nouvelle appli pour lutter contre. Pour trouver un sens d\u00e9sirable dans tout ce business, on aurait bien besoin d\u2019un aidant\u2026<\/span><\/p>\n<p style=\"text-align: justify;\"><span style=\"font-family: comic sans ms, sans-serif;\"><em>Le Postillon<\/em>, n\u00b078, automne 2025, p. 3<\/span><\/p>\n<p style=\"text-align: justify;\"><span style=\"font-family: comic sans ms, sans-serif;\">Pour plus d\u2019informations sur le journal\u00a0: <a href=\"https:\/\/www.lepostillon.org\/\">https:\/\/www.lepostillon.org\/<\/a><\/span><\/p>\n<p style=\"text-align: justify;\"><span style=\"font-family: comic sans ms, sans-serif;\">\u00c0 lire sur notre blog\u00a0: <\/span><br \/>\n<span style=\"font-family: comic sans ms, sans-serif;\"><a href=\"https:\/\/www.lantivol.com\/2023\/02\/tours-grenoble-la-diagonale-du-vert.html\">https:\/\/www.lantivol.com\/2023\/02\/tours-grenoble-l<\/a><\/span><br \/>\n<span style=\"font-family: comic sans ms, sans-serif;\"><a href=\"https:\/\/www.lantivol.com\/2024\/11\/fairme.html\">https:\/\/www.lantivol.com\/2024\/11\/fairme.html<\/a> <\/span><br \/>\n<span style=\"font-family: comic sans ms, sans-serif;\"><a href=\"https:\/\/www.lantivol.com\/2025\/10\/la-noix-connectee-le-meilleur-du-pire.html\">https:\/\/www.lantivol.com\/2025\/10\/la-noix-connecte<\/a><\/span><\/p>\n","protected":false},"excerpt":{"rendered":"<p>Par la r\u00e9daction du Postillon<\/p>\n","protected":false},"author":4,"featured_media":0,"comment_status":"closed","ping_status":"open","sticky":false,"template":"","format":"standard","meta":{"footnotes":""},"categories":[1],"tags":[],"class_list":["post-14838","post","type-post","status-publish","format-standard","hentry","category-non-classe"],"_links":{"self":[{"href":"https:\/\/collectif-accad.fr\/site\/wp-json\/wp\/v2\/posts\/14838","targetHints":{"allow":["GET"]}}],"collection":[{"href":"https:\/\/collectif-accad.fr\/site\/wp-json\/wp\/v2\/posts"}],"about":[{"href":"https:\/\/collectif-accad.fr\/site\/wp-json\/wp\/v2\/types\/post"}],"author":[{"embeddable":true,"href":"https:\/\/collectif-accad.fr\/site\/wp-json\/wp\/v2\/users\/4"}],"replies":[{"embeddable":true,"href":"https:\/\/collectif-accad.fr\/site\/wp-json\/wp\/v2\/comments?post=14838"}],"version-history":[{"count":1,"href":"https:\/\/collectif-accad.fr\/site\/wp-json\/wp\/v2\/posts\/14838\/revisions"}],"predecessor-version":[{"id":14839,"href":"https:\/\/collectif-accad.fr\/site\/wp-json\/wp\/v2\/posts\/14838\/revisions\/14839"}],"wp:attachment":[{"href":"https:\/\/collectif-accad.fr\/site\/wp-json\/wp\/v2\/media?parent=14838"}],"wp:term":[{"taxonomy":"category","embeddable":true,"href":"https:\/\/collectif-accad.fr\/site\/wp-json\/wp\/v2\/categories?post=14838"},{"taxonomy":"post_tag","embeddable":true,"href":"https:\/\/collectif-accad.fr\/site\/wp-json\/wp\/v2\/tags?post=14838"}],"curies":[{"name":"wp","href":"https:\/\/api.w.org\/{rel}","templated":true}]}}