{"id":14832,"date":"2026-04-27T02:35:46","date_gmt":"2026-04-27T00:35:46","guid":{"rendered":"https:\/\/collectif-accad.fr\/site\/?p=14832"},"modified":"2026-04-26T08:37:38","modified_gmt":"2026-04-26T06:37:38","slug":"arret-de-la-2g-et-de-la-3g","status":"publish","type":"post","link":"https:\/\/collectif-accad.fr\/site\/arret-de-la-2g-et-de-la-3g\/","title":{"rendered":"Arr\u00eat de la\u00a02G et de la\u00a03G\u00a0"},"content":{"rendered":"<p><img loading=\"lazy\" decoding=\"async\" class=\"size-full wp-image-14823 aligncenter\" src=\"https:\/\/collectif-accad.fr\/site\/wp-content\/uploads\/2026\/04\/Harcelement-1.jpg\" alt=\"\" width=\"868\" height=\"441\" srcset=\"https:\/\/collectif-accad.fr\/site\/wp-content\/uploads\/2026\/04\/Harcelement-1.jpg 868w, https:\/\/collectif-accad.fr\/site\/wp-content\/uploads\/2026\/04\/Harcelement-1-300x152.jpg 300w, https:\/\/collectif-accad.fr\/site\/wp-content\/uploads\/2026\/04\/Harcelement-1-768x390.jpg 768w\" sizes=\"auto, (max-width: 868px) 100vw, 868px\" \/><\/p>\n<p style=\"text-align: left;\"><span style=\"font-size: 18pt;\"><strong><span style=\"font-family: Comic Sans MS, cursive;\">\u00ab Nous exigeons des garde-fous \u00bb<\/span><\/strong><\/span><\/p>\n<p><!--more--><\/p>\n<p style=\"text-align: justify;\"><span style=\"font-family: Comic Sans MS, cursive;\">Alors que des millions d\u2019appareils devront \u00eatre remplac\u00e9s dans les prochains mois, un collectif d\u2019associations d\u00e9plore les effets d\u00e9sastreux d\u2019une \u00ab\u00a0d\u00e9cision unilat\u00e9rale des op\u00e9rateurs priv\u00e9s\u00a0\u00bb et appelle, dans une tribune au \u00ab\u00a0Monde\u00a0\u00bb, \u00e0 une r\u00e9gulation de l\u2019Etat et \u00e0 une compensation financi\u00e8re prise en charge par les op\u00e9rateurs.<\/span><\/p>\n<p style=\"text-align: center;\"><span style=\"font-family: Comic Sans MS, cursive;\">** **<\/span><\/p>\n<p style=\"text-align: justify;\"><span style=\"font-family: Comic Sans MS, cursive;\">A partir de ce 31\u00a0mars, les r\u00e9seaux\u00a02G et\u00a03G seront progressivement \u00e9teints par les op\u00e9rateurs de t\u00e9l\u00e9phonie mobile. Cet arr\u00eat met en danger la continuit\u00e9 de nombreux services essentiels pour des millions de Fran\u00e7ais. Pourtant, les pouvoirs publics ne semblent pas suffisamment prendre la mesure des impacts d\u00e9sastreux de cette d\u00e9cision unilat\u00e9rale des op\u00e9rateurs priv\u00e9s de t\u00e9l\u00e9communication\u00a0Bouygues, Orange, SFR et Free.<\/span><\/p>\n<p style=\"text-align: justify;\"><span style=\"font-family: Comic Sans MS, cursive;\">Jusqu\u2019\u00e0 12\u00a0millions d\u2019\u00e9quipements en France seraient concern\u00e9s par cet arr\u00eat de r\u00e9seaux, et devront \u00eatre remplac\u00e9s\u00a0: aucune solution de mise \u00e0 niveau n\u2019est accessible. Parmi ces \u00e9quipements, on compte 2,4\u00a0millions de t\u00e9l\u00e9phones portables. Mais pr\u00e8s de 10\u00a0millions d\u2019objets connect\u00e9s devront \u00eatre adapt\u00e9s ou renouvel\u00e9s, selon une estimation de la direction g\u00e9n\u00e9rale des entreprises\u00a0: ascenseurs, automobiles, alarmes, \u00e9clairage public, dispositifs m\u00e9dicaux dont les services sont parfois vitaux, etc.<\/span><\/p>\n<p style=\"text-align: justify;\"><span style=\"font-family: Comic Sans MS, cursive;\">Aucune compensation financi\u00e8re n\u2019est pr\u00e9vue malgr\u00e9 les co\u00fbts faramineux de mise \u00e0 niveau. Le co\u00fbt de remplacement de ces \u00e9quipements rendus obsol\u00e8tes peut retomber sur les utilisateurs et utilisatrices finaux\u00a0: plusieurs centaines d\u2019euros pour le rachat d\u2019un smartphone, 300\u00a0euros en moyenne pour un bracelet antichute, jusqu\u2019\u00e0 1\u00a0800\u00a0euros et une journ\u00e9e d\u2019intervention pour adapter un ascenseur, <a href=\"https:\/\/www.senat.fr\/rap\/r25-380\/r25-380_mono.html\" target=\"_blank\" rel=\"noopener\">selon un rapport d\u2019information du S\u00e9nat.<\/a><\/span><\/p>\n<p style=\"text-align: justify;\"><span style=\"font-family: Comic Sans MS, cursive;\">Pour les collectivit\u00e9s, l\u2019adaptation des r\u00e9seaux d\u2019eau et d\u2019assainissement pourrait co\u00fbter 400\u00a0millions d\u2019euros. Sans compter le renouvellement de l\u2019\u00e9clairage public, qui repr\u00e9sente une somme de 900\u00a0000\u00a0euros pour la seule ville de Lille.<\/span><\/p>\n<p style=\"text-align: justify;\"><span style=\"font-family: Comic Sans MS, cursive;\">Cet arr\u00eat de r\u00e9seau supposera 1,36\u00a0milliard d\u2019euros de surco\u00fbts au minimum. Qui devra les assumer\u00a0? Les consommateurs, les entreprises, les collectivit\u00e9s, les associations. Aucune aide \u00e0 l\u2019horizon, ni des op\u00e9rateurs \u00e0 l\u2019origine de la d\u00e9cision ni de l\u2019Etat.<\/span><\/p>\n<p style=\"text-align: justify;\"><span style=\"font-family: Comic Sans MS, cursive;\"><b>Obsolescence forc\u00e9e<\/b><\/span><\/p>\n<p style=\"text-align: justify;\"><span style=\"font-family: Comic Sans MS, cursive;\">Le chiffre alarmant de 1,36\u00a0milliard d\u2019euros est malheureusement probablement sous-estim\u00e9. Nous d\u00e9plorons l\u2019absence d\u2019une \u00e9tude cartographiant l\u2019ensemble des \u00e9quipements concern\u00e9s ainsi que les impacts induits. Le diagnostic de l\u2019Autorit\u00e9 de r\u00e9gulation des communications \u00e9lectroniques, des postes et de la distribution de la presse\u00a0(Arcep) reste lacunaire et aurait m\u00e9rit\u00e9 d\u2019\u00eatre approfondi pour permettre une r\u00e9elle mesure de l\u2019ampleur du probl\u00e8me, et donc un encadrement et des compensations ad\u00e9quates.<\/span><\/p>\n<p style=\"text-align: justify;\"><span style=\"font-family: Comic Sans MS, cursive;\">Au lieu d\u2019en profiter pour vendre de nouveaux appareils, nous demandons aux op\u00e9rateurs de t\u00e9l\u00e9coms priv\u00e9s de prendre leurs responsabilit\u00e9s financi\u00e8res, avec, par exemple, la cr\u00e9ation d\u2019un fond indemnitaire \u00e0 destination des entreprises, des associations et des collectivit\u00e9s tr\u00e8s fortement impact\u00e9es dans le cadre de la fourniture de leurs services. Permettant ainsi d\u2019\u00e9viter la r\u00e9percussion des co\u00fbts sur les usagers.<\/span><\/p>\n<p style=\"text-align: justify;\"><span style=\"font-family: Comic Sans MS, cursive;\">Parmi les \u00e9quipements concern\u00e9s, on trouve 200\u00a0000\u00a0bracelets antichute pour personnes \u00e2g\u00e9es. Par ailleurs, aucun v\u00e9hicule vendu avant\u00a02025 n\u2019est \u00e9quip\u00e9 d\u2019un dispositif obligatoire d\u2019appel d\u2019urgence compatible avec la 4G. Cela concernerait plus de 36\u00a0millions de v\u00e9hicules dans l\u2019Union europ\u00e9enne. Les risques pesant sur le lien aux secours sont d\u2019ailleurs nombreux et mal identifi\u00e9s\u00a0: on craint des coupures d\u2019appels d\u2019urgence pour certains t\u00e9l\u00e9phones, l\u2019obsolescence des bornes d\u2019appel de la SNCF, des dysfonctionnements dans les \u00ab\u00a0bips\u00a0\u00bb des services d\u2019urgence.<\/span><\/p>\n<p style=\"text-align: justify;\"><span style=\"font-family: Comic Sans MS, cursive;\">L\u2019arr\u00eat de la 2G et de la 3G implique \u00e9galement de rendre totalement obsol\u00e8tes l\u2019ensemble des t\u00e9l\u00e9phones portables non compatibles avec la 4G. Loin d\u2019\u00eatre marginale, l\u2019utilisation de ce type de mobile est encore courante chez certains publics particuli\u00e8rement vuln\u00e9rables, qui s\u2019en servent comme moyens de communication privil\u00e9gi\u00e9s. Rien qu\u2019en\u00a02025, l\u2019association Emma\u00fcs Connect a ainsi distribu\u00e9 plus de 20\u00a0000\u00a0terminaux de ce type. Autant de personnes sans abri, exil\u00e9es et\/ou victimes de violences qui n\u2019auront demain plus la possibilit\u00e9 de passer des appels ou d\u2019envoyer des SMS dans des situations d\u2019urgence souvent vitales.<\/span><\/p>\n<p style=\"text-align: justify;\"><span style=\"font-family: Comic Sans MS, cursive;\">Alors que la fabrication des \u00e9quipements num\u00e9riques repr\u00e9sente la majeure partie de leur impact carbone, cette obsolescence forc\u00e9e implique un impact environnemental invisibilis\u00e9 et cons\u00e9quent. Les presque 12\u00a0millions d\u2019\u00e9quipements fonctionnels concern\u00e9s peuvent \u00eatre parfois tr\u00e8s r\u00e9cents, l\u2019arr\u00eat des r\u00e9seaux n\u2019ayant \u00e9t\u00e9 annonc\u00e9 qu\u2019en\u00a02022.<\/span><\/p>\n<p style=\"text-align: justify;\"><span style=\"font-family: Comic Sans MS, cursive;\"><b>D\u00e9sengagement inacceptable<\/b><\/span><\/p>\n<p style=\"text-align: justify;\"><span style=\"font-family: Comic Sans MS, cursive;\">Le seul renouvellement des 2,4\u00a0millions de t\u00e9l\u00e9phones supposerait l\u2019\u00e9mission de pr\u00e8s de 200\u00a0000\u00a0tonnes de CO<sub>2<\/sub>, selon les chiffres de l\u2019Agence de l\u2019environnement et de la ma\u00eetrise de l\u2019\u00e9nergie, l\u2019\u00e9quivalent de pr\u00e8s de 22\u00a0000\u00a0tours de la Terre en voiture thermique.<\/span><\/p>\n<p style=\"text-align: justify;\"><span style=\"font-family: Comic Sans MS, cursive;\">Aujourd\u2019hui, l\u2019Etat n\u2019impose que tr\u00e8s peu de limites aux op\u00e9rateurs priv\u00e9s, consid\u00e9rant que cela <i>\u00ab\u00a0ne<\/i>\u00a0[rel\u00e8ve] <i>pas des pr\u00e9rogatives de la puissance publique\u00a0\u00bb<\/i>. Ce d\u00e9sengagement, qui est aussi celui de l\u2019Arcep, est inacceptable.<\/span><\/p>\n<p style=\"text-align: justify;\"><span style=\"font-family: Comic Sans MS, cursive;\">Nous d\u00e9plorons l\u2019absence de garde-fous et craignons que la situation actuelle ne se r\u00e9p\u00e8te d\u2019ici \u00e0 quelques ann\u00e9es. A l\u2019heure o\u00f9 la Commission europ\u00e9enne pr\u00e9voit d\u00e9j\u00e0 le d\u00e9ploiement de la 6G \u00e0 l\u2019horizon\u00a02030, la 4G et la 5G ainsi que les \u00e9quipements qui en sont d\u00e9pendants pourraient bient\u00f4t \u00eatre \u00e0 leur tour consid\u00e9r\u00e9s comme obsol\u00e8tes. La 4G est en effet d\u00e9j\u00e0 rel\u00e9gu\u00e9e au second plan dans certains d\u00e9ploiements, au profit de la 5G. Comment \u00e9viter que la 4G, une technologie tr\u00e8s adapt\u00e9e et tr\u00e8s d\u00e9ploy\u00e9e, ne devienne obsol\u00e8te pr\u00e9matur\u00e9ment\u00a0?<\/span><\/p>\n<p style=\"text-align: justify;\"><span style=\"font-family: Comic Sans MS, cursive;\">L\u2019arr\u00eat de la 2G et de la 3G doit faire pr\u00e9c\u00e9dent. Nous exigeons un encadrement des r\u00e9seaux par l\u2019Etat, afin de limiter les impacts \u00e9conomiques, sociaux et environnementaux de ce type de d\u00e9cision. La puissance publique, qui attribue le droit d\u2019exploitation des r\u00e9seaux aux op\u00e9rateurs priv\u00e9s, a le pouvoir d\u2019effectuer cette r\u00e9gulation, au nom de l\u2019int\u00e9r\u00eat g\u00e9n\u00e9ral et de la s\u00e9curit\u00e9 des personnes. Pour qu\u2019ensemble, nous faisions de nos r\u00e9seaux de v\u00e9ritables biens communs.<\/span><\/p>\n<p style=\"text-align: justify;\"><span style=\"font-family: Comic Sans MS, cursive;\"><b>Aur\u00e9lie Baton, <\/b>coresponsable de Designers \u00e9thiques\u00a0; <b>Charlotte Bougenaux, <\/b>codirectrice d\u2019Emma\u00fcs Connect\u00a0; <b>Marie Cohen-Skalli,<\/b> codirectrice d\u2019Emma\u00fcs Connect\u00a0; <b>Aliz\u00e9e Colin, <\/b>responsable du d\u00e9veloppement b\u00e9n\u00e9vole et des partenariats \u00e0 La\u00a0Fresque du num\u00e9rique\u00a0; <b>Didier Duriez, <\/b>pr\u00e9sident du Secours catholique-Caritas France\u00a0; <b>Antoine Gatet,<\/b> pr\u00e9sident de France Nature Environnement\u00a0; <b>Marion Graeffly, <\/b>directrice g\u00e9n\u00e9rale et cofondatrice de TeleCoop\u00a0; <b>Manon L\u00e9ger,<\/b> cofondatrice et d\u00e9l\u00e9gu\u00e9e g\u00e9n\u00e9rale de Latitudes\u00a0; <b>Bela Loto Hiffler,<\/b> fondatrice et pr\u00e9sidente de Point de MIR\u00a0; <b>Herv\u00e9 Maurey,<\/b> s\u00e9nateur centriste de l\u2019Eure, conseiller r\u00e9gional de Normandie\u00a0; <b>Adrien Montagut, <\/b>codirigeant de la coop\u00e9rative Commown\u00a0; <b>Edlira Nano, <\/b>administratrice secr\u00e9taire de l\u2019April\u00a0; <b>Antoine Pesesse,<\/b> pr\u00e9sident de Halte \u00e0 l\u2019obsolescence programm\u00e9e\u00a0; <b>Bastien Faure,<\/b> directeur de Zero Waste France\u00a0; <b>Raquel Radaut, <\/b>porte-parole de La\u00a0Quadrature du Net\u00a0; <b>Gilles Reeb,<\/b> cofondateur de Ren\u00e9e\u00a0; <b>Thomas Thibault,<\/b> vice-pr\u00e9sident Le\u00a0Mouton num\u00e9rique\u00a0; <b>Tarik Touahria,<\/b> pr\u00e9sident de la F\u00e9d\u00e9ration des centres sociaux et socioculturels de France. <\/span><\/p>\n","protected":false},"excerpt":{"rendered":"<p>\u00ab Nous exigeons des garde-fous \u00bb<\/p>\n","protected":false},"author":4,"featured_media":0,"comment_status":"closed","ping_status":"open","sticky":false,"template":"","format":"standard","meta":{"footnotes":""},"categories":[1],"tags":[],"class_list":["post-14832","post","type-post","status-publish","format-standard","hentry","category-non-classe"],"_links":{"self":[{"href":"https:\/\/collectif-accad.fr\/site\/wp-json\/wp\/v2\/posts\/14832","targetHints":{"allow":["GET"]}}],"collection":[{"href":"https:\/\/collectif-accad.fr\/site\/wp-json\/wp\/v2\/posts"}],"about":[{"href":"https:\/\/collectif-accad.fr\/site\/wp-json\/wp\/v2\/types\/post"}],"author":[{"embeddable":true,"href":"https:\/\/collectif-accad.fr\/site\/wp-json\/wp\/v2\/users\/4"}],"replies":[{"embeddable":true,"href":"https:\/\/collectif-accad.fr\/site\/wp-json\/wp\/v2\/comments?post=14832"}],"version-history":[{"count":2,"href":"https:\/\/collectif-accad.fr\/site\/wp-json\/wp\/v2\/posts\/14832\/revisions"}],"predecessor-version":[{"id":14834,"href":"https:\/\/collectif-accad.fr\/site\/wp-json\/wp\/v2\/posts\/14832\/revisions\/14834"}],"wp:attachment":[{"href":"https:\/\/collectif-accad.fr\/site\/wp-json\/wp\/v2\/media?parent=14832"}],"wp:term":[{"taxonomy":"category","embeddable":true,"href":"https:\/\/collectif-accad.fr\/site\/wp-json\/wp\/v2\/categories?post=14832"},{"taxonomy":"post_tag","embeddable":true,"href":"https:\/\/collectif-accad.fr\/site\/wp-json\/wp\/v2\/tags?post=14832"}],"curies":[{"name":"wp","href":"https:\/\/api.w.org\/{rel}","templated":true}]}}