{"id":14830,"date":"2026-04-28T02:06:09","date_gmt":"2026-04-28T00:06:09","guid":{"rendered":"https:\/\/collectif-accad.fr\/site\/?p=14830"},"modified":"2026-04-27T07:54:39","modified_gmt":"2026-04-27T05:54:39","slug":"le-retour-de-la-fee-electricite","status":"publish","type":"post","link":"https:\/\/collectif-accad.fr\/site\/le-retour-de-la-fee-electricite\/","title":{"rendered":"Le retour de la F\u00e9e \u00e9lectricit\u00e9"},"content":{"rendered":"<p style=\"text-align: justify;\"><img loading=\"lazy\" decoding=\"async\" class=\"size-full wp-image-14824 aligncenter\" src=\"https:\/\/collectif-accad.fr\/site\/wp-content\/uploads\/2026\/04\/Harcelement-2.jpg\" alt=\"\" width=\"500\" height=\"690\" srcset=\"https:\/\/collectif-accad.fr\/site\/wp-content\/uploads\/2026\/04\/Harcelement-2.jpg 500w, https:\/\/collectif-accad.fr\/site\/wp-content\/uploads\/2026\/04\/Harcelement-2-217x300.jpg 217w\" sizes=\"auto, (max-width: 500px) 100vw, 500px\" \/><\/p>\n<p style=\"text-align: left;\"><span style=\"font-size: 18pt;\"><strong><span style=\"font-family: Comic Sans MS, cursive;\">Le tout-\u00e9lectrique, c\u2019est magique\u00a0! Et la voiture \u00e9lectrique aussi\u00a0!<\/span><\/strong><\/span><\/p>\n<p style=\"text-align: center;\"><!--more--><\/p>\n<p style=\"text-align: justify;\"><span style=\"font-family: Comic Sans MS, cursive;\"><span style=\"font-size: medium;\">Ici et ailleurs, le Monde s\u2019emballe. Personne ne ma\u00eetrise plus rien. Certains pensent avoir trouv\u00e9 le rem\u00e8de avec le <i>tout-\u00e9lectrique<\/i>, la solution magique pour des lendemains radieux.<\/span><\/span><\/p>\n<p style=\"text-align: center;\"><span style=\"font-family: Comic Sans MS, cursive;\"><span style=\"font-size: medium;\">** **<\/span><\/span><\/p>\n<p style=\"text-align: justify;\" align=\"JUSTIFY\"><span style=\"font-family: Comic Sans MS, cursive;\"><span style=\"font-size: medium;\"><i><b>Devant les difficult\u00e9s et les errements du Monde, travers\u00e9 par des crises \u00e9conomiques \u00e0 rebondissement, des taxes arbitraires, des Guerres improbables mais impitoyables, en France \u2013 mais pas seulement \u2013 on pense avoir trouv\u00e9 la rem\u00e9diation \u00e0 cet Univers sans foi ni loi, en \u00e9lectrifiant tout ce qui peut l\u2019\u00eatre.<\/b><\/i><\/span><\/span><\/p>\n<p style=\"text-align: justify;\" align=\"JUSTIFY\"><span style=\"font-family: Comic Sans MS, cursive;\"><span style=\"font-size: medium;\">A la fin du XIX<sup>e<\/sup> et au d\u00e9but du XX<sup>e<\/sup> si\u00e8cle, l\u2019av\u00e8nement de l\u2019\u00e9lectricit\u00e9 a \u00e9t\u00e9 v\u00e9cu par nos arri\u00e8re-grands- parents comme un grand miracle r\u00e9publicain. D\u00e8s que Nikola Tesla \u2013 le premier \u00e9lectrosensible de l\u2019Histoire de l\u2019Humanit\u00e9, victime de ses propres inventions \u2013 a su dompter le courant alternatif, le Monde a chang\u00e9 de visage. L\u2019\u00e9nergie \u00e9lectrique a remplac\u00e9 avantageusement la vapeur pour faire tourner les usines et tracter les trains. Le gaz de ville a laiss\u00e9 la place aux ampoules \u00e9lectriques pour \u00e9clairer les bureaux et les maisons. L\u2019\u00e9lectricit\u00e9 a \u00e9t\u00e9 une r\u00e9volution joyeuse. Partout, on \u00e9rigeait des pyl\u00f4nes pour poser les lignes qui transportaient le courant vers les villes et les campagnes. Ce d\u00e9veloppement fr\u00e9n\u00e9tique n\u2019a eu d\u2019\u00e9gal que la conqu\u00eate de l\u2019Ouest am\u00e9ricain. Pour d\u00e9signer le ph\u00e9nom\u00e8ne, on a invent\u00e9 un \u00e9l\u00e9ment de langage aujourd\u2019hui d\u00e9suet, \u00ab\u00a0<i>la F\u00e9e \u00e9lectricit\u00e9\u00a0<\/i>\u00bb. Les m\u00e9dias du temps jadis s\u2019effor\u00e7aient de mettre un nom sur la magie de l\u2019instant. Le d\u00e9veloppement de l\u2019\u00e9lectricit\u00e9 a bien produit quelques \u00e9v\u00e8nements f\u00e2cheux comme les courts circuits, responsables d\u2019incendies qui ont marqu\u00e9 les m\u00e9moires. Ainsi, l\u2019\u00e9lectricit\u00e9 a-t-elle \u00e9t\u00e9 la cause de la disparition de bien des \u00e9difices modestes ou prestigieux. Mais, on mettait ces travers sur le compte du \u00ab\u00a0<i>Progr\u00e8s\u00a0<\/i>\u00bb, qui excuse tout effet collat\u00e9ral importun. Malgr\u00e9 quelques inconv\u00e9nients ignor\u00e9s du plus grand nombre et gliss\u00e9s avec soin, sous le tapis, par la sph\u00e8re \u00e9conomico-m\u00e9diatique, l\u2019\u00e9lectricit\u00e9, source d\u2019\u00e9nergie incontournable, s\u2019est install\u00e9e durablement sur toute la surface du globe. <\/span><\/span><\/p>\n<p style=\"text-align: justify;\" align=\"JUSTIFY\">\u00a0<span style=\"font-family: Comic Sans MS, cursive;\"><span style=\"font-size: medium;\">Mais, l\u2019\u00e9lectricit\u00e9 n\u2019est qu\u2019une source d\u2019\u00e9nergie secondaire. Pour la produire, on doit recourir aux \u00e9nergies fossiles et quelques autres. Cela acc\u00e9l\u00e8re le d\u00e9r\u00e8glement climatique et la mont\u00e9e des eaux qui menace les fa\u00e7ades littorales. Les moteurs thermiques conduisent \u00e0 l\u2019asphyxie des villes et au blocage des poumons de leurs habitants. Selon <\/span><\/span><span style=\"font-family: Comic Sans MS, cursive;\"><span style=\"font-size: medium;\"><i>Sant\u00e9 Publique France<\/i><\/span><\/span><span style=\"font-family: Comic Sans MS, cursive;\"><span style=\"font-size: medium;\">, les micro et nanoparticules des moteurs thermiques seraient la cause de 40 000 morts par an. Des Guerres \u00e9trang\u00e8res, ont des effets collat\u00e9raux sur le r\u00e9chauffement climatique et l\u2019approvisionnement en p\u00e9trole et en gaz. L\u2019heure est grave\u00a0! C\u2019est \u00e0 ce moment que le premier ministre, <\/span><\/span><span style=\"color: #000000;\"><span style=\"font-family: Comic Sans MS, cursive;\"><span style=\"font-size: medium;\">S\u00e9bastien Lecornu, annonce en grande pompe son mini -plan quinquennal destin\u00e9 \u00e0 sauver les meubles. <\/span><\/span><\/span><span style=\"color: #000000;\"><span style=\"font-family: Comic Sans MS, cursive;\"><span style=\"font-size: medium;\"><i>\u00ab\u00a0D\u2019ici \u00e0 2030, le soutien \u00e0 l\u2019\u00e9lectrification sera multipli\u00e9 par deux, et passera de 5,5 milliards d\u2019euros \u00e0 10 milliards d\u2019euros par an\u00a0\u00bb<\/i><\/span><\/span><\/span><span style=\"color: #000000;\"><span style=\"font-family: Comic Sans MS, cursive;\"><span style=\"font-size: medium;\">, d\u00e9clare-t-il Et il ajoute\u00a0: \u00ab\u00a0<\/span><\/span><\/span><span style=\"color: #000000;\"><span style=\"font-family: Comic Sans MS, cursive;\"><span style=\"font-size: medium;\"><i>Quand nous importons du p\u00e9trole ou du gaz, nous importons en m\u00eame temps les crises des autres\u00a0\u00bb.<\/i><\/span><\/span><\/span><span style=\"color: #000000;\"><span style=\"font-family: Comic Sans MS, cursive;\"><span style=\"font-size: medium;\"> Pour le futur parc automobile il annonce aussi du changement\u00a0: \u00ab\u00a0<\/span><\/span><\/span><span style=\"color: #163860;\"><span style=\"font-family: Comic Sans MS, cursive;\"><span style=\"font-size: medium;\"><i>D\u2019ici 2030,\u00a0<\/i><\/span><\/span><\/span><em><span style=\"color: #163860;\"><span style=\"font-family: Comic Sans MS, cursive;\"><span style=\"font-size: medium;\"><i>deux voitures neuves sur trois devront \u00eatre \u00e9lectriques \u00bb<\/i><\/span><\/span><\/span><\/em><span style=\"color: #163860;\"><span style=\"font-family: Comic Sans MS, cursive;\"><span style=\"font-size: medium;\">. Enfin,<\/span><\/span><\/span><span style=\"color: #000000;\"><span style=\"font-family: Comic Sans MS, cursive;\"><span style=\"font-size: medium;\"> concernant le chauffage domestique, c\u2019est Haro sur les \u00e9nergies fossiles\u00a0:\u00a0\u00ab\u00a0<\/span><\/span><\/span><span style=\"color: #163860;\"><span style=\"font-family: Comic Sans MS, cursive;\"><span style=\"font-size: medium;\"><i>D\u00e8s fin 2026,\u00a0<\/i><\/span><\/span><\/span><em><span style=\"color: #163860;\"><span style=\"font-family: Comic Sans MS, cursive;\"><span style=\"font-size: medium;\"><i>\u00abil ne sera plus possible d\u2019installer des chaudi\u00e8res au gaz dans les constructions neuves \u00bb<\/i><\/span><\/span><\/span><\/em><span style=\"color: #163860;\"><span style=\"font-family: Comic Sans MS, cursive;\"><span style=\"font-size: medium;\">, annonce-t-il. <\/span><\/span><\/span><\/p>\n<p style=\"text-align: justify;\" align=\"JUSTIFY\"><span style=\"font-family: Comic Sans MS, cursive;\"><span style=\"font-size: medium;\"><span style=\"color: #163860;\">Comme il se passe chaque jour des choses que personne n\u2019aurait pens\u00e9 qu\u2019elles fussent possibles, personne n\u2019a sembl\u00e9 surpris<\/span>. En tout cas, la Presse, comme \u00e0 son habitude, s\u2019est montr\u00e9e tr\u00e8s polie. Pourtant, c\u2019est un changement de cap \u00e9tonnant pour un pouvoir qui a toujours affich\u00e9 son orthodoxie lib\u00e9rale. Depuis quelques temps, il pique le vocabulaire et les concepts au clan d\u2019en face\u00a0: <i>\u00ab\u00a0planification \u00e9cologique\u00a0\u00bb, \u00ab\u00a0planification \u00e9nerg\u00e9tique\u00a0\u00bb<\/i> et j\u2019en passe. Il faut dire que la Chine \u2013 dont la r\u00e9ussite \u00e9conomique impressionne \u2013 est \u00e0 la mode. L\u00e0- bas, les grands changements radicaux font partie int\u00e9grante du syst\u00e8me. On l\u2019a vu avec le d\u00e9funt pr\u00e9sident Mao \u2013 alias le grand Timonier &#8211; et sa c\u00e9l\u00e8bre <i>R\u00e9volution Culturelle<\/i>. Plus r\u00e9cemment, la Chine a connu sa <i>R\u00e9volution \u00e9lectrique<\/i>. Les villes chinoises qui, parfois, comptent plus de dix millions d\u2019habitants \u00e9taient surmont\u00e9es n\u2019un nuage de pollution thermique impressionnant. Comme les chinois sont des gens tr\u00e8s discrets, on n\u2019a jamais su combien cela produisait de victimes, mais les 40 000 morts fran\u00e7ais par an c\u2019\u00e9tait sans doute petit bras en regard de la situation de Shanghai ou P\u00e9kin. Il a suffi d\u2019une simple signature de Xi Jinping pour que, du jour au lendemain, les v\u00e9lomoteurs, les scooters et les voitures thermiques soient remplac\u00e9es par le \u00ab\u00a0<i>tout \u00e9lectrique\u00a0<\/i>\u00bb. Naturellement, n\u2019est pas Grand Timonier qui veut et le premier Ministre dans ses costumes serr\u00e9s aurait pu sembler un peu riquiqui aux repr\u00e9sentants des m\u00e9dias. <\/span><\/span><\/p>\n<p style=\"text-align: justify;\" align=\"JUSTIFY\">\u00a0<span style=\"font-family: Comic Sans MS, cursive;\"><span style=\"font-size: medium;\">Mais les journalistes sont des gens tr\u00e8s polis qui reproduisent sans sourciller tout ce qu\u2019on leur d\u00e9clare, de telle sorte qu\u2019\u00e0 l\u2019autre bout des tuyaux de BFM, CNews et les autres, dans les villes et les campagnes, les Fran\u00e7ais ont \u00e9t\u00e9 impressionn\u00e9s par tant d\u2019audace et de d\u00e9termination. Si la Presse avait \u00e9t\u00e9 plus critique, elle aurait pu se demander comment S\u00e9bastien Lecornu compte-t-il faire pour investir massivement dans le virage \u00e9lectrique\u2026 avec un d\u00e9ficit public record, l\u2019obligation de maintenir les nouvelles hausses annuelles \u00e0 5 % du PIB la volont\u00e9 affich\u00e9e d\u2019investir 5% du budget de l\u2019Etat en d\u00e9penses militaires tandis que les cat\u00e9gories les plus ais\u00e9es \u00e9chappent \u00e0 l\u2019imp\u00f4t gr\u00e2ce \u00e0 un arsenal l\u00e9gislatif sp\u00e9cialement r\u00e9dig\u00e9 pour elles. Ce premier Ministre est un magicien\u00a0! On aurait pu aussi faire remarquer que le \u00ab\u00a0<i>tout \u00e9lectrique\u00a0<\/i>\u00bb a un co\u00fbt pour les Fran\u00e7ais. Sur <span style=\"color: #58595b;\">une p\u00e9riode de 10 ans (2012 \u2013 2024), le tarif r\u00e9glement\u00e9 a subi une hausse de +75,59 %. Si elle avait le sens de l\u2019humour, la Presse aurait pu relever qu\u2019une partie non n\u00e9gligeable de cette hausse ne r\u00e9sulte nullement de l\u2019\u00e9volution des co\u00fbts de production de l\u2019\u00e9lectricit\u00e9 mais \u2013 sous la pression de l\u2019Allemagne et de l\u2019Europe \u2013 de l\u2019indexation sur le tarif du gaz, la source d\u2019\u00e9nergie principale des centrales \u00e9lectriques d\u2019outre-Rhin. Cette augmentation des tarifs produit d\u00e9j\u00e0 des effets visibles dans le comportement des Fran\u00e7ais. A la campagne, en parall\u00e8le au chauffage \u00e9lectrique, on installe des po\u00eales \u00e0 bois ou \u00e0 pellets afin de r\u00e9duire au minimum la facture d\u2019\u00e9lectricit\u00e9. En ville, dans les logements collectifs, on se passe souvent du chauffage, remplac\u00e9 de mani\u00e8re \u00e9conomique par de gros pulls, les mois d\u2019hiver. Pour avoir les moyens de sa politique, le gouvernement annonce six nouvelles centrales nucl\u00e9aires de grande puissance pour 2035. Il y a quand m\u00eame quelques petits inconv\u00e9nients. Quelques universitaires am\u00e9ricains impertinents pr\u00e9voient pour cette date une mont\u00e9e des eaux qui risque de mettre en p\u00e9ril les centrales littorales comme Gravelines et Blaye. <\/span><\/span><\/span><\/p>\n<p style=\"text-align: justify;\" align=\"JUSTIFY\"><span style=\"color: #58595b;\"><span style=\"font-family: Comic Sans MS, cursive;\"><span style=\"font-size: medium;\">Dans les terres, un autre souci menace ces centrales. Elles sont refroidies gr\u00e2ce aux fleuves et aux rivi\u00e8res. Avec le r\u00e9chauffement climatique le d\u00e9bit des eaux diminue. Par le pass\u00e9, en p\u00e9riode de canicule, plusieurs centrales ont \u00e9t\u00e9 contraintes de tourner au ralenti. Enfin, le nucl\u00e9aire, c\u2019est bien dans les \u00e9tats-majors politiques et dans les m\u00e9dias mais si une seule de ces centrales explose, comme \u00e0 Tchernobyl, c\u2019en est fini de l\u2019\u00e9conomie fran\u00e7aise. La situation est plus complexe que ce qu\u2019on en dit et le \u00ab\u00a0<i>tout \u00e9lectrique\u00a0<\/i>\u00bb, dans la paix et la prosp\u00e9rit\u00e9, ce n\u2019est pas gagn\u00e9\u00a0! Mais, comme toutes ces mesures visent l\u2019horizon 2035 et 2036, tout ce que l\u2019on dit &#8211; pour ou contre \u2013 ne mange pas de pain. \u00a0Apr\u00e8s 2027, S\u00e9bastien Lecornu ne sera plus l\u00e0\u00a0!<\/span><\/span><\/span><\/p>\n<p style=\"text-align: justify;\" align=\"JUSTIFY\"><span style=\"font-family: Comic Sans MS, cursive;\"><span style=\"font-size: medium;\"><span style=\"color: #58595b;\">Il y a quand m\u00eame une grande cat\u00e9gorie de Fran\u00e7ais qui sont les oubli\u00e9s de ce d\u00e9bat sur le \u00ab\u00a0<\/span><span style=\"color: #58595b;\"><i>tout \u00e9lectrique\u00a0<\/i><\/span><span style=\"color: #58595b;\">\u00bb, ce sont les personnes \u00e9lectrosensibles. Bien entendu, en th\u00e9orie, elles n\u2019existent pas, ou si peu. <\/span><span style=\"color: #000000;\">En 2018, sous la pression des associations et des scientifiques ind\u00e9pendants l\u2019ANSES a avanc\u00e9 5% de la population qui serait \u00e9lectrosensible. Cela repr\u00e9sente un peu plus de trois millions de fran\u00e7ais.\u00a0\u00a0Quelques \u00e9tudes \u00e9trang\u00e8res indiquent une tendance haussi\u00e8re\u00a0: 7,5 % en Suisse\u00a0; 9,5 % en Allemagne (2024) et, plus r\u00e9cemment, 7.5% au Canada,\u00a012.8% aux \u00c9tats-Unis et 17.4% en Australie (2026). On s\u2019approche des 50% annonc\u00e9s pour 2050 par un Institut su\u00e9dois. Le tout \u00e9lectrique va doper cette statistique. Avec la 4G, la 5G, le Wifi, Le Bluetooth, le Linky, le DECT, les objets connect\u00e9s de tous poils partout et tout le temps, le syst\u00e8me immunitaire des \u00eatres vivants va \u00eatre \u00e0 rude \u00e9preuve. Pour prendre l\u2019exemple de la voiture \u00e9lectrique, le niveau dans l\u2019int\u00e9rieur de l\u2019habitacle d\u2019une Tesla 3 varie de 4V \/ m \u00e0 32 V \/ m. C\u2019est consid\u00e9rable quand on pense que les 0,75 V \/ m d\u2019une antenne-relais ou d\u2019une \u00e9olienne d\u00e9cime un troupeau de vaches (un fait ignor\u00e9 du grand public mais pas des \u00e9leveurs).<\/span><\/span><\/span><\/p>\n<p style=\"text-align: justify;\" align=\"JUSTIFY\"><span style=\"color: #000000;\"><span style=\"font-family: Comic Sans MS, cursive;\"><span style=\"font-size: medium;\">Le \u00ab\u00a0tout \u00e9lectrique\u00a0\u00bb est une fuite en avant qui fait consensus dans la totalit\u00e9 des partis politiques, dans les m\u00e9dias et, bien s\u00fbr chez les industriels des ondes. Il promet des lendemains qui chantent. <i>Que sera, sera<\/i>, les lendemains, ce n\u2019est pas pour tout de suite\u00a0! <\/span><\/span><\/span><\/p>\n<p style=\"text-align: justify;\"><span style=\"font-family: Comic Sans MS, cursive;\"><span style=\"font-size: medium;\"><a href=\"http:\/\/blog.prophoto.fr\/le-retour-de-la-fee-electricite-le-tout-electrique-cest-magique\/\">http:\/\/blog.prophoto.fr\/le-retour-de-la-fee-electri<\/a> <\/span><\/span><\/p>\n<p style=\"text-align: justify;\" align=\"LEFT\"><span style=\"color: #000000;\"><span style=\"font-family: Comic Sans MS, cursive;\"><span style=\"font-size: medium;\">Cf. sur ce site : Sensibilit\u00e9 aux OEM : une \u00e9tude de pr\u00e9valence men\u00e9e en Australie, Canada et aux \u00c9tats-Unis.<\/span><\/span><\/span><\/p>\n<p align=\"LEFT\"><span style=\"color: #000000;\"><span style=\"font-family: Comic Sans MS, cursive;\"><span style=\"font-size: medium;\">Cf. sur ce site : <a href=\"https:\/\/internationaldisconnectionmanifesto.org\/le-manifeste-damica-sur-la-5g\/\">https:\/\/internationaldisconnectionm<\/a><\/span><\/span><\/span><\/p>\n<p align=\"LEFT\"><span style=\"color: #000000;\"><span style=\"font-family: Comic Sans MS, cursive;\"><span style=\"font-size: medium;\">&#8211;<strong> Sensibilit\u00e9 aux OEM : une \u00e9tude de pr\u00e9valence men\u00e9e en Australie, Canada et aux \u00c9tats-Unis.<\/strong><\/span><\/span><\/span><\/p>\n<p style=\"text-align: justify;\" align=\"JUSTIFY\"><strong><span style=\"color: #000000;\"><span style=\"font-family: Comic Sans MS, cursive;\"><span style=\"font-size: medium;\">&#8211; <\/span><\/span><\/span><span style=\"color: #000000;\"><span style=\"font-family: Comic Sans MS, cursive;\"><span style=\"font-size: medium;\">Le Manifeste d\u2019AMICA sur la 5G.<\/span><\/span><\/span><\/strong><\/p>\n<p style=\"text-align: justify;\" align=\"JUSTIFY\"><strong><span style=\"color: #000000;\"><span style=\"font-family: Comic Sans MS, cursive;\"><span style=\"font-size: medium;\">&#8211; Sur le tr\u00e8s probl\u00e9matique compteur\/capteur Linky \u2013 une d\u00e9faite de notre d\u00e9mocratie.<\/span><\/span><\/span><\/strong><\/p>\n<p style=\"text-align: justify;\" align=\"JUSTIFY\"><span style=\"color: #000000;\"><span style=\"font-family: Comic Sans MS, cursive;\"><span style=\"font-size: medium;\">Cf. Alain Cadet : <span style=\"color: #0000cc;\">http:\/\/blog.prophoto.fr\/la-voiture-electrique-cest-toxique\/<\/span><\/span><\/span><\/span><\/p>\n<p style=\"text-align: justify;\" align=\"JUSTIFY\"><span style=\"color: #000000;\"><span style=\"font-family: Comic Sans MS, cursive;\"><span style=\"font-size: medium;\">_____________________________<\/span><\/span><\/span><\/p>\n<p style=\"text-align: justify;\" align=\"JUSTIFY\"><span style=\"color: #000000;\"><span style=\"font-family: Comic Sans MS, cursive;\"><span style=\"font-size: medium;\">Cf. aussi d\u2019Alain Cadet sur son site :<\/span><\/span><\/span><\/p>\n<p style=\"text-align: justify;\" align=\"JUSTIFY\"><span style=\"color: #000000;\"><span style=\"font-family: Comic Sans MS, cursive;\"><span style=\"font-size: medium;\"><span style=\"color: #0000cc;\">http:\/\/blog.prophoto.fr\/nikola-tesla-le-premier-electrosensible-de-lhistoire-de-lhumanite-1856-1943\/ <\/span><\/span><\/span><\/span><\/p>\n<p style=\"text-align: center;\" align=\"JUSTIFY\"><span style=\"color: #000000;\"><span style=\"font-family: Comic Sans MS, cursive;\"><span style=\"font-size: medium;\">** **<\/span><\/span><\/span><\/p>\n<p style=\"text-align: justify;\" align=\"JUSTIFY\"><span style=\"color: #000000;\"><span style=\"font-family: Comic Sans MS, cursive;\"><span style=\"font-size: medium;\">Commentaire<\/span><\/span><\/span><\/p>\n<p style=\"text-align: justify;\" align=\"JUSTIFY\"><span style=\"color: #000000;\"><span style=\"font-family: Comic Sans MS, cursive;\"><span style=\"font-size: medium;\">On peut aussi rajouter qu&rsquo;on a multipli\u00e9 par 4 la production \u00e9lectrique de 1970 \u00e0 2020 ; que l&rsquo;on va encore en rajouter , surtout \u00e0 cause de la num\u00e9risation de la soci\u00e9t\u00e9, ce qui explique cette utilisation \u00e0 marche forc\u00e9e des cam\u00e9ras pour nous surveiller, ce qui explique l&rsquo;explosion des antennes relai, et des \u00e9oliennes :\u00a0 on a besoin de beaucoup d&rsquo;\u00e9lectricit\u00e9 &#8230; et d&rsquo;eau, pour les giga datacenters (le plus gros de France va arriver pr\u00e8s de Cambrai) et pour l&rsquo;IA.<\/span><\/span><\/span><\/p>\n<p style=\"text-align: center;\" align=\"JUSTIFY\"><span style=\"color: #000000;\"><span style=\"font-family: Comic Sans MS, cursive;\"><span style=\"font-size: medium;\">** **<\/span><\/span><\/span><\/p>\n<p style=\"text-align: justify;\" align=\"JUSTIFY\"><span style=\"color: #000000;\"><span style=\"font-family: Comic Sans MS, cursive;\"><span style=\"font-size: medium;\">Commentaire re\u00e7u<\/span><\/span><\/span><\/p>\n<p style=\"text-align: justify;\" align=\"JUSTIFY\"><span style=\"color: #000000;\"><span style=\"font-family: Comic Sans MS, cursive;\"><span style=\"font-size: medium;\">Il manque un paragraphe ou deux pour avoir la vision la plus globale de la Voiture \u00e9lectrique avant d&rsquo;arriver au bouquet final qui est le fond du sujet dont on ne parlera surtout pas : passer des heures le cul pos\u00e9 sur une immense batterie dans une cage de Faraday bourr\u00e9e d&rsquo;\u00e9lectronique et de capteurs. En plus de :\u00a0\u00a0comment d\u00e9placer la pollution en la rempla\u00e7ant par une autre.\u00a0Et la manie du \u00ab\u00a0toutoutisme'\u00a0\u00bb : tout-\u00e9lectrique donc (presque) tout nucl\u00e9aire et tout-num\u00e9rique. Sans parler du robot au volant. Il faut pr\u00e9ciser Darwin : nous descendons bien du singe paresseux consum\u00e9riste.<\/span><\/span><\/span><\/p>\n<p style=\"text-align: center;\" align=\"JUSTIFY\"><span style=\"color: #000000;\"><span style=\"font-family: Comic Sans MS, cursive;\"><span style=\"font-size: medium;\">** **<\/span><\/span><\/span><\/p>\n<p style=\"text-align: justify;\"><span style=\"font-family: comic sans ms, sans-serif;\"><strong>La voiture \u00e9lectrique en voie de nous \u00eatre impos\u00e9e est-elle saine, \u00e9conomique et \u00e9cologique ? Nous en doutons fortement.<\/strong><\/span><\/p>\n<p style=\"text-align: justify;\"><span style=\"font-family: comic sans ms, sans-serif;\"><strong><em>par Le Collectif Nantes1 anti-Linky5G<\/em><\/strong><\/span><\/p>\n<p style=\"text-align: justify;\"><span style=\"font-family: comic sans ms, sans-serif;\">Aux potentiels probl\u00e8mes sanitaires soulev\u00e9s par Alain Cadet, s\u2019ajoutent d\u2019autres probl\u00e8mes dont ceux tr\u00e8s mat\u00e9riels et bien peu \u00e9cologiques soulev\u00e9s par Celia Izoard.<\/span><\/p>\n<p style=\"text-align: justify;\"><span style=\"font-family: comic sans ms, sans-serif;\">Le v\u00e9hicule \u00e9lectrique g\u00e9n\u00e9ralis\u00e9 aux particuliers, en voie d&rsquo;\u00eatre impos\u00e9 \u00e0 Mme et M. Toutlemonde \u00e0 grand renfort de publicit\u00e9 industrielle, largement relay\u00e9e dans les m\u00e9dias, nous est vendu comme la solution \u00ab \u00e9cologique \u00bb miracle, mais comme trop souvent, sans vouloir tenir compte de ses facettes sombres et cach\u00e9es.<\/span><\/p>\n<p style=\"text-align: justify;\"><span style=\"font-family: comic sans ms, sans-serif;\">Un \u00e9tonnant consensus semble exister entre les mondes industriel et \u00e9conomique (normal, ils ont un bon produit \u00e0 placer), les d\u00e9cideurs politiques sous influence et ceux militant pour l\u2019\u00e9cologie qui croient y voir une bonne solution pour notre \u00ab mobilit\u00e9 \u00bb.<\/span><\/p>\n<p style=\"text-align: justify;\"><span style=\"font-family: comic sans ms, sans-serif;\"><strong><em>Le v\u00e9hicule \u00e9lectrique est principalement une pr\u00e9occupation de citadins<\/em><\/strong><em>. <\/em>S\u2019il pollue moins les villes par ses pots d\u2019\u00e9chappement, il d\u00e9gage davantage de particules fines et ultrafines par ses freins et ses pneus <strong>1 <\/strong>puisqu\u2019il est lourd <strong>2<\/strong>, ce qui est plus mauvais pour nos poumons qu\u2019avec les v\u00e9hicules l\u00e9gers. Ce qu&rsquo;on gagne ici, on le perd l\u00e0.<\/span><\/p>\n<p style=\"text-align: justify;\"><span style=\"font-family: comic sans ms, sans-serif;\">Mais ce qui est plus probl\u00e9matique est le fait que le v\u00e9hicule \u00e9lectrique se trouve bard\u00e9 d\u2019\u00e9lectronique et de capteurs impliquant des gigafactories de batteries, des centrales nucl\u00e9aires et parcs \u00e9oliens, ainsi que des mines qui sont ou seront situ\u00e9s dans nos campagnes \u2013 soit autant d\u2019entreprises polluantes pour les terres agricoles comme pour nos rivi\u00e8res, et nuisibles pour l\u2019\u00e9cosyst\u00e8me et la biodiversit\u00e9. Ce d\u00e9sastre \u00e9cologique existe d\u00e9j\u00e0 en Afrique et ailleurs.<\/span><\/p>\n<p style=\"text-align: justify;\"><span style=\"font-family: comic sans ms, sans-serif;\">Il y aura donc un peu moins de pollution directe dans nos villes, mais \u00e0 quel prix environnemental en dehors ?<\/span><\/p>\n<p style=\"text-align: justify;\"><span style=\"font-family: comic sans ms, sans-serif;\"><strong><em>Et une fois encore, le pr\u00e9texte \u00e9cologique s\u2019op\u00e8re dans l\u2019oubli complet de son impact sanitaire. Poser son fessier sur un intense champ \u00e9lectromagn\u00e9tique dans un habitacle soumis en permanence aux ondes radio ne PEUT \u00eatre une saine situation.<\/em><\/strong><\/span><\/p>\n<p style=\"text-align: justify;\"><span style=\"font-family: comic sans ms, sans-serif;\"><strong><em>S\u2019ajoute \u00e0 cela la manie industrielle \u2013 et tr\u00e8s fran\u00e7aise \u2013 de la mono-solution impos\u00e9e faisant fi de l&rsquo;impact <\/em><\/strong><strong>tr\u00e8s mat\u00e9riel<em>. Le \u00ab toutoutisme \u00bb <\/em>: <em>tout thermique, tout-nucl\u00e9aire \u00e9lectrique, puis tout-num\u00e9rique \u2013 et donc tout-\u00e9lectronum\u00e9rique (nucl\u00e9aire ?) \u2013 dispense d\u2019envisager <\/em>des solutions plurielles <em>de la part de nos d\u00e9cideurs sous ob\u00e9dience techno-industrielle.<\/em><\/strong><\/span><\/p>\n<p style=\"text-align: justify;\"><span style=\"font-family: comic sans ms, sans-serif;\">Mme et M. Toutlemonde n\u2019auront ainsi pas d\u2019autre choix que de passer \u00e0 l\u2019\u00e9lectrique.<\/span><\/p>\n<p style=\"text-align: justify;\"><span style=\"font-family: comic sans ms, sans-serif;\">Pourtant, ils veulent une voiture simple et s\u00fbre, sans gadgets \u00e9lecronum\u00e9riques inutiles. On ne va pas construire une voie ferr\u00e9e expr\u00e8s pour eux, ni d\u00e9velopper un nouveau r\u00e9seau de bus dans leur lieu-dit car ils ne vivent pas \u00e0 Marseille ou Lyon. Le covoiturage, c\u2019est tr\u00e8s bien (ils le disent \u00e0 Paris \u00e0 la t\u00e9l\u00e9 et les \u00e9colos aussi), mais pas commode quand il y a les enfants \u00e0 amener \u00e0 l\u2019\u00e9cole et \u00e0 la piscine et qu\u2019il faut s\u2019occuper de la belle-m\u00e8re, veuve retrait\u00e9e, isol\u00e9e dans son hameau. Ils veulent retrouver le temps o\u00f9 Jojo savait r\u00e9parer vite fait pour pas trop cher la \u00ab bagnole \u00bb indispensable \u00e0 leur libert\u00e9 de mouvement. Ils veulent continuer \u00e0 aller \u00e0 la pompe pour faire le plein avec le nouveau carburant bio que les parlementaires \u00e9cologistes auraient r\u00e9ussi \u00e0 obtenir par la recherche publique d\u00e9sint\u00e9ress\u00e9e, et raisonnablement tax\u00e9 pour renflouer les caisses de l\u2019\u00c9tat. Leur voiture sans chichis, suffisamment confortable, serait limit\u00e9e en vitesse et aurait une bo\u00eete automatique qui les ferait moins consommer. Ils n\u2019auraient pas besoin d\u2019avoir un Linky pour le soutirage et ainsi gaspiller de l\u2019\u00e9lectricit\u00e9 d\u2019autant qu\u2019ils ont limit\u00e9 leur besoins \u00e9lectronum\u00e9riques pour pr\u00e9server leur budget car les d\u00e9penses contraintes des appareils num\u00e9riques sont consid\u00e9rables. Il faut les renouveler tr\u00e8s vite dans l\u2019int\u00e9r\u00eat du sacro-saint march\u00e9, mais pas dans le leur. Simplicit\u00e9 et sobri\u00e9t\u00e9 sont des vertus \u00e9cologiques, pensent-ils au contraire.<\/span><\/p>\n<p style=\"text-align: justify;\"><span style=\"font-family: comic sans ms, sans-serif;\">Mais ils se heurtent toujours aux injonctions du capitalisme techno-autoritaire sur l\u2019arc sant\u00e9\/libert\u00e9s\/\u00e9cologie, au nom de \u00ab l\u2019int\u00e9r\u00eat g\u00e9n\u00e9ral \u00bb, de leur bien-\u00eatre, de leur s\u00e9curit\u00e9, sans oublier bien s\u00fbr la pr\u00e9servation de notre environnement. Injonctions proclam\u00e9es \u00ab vertes \u00bb et que les Verts injonctent aussi \u2013 jamais pr\u00e9sent\u00e9es comme des obligations car nous ne sommes quand m\u00eame pas (encore) dans un r\u00e9gime dictatorial.<\/span><\/p>\n<p style=\"text-align: justify;\"><span style=\"font-family: comic sans ms, sans-serif;\">On explique \u00e0 Mme et M. Toutlemonde qu\u2019ils auront peu d\u2019effort \u00e0 faire pour bien conduire tant il y a de capteurs et de syst\u00e8mes \u00e9lectroniques dans leur nouveau v\u00e9hicule \u00e9lectrique sophistiqu\u00e9 qui leur signalera la moindre anomalie. Cela gr\u00e8vera consid\u00e9rablement leur budget, loin de leur souhait de la voiture pas trop ch\u00e8re, simple et \u00e0 carburant bio. Et on leur dit que s\u2019ils avaient des sous un jour, ils pourraient m\u00eame s\u2019offrir une voiture autonome guid\u00e9e par des milliers de satellites (polluants) et des millions d\u2019antennes terrestres (non moins polluantes). Comme des poulets \u00e0 la sauce \u00e9lectronum\u00e9ris\u00e9e dans un r\u00e9cipient ferm\u00e9, cuits au micro-ondes \u2013 qui est une des modalit\u00e9s de la \u00ab prison num\u00e9rique \u00bb g\u00e9n\u00e9rale qui nous est promise.<\/span><\/p>\n<p style=\"text-align: justify;\"><span style=\"font-family: comic sans ms, sans-serif;\"><strong><em>Il faut donc, d\u00e8s maintenant, envisager une autre alternative au moteur thermique <\/em><\/strong><em>qui devra \u00eatre \u00e9cologiquement sobre, sans champs \u00e9lectromagn\u00e9tiques ou le moins possible. Les v\u00e9hicules particuliers seront l\u00e9gers, suffisamment solides et s\u00e9curis\u00e9s. Ils embarqueront le minimum d\u2019\u00e9lectronique et le carburant sera bio, le moins polluant possible et produit localement (Sortez les brevets ou cr\u00e9ez-les). Mais de cela, nous n\u2019entendons pas parler dans les plans du business \u00ab vert de d\u00e9carbonation \u00bb automobile soutenu par nos m\u00e9dias et d\u00e9cideurs politiques de tous bords, \u00e0 commencer par nos \u00ab \u00e9cologistes officiels \u00bb\u2026 <\/em><\/span><\/p>\n<p style=\"text-align: center;\"><span style=\"font-family: comic sans ms, sans-serif;\">** **<\/span><\/p>\n<p style=\"text-align: justify;\"><span style=\"font-family: comic sans ms, sans-serif;\"><strong>Notes<\/strong><\/span><\/p>\n<p style=\"text-align: justify;\"><span style=\"font-family: comic sans ms, sans-serif;\"><strong><sup>1 <\/sup><\/strong><strong>Chiffres cl\u00e9s de la pollution et de l\u2019intoxication par les particules fines et ultrafines issues des pneumatiques\u00a0:<\/strong><\/span><\/p>\n<p style=\"text-align: justify;\"><span style=\"font-family: comic sans ms, sans-serif;\"><strong>1000 milliards <\/strong><\/span><\/p>\n<p style=\"text-align: justify;\"><span style=\"font-family: comic sans ms, sans-serif;\">Nombre estim\u00e9 de particules fines et ultrafines lib\u00e9r\u00e9es par kilom\u00e8tre parcouru par un v\u00e9hicule moyen \u00e0 propulsion int\u00e9grale.<\/span><\/p>\n<p style=\"text-align: justify;\"><span style=\"font-family: comic sans ms, sans-serif;\"><strong>35, 05 kg<\/strong><\/span><\/p>\n<p style=\"text-align: justify;\"><span style=\"font-family: comic sans ms, sans-serif;\">Quantit\u00e9 totale moyenne de d\u00e9bris \u00e9mis par les pneus d\u2019une Tesla Y au cours de leur dur\u00e9e de vie.<\/span><\/p>\n<p style=\"text-align: justify;\"><span style=\"font-family: comic sans ms, sans-serif;\"><strong>25 <\/strong><\/span><\/p>\n<p style=\"text-align: justify;\"><span style=\"font-family: comic sans ms, sans-serif;\">Nombre minimum d\u2019additifs pr\u00e9sents dans les pneus et retrouv\u00e9s dans les particules ultrafines dont certains peuvent \u00eatre canc\u00e9rig\u00e8nes.<\/span><\/p>\n<p style=\"text-align: justify;\"><span style=\"font-family: comic sans ms, sans-serif;\"><strong>2000 milliards<\/strong><\/span><\/p>\n<p style=\"text-align: justify;\"><span style=\"font-family: comic sans ms, sans-serif;\">Nombre de pneus fabriqu\u00e9s chaque ann\u00e9e dans le monde.<\/span><\/p>\n<p style=\"text-align: justify;\"><span style=\"font-family: comic sans ms, sans-serif;\"><strong>50 000 tonnes <\/strong><\/span><\/p>\n<p style=\"text-align: justify;\"><span style=\"font-family: comic sans ms, sans-serif;\">C\u2019est le nombre de particules fines et ultrafines rejet\u00e9es dans l\u2019environnement via l\u2019usure des pneus par le parc automobile fran\u00e7ais.<\/span><\/p>\n<p style=\"text-align: justify;\"><span style=\"font-family: comic sans ms, sans-serif;\"><em>Sources\u00a0: Agir pour l\u2019environnement.<\/em><\/span><\/p>\n<ol style=\"text-align: justify;\" start=\"2\">\n<li><span style=\"font-family: comic sans ms, sans-serif;\"><strong>Poids moyen d\u2019une berline standard (type Volkswagen Passat) en\u00a0:<\/strong><\/span><\/li>\n<\/ol>\n<p style=\"text-align: justify;\"><span style=\"font-family: comic sans ms, sans-serif;\">1950\u00a0: 1300 kg<\/span><\/p>\n<p style=\"text-align: justify;\"><span style=\"font-family: comic sans ms, sans-serif;\"><strong>1970 = 1200 kg<\/strong><\/span><\/p>\n<p style=\"text-align: justify;\"><span style=\"font-family: comic sans ms, sans-serif;\">1990 = 1400 kg<\/span><\/p>\n<p style=\"text-align: justify;\"><span style=\"font-family: comic sans ms, sans-serif;\">2010 = 1600 kg<\/span><\/p>\n<p style=\"text-align: justify;\"><span style=\"font-family: comic sans ms, sans-serif;\">2026\u00a0: THERMIQUE = 1700 kg\u00a0; \u00c9LECTRIQUE = 1900 \u00e0 2300 kg<\/span><\/p>\n<p style=\"text-align: justify;\"><span style=\"font-family: comic sans ms, sans-serif;\"><em>Sources : Agence europ\u00e9enne pour l&rsquo;environnement &amp; International Council on Clean Transportation.<\/em><\/span><\/p>\n<p style=\"text-align: center;\"><span style=\"font-family: comic sans ms, sans-serif;\">** **<\/span><\/p>\n<p style=\"text-align: justify;\"><span style=\"font-family: comic sans ms, sans-serif;\">Les fausses promesses de la voiture \u00e9lectrique.<\/span><\/p>\n<p style=\"text-align: justify;\"><span style=\"font-family: comic sans ms, sans-serif;\"><a href=\"https:\/\/reporterre.net\/Les-fausses-promesses-de-la-voiture-electrique-l-enquete-de-Reporterre\">https:\/\/reporterre.net\/Les-fausses-promesses-<\/a><\/span><\/p>\n<p style=\"text-align: justify;\" align=\"JUSTIFY\">\n","protected":false},"excerpt":{"rendered":"<p>Le tout-\u00e9lectrique, c\u2019est magique\u00a0! Et la voiture \u00e9lectrique aussi\u00a0!<\/p>\n","protected":false},"author":4,"featured_media":0,"comment_status":"closed","ping_status":"open","sticky":false,"template":"","format":"standard","meta":{"footnotes":""},"categories":[1],"tags":[],"class_list":["post-14830","post","type-post","status-publish","format-standard","hentry","category-non-classe"],"_links":{"self":[{"href":"https:\/\/collectif-accad.fr\/site\/wp-json\/wp\/v2\/posts\/14830","targetHints":{"allow":["GET"]}}],"collection":[{"href":"https:\/\/collectif-accad.fr\/site\/wp-json\/wp\/v2\/posts"}],"about":[{"href":"https:\/\/collectif-accad.fr\/site\/wp-json\/wp\/v2\/types\/post"}],"author":[{"embeddable":true,"href":"https:\/\/collectif-accad.fr\/site\/wp-json\/wp\/v2\/users\/4"}],"replies":[{"embeddable":true,"href":"https:\/\/collectif-accad.fr\/site\/wp-json\/wp\/v2\/comments?post=14830"}],"version-history":[{"count":4,"href":"https:\/\/collectif-accad.fr\/site\/wp-json\/wp\/v2\/posts\/14830\/revisions"}],"predecessor-version":[{"id":14837,"href":"https:\/\/collectif-accad.fr\/site\/wp-json\/wp\/v2\/posts\/14830\/revisions\/14837"}],"wp:attachment":[{"href":"https:\/\/collectif-accad.fr\/site\/wp-json\/wp\/v2\/media?parent=14830"}],"wp:term":[{"taxonomy":"category","embeddable":true,"href":"https:\/\/collectif-accad.fr\/site\/wp-json\/wp\/v2\/categories?post=14830"},{"taxonomy":"post_tag","embeddable":true,"href":"https:\/\/collectif-accad.fr\/site\/wp-json\/wp\/v2\/tags?post=14830"}],"curies":[{"name":"wp","href":"https:\/\/api.w.org\/{rel}","templated":true}]}}