{"id":14690,"date":"2026-03-28T02:54:37","date_gmt":"2026-03-28T01:54:37","guid":{"rendered":"https:\/\/collectif-accad.fr\/site\/?p=14690"},"modified":"2026-03-26T07:56:42","modified_gmt":"2026-03-26T06:56:42","slug":"la-reconnaissance-faciale-et-les-forces-de-lordre","status":"publish","type":"post","link":"https:\/\/collectif-accad.fr\/site\/la-reconnaissance-faciale-et-les-forces-de-lordre\/","title":{"rendered":"La reconnaissance faciale et les forces de l&rsquo;ordre"},"content":{"rendered":"<p class=\"western\" style=\"text-align: justify;\"><img loading=\"lazy\" decoding=\"async\" class=\"size-full wp-image-14678 aligncenter\" src=\"https:\/\/collectif-accad.fr\/site\/wp-content\/uploads\/2026\/03\/Implantation-Eoliennes.jpg\" alt=\"\" width=\"521\" height=\"500\" srcset=\"https:\/\/collectif-accad.fr\/site\/wp-content\/uploads\/2026\/03\/Implantation-Eoliennes.jpg 521w, https:\/\/collectif-accad.fr\/site\/wp-content\/uploads\/2026\/03\/Implantation-Eoliennes-300x288.jpg 300w\" sizes=\"auto, (max-width: 521px) 100vw, 521px\" \/><\/p>\n<p class=\"western\" style=\"text-align: left;\"><span style=\"font-size: 18pt;\"><strong><span style=\"font-family: Comic Sans MS, cursive;\">Elle est d\u00e9ploy\u00e9e \u00e0 grande \u00e9chelle sur leurs t\u00e9l\u00e9phones<\/span><\/strong><\/span><\/p>\n<p><!--more--><\/p>\n<p style=\"text-align: justify;\"><span style=\"font-family: Comic Sans MS, cursive;\"><span style=\"font-size: medium;\">Les policiers et gendarmes fran\u00e7ais ont acc\u00e8s \u00e0 un logiciel de reconnaissance faciale sur leur t\u00e9l\u00e9phone professionnel depuis 2022. Reli\u00e9 au TAJ, le fichier d\u2019ant\u00e9c\u00e9dents judiciaires, l\u2019outil permet d\u2019obtenir des informations personnelles sur plus d\u2019un quart de la population fran\u00e7aise gr\u00e2ce \u00e0 une photo prise sur le vif. Des fonctionnaires ont recours \u00e0 cette pratique hors de tout cadre l\u00e9gal, en particulier lors de contr\u00f4les d\u2019identit\u00e9, r\u00e9v\u00e8le Disclose, t\u00e9moignages et documents \u00e0 l\u2019appui. Jusqu\u2019\u00e0 pr\u00e9sent, le minist\u00e8re de l\u2019int\u00e9rieur laisse faire.<\/span><\/span><\/p>\n<p style=\"text-align: justify;\"><span style=\"font-family: Comic Sans MS, cursive;\"><span style=\"font-size: medium;\">Avril 2025, dans le centre-ville de Marseille. Ahmed, 18\u00a0ans, profite de l\u2019ombre d\u2019un platane avec des amis. Plusieurs camions de police se garent, des agents en sortent puis se dirigent vers eux. Rien d\u2019inhabituel\u00a0:\u00a0sur la place Jules-Guesde, \u00e0 deux pas de la porte d\u2019Aix,\u00a0les contr\u00f4les d\u2019identit\u00e9 <a href=\"https:\/\/www.onparticipe.fr\/p\/NDPGDXNd\">sont <\/a><a href=\"https:\/\/www.onparticipe.fr\/p\/NDPGDXNd\" target=\"_blank\" rel=\"noopener\">fr\u00e9quents<\/a>. La suite est plus inhabituelle. \u00ab<\/span><\/span><em><span style=\"font-family: Comic Sans MS, cursive;\"><span style=\"font-size: medium;\">\u2009Ils nous ont contr\u00f4l\u00e9 direct et ont sorti de gros portables rectangulaires<\/span><\/span><\/em><span style=\"font-family: Comic Sans MS, cursive;\"><span style=\"font-size: medium;\">, raconte Ahmed.<\/span><\/span><em><span style=\"font-family: Comic Sans MS, cursive;\"><span style=\"font-size: medium;\"> Ils les ont point\u00e9s vers nous et nous ont pris en photo\u00a0\u00bb. <\/span><\/span><\/em><span style=\"font-family: Comic Sans MS, cursive;\"><span style=\"font-size: medium;\">Le jeune homme, apprenti p\u00e2tissier, n\u2019a m\u00eame pas eu \u00e0 pr\u00e9senter de papiers d\u2019identit\u00e9\u00a0: sa photo a suffi \u00e0 renseigner les policiers. <\/span><\/span><em><span style=\"font-family: Comic Sans MS, cursive;\"><span style=\"font-size: medium;\">\u00ab\u00a0Comme ils ont vu que je suis r\u00e9gularis\u00e9, ils m\u2019ont laiss\u00e9 tranquille\u2009\u00bb,<\/span><\/span><\/em><span style=\"font-family: Comic Sans MS, cursive;\"><span style=\"font-size: medium;\"> dit-il.\u00a0<\/span><\/span><\/p>\n<p style=\"text-align: justify;\"><span style=\"font-family: Comic Sans MS, cursive;\"><span style=\"font-size: medium;\">D\u2019apr\u00e8s notre enqu\u00eate, les fonctionnaires qui ont contr\u00f4l\u00e9 le jeune marseillais ont utilis\u00e9 un logiciel de reconnaissance faciale install\u00e9 sur leurs t\u00e9l\u00e9phones de service. L\u2019appareil baptis\u00e9 \u00ab\u2009NEO\u2009\u00bb, pour \u00ab\u00a0nouvel \u00e9quipement op\u00e9rationnel\u2009\u00bb, est une sorte de smartphone dont sont dot\u00e9s tous les policiers et gendarmes fran\u00e7ais. Depuis 2022, outre les fonctions habituelles d\u2019un smartphone, la lecture automatis\u00e9e de cartes d\u2019identit\u00e9 ou de plaques d\u2019immatriculation, le NEO donne acc\u00e8s \u00e0 un outil de reconnaissance faciale. Une technologie directement branch\u00e9e sur un immense fichier de police\u00a0: le TAJ.\u00a0<\/span><\/span><\/p>\n<p style=\"text-align: justify;\"><span style=\"font-family: Comic Sans MS, cursive;\"><span style=\"font-size: medium;\">Mis en service en 2014, le TAJ, pour \u00ab\u00a0traitement d\u2019ant\u00e9c\u00e9dents judiciaires\u2009\u00bb, contient environ <a href=\"https:\/\/www.cnil.fr\/fr\/taj-comment-exercer-vos-droits\" target=\"_blank\" rel=\"noopener\">17\u00a0millions de fiches<\/a> sur des personnes mises en cause dans une enqu\u00eate, mais aussi 48\u00a0millions de victimes. Sur chaque fiche, on trouve le nom de l\u2019individu, sa date de naissance, son adresse, sa profession, ses coordonn\u00e9es t\u00e9l\u00e9phoniques voire des informations personnelles sensibles telles que l\u2019appartenance politique ou religieuse. Et parfois, sa photo \u2013 le TAJ contient jusqu\u2019\u00e0 9\u00a0millions de portraits de face, d\u2019apr\u00e8s <a href=\"https:\/\/www.documentcloud.org\/documents\/27880825-reconnaissance-faciale-sur-le-taj-cahier-des-charges-par-secretariat-general-du-ministere-de-linterieur\/#document\/p1\" target=\"_blank\" rel=\"noopener\">un document du secr\u00e9tariat g\u00e9n\u00e9ral du minist\u00e8re de l\u2019int\u00e9rieur<\/a> obtenu par Disclose.\u00a0<\/span><\/span><\/p>\n<p style=\"text-align: justify;\"><span style=\"font-family: Comic Sans MS, cursive;\"><span style=\"font-size: medium;\">Dans le cas d\u2019Ahmed, les policiers ont donc consult\u00e9 un fichier de police en le rapprochant d\u2019une photo prise sous la pression. C\u2019est totalement ill\u00e9gal\u00a0: la consultation du TAJ et l\u2019utilisation de la reconnaissance faciale lors \u00ab\u2009<\/span><\/span><em><span style=\"font-family: Comic Sans MS, cursive;\"><span style=\"font-size: medium;\">d\u2019une op\u00e9ration de contr\u00f4le d\u2019identit\u00e9\u2009<\/span><\/span><\/em><span style=\"font-family: Comic Sans MS, cursive;\"><span style=\"font-size: medium;\">\u00bb sont interdites en France. C\u2019est ce que r\u00e9v\u00e8le une instruction du minist\u00e8re de l\u2019int\u00e9rieur relative \u00e0 la \u00ab\u00a0<\/span><\/span><em><span style=\"font-family: Comic Sans MS, cursive;\"><span style=\"font-size: medium;\">consultation de l\u2019application\u2009<\/span><\/span><\/em><span style=\"font-family: Comic Sans MS, cursive;\"><span style=\"font-size: medium;\">\u00bb TAJ, <a href=\"https:\/\/www.documentcloud.org\/documents\/27880826-instruction-du-ministere-de-linterieur-sur-la-reconnaissance-faciale-4-fevrier-2022\/\" target=\"_blank\" rel=\"noopener\">dat\u00e9e de f\u00e9vrier 2022<\/a>, que Disclose s\u2019est procur\u00e9e.\u00a0<\/span><\/span><\/p>\n<p style=\"text-align: justify;\"><span style=\"font-family: Comic Sans MS, cursive;\"><span style=\"font-size: medium;\">Instructions du minist\u00e8re de l\u2019int\u00e9rieur li\u00e9es \u00e0 l\u2019utilisation du fichier TAJ sur les appareils NEO. Source : Disclose. <\/span><\/span><\/p>\n<p style=\"text-align: justify;\"><span style=\"font-family: Comic Sans MS, cursive;\"><span style=\"font-size: medium;\">Dans ce document, on apprend sous la plume de C\u00e9line Berthon, \u00e0 l\u2019\u00e9poque directrice centrale de la s\u00e9curit\u00e9 publique \u2014 elle <a href=\"https:\/\/www.dgsi.interieur.gouv.fr\/decouvrir-dgsi\/directrice-generale\" target=\"_blank\" rel=\"noopener\">dirige aujourd\u2019hui la DGSI<\/a>\u00a0\u2013, que le \u00ab<\/span><\/span><em><span style=\"font-family: Comic Sans MS, cursive;\"><span style=\"font-size: medium;\">\u00a0rapprochement par photographie\u2009<\/span><\/span><\/em><span style=\"font-family: Comic Sans MS, cursive;\"><span style=\"font-size: medium;\">\u00bb est disponible sur \u00ab\u2009<\/span><\/span><em><span style=\"font-family: Comic Sans MS, cursive;\"><span style=\"font-size: medium;\">les tablettes et smartphones<\/span><\/span><\/em><span style=\"font-family: Comic Sans MS, cursive;\"><span style=\"font-size: medium;\">\u2009\u00bb depuis le 24\u00a0janvier 2022. En clair, cela fait quatre ans que les policiers se prom\u00e8nent avec cette redoutable technologie dans la poche et qu\u2019ils peuvent s\u2019en servir sans la moindre autorisation. C\u00f4t\u00e9 gendarmerie, l\u2019acc\u00e8s \u00e0 la fonctionnalit\u00e9 reconnaissance faciale a \u00e9t\u00e9 ouvert aux agents de la voie publique et de la s\u00e9curit\u00e9 routi\u00e8re deux ans plus t\u00f4t, d\u2019apr\u00e8s <a href=\"https:\/\/www.documentcloud.org\/documents\/27880836-note-de-la-direction-generale-sur-lelargissement-des-acces-au-taj-2020\/\">une <\/a><a href=\"https:\/\/www.documentcloud.org\/documents\/27880836-note-de-la-direction-generale-sur-lelargissement-des-acces-au-taj-2020\/\" target=\"_blank\" rel=\"noopener\">autre note interne<\/a>.<\/span><\/span><\/p>\n<p style=\"text-align: justify;\"><span style=\"font-family: Comic Sans MS, cursive;\"><span style=\"font-size: medium;\">Probl\u00e8me\u00a0:\u00a0le <a href=\"https:\/\/www.legifrance.gouv.fr\/codes\/id\/LEGISCTA000025818428\" target=\"_blank\" rel=\"noopener\">code de proc\u00e9dure p\u00e9nale<\/a> limite strictement la consultation de ce fichier \u00e0 des agents \u00ab\u00a0<\/span><\/span><em><span style=\"font-family: Comic Sans MS, cursive;\"><span style=\"font-size: medium;\">individuellement d\u00e9sign\u00e9s et sp\u00e9cialement habilit\u00e9s<\/span><\/span><\/em><span style=\"font-family: Comic Sans MS, cursive;\"><span style=\"font-size: medium;\">\u2009\u00bb \u00e0 y avoir acc\u00e8s. Et ce, dans le cadre d\u2019une enqu\u00eate criminelle, une infraction ou un d\u00e9lit. Le TAJ ne peut aucunement \u00eatre consult\u00e9 lors de contr\u00f4les en \u00ab\u2009<\/span><\/span><em><span style=\"font-family: Comic Sans MS, cursive;\"><span style=\"font-size: medium;\">temps r\u00e9el<\/span><\/span><\/em><span style=\"font-family: Comic Sans MS, cursive;\"><span style=\"font-size: medium;\">\u2009\u00bb.<\/span><\/span><\/p>\n<p style=\"text-align: justify;\"><span style=\"font-family: Comic Sans MS, cursive;\"><span style=\"font-size: medium;\">\u00c0 Marseille mais aussi \u00e0 Paris et \u00e0 Lyon, Disclose a recueilli les t\u00e9moignages de six hommes, dont Ahmed, qui ont \u00e9t\u00e9 photographi\u00e9s par des policiers et identifi\u00e9s \u00e0 l\u2019aide de la reconnaissance faciale, entre fin 2021 et 2025. Certains ont fait l\u2019objet d\u2019un contr\u00f4le d\u2019identit\u00e9 dans la rue. D\u2019autres ont \u00e9t\u00e9 cibl\u00e9s lors de l\u2019\u00e9vacuation de squats ou encore en marge d\u2019une manifestation. C\u2019est le cas de Roger*, un manifestant contr\u00f4l\u00e9 place de la R\u00e9publique, \u00e0 Paris, lors d\u2019un rassemblement de soutien \u00e0 la Palestine. \u00ab\u2009<\/span><\/span><em><span style=\"font-family: Comic Sans MS, cursive;\"><span style=\"font-size: medium;\">Le policier sort quelque chose qui ressemble \u00e0 un t\u00e9l\u00e9phone, un pav\u00e9 noir, et il essaie de me prendre en photo<\/span><\/span><\/em><span style=\"font-family: Comic Sans MS, cursive;\"><span style=\"font-size: medium;\">\u00a0\u00bb, t\u00e9moigne-t-il de mani\u00e8re anonyme<\/span><\/span><em><span style=\"font-family: Comic Sans MS, cursive;\"><span style=\"font-size: medium;\">, <\/span><\/span><\/em><span style=\"font-family: Comic Sans MS, cursive;\"><span style=\"font-size: medium;\">de crainte d\u2019\u00e9ventuelles repr\u00e9sailles. Son tort ? Il n\u2019a pas de pi\u00e8ce d\u2019identit\u00e9 sur lui.<\/span><\/span><em><span style=\"font-family: Comic Sans MS, cursive;\"><span style=\"font-size: medium;\"> \u00ab<\/span><\/span><\/em><span style=\"font-family: Comic Sans MS, cursive;\"><span style=\"font-size: medium;\">\u00a0<\/span><\/span><em><span style=\"font-family: Comic Sans MS, cursive;\"><span style=\"font-size: medium;\">Je ne trouvais pas \u00e7a normal, alors j\u2019ai tourn\u00e9 la t\u00eate, j\u2019ai grimac\u00e9 pour \u00e9viter d\u2019\u00eatre pris en photo,<\/span><\/span><\/em><span style=\"font-family: Comic Sans MS, cursive;\"><span style=\"font-size: medium;\"> poursuit-il. <\/span><\/span><em><span style=\"font-family: Comic Sans MS, cursive;\"><span style=\"font-size: medium;\">Le policier a demand\u00e9 \u00e0 deux de ses coll\u00e8gues de me tenir. Je sentais leurs mains gant\u00e9es sur mon visage\u2026 Ils me for\u00e7aient \u00e0 faire face \u00e0 la cam\u00e9ra\u2009<\/span><\/span><\/em><span style=\"font-family: Comic Sans MS, cursive;\"><span style=\"font-size: medium;\">\u00bb. Quelques instants apr\u00e8s avoir pris la photo, l\u2019agent \u00e9nonce son nom, pr\u00e9nom, mais aussi le motif d\u2019une ancienne garde \u00e0 vue. L\u2019affaire en reste l\u00e0.<\/span><\/span><\/p>\n<p class=\"western\" style=\"text-align: justify;\"><span style=\"font-family: Comic Sans MS, cursive;\"><span style=\"font-size: medium;\">Un fichier de police hors de tout contr\u00f4le<\/span><\/span><\/p>\n<p style=\"text-align: justify;\"><span style=\"font-family: Comic Sans MS, cursive;\"><span style=\"font-size: medium;\">Nous nous sommes procur\u00e9 <a href=\"https:\/\/www.documentcloud.org\/documents\/27880827-mode-demploi-de-loutil-reconnaissance-faciale-sur-le-taj\/\" target=\"_blank\" rel=\"noopener\">le mode d\u2019emploi<\/a> sur ordinateur de la fonctionnalit\u00e9 reconnaissance faciale du TAJ, con\u00e7ue par la soci\u00e9t\u00e9 allemande Cognitec. Son interface ressemble en tout point \u00e0 celle qui \u00e9quipe les t\u00e9l\u00e9phones NEO. D\u2019apr\u00e8s la notice d\u2019utilisation, il suffit de charger la photo d\u2019un individu dans le logiciel puis de cliquer sur le bouton \u00ab\u2009<\/span><\/span><em><span style=\"font-family: Comic Sans MS, cursive;\"><span style=\"font-size: medium;\">rapprocher<\/span><\/span><\/em><span style=\"font-family: Comic Sans MS, cursive;\"><span style=\"font-size: medium;\">\u2009\u00bb pour activer la machine\u00a0: \u00ab\u2009<\/span><\/span><em><span style=\"font-family: Comic Sans MS, cursive;\"><span style=\"font-size: medium;\">Les 200\u00a0photos les plus pertinentes\u2009<\/span><\/span><\/em><span style=\"font-family: Comic Sans MS, cursive;\"><span style=\"font-size: medium;\">\u00bb enregistr\u00e9es dans le TAJ s\u2019affichent au bout de \u00ab\u00a0<\/span><\/span><em><span style=\"font-family: Comic Sans MS, cursive;\"><span style=\"font-size: medium;\">quelques secondes, normalement moins d\u2019une minute\u2009<\/span><\/span><\/em><span style=\"font-family: Comic Sans MS, cursive;\"><span style=\"font-size: medium;\">\u00bb.\u00a0<\/span><\/span><\/p>\n<p style=\"text-align: justify;\"><span style=\"font-family: Comic Sans MS, cursive;\"><span style=\"font-size: medium;\">Un jeu d\u2019enfant exp\u00e9riment\u00e9 sous nos yeux par un policier bas\u00e9 dans le sud de la France. Son NEO en main, Tony* ouvre l\u2019application TAJ, s\u00e9lectionne l\u2019onglet<\/span><\/span><em><span style=\"font-family: Comic Sans MS, cursive;\"><span style=\"font-size: medium;\"> \u00ab\u2009rapprocher\u2009\u00bb, <\/span><\/span><\/em><span style=\"font-family: Comic Sans MS, cursive;\"><span style=\"font-size: medium;\">avant de cliquer <\/span><\/span><em><span style=\"font-family: Comic Sans MS, cursive;\"><span style=\"font-size: medium;\">sur \u00ab\u2009photo de personne\u2009\u00bb. \u00ab\u2009Je n\u2019ai plus plus qu\u2019\u00e0 s\u00e9lectionner dans mon album la photo d\u2019une personne et on y est\u2009\u00bb<\/span><\/span><\/em><span style=\"font-family: Comic Sans MS, cursive;\"><span style=\"font-size: medium;\"> commente-t-il sans aller plus loin pour ne pas laisser de traces.\u00a0\u00ab\u2009<\/span><\/span><em><span style=\"font-family: Comic Sans MS, cursive;\"><span style=\"font-size: medium;\">Un compte nous est attribu\u00e9 d\u00e8s qu\u2019on sort de l\u2019\u00e9cole de police. Tout le monde y a acc\u00e8s\u2009\u00bb<\/span><\/span><\/em><span style=\"font-family: Comic Sans MS, cursive;\"><span style=\"font-size: medium;\">, raconte Tony, absolument pas \u00e9tonn\u00e9 d\u2019apprendre que des coll\u00e8gues se branchent au syst\u00e8me sans autorisation\u00a0: \u00ab\u2009<\/span><\/span><em><span style=\"font-family: Comic Sans MS, cursive;\"><span style=\"font-size: medium;\">Ils contr\u00f4lent 10 \u00e0 15\u00a0gars \u00e0 la journ\u00e9e, toujours les m\u00eames t\u00eates. Certains coll\u00e8gues abusent en se disant qu\u2019ils vont pouvoir verbaliser pour du stup, par exemple, sur le th\u00e8me : \u201ctiens t\u2019es connu, et bien je t\u2019en remets une\u201d<\/span><\/span><\/em><span style=\"font-family: Comic Sans MS, cursive;\"><span style=\"font-size: medium;\">\u2009\u00bb.\u00a0<\/span><\/span><\/p>\n<p style=\"text-align: justify;\"><span style=\"font-family: Comic Sans MS, cursive;\"><span style=\"font-size: medium;\">L\u2019affaire est s\u00e9rieuse\u00a0: <a href=\"https:\/\/www.documentcloud.org\/documents\/27880826-instruction-du-ministere-de-linterieur-sur-la-reconnaissance-faciale-4-fevrier-2022\/\">les r\u00e8gles d\u2019<\/a><a href=\"https:\/\/www.documentcloud.org\/documents\/27880826-instruction-du-ministere-de-linterieur-sur-la-reconnaissance-faciale-4-fevrier-2022\/\" target=\"_blank\" rel=\"noopener\">utilisation<\/a><a href=\"https:\/\/www.documentcloud.org\/documents\/27880826-instruction-du-ministere-de-linterieur-sur-la-reconnaissance-faciale-4-fevrier-2022\/\"> du TAJ<\/a> pr\u00e9cisent bien que \u00ab\u2009<\/span><\/span><em><span style=\"font-family: Comic Sans MS, cursive;\"><span style=\"font-size: medium;\">chaque agent doit \u00eatre individuellement d\u00e9sign\u00e9 et sp\u00e9cialement habilit\u00e9 par une autorit\u00e9 hi\u00e9rarchique eu \u00e9gard \u00e0 son service d\u2019appartenance et aux missions \u00e0 accomplir.<\/span><\/span><\/em><span style=\"font-family: Comic Sans MS, cursive;\"><span style=\"font-size: medium;\">\u2009\u00bb Et le document de rappeler que \u00ab\u2009<\/span><\/span><em><span style=\"font-family: Comic Sans MS, cursive;\"><span style=\"font-size: medium;\">toute utilisation frauduleuse entra\u00eene la mise en jeu de la responsabilit\u00e9 professionnelle de l\u2019agent\u2009\u00bb<\/span><\/span><\/em><span style=\"font-family: Comic Sans MS, cursive;\"><span style=\"font-size: medium;\"> mis en cause.<\/span><\/span><\/p>\n<p style=\"text-align: justify;\"><span style=\"font-family: Comic Sans MS, cursive;\"><span style=\"font-size: medium;\">\u00ab\u2009<\/span><\/span><em><span style=\"font-family: Comic Sans MS, cursive;\"><span style=\"font-size: medium;\">Je ne suis pas physionomiste, mais il me semble que c\u2019est lui<\/span><\/span><\/em><span style=\"font-family: Comic Sans MS, cursive;\"><span style=\"font-size: medium;\">\u2009\u00bb. <\/span><\/span><cite><span style=\"font-family: Comic Sans MS, cursive;\"><span style=\"font-size: medium;\">Une fonctionnaire de police<\/span><\/span><\/cite><\/p>\n<p style=\"text-align: justify;\"><span style=\"font-family: Comic Sans MS, cursive;\"><span style=\"font-size: medium;\">Le sentiment d\u2019impunit\u00e9 est tel que des membres des forces de l\u2019ordre se laissent filmer en pleine infraction. En janvier 2022, dans un num\u00e9ro de l\u2019\u00e9mission Sept \u00e0 huit consacr\u00e9 \u00e0 la police, rep\u00e9r\u00e9 par l\u2019association de d\u00e9fense des libert\u00e9s num\u00e9riques <a href=\"https:\/\/www.laquadrature.net\/\" target=\"_blank\" rel=\"noopener\">La Quadrature du Net<\/a>, on peut entendre une polici\u00e8re <a href=\"https:\/\/video.lqdn.fr\/w\/xr4qR4AeBCa3JT3y7EWAjU\" target=\"_blank\" rel=\"noopener\">commenter le r\u00e9sultat obtenu gr\u00e2ce \u00e0 son NEO<\/a>\u00a0: \u00ab\u2009<\/span><\/span><em><span style=\"font-family: Comic Sans MS, cursive;\"><span style=\"font-size: medium;\">Je ne suis pas physionomiste, je ne reconna\u00eetrais m\u00eame pas mon fr\u00e8re, mais il me semble que c\u2019est lui<\/span><\/span><\/em><span style=\"font-family: Comic Sans MS, cursive;\"><span style=\"font-size: medium;\">\u2009\u00bb. Un autre <a href=\"https:\/\/www.youtube.com\/watch?v=tNG0ryVD8F0&amp;t=2378s\" target=\"_blank\" rel=\"noopener\">reportage <\/a>exhum\u00e9 par Disclose montre cette fois un policier en train de braquer un smartphone sur le visage d\u2019un homme au visage flout\u00e9. \u00ab\u2009<\/span><\/span><em><span style=\"font-family: Comic Sans MS, cursive;\"><span style=\"font-size: medium;\">On n\u2019arr\u00eate pas le progr\u00e8s\u2009<\/span><\/span><\/em><span style=\"font-family: Comic Sans MS, cursive;\"><span style=\"font-size: medium;\">\u00bb, commente-t-il, amus\u00e9.\u00a0<\/span><\/span><\/p>\n<p style=\"text-align: justify;\"><span style=\"font-family: Comic Sans MS, cursive;\"><span style=\"font-size: medium;\">Place Beauvau, le d\u00e9tournement est connu et signal\u00e9 depuis au moins trois ans. C\u2019est ce que d\u00e9voile le <a href=\"https:\/\/www.documentcloud.org\/documents\/27880829-rapport-de-ligpn-2023\/\">rapport d\u2019activit\u00e9 de l\u2019IGPN pour l\u2019<\/a><a href=\"https:\/\/www.documentcloud.org\/documents\/27880829-rapport-de-ligpn-2023\/\" target=\"_blank\" rel=\"noopener\">ann\u00e9e 2023<\/a>. \u00c0 la page 35 du document, la police des polices \u00e9crit noir sur blanc que le TAJ est \u00ab<\/span><\/span><em><span style=\"font-family: Comic Sans MS, cursive;\"><span style=\"font-size: medium;\">\u2009tr\u00e8s fr\u00e9quemment utilis\u00e9 sur la voie publique lors des contr\u00f4les d\u2019identit\u00e9\u2009<\/span><\/span><\/em><span style=\"font-family: Comic Sans MS, cursive;\"><span style=\"font-size: medium;\">\u00bb. Plus loin, les auteurs rel\u00e8vent aussi que l\u2019acc\u00e8s au fichier sur les appareils NEO laisse \u00ab<\/span><\/span><em><span style=\"font-family: Comic Sans MS, cursive;\"><span style=\"font-size: medium;\">\u2009craindre que le nombre de consultations injustifi\u00e9es s\u2019accroisse<\/span><\/span><\/em><span style=\"font-family: Comic Sans MS, cursive;\"><span style=\"font-size: medium;\">\u2009\u00bb. En apparence, l\u2019administration s\u2019est donn\u00e9 les moyens techniques de contr\u00f4ler sa bonne application\u00a0: \u00e0 chaque fois qu\u2019un policier consulte ou ajoute une photo au TAJ, l\u2019op\u00e9ration est trac\u00e9e \u00e0 la minute pr\u00e8s et l\u2019information conserv\u00e9e pendant trois ans. Utiliser le TAJ hors des clous expose \u00e0 des peines de prison et jusqu\u2019\u00e0 300\u2009000\u00a0euros d\u2019amende.<\/span><\/span><\/p>\n<p style=\"text-align: justify;\"><span style=\"font-family: Comic Sans MS, cursive;\"><span style=\"font-size: medium;\">Sollicit\u00e9 pour savoir si ses services contr\u00f4lent l\u2019usage du TAJ et de la reconnaissance faciale et comment ils s\u2019y prennent, le minist\u00e8re de l\u2019int\u00e9rieur n\u2019a pas voulu r\u00e9pondre \u00e0 nos questions. M\u00eame silence du c\u00f4t\u00e9 de la police nationale et de la gendarmerie*.<\/span><\/span><\/p>\n<p class=\"western\" style=\"text-align: justify;\"><span style=\"font-family: Comic Sans MS, cursive;\"><span style=\"font-size: medium;\">\u00ab\u2009Surveillance de masse\u2009\u00bb<\/span><\/span><\/p>\n<p style=\"text-align: justify;\"><span style=\"font-family: Comic Sans MS, cursive;\"><span style=\"font-size: medium;\">Une chose est s\u00fbre\u00a0: l\u2019exploitation du TAJ, associ\u00e9e \u00e0 la reconnaissance faciale, a plus que doubl\u00e9 en cinq ans. De\u00a0<a href=\"https:\/\/www.assemblee-nationale.fr\/dyn\/opendata\/AVISANR5L15B3404-tVII.html\" target=\"_blank\" rel=\"noopener\">375\u2009000\u00a0consultations en 2019<\/a>, elle est pass\u00e9e \u00e0 pr\u00e8s de 1\u00a0million en 2024. Cela correspond \u00e0 2\u2009500\u00a0consultations quotidiennes, selon <a href=\"https:\/\/www.documentcloud.org\/documents\/27880826-instruction-du-ministere-de-linterieur-sur-la-reconnaissance-faciale-4-fevrier-2022\/\" target=\"_blank\" rel=\"noopener\">un document du secr\u00e9tariat g\u00e9n\u00e9ral du minist\u00e8re de l\u2019int\u00e9rieur<\/a>, sans que l\u2019on puisse d\u00e9tailler le nombre d\u2019utilisations ill\u00e9gales\u00a0de celles li\u00e9es \u00e0 une enqu\u00eate judiciaire ou administrative.\u00a0<\/span><\/span><\/p>\n<p style=\"text-align: justify;\"><span style=\"font-family: Comic Sans MS, cursive;\"><span style=\"font-size: medium;\">\u00ab\u2009<\/span><\/span><em><span style=\"font-family: Comic Sans MS, cursive;\"><span style=\"font-size: medium;\">Quand des policiers peuvent photographier qui ils veulent pour savoir qui est qui, c\u2019est un renversement de l\u2019\u00c9tat de droit. On bascule dans un \u00c9tat policier ou de surveillance de masse<\/span><\/span><\/em><span style=\"font-family: Comic Sans MS, cursive;\"><span style=\"font-size: medium;\">\u2009\u00bb, alerte No\u00e9mie Levain, juriste \u00e0 la Quadrature du net. Une bascule d\u2019autant plus pr\u00e9occupante que le fichage de la population est loin d\u2019\u00eatre un sujet superflu. \u00ab\u00a0<\/span><\/span><em><span style=\"font-family: Comic Sans MS, cursive;\"><span style=\"font-size: medium;\">Quand il a \u00e9t\u00e9 mis en place \u00e0 la fin du 19\u00a0\u00e8me\u00a0si\u00e8cle, le fichage devait permettre de retrouver les personnes r\u00e9cidivistes<\/span><\/span><\/em><span style=\"font-family: Comic Sans MS, cursive;\"><span style=\"font-size: medium;\">, poursuit No\u00e9mie Levain. <\/span><\/span><em><span style=\"font-family: Comic Sans MS, cursive;\"><span style=\"font-size: medium;\">Mais assez vite, il a \u00e9t\u00e9 utilis\u00e9 pour ficher les \u00e9trangers et les gens du voyage. En 1940, tr\u00e8s peu de changements ont \u00e9t\u00e9 n\u00e9cessaires pour qu\u2019il puisse cibler les Juifs, les communistes et toutes les personnes tu\u00e9es par le r\u00e9gime de Vichy\u2009<\/span><\/span><\/em><span style=\"font-family: Comic Sans MS, cursive;\"><span style=\"font-size: medium;\">\u00bb. Il a suffi d\u2019un \u00ab\u2009<\/span><\/span><em><span style=\"font-family: Comic Sans MS, cursive;\"><span style=\"font-size: medium;\">tout petit changement de curseur<\/span><\/span><\/em><span style=\"font-family: Comic Sans MS, cursive;\"><span style=\"font-size: medium;\">\u2009\u00bb, poursuit-elle, pour que les archives de la police servent \u00e0 \u00ab<\/span><\/span><em><span style=\"font-family: Comic Sans MS, cursive;\"><span style=\"font-size: medium;\">\u00a0aller chercher les gens chez eux<\/span><\/span><\/em><span style=\"font-family: Comic Sans MS, cursive;\"><span style=\"font-size: medium;\">\u2009\u00bb.\u00a0<\/span><\/span><\/p>\n<p style=\"text-align: justify;\"><span style=\"font-family: Comic Sans MS, cursive;\"><span style=\"font-size: medium;\">C\u2019est la deuxi\u00e8me fois que Disclose prend le minist\u00e8re de l\u2019int\u00e9rieur en flagrant d\u00e9lit d\u2019utilisation ill\u00e9gale de la reconnaissance faciale. En novembre 2023, nos<a href=\"https:\/\/disclose.ngo\/fr\/article\/la-police-nationale-utilise-illegalement-un-logiciel-israelien-de-reconnaissance-faciale\"> r\u00e9v\u00e9lations sur le logiciel de vid\u00e9osurveillance Briefcam<\/a>, d\u00e9ploy\u00e9 ill\u00e9galement dans des dizaines de service de police et gendarmerie, ont conduit G\u00e9rald Darmanin, alors ministre de l\u2019int\u00e9rieur, \u00e0 d\u00e9clencher une enqu\u00eate administrative. Un mois apr\u00e8s la publication de l\u2019enqu\u00eate, ses services ont d\u00fb d\u00e9sactiver le logiciel.<\/span><\/span><\/p>\n<p class=\"western\" style=\"text-align: justify;\"><em><span style=\"font-family: Comic Sans MS, cursive;\"><span style=\"font-size: medium;\">*Les pr\u00e9noms ont \u00e9t\u00e9 modifi\u00e9s \u00e0 la demande des int\u00e9ress\u00e9s. <\/span><\/span><\/em><\/p>\n<p style=\"text-align: center;\"><em><span style=\"font-family: Comic Sans MS, cursive;\"><span style=\"font-size: medium;\">** **<\/span><\/span><\/em><\/p>\n<p class=\"western\" style=\"text-align: justify;\"><span style=\"font-family: Comic Sans MS, cursive;\"><span style=\"font-size: medium;\">*<\/span><\/span><em><span style=\"font-family: Comic Sans MS, cursive;\"><span style=\"font-size: medium;\">Mise \u00e0 jour, le samedi 21 mars \u00e0 11h45 <\/span><\/span><\/em><span style=\"font-family: Comic Sans MS, cursive;\"><span style=\"font-size: medium;\">:<br \/>\n<\/span><\/span><strong><span style=\"font-family: Comic Sans MS, cursive;\"><span style=\"font-size: medium;\">Nous \u00e9crivions dans une pr\u00e9c\u00e9dente version que la gendarmerie \u00ab<\/span><\/span><\/strong> <strong><span style=\"font-family: Comic Sans MS, cursive;\"><span style=\"font-size: medium;\">n\u2019a pas souhait\u00e9 r\u00e9pondre \u00e0 nos questions \u00bb<\/span><\/span><\/strong> <strong><span style=\"font-family: Comic Sans MS, cursive;\"><span style=\"font-size: medium;\">. Samedi 21 mars, son service de communication nous pr\u00e9cise qu\u2019il a r\u00e9pondu \u00e0 nos questions puis les a transf\u00e9r\u00e9es au minist\u00e8re de l\u2019int\u00e9rieur, qui devait centraliser les r\u00e9ponses. Celles-ci ne nous ont jamais \u00e9t\u00e9 communiqu\u00e9es.<\/span><\/span><\/strong><\/p>\n<p style=\"text-align: justify;\"><strong><span style=\"font-family: Comic Sans MS, cursive;\"><span style=\"font-size: medium;\">En partenariat avec Disclose, la Quadrature du Net a \u00e9dit\u00e9 <\/span><\/span><\/strong><em><span style=\"font-family: Comic Sans MS, cursive;\"><span style=\"font-size: medium;\"><a href=\"https:\/\/www.laquadrature.net\/guiderecofaciale\/\">un guide sur la reconnaissance faciale et les contr\u00f4les d\u2019identit\u00e9 intitul\u00e9 : \u00ab\u00a0Que peut faire la police ?<\/a>\u00a0<a href=\"https:\/\/www.laquadrature.net\/guiderecofaciale\/\">\u00bb<\/a><\/span><\/span><\/em><strong><span style=\"font-family: Comic Sans MS, cursive;\"><span style=\"font-size: medium;\"> Un manuel en acc\u00e8s libre pour conna\u00eetre vos droits et savoir comment vous d\u00e9fendre face aux abus.<\/span><\/span><\/strong><\/p>\n<p style=\"text-align: justify;\"><span style=\"font-family: Comic Sans MS, cursive;\"><span style=\"font-size: medium;\">disclose.ngo\/fr<\/span><\/span><\/p>\n","protected":false},"excerpt":{"rendered":"<p>Elle est d\u00e9ploy\u00e9e \u00e0 grande \u00e9chelle sur leurs t\u00e9l\u00e9phones<\/p>\n","protected":false},"author":4,"featured_media":0,"comment_status":"closed","ping_status":"open","sticky":false,"template":"","format":"standard","meta":{"footnotes":""},"categories":[1],"tags":[],"class_list":["post-14690","post","type-post","status-publish","format-standard","hentry","category-non-classe"],"_links":{"self":[{"href":"https:\/\/collectif-accad.fr\/site\/wp-json\/wp\/v2\/posts\/14690","targetHints":{"allow":["GET"]}}],"collection":[{"href":"https:\/\/collectif-accad.fr\/site\/wp-json\/wp\/v2\/posts"}],"about":[{"href":"https:\/\/collectif-accad.fr\/site\/wp-json\/wp\/v2\/types\/post"}],"author":[{"embeddable":true,"href":"https:\/\/collectif-accad.fr\/site\/wp-json\/wp\/v2\/users\/4"}],"replies":[{"embeddable":true,"href":"https:\/\/collectif-accad.fr\/site\/wp-json\/wp\/v2\/comments?post=14690"}],"version-history":[{"count":1,"href":"https:\/\/collectif-accad.fr\/site\/wp-json\/wp\/v2\/posts\/14690\/revisions"}],"predecessor-version":[{"id":14691,"href":"https:\/\/collectif-accad.fr\/site\/wp-json\/wp\/v2\/posts\/14690\/revisions\/14691"}],"wp:attachment":[{"href":"https:\/\/collectif-accad.fr\/site\/wp-json\/wp\/v2\/media?parent=14690"}],"wp:term":[{"taxonomy":"category","embeddable":true,"href":"https:\/\/collectif-accad.fr\/site\/wp-json\/wp\/v2\/categories?post=14690"},{"taxonomy":"post_tag","embeddable":true,"href":"https:\/\/collectif-accad.fr\/site\/wp-json\/wp\/v2\/tags?post=14690"}],"curies":[{"name":"wp","href":"https:\/\/api.w.org\/{rel}","templated":true}]}}