{"id":10286,"date":"2023-03-11T01:08:49","date_gmt":"2023-03-11T00:08:49","guid":{"rendered":"https:\/\/collectif-accad.fr\/site\/?p=10286"},"modified":"2023-03-10T15:12:27","modified_gmt":"2023-03-10T14:12:27","slug":"le-feuilleton-de-lestrem-continue","status":"publish","type":"post","link":"https:\/\/collectif-accad.fr\/site\/le-feuilleton-de-lestrem-continue\/","title":{"rendered":"Le feuilleton de Lestrem continue"},"content":{"rendered":"<p style=\"text-align: left;\"><span style=\"font-size: 18pt;\"><strong><span style=\"font-family: Comic Sans MS, cursive;\">A-t-on affaire \u00e0 un d\u00e9but de Bouyguesgate\u00a0?<\/span><\/strong><\/span><\/p>\n<p><img loading=\"lazy\" decoding=\"async\" class=\"alignnone size-full wp-image-10285\" src=\"https:\/\/collectif-accad.fr\/site\/wp-content\/uploads\/2023\/03\/Lestrem-VdN.jpg\" alt=\"\" width=\"565\" height=\"500\" srcset=\"https:\/\/collectif-accad.fr\/site\/wp-content\/uploads\/2023\/03\/Lestrem-VdN.jpg 565w, https:\/\/collectif-accad.fr\/site\/wp-content\/uploads\/2023\/03\/Lestrem-VdN-300x265.jpg 300w\" sizes=\"auto, (max-width: 565px) 100vw, 565px\" \/><\/p>\n<p><!--more--><span style=\"font-family: Comic Sans MS, cursive;\"><span style=\"font-size: medium;\">Un article paru dans La Voix du Nord<\/span><\/span><\/p>\n<p class=\"western\" style=\"text-align: justify;\"><strong><span style=\"font-family: Comic Sans MS, cursive;\"><span style=\"font-size: medium;\">La dalle de l\u2019antenne 5G serait en partie sur la mauvaise parcelle, un riverain exige sa d\u00e9construction<\/span><\/span><\/strong><\/p>\n<p style=\"text-align: justify;\"><span style=\"font-family: Comic Sans MS, cursive;\"><span style=\"font-size: medium;\">Des riverains de plusieurs communes s\u2019\u00e9taient constitu\u00e9s l\u2019an dernier en collectif. Pas forc\u00e9ment oppos\u00e9s aux antennes mais vigilants \u00e0 leur implantation. Le cas de Lestrem revient sous les feux de l\u2019actualit\u00e9. <\/span><\/span><\/p>\n<p style=\"text-align: justify;\"><span style=\"font-family: Comic Sans MS, cursive;\"><span style=\"font-size: medium;\">Le socle de l\u2019antenne d\u00e9borde-t-il du p\u00e9rim\u00e8tre pr\u00e9vu ? Un g\u00e9om\u00e8tre expert doit passer v\u00e9rifier. <\/span><\/span><\/p>\n<p style=\"text-align: justify;\"><span style=\"font-family: Comic Sans MS, cursive;\"><span style=\"font-size: medium;\">C\u2019\u00e9tait en<a href=\"https:\/\/www.lavoixdunord.fr\/1190921\/article\/2022-06-09\/bethunois-remontes-contre-les-antennes-relais-en-catimini-ils-lancent-un\" target=\"_self\" rel=\"noopener\"> juin 2022<\/a>. Dans une salle de La Couture, des citoyens lambda et quelques \u00e9lus se mettaient autour de la table pour \u00e9voquer une probl\u00e9matique commune\u00a0: le d\u00e9veloppement des antennes relais, \u00e0 La Couture donc, mais aussi Lestrem, Richebourg, Merville&#8230; Ils s\u2019\u00e9taient quitt\u00e9s non sans avoir cr\u00e9\u00e9 un collectif baptis\u00e9 Pas sur la m\u00eame longueur d\u2019ondes. Pas forc\u00e9ment contre le d\u00e9veloppement de la technologie mais en tout cas pas n\u2019importe o\u00f9 dans le paysage, et surtout pas trop pr\u00e8s des maisons ou des \u00e9coles. Le collectif a depuis organis\u00e9 des conf\u00e9rences et reste sur le pied de guerre. <\/span><\/span><\/p>\n<p style=\"text-align: justify;\"><span style=\"font-family: Comic Sans MS, cursive;\"><span style=\"font-size: medium;\">Un des riverains avait alors \u00e9voqu\u00e9 le projet d\u2019antenne 5G port\u00e9 par Bouygues \u00e0 Lestrem. Un dossier qui avance puisqu\u2019une dalle vient d\u2019\u00eatre coul\u00e9e. Non sans susciter une lev\u00e9e de boucliers quant au positionnement de ladite dalle. Un des riverains vient d\u2019\u00e9crire \u00e0 Cellnex, charg\u00e9 des travaux pour l\u2019op\u00e9rateur au lieu-dit Les Dessus de l\u2019\u00c9pinette. Il \u00e9voque l\u2019autorisation accord\u00e9e par le maire mais souligne que les travaux ne se sont pas limit\u00e9s \u00e0 la parcelle AE359. \u00ab\u00a0<\/span><\/span><em><span style=\"font-family: Comic Sans MS, cursive;\"><span style=\"font-size: medium;\">Les deux tiers de la dalle, socle de l\u2019antenne, ainsi que la tranch\u00e9e technique destin\u00e9e au raccordement au r\u00e9seau \u00e9lectrique se situent<\/span><\/span><\/em><span style=\"font-family: Comic Sans MS, cursive;\"><span style=\"font-size: medium;\">\u00a0\u00bb en partie sur sa propre parcelle, ce qui n\u2019\u00e9tait pas pr\u00e9vu. Il exige donc l\u2019arr\u00eat du chantier et \u00ab\u00a0<\/span><\/span><em><span style=\"font-family: Comic Sans MS, cursive;\"><span style=\"font-size: medium;\">la d\u00e9construction de la partie de la dalle empi\u00e9tant sur mon terrain et la d\u00e9pollution du sol par le retrait des deux pieux \u00e0 12\u00a0m de profondeur (&#8230;).<\/span><\/span><\/em><span style=\"font-family: Comic Sans MS, cursive;\"><span style=\"font-size: medium;\">\u00a0\u00bb <\/span><\/span><\/p>\n<p style=\"text-align: justify;\"><span style=\"font-family: Comic Sans MS, cursive;\"><span style=\"font-size: medium;\">Contact\u00e9, l\u2019op\u00e9rateur nous explique que \u00ab\u00a0<\/span><\/span><em><span style=\"font-family: Comic Sans MS, cursive;\"><span style=\"font-size: medium;\">les \u00e9quipes de Bouygues Telecom ont missionn\u00e9 un expert g\u00e9om\u00e8tre qui interviendra prochainement. \u00c0 l\u2019issue de ses conclusions, nous nous assurerons que ce projet soit conforme aux autorisations d\u2019urbanisme et au droit d\u2019occupation du sol.<\/span><\/span><\/em><span style=\"font-family: Comic Sans MS, cursive;\"><span style=\"font-size: medium;\"> \u00bb Dossier \u00e0 suivre. <\/span><\/span><\/p>\n<p style=\"text-align: center;\"><span style=\"font-family: Comic Sans MS, cursive;\"><span style=\"font-size: medium;\">** ** <\/span><\/span><\/p>\n<p style=\"text-align: justify;\"><span style=\"font-family: Comic Sans MS, cursive;\"><span style=\"font-size: medium;\">Pour rappel : sur ce site, un article est d\u00e9j\u00e0 paru sur le sujet hier.<br \/>\n<\/span><\/span><\/p>\n<p style=\"text-align: justify;\">\n","protected":false},"excerpt":{"rendered":"<p>A-t-on affaire \u00e0 un d\u00e9but de Bouyguesgate\u00a0?<\/p>\n","protected":false},"author":4,"featured_media":0,"comment_status":"closed","ping_status":"open","sticky":false,"template":"","format":"standard","meta":{"footnotes":""},"categories":[1],"tags":[],"class_list":["post-10286","post","type-post","status-publish","format-standard","hentry","category-non-classe"],"_links":{"self":[{"href":"https:\/\/collectif-accad.fr\/site\/wp-json\/wp\/v2\/posts\/10286","targetHints":{"allow":["GET"]}}],"collection":[{"href":"https:\/\/collectif-accad.fr\/site\/wp-json\/wp\/v2\/posts"}],"about":[{"href":"https:\/\/collectif-accad.fr\/site\/wp-json\/wp\/v2\/types\/post"}],"author":[{"embeddable":true,"href":"https:\/\/collectif-accad.fr\/site\/wp-json\/wp\/v2\/users\/4"}],"replies":[{"embeddable":true,"href":"https:\/\/collectif-accad.fr\/site\/wp-json\/wp\/v2\/comments?post=10286"}],"version-history":[{"count":1,"href":"https:\/\/collectif-accad.fr\/site\/wp-json\/wp\/v2\/posts\/10286\/revisions"}],"predecessor-version":[{"id":10287,"href":"https:\/\/collectif-accad.fr\/site\/wp-json\/wp\/v2\/posts\/10286\/revisions\/10287"}],"wp:attachment":[{"href":"https:\/\/collectif-accad.fr\/site\/wp-json\/wp\/v2\/media?parent=10286"}],"wp:term":[{"taxonomy":"category","embeddable":true,"href":"https:\/\/collectif-accad.fr\/site\/wp-json\/wp\/v2\/categories?post=10286"},{"taxonomy":"post_tag","embeddable":true,"href":"https:\/\/collectif-accad.fr\/site\/wp-json\/wp\/v2\/tags?post=10286"}],"curies":[{"name":"wp","href":"https:\/\/api.w.org\/{rel}","templated":true}]}}