{"id":10273,"date":"2023-03-15T02:47:32","date_gmt":"2023-03-15T01:47:32","guid":{"rendered":"https:\/\/collectif-accad.fr\/site\/?p=10273"},"modified":"2023-03-14T18:44:17","modified_gmt":"2023-03-14T17:44:17","slug":"videosurveillance","status":"publish","type":"post","link":"https:\/\/collectif-accad.fr\/site\/videosurveillance\/","title":{"rendered":"Videosurveillance"},"content":{"rendered":"<p><img loading=\"lazy\" decoding=\"async\" class=\"size-full wp-image-10323 aligncenter\" src=\"https:\/\/collectif-accad.fr\/site\/wp-content\/uploads\/2023\/03\/Lestrem-230315.jpg\" alt=\"\" width=\"666\" height=\"500\" srcset=\"https:\/\/collectif-accad.fr\/site\/wp-content\/uploads\/2023\/03\/Lestrem-230315.jpg 666w, https:\/\/collectif-accad.fr\/site\/wp-content\/uploads\/2023\/03\/Lestrem-230315-300x225.jpg 300w\" sizes=\"auto, (max-width: 666px) 100vw, 666px\" \/><\/p>\n<p style=\"text-align: left;\"><strong><span style=\"font-family: Comic Sans MS, cursive; font-size: 18pt;\">La vid\u00e9osurveillance envahit nos villes et nos campagnes et attente \u00e0 nos libert\u00e9s, mobilisons-nous toutes et tous !<\/span><\/strong><\/p>\n<p><!--more--><\/p>\n<p style=\"text-align: justify;\"><span style=\"font-family: Comic Sans MS, cursive;\">Nous vous invitons<\/span><\/p>\n<p style=\"text-align: justify;\"><span style=\"font-family: Comic Sans MS, cursive;\"><span lang=\"fr-FR\">&#8211; \u00e0 signer la p\u00e9tition du collectif PLANFOY SANS CAMERA<\/span><\/span><\/p>\n<p style=\"text-align: justify;\"><a href=\"https:\/\/www.change.org\/p\/planfoy-sans-camera\"><span style=\"font-family: Comic Sans MS, cursive;\"><span lang=\"fr-FR\">https:\/\/www.change.org\/p\/planfoy-sans-camera<\/span><\/span><\/a><\/p>\n<p style=\"text-align: justify;\"><span style=\"font-family: Comic Sans MS, cursive;\"><span lang=\"fr-FR\">dans un village pr\u00e8s de Saint-Etienne de 1000 habitant\u00b7es<\/span><\/span><\/p>\n<p style=\"text-align: justify;\"><span style=\"font-family: Comic Sans MS, cursive;\"><span lang=\"fr-FR\">&#8211; \u00e0 contacter vos d\u00e9put\u00e9\u00b7es pour qu&rsquo;ils ou elles signent la p\u00e9tition de LA QUADRATURE DU NET contre la vid\u00e9osurveillance augment\u00e9e (contestation du projet de loi sur les JO 2024 :\u00a0<\/span><\/span><\/p>\n<p style=\"text-align: justify;\"><span style=\"font-family: Comic Sans MS, cursive;\"><span lang=\"fr-FR\">explications\u00a0: <\/span><\/span><\/p>\n<p style=\"text-align: justify;\"><span style=\"font-family: Comic Sans MS, cursive;\"><span lang=\"fr-FR\"><a href=\"https:\/\/www.laquadrature.net\/biometrie-jo\/\">https:\/\/www.laquadrature.net\/biometrie-jo\/<\/a><\/span><\/span><\/p>\n<p style=\"text-align: justify;\"><span style=\"font-family: Comic Sans MS, cursive;\"><span lang=\"fr-FR\">p\u00e9tition : <\/span><\/span><\/p>\n<p style=\"text-align: justify;\"><span style=\"font-family: Comic Sans MS, cursive;\"><span lang=\"fr-FR\"><a href=\"https:\/\/www.laquadrature.net\/wp-content\/themes\/apprenti\/img\/JO\/petition-elus-contre-VSA.pdf\">https:\/\/www.laquadrature.net\/wp-content\/themes<\/a><\/span><\/span><\/p>\n<p style=\"text-align: justify;\"><span style=\"font-family: Comic Sans MS, cursive;\"><span lang=\"fr-FR\">&#8211; \u00e0 signer la p\u00e9tition d&rsquo;AMNESTY INTERNATIONAL <\/span><\/span><\/p>\n<p style=\"text-align: justify;\"><span style=\"font-family: Comic Sans MS, cursive;\"><span lang=\"fr-FR\"><a href=\"https:\/\/www.amnesty.fr\/liberte-d-expression\/actualites\/projet-de-loi-jo-2024-technologies-de-surveillance-intelligence-artificielle\">https:\/\/www.amnesty.fr\/liberte-d-expression\/actualites\/pro<\/a><\/span><\/span><\/p>\n<p style=\"text-align: justify;\"><strong><span style=\"font-family: Comic Sans MS, cursive;\"><span lang=\"fr-FR\">POUR PLUS D&rsquo;EXPLICATIONS<\/span><\/span><\/strong><\/p>\n<p style=\"text-align: justify;\"><span style=\"font-family: Comic Sans MS, cursive;\"><span lang=\"fr-FR\">Les cam\u00e9ras sont depuis longtemps install\u00e9es dans nos villes. Cela a pu \u00eatre contest\u00e9 par des militant\u00b7es, mais la plupart du temps sans soutien de la population. Il en est rest\u00e9 des inventaires cartographiques <\/span><\/span><\/p>\n<p style=\"text-align: justify;\"><span style=\"font-family: Comic Sans MS, cursive;\"><span lang=\"fr-FR\">par ex\u00a0<a href=\"https:\/\/saint-etienne.sous-surveillance.net\/\">https:\/\/saint-etienne.sous-surveillance.net\/<\/a>,<\/span><\/span><\/p>\n<p style=\"text-align: justify;\"><span style=\"font-family: Comic Sans MS, cursive;\"><span lang=\"fr-FR\">p<\/span><\/span><span style=\"font-family: Comic Sans MS, cursive;\"><span lang=\"fr-FR\">age ins\u00e9r\u00e9e dans Numerozero, <\/span><\/span><\/p>\n<p style=\"text-align: justify;\"><span style=\"font-family: Comic Sans MS, cursive;\"><span lang=\"fr-FR\">mais avec le temps les militants n&rsquo;arrivent plus \u00e0 suivre les dotations exponentielles de nos villes (que 207 cam\u00e9ras \u00e0 Saint\u00e9, alors qu&rsquo;officiellement il y en aurait 401).<\/span><\/span><\/p>\n<p style=\"text-align: justify;\"><span style=\"font-family: Comic Sans MS, cursive;\"><span lang=\"fr-FR\">Une nouvelle m\u00e9thode de cartographie a \u00e9t\u00e9 \u00e9tablie par des militant\u00b7es de Technopolice (associ\u00e9\u00b7es \u00e0 LQDN) \u00e0 Marseille et surtout Bruxelles\u00a0<\/span><\/span><\/p>\n<p style=\"text-align: justify;\"><span style=\"font-family: Comic Sans MS, cursive;\"><span lang=\"fr-FR\"><a href=\"https:\/\/carto.technopolice.be\/\" target=\"_blank\" rel=\"noopener\">https:\/\/carto.technopolice.be\/<\/a>, <\/span><\/span><\/p>\n<p style=\"text-align: justify;\"><span style=\"font-family: Comic Sans MS, cursive;\"><span lang=\"fr-FR\">o\u00f9 ils se font des rep\u00e9rages par quartiers le samedi. On va utiliser cette m\u00e9thode en juin \u00e0 Saint\u00e9 avec des \u00e9tudiant\u00b7es de sciences-po.<\/span><\/span><\/p>\n<p style=\"text-align: justify;\"><span style=\"font-family: Comic Sans MS, cursive;\"><span lang=\"fr-FR\">A mentionner notre action contre les micros en 2019<\/span><\/span><\/p>\n<p style=\"text-align: justify;\"><span style=\"font-family: Comic Sans MS, cursive;\"><span lang=\"fr-FR\">action \u00ab\u00a0Serenicity\u00a0\u00bb, <\/span><\/span><\/p>\n<p style=\"text-align: justify;\"><a href=\"https:\/\/halteaucontrolenumerique.fr\/?p=36\"><span style=\"font-family: Comic Sans MS, cursive;\"><span lang=\"fr-FR\">https:\/\/halteaucontrolenumerique.fr\/?p=36<\/span><\/span><\/a><\/p>\n<p style=\"text-align: justify;\"><span style=\"font-family: Comic Sans MS, cursive;\"><span lang=\"fr-FR\">o\u00f9 nous avions b\u00e9n\u00e9fici\u00e9 du soutien -relatif- de la population : il y avait la nouveaut\u00e9 de ce type d&rsquo;outil qui horrifiait beaucoup, population et m\u00e9dias.<\/span><\/span><\/p>\n<p style=\"text-align: justify;\"><span style=\"font-family: Comic Sans MS, cursive;\">Mais, ph\u00e9nom\u00e8ne nouveau, ce sont les campagnes qui se soul\u00e8vent ! A Lentill\u00e8res (pr\u00e8s de Dijon), Foix, Putanges, Moirans (38, o\u00f9 LQDN a lanc\u00e9 une action en justice) &#8230; Planfoy (bourg de 1000 h vers Saint\u00e9),\u00a0Tupin et Semons (617 h dans le Rh\u00f4ne)&#8230;<\/span><\/p>\n<p style=\"text-align: justify;\"><span style=\"font-family: Comic Sans MS, cursive;\">En jeu sans doute le fait que des n\u00e9o-ruraux ont fuit les villes pour justement \u00e9chapper \u00e0 ces logiques. Et qu&rsquo;ils pressentent la volont\u00e9 de contr\u00f4le \u00e9tatique, mais aussi r\u00e9gionale (Waukiez et la reconnaissance faciale dans les trains), d\u00e9partementale (la loi s\u00e9curit\u00e9 globale permet d\u00e9sormais la mise en place de plans d\u00e9partementaux, utilis\u00e9e dans le Val d&rsquo;Oise, amorc\u00e9e dans la Loire avec le programme Roc42, actuellement par le biais de capteurs mais&#8230;).<\/span><\/p>\n<p style=\"text-align: justify;\"><span style=\"font-family: Comic Sans MS, cursive;\"><span lang=\"fr-FR\">D&rsquo;o\u00f9 nos articles d&rsquo;inventaire dans la Loire<\/span><\/span><\/p>\n<p style=\"text-align: justify;\">\u00a0<span style=\"font-family: Comic Sans MS, cursive;\"><span lang=\"fr-FR\"><a href=\"https:\/\/halteaucontrolenumerique.fr\/?p=1141\" target=\"_blank\" rel=\"noopener\">https:\/\/halteaucontrolenumerique.fr\/?p=1141<\/a>, <\/span><\/span><\/p>\n<p style=\"text-align: justify;\"><span style=\"font-family: Comic Sans MS, cursive;\"><span lang=\"fr-FR\">et contre la loi JO 2024\u00a0<\/span><\/span><\/p>\n<p style=\"text-align: justify;\"><span style=\"font-family: Comic Sans MS, cursive;\"><span lang=\"fr-FR\"><a href=\"https:\/\/halteaucontrolenumerique.fr\/?p=2272\" target=\"_blank\" rel=\"noopener\">https:\/\/halteaucontrolenumerique.fr\/?p=2272<\/a>. <\/span><\/span><\/p>\n<p style=\"text-align: justify;\"><span style=\"font-family: Comic Sans MS, cursive;\"><span lang=\"fr-FR\">Car il est n\u00e9cessaire d&rsquo;envisager la suite<\/span><\/span><\/p>\n<ul style=\"text-align: justify;\">\n<li><span style=\"font-family: Comic Sans MS, cursive;\"><span lang=\"fr-FR\">quelques cam\u00e9ras sont vite ridicules : le garde champ\u00eatre mobilis\u00e9 pour regarder sur l&rsquo;ordi de la mairie n&rsquo;y suffira pas<\/span><\/span><span style=\"font-family: Comic Sans MS, cursive;\"><span lang=\"fr-FR\">voir le <\/span><\/span><strong><span style=\"font-family: Comic Sans MS, cursive;\"><span lang=\"fr-FR\">documentaire<\/span><\/span><\/strong><span style=\"font-family: Comic Sans MS, cursive;\"><span lang=\"fr-FR\"> \u00ab\u00a0Fliquez-vous les uns les autres\u00a0\u00bb : <\/span><\/span><\/li>\n<li><span style=\"font-family: Comic Sans MS, cursive;\"><span lang=\"fr-FR\"><a href=\"https:\/\/video.lqdn.fr\/w\/9x8aHtrChApTUYSXCntPsg\">https:\/\/video.lqdn.fr\/w\/9x8aHtrChApTUYSXCntPsg<\/a><\/span><\/span><span style=\"font-family: Comic Sans MS, cursive;\"><span lang=\"fr-FR\">ou <\/span><\/span><a href=\"https:\/\/sciences-critiques.fr\/la-videosurveillance-investit-les-campagnes-dans-lindifference-generale\/\" target=\"_blank\" rel=\"noopener\"><span style=\"font-family: Comic Sans MS, cursive;\"><span lang=\"fr-FR\">https:\/\/sciences-critiques.fr\/la-videosurveillance-<\/span><\/span><\/a><\/li>\n<li><span style=\"font-family: Comic Sans MS, cursive;\">on mutualisera sur plusieurs communes avec un CSU (centre de supervision \u00ab\u00a0urbaine), au co\u00fbt d\u00e9mentiel (mat\u00e9riel ET personnel fixe) <\/span><\/li>\n<li><span style=\"font-family: Comic Sans MS, cursive;\"><span lang=\"fr-FR\">et on passera \u00e0 la VSA, \u00e0 la reconnaissance faciale \u00e0 terme : N\u00eemes y est (?)<\/span><\/span><span style=\"font-family: Comic Sans MS, cursive;\"><span lang=\"fr-FR\"><a href=\"https:\/\/sciences-critiques.fr\/a-nimes-la-reconnaissance-faciale-devoile-son-vrai-visage\/\">https:\/\/sciences-critiques.fr\/a-nimes-la-reconnaissance-faciale<\/a><\/span><\/span><span style=\"font-family: Comic Sans MS, cursive;\"><span lang=\"fr-FR\">comme en Chine <\/span><\/span><span style=\"font-family: Comic Sans MS, cursive;\"><span lang=\"fr-FR\">Documentaire \u00ab\u00a0Ma femme a du cr\u00e9dit\u00a0\u00bb : <\/span><\/span><\/li>\n<li><span style=\"font-family: Comic Sans MS, cursive;\"><span lang=\"fr-FR\"><a href=\"https:\/\/www.imagotv.fr\/documentaires\/ma-femme-a-du-credit\" target=\"_blank\" rel=\"noopener\">https:\/\/www.imagotv.fr\/documentaires\/ma-femme-a-du-credit<\/a> <\/span><\/span><\/li>\n<\/ul>\n<p style=\"text-align: justify;\"><span style=\"font-family: Comic Sans MS, cursive;\">Denis pour HACN<\/span><\/p>\n","protected":false},"excerpt":{"rendered":"<p>La vid\u00e9osurveillance envahit nos villes et nos campagnes et attente \u00e0 nos libert\u00e9s, mobilisons-nous toutes et tous !<\/p>\n","protected":false},"author":4,"featured_media":0,"comment_status":"closed","ping_status":"open","sticky":false,"template":"","format":"standard","meta":{"footnotes":""},"categories":[1],"tags":[],"class_list":["post-10273","post","type-post","status-publish","format-standard","hentry","category-non-classe"],"_links":{"self":[{"href":"https:\/\/collectif-accad.fr\/site\/wp-json\/wp\/v2\/posts\/10273","targetHints":{"allow":["GET"]}}],"collection":[{"href":"https:\/\/collectif-accad.fr\/site\/wp-json\/wp\/v2\/posts"}],"about":[{"href":"https:\/\/collectif-accad.fr\/site\/wp-json\/wp\/v2\/types\/post"}],"author":[{"embeddable":true,"href":"https:\/\/collectif-accad.fr\/site\/wp-json\/wp\/v2\/users\/4"}],"replies":[{"embeddable":true,"href":"https:\/\/collectif-accad.fr\/site\/wp-json\/wp\/v2\/comments?post=10273"}],"version-history":[{"count":5,"href":"https:\/\/collectif-accad.fr\/site\/wp-json\/wp\/v2\/posts\/10273\/revisions"}],"predecessor-version":[{"id":10322,"href":"https:\/\/collectif-accad.fr\/site\/wp-json\/wp\/v2\/posts\/10273\/revisions\/10322"}],"wp:attachment":[{"href":"https:\/\/collectif-accad.fr\/site\/wp-json\/wp\/v2\/media?parent=10273"}],"wp:term":[{"taxonomy":"category","embeddable":true,"href":"https:\/\/collectif-accad.fr\/site\/wp-json\/wp\/v2\/categories?post=10273"},{"taxonomy":"post_tag","embeddable":true,"href":"https:\/\/collectif-accad.fr\/site\/wp-json\/wp\/v2\/tags?post=10273"}],"curies":[{"name":"wp","href":"https:\/\/api.w.org\/{rel}","templated":true}]}}