{"id":10271,"date":"2023-03-13T02:40:57","date_gmt":"2023-03-13T01:40:57","guid":{"rendered":"https:\/\/collectif-accad.fr\/site\/?p=10271"},"modified":"2023-03-12T10:05:48","modified_gmt":"2023-03-12T09:05:48","slug":"leve-les-yeux-en-debut-de-mois","status":"publish","type":"post","link":"https:\/\/collectif-accad.fr\/site\/leve-les-yeux-en-debut-de-mois\/","title":{"rendered":"L\u00e8ve les yeux en d\u00e9but de mois"},"content":{"rendered":"<p style=\"text-align: left;\"><span style=\"font-size: 18pt;\"><strong><span style=\"font-family: Comic Sans MS, cursive;\">En ce d\u00e9but d\u2019ann\u00e9e, nos efforts semblent r\u00e9compens\u00e9s<\/span><\/strong><\/span><\/p>\n<p><!--more--><\/p>\n<p style=\"text-align: justify;\"><span style=\"font-family: Comic Sans MS, cursive;\"><span style=\"font-size: medium;\">La question de la place des \u00e9crans dans nos vies gagne du terrain dans le d\u00e9bat public et \u00e0 l\u2019agenda politique.<\/span><\/span><\/p>\n<p style=\"text-align: justify;\"><a href=\"http:\/\/9tqt.mjt.lu\/lnk\/AWkAABCweRQAAchn_0QAALHM2PIAAAAc7YoAm850AAwqMwBkB1Lv82wXbKNRRVSS6Xt8ANCNwwAMM_Y\/1\/hegpTpLjv9CO1o1hMbIHLw\/aHR0cHM6Ly93d3cubGV2ZWxlc3lldXguY29tL3VuLXBldS1kZXNwb2lyLWVuLWNlLWRlYnV0LWRhbm5lZS8\" target=\"_blank\" rel=\"noopener\"><span style=\"font-family: Comic Sans MS, cursive;\"><span style=\"font-size: medium;\"><u>Trois propositions de lois<\/u><\/span><\/span><\/a><span style=\"font-family: Comic Sans MS, cursive;\"><span style=\"font-size: medium;\"> sont en effet en cours d\u2019examen pour tenter de limiter les risques et d\u00e9g\u00e2ts provoqu\u00e9s par le d\u00e9ploiement num\u00e9rique tous azimuts : mise en place d\u2019une politique publique de pr\u00e9vention sur la surexposition des enfants aux \u00e9crans, protection du droit \u00e0 l\u2019image des enfants, instauration d\u2019une majorit\u00e9 num\u00e9rique \u00e0 15 ans. On a certes l\u2019impression de voir s\u2019\u00e9lever des petites cl\u00f4tures en mousse l\u00e9gislatives contre le rouleau compresseur num\u00e9rique, mais sans doute faut-il se r\u00e9jouir : la prise de conscience progresse.<\/span><\/span><\/p>\n<p style=\"text-align: justify;\"><span style=\"font-family: Comic Sans MS, cursive;\"><span style=\"font-size: medium;\">Et sur le terrain, l\u2019action continue : Un atelier L\u00e8ve les yeux dans le Val de Marne a \u00e9t\u00e9 capt\u00e9 par <\/span><\/span><a href=\"http:\/\/9tqt.mjt.lu\/lnk\/AWkAABCweRQAAchn_0QAALHM2PIAAAAc7YoAm850AAwqMwBkB1Lv82wXbKNRRVSS6Xt8ANCNwwAMM_Y\/2\/5AiXFPIuUFfV2luyf1wNHQ\/aHR0cHM6Ly93d3cucmFkaW9mcmFuY2UuZnIvZnJhbmNlaW50ZXIvcG9kY2FzdHMvZXNwcml0LWQtaW5pdGlhdGl2ZS9lc3ByaXQtZC1pbml0aWF0aXZlLWR1LWx1bmRpLTA2LW1hcnMtMjAyMy0xMjA0MDQ0\" target=\"_blank\" rel=\"noopener\"><span style=\"font-family: Comic Sans MS, cursive;\"><span style=\"font-size: medium;\"><u>France Inter<\/u><\/span><\/span><\/a><span style=\"font-family: Comic Sans MS, cursive;\"><span style=\"font-size: medium;\">, des parents d\u2019\u00e9l\u00e8ves se rassemblent et luttent contre la num\u00e9risation de l\u2019\u00e9cole, (<\/span><\/span><a href=\"http:\/\/9tqt.mjt.lu\/lnk\/AWkAABCweRQAAchn_0QAALHM2PIAAAAc7YoAm850AAwqMwBkB1Lv82wXbKNRRVSS6Xt8ANCNwwAMM_Y\/3\/O88pVxxbmIod3NCCxUbbqQ\/aHR0cHM6Ly93d3cubGV2ZWxlc3lldXguY29tL3BldGl0aW9uLWF1cHJlcy1kZS1sYS1tYWlyaWUtZGUtcG9pdGllcnMtZW1wZWNob25zLWxhcnJpdmVlLWRlcy1lY3JhbnMtYS1sZWNvbGUv\" target=\"_blank\" rel=\"noopener\"><span style=\"font-family: Comic Sans MS, cursive;\"><span style=\"font-size: medium;\"><u>ici<\/u><\/span><\/span><\/a><span style=\"font-family: Comic Sans MS, cursive;\"><span style=\"font-size: medium;\"> \u00e0 Poitiers et <\/span><\/span><a href=\"http:\/\/9tqt.mjt.lu\/lnk\/AWkAABCweRQAAchn_0QAALHM2PIAAAAc7YoAm850AAwqMwBkB1Lv82wXbKNRRVSS6Xt8ANCNwwAMM_Y\/4\/hit3HEy18i8nAGmkAVZ7Ew\/aHR0cHM6Ly93d3cubWFyaWFubmUubmV0L2Fnb3JhL3RyaWJ1bmVzLWxpYnJlcy9sZWR1Y2F0aW9uLW5hdGlvbmFsZS1yZW5mb3JjZS1sYS1kZXBlbmRhbmNlLWF1LW51bWVyaXF1ZQ\" target=\"_blank\" rel=\"noopener\"><span style=\"font-family: Comic Sans MS, cursive;\"><span style=\"font-size: medium;\"><u>l\u00e0<\/u><\/span><\/span><\/a><span style=\"font-family: Comic Sans MS, cursive;\"><span style=\"font-size: medium;\"> au sein du Collectif CoLINE), \u00e0 Marseille des <\/span><\/span><a href=\"http:\/\/9tqt.mjt.lu\/lnk\/AWkAABCweRQAAchn_0QAALHM2PIAAAAc7YoAm850AAwqMwBkB1Lv82wXbKNRRVSS6Xt8ANCNwwAMM_Y\/5\/sB87kAPKMdGr9W3EyZtr_g\/aHR0cHM6Ly93d3cubGV2ZWxlc3lldXguY29tL2RlZmktZGVjb25uZXhpb24tMmVtZS1lZGl0aW9uLw\" target=\"_blank\" rel=\"noopener\"><span style=\"font-family: Comic Sans MS, cursive;\"><span style=\"font-size: medium;\"><u>quartiers se d\u00e9connectent<\/u><\/span><\/span><\/a><span style=\"font-family: Comic Sans MS, cursive;\"><span style=\"font-size: medium;\">, pendant que le Collectif Attention continue de <\/span><\/span><a href=\"http:\/\/9tqt.mjt.lu\/lnk\/AWkAABCweRQAAchn_0QAALHM2PIAAAAc7YoAm850AAwqMwBkB1Lv82wXbKNRRVSS6Xt8ANCNwwAMM_Y\/6\/vrlz4mZh6F_RxfS5-nH0lg\/aHR0cHM6Ly93d3cuY29sbGVjdGlmYXR0ZW50aW9uLmNvbS9wcm9wb3NpdGlvbnMv\" target=\"_blank\" rel=\"noopener\"><span style=\"font-family: Comic Sans MS, cursive;\"><span style=\"font-size: medium;\"><u>porter ses propositions<\/u><\/span><\/span><\/a><span style=\"font-family: Comic Sans MS, cursive;\"><span style=\"font-size: medium;\"> (en grande partie absentes des projets de loi) pour une r\u00e9ponse collective \u00e0 la hauteur des enjeux..<\/span><\/span><\/p>\n<p style=\"text-align: center;\"><span style=\"font-family: Comic Sans MS, cursive;\">** **<\/span><\/p>\n<p style=\"text-align: justify;\"><span style=\"font-family: Comic Sans MS, cursive;\">I.\u00a0Questions de r\u00e9gulation<\/span><\/p>\n<p style=\"text-align: justify;\"><span style=\"font-family: Comic Sans MS, cursive;\">Le <a href=\"https:\/\/www.education.gouv.fr\/strategie-du-numerique-pour-l-education-2023-2027-344263\" target=\"_blank\" rel=\"noopener\">plan pluriannuel<\/a> sur le num\u00e9rique dans l\u2019\u00e9ducation pour la p\u00e9riode 2023-2027 a \u00e9t\u00e9 publi\u00e9 fin janvier dernier par le gouvernement. Si les outils num\u00e9riques continuent d\u2019infiltrer massivement l\u2019\u00e9cole, on peut n\u00e9anmoins souligner la distinction de niveaux en ce qui concerne le d\u00e9ploiement du \u00ab\u00a0manuel scolaire num\u00e9rique\u00a0\u00bb : en compl\u00e9ment du papier au coll\u00e8ge, en remplacement complet au lyc\u00e9e, mais ne concernant pas les \u00e9l\u00e8ves de primaire.<\/span><\/p>\n<p style=\"text-align: justify;\"><span style=\"font-family: Comic Sans MS, cursive;\">A l\u2019assemble nationale, 3 propositions de lois sont pr\u00e9vues pour mars 2023 (reprises plus en d\u00e9tail sur <a href=\"http:\/\/www.surexpositionecrans.org\/3-propositions-de-loi-sur-les-ecrans-bientot-a-lassemblee-nationale\/\" target=\"_blank\" rel=\"noopener\">le site du CoSE<\/a>) : une loi pour limiter la surexposition des enfants aux \u00e9crans sera propos\u00e9e par Caroline Janvier, d\u00e9put\u00e9e du Loiret\u00a0; une loi pour prot\u00e9ger le droit \u00e0 l\u2019image des enfants sera propos\u00e9e par Bruno Studer, d\u00e9put\u00e9 du Bas-Rhin\u00a0; enfin une loi visant \u00e0 instaurer une majorit\u00e9 num\u00e9rique \u00e0 15 ans et \u00e0 lutter contre la haine en ligne sera propos\u00e9e par Laurent Marcangeli, d\u00e9put\u00e9 de Corse du Sud.<\/span><\/p>\n<p style=\"text-align: justify;\"><span style=\"font-family: Comic Sans MS, cursive;\">Aux Etats-Unis, le d\u00e9bat autour de la mod\u00e9ration des contenus semble \u00eatre relanc\u00e9\u00a0par l\u2019affaire Gonzalez vs Google\u00a0: voir \u00e0 ce sujet un article dans <a href=\"https:\/\/www.lemonde.fr\/pixels\/article\/2023\/02\/21\/moderation-des-contenus-comment-l-affaire-gonzalez-vs-google-pourrait-redefinir-la-responsabilite-des-plates-formes-numeriques_6162643_4408996.html\" target=\"_blank\" rel=\"noopener\">Le Monde<\/a>.<\/span><\/p>\n<p style=\"text-align: justify;\"><span style=\"font-family: Comic Sans MS, cursive;\">Pendant qu\u2019au Canada, la protection des donn\u00e9es entra\u00eene l\u2019interdiction en urgence de TikTok sur les appareils mobiles du gouvernement (<a href=\"https:\/\/www.lemonde.fr\/pixels\/article\/2023\/02\/28\/canada-tiktok-interdit-en-urgence-sur-les-appareils-mobiles-du-gouvernement_6163549_4408996.html\" target=\"_blank\" rel=\"noopener\">Le Monde<\/a>)<\/span><\/p>\n<p style=\"text-align: justify;\"><span style=\"font-family: Comic Sans MS, cursive;\">En France, les r\u00e9seaux sociaux donnent la part belle aux influenceurs et au capitalisme num\u00e9rique\u00a0: voir l\u2019article de <a href=\"https:\/\/www.mediapart.fr\/journal\/ecologie\/260223\/la-nouvelle-mode-de-la-desinfluence-sur-les-reseaux-sociaux-une-autre-methode-de-greenwashing\" target=\"_blank\" rel=\"noopener\">M\u00e9diapart<\/a> sur la nouvelle mode de la \u00ab\u00a0d\u00e9sinfluence\u00a0\u00bb comme m\u00e9thode de greenwashing. La r\u00e9gulation de ces pratiques pourrait voir le jour sous forme de \u00ab\u00a0certificat d\u2019influenceur\u00a0\u00bb (<a href=\"https:\/\/usbeketrica.com\/fr\/article\/un-certificat-d-influenceur-vraiment-la-solution-pour-reguler-ce-milieu-controverse\" target=\"_blank\" rel=\"noopener\">Usbek et Rica<\/a>)<\/span><\/p>\n<p style=\"text-align: justify;\">\u00a0<span style=\"font-family: Comic Sans MS, cursive;\">II.\u00a0L\u2019empire des GAFAM<\/span><\/p>\n<p style=\"text-align: justify;\"><span style=\"font-family: Comic Sans MS, cursive;\">Pour comprendre les enjeux id\u00e9ologiques et politiques li\u00e9s \u00e0 l\u2019\u00e9conomie du num\u00e9rique, quelques \u00e9missions et articles\u00a0:<\/span><\/p>\n<p style=\"text-align: justify;\"><span style=\"font-family: Comic Sans MS, cursive;\">&#8211; S\u00e9rie \u00ab\u00a0Trois regards sur l\u2019\u00e9conomie num\u00e9rique\u00a0\u00bb, premier \u00e9pisode \u00ab\u00a0De l\u2019Internet libre \u00e0 l\u2019\u00e9conomie de plateforme\u00a0\u00bb (<a href=\"https:\/\/www.radiofrance.fr\/franceculture\/podcasts\/entendez-vous-l-eco\/de-l-internet-libre-a-l-economie-de-plateforme-7046322\" target=\"_blank\" rel=\"noopener\">Entendez-vous l\u2019\u00e9co, France Culture<\/a>)<\/span><\/p>\n<p style=\"text-align: justify;\"><span style=\"font-family: Comic Sans MS, cursive;\">&#8211; Steve Jobs et les entrepreneurs de la Sillicon Valley sont-ils des imposteurs\u00a0? (<a href=\"https:\/\/www.radiofrance.fr\/franceculture\/steve-jobs-et-les-entrepreneurs-de-la-sillicon-valley-sont-ils-des-imposteurs-8463069\" target=\"_blank\" rel=\"noopener\">France Culture<\/a>)<\/span><\/p>\n<p style=\"text-align: justify;\"><span style=\"font-family: Comic Sans MS, cursive;\">&#8211; Analyse dans le <a href=\"https:\/\/www.nytimes.com\/2023\/02\/26\/opinion\/microsoft-bing-sydney-artificial-intelligence.html\" target=\"_blank\" rel=\"noopener\">New York Times<\/a> des dangers de l\u2019intelligence artificielle tomb\u00e9e dans les mains de la logique capitaliste\u00a0: \u00ab The imminent danger of A.I is one we\u2019re not talking about\u00a0\u00bb<\/span><\/p>\n<p style=\"text-align: justify;\"><span style=\"font-family: Comic Sans MS, cursive;\">Le mod\u00e8le des Gafam est-il en p\u00e9ril\u00a0? Article dans <a href=\"https:\/\/www.lemonde.fr\/podcasts\/article\/2023\/02\/22\/gafam-les-geants-de-la-tech-dans-la-tourmente_6162784_5463015.html\" target=\"_blank\" rel=\"noopener\">Le Monde\u00a0<\/a>: \u00ab\u00a0Les g\u00e9ants de la tech dans la tourmente\u00a0\u00bb<\/span><\/p>\n<p style=\"text-align: justify;\"><span style=\"font-family: Comic Sans MS, cursive;\">III.\u00a0In\u00e9galit\u00e9s et injustices \u00e0 l\u2019\u00e8re du num\u00e9rique<\/span><\/p>\n<p style=\"text-align: justify;\"><span style=\"font-family: Comic Sans MS, cursive;\">La num\u00e9risation de la soci\u00e9t\u00e9 continue de creuser les in\u00e9galit\u00e9s. Voir dans <a href=\"https:\/\/www.piecesetmaindoeuvre.com\/spip.php?page=resume&amp;id_article=1807\" target=\"_blank\" rel=\"noopener\">PMO<\/a>, un t\u00e9moignage sur l\u2019exclusion provoqu\u00e9e par l\u2019impossibilit\u00e9 de refuser l\u2019identit\u00e9 num\u00e9rique. <\/span><\/p>\n<p style=\"text-align: justify;\"><span style=\"font-family: Comic Sans MS, cursive;\">Les in\u00e9galit\u00e9s de genre seraient \u00e9galement renforc\u00e9es par le num\u00e9rique. A ce sujet, Mathilde Saliou vient de publier l\u2019essai <a href=\"https:\/\/www.grasset.fr\/livres\/technofeminisme-9782246828822\" target=\"_blank\" rel=\"noopener\">\u00ab\u00a0Techno-f\u00e9minisme\u00a0\u2013 comment le num\u00e9rique aggrave les in\u00e9galit\u00e9s\u00a0\u00bb<\/a> (Grasset, 2023). Elle est invit\u00e9e dans l\u2019\u00e9mission <a href=\"https:\/\/www.radiofrance.fr\/franceculture\/podcasts\/le-meilleur-des-mondes\/inegalites-dans-le-numerique-pour-un-futur-technofeministe-7166073\" target=\"_blank\" rel=\"noopener\">Le meilleur des mondes, sur France Culture.<\/a><\/span><\/p>\n<p style=\"text-align: justify;\"><span style=\"font-family: Comic Sans MS, cursive;\">Les plateformes num\u00e9riques comme LinkedIn peuvent se retourner contre nous\u00a0: \u00ab\u00a0Caution bancaire\u00a0&#8211; quand vote profil LinkedIn se retourne contre vous\u00a0\u00bb (<a href=\"https:\/\/www.lemonde.fr\/argent\/article\/2023\/02\/27\/caution-bancaire-quand-votre-profil-linkedln-se-retourne-contre-vous_6163433_1657007.html\" target=\"_blank\" rel=\"noopener\">Le Monde<\/a>)<\/span><\/p>\n<p style=\"text-align: justify;\"><span style=\"font-family: Comic Sans MS, cursive;\">IV.\u00a0R\u00e9flexions autour de l\u2019IA<\/span><\/p>\n<p style=\"text-align: justify;\"><span style=\"font-family: Comic Sans MS, cursive;\">&#8211; Dans l\u2019\u00e9mission<a href=\"https:\/\/www.arte.tv\/fr\/videos\/109500-117-A\/28-minutes\/\" target=\"_blank\" rel=\"noopener\"> 28 minutes sur Arte<\/a>, un d\u00e9bat consacr\u00e9 \u00e0 l\u2019intelligence artificielle <\/span><\/p>\n<p style=\"text-align: justify;\"><span style=\"font-family: Comic Sans MS, cursive;\">&#8211;\u00a0<a href=\"https:\/\/www.lesechos.fr\/idees-debats\/editos-analyses\/la-faillite-epistemologique-de-chatgpt-1908838\" target=\"_blank\" rel=\"noopener\">Chronique de Gaspard Koenig \u00e0 lire dans les \u00c9chos<\/a>\u00a0: \u00ab\u00a0La faillite \u00e9pist\u00e9mologique de ChatGPT\u00a0\u00bb.<\/span><\/p>\n<p style=\"text-align: justify;\"><span style=\"font-family: Comic Sans MS, cursive;\">V.\u00a0Lectures<\/span><\/p>\n<p style=\"text-align: justify;\"><span style=\"font-family: Comic Sans MS, cursive;\">&#8211; Blog <a href=\"https:\/\/lesamisdebartleby.wordpress.com\/\" target=\"_blank\" rel=\"noopener\">Les amis de Bartleby<\/a> qui regorge d\u2019articles et d\u2019analyses critiques de la technique.<\/span><\/p>\n<p style=\"text-align: justify;\"><span style=\"font-family: Comic Sans MS, cursive;\">&#8211;\u00a0<a href=\"https:\/\/sciences-critiques.fr\/sciences-critiques-se-lance-dans-lautoedition\/\" target=\"_blank\" rel=\"noopener\">Sciences Critiques<\/a>, site d\u2019information et de r\u00e9flexion critique sur les sciences, se lance dans l\u2019auto\u00e9dition. Deux textes d\u2019Anthony Laurent sont d\u00e8s \u00e0 pr\u00e9sent disponibles\u00a0en papier : <\/span><span style=\"font-family: Comic Sans MS, cursive;\"><i>La technologisation de la vie\u00a0: du mythe \u00e0 la r\u00e9alit\u00e9<\/i><\/span><span style=\"font-family: Comic Sans MS, cursive;\"> et <\/span><span style=\"font-family: Comic Sans MS, cursive;\"><i>La guerre des mondes<\/i><\/span><\/p>\n<p style=\"text-align: justify;\"><a href=\"https:\/\/ccaves.org\/blog\/\" target=\"_blank\" rel=\"noopener\"><span style=\"font-family: Comic Sans MS, cursive;\">https:\/\/ccaves.org\/blog\/<\/span><\/a><\/p>\n<p style=\"text-align: center;\"><span style=\"font-family: Comic Sans MS, cursive;\">** **<\/span><\/p>\n<p class=\"western\" style=\"text-align: center;\"><strong><span style=\"font-family: Comic Sans MS, cursive;\"><span style=\"font-size: medium;\">Un peu d\u2019espoir en ce d\u00e9but d\u2019ann\u00e9e ?<\/span><\/span><\/strong><\/p>\n<p style=\"text-align: justify;\"><span style=\"font-family: Comic Sans MS, cursive;\"><span style=\"font-size: medium;\">Trois projets de lois et une campagne nationale de sensibilisation contre la surexposition aux \u00e9crans\u00a0: sans nul doute, il se passe quelque chose du c\u00f4t\u00e9 du gouvernement et de nos parlementaires en ce d\u00e9but d\u2019ann\u00e9e. La <a href=\"https:\/\/www.economie.gouv.fr\/campagne-sensibilisation-dediee-parentalite-numerique\">campagne de sensibilisation<\/a> a \u00e9t\u00e9 d\u00e9ploy\u00e9e par le gouvernement en f\u00e9vrier, et s\u2019inscrit dans l\u2019\u00e9ternelle promotion des \u00ab\u00a0bons usages\u00a0\u00bb du num\u00e9rique, et donc dans la responsabilisation des individus, ici les parents : un pis-aller qui ne saurait, selon nous, apporter une v\u00e9ritable r\u00e9ponse face aux effets d\u00e9sastreux des \u00e9crans sur la sant\u00e9 et le bien-\u00eatre des jeunes.<\/span><\/span><\/p>\n<p style=\"text-align: justify;\"><span style=\"font-family: Comic Sans MS, cursive;\"><span style=\"font-size: medium;\">Cependant, plusieurs \u00e9lus font remonter la probl\u00e9matique \u00e0 l\u2019agenda politique afin que des mesures soient mises en place. Voici un rapide tour d\u2019horizon des trois propositions de loi pr\u00e9sent\u00e9es \u00e0 l\u2019Assembl\u00e9e nationale en mars.<\/span><\/span><\/p>\n<p style=\"text-align: justify;\"><strong><span style=\"font-family: Comic Sans MS, cursive;\"><span style=\"font-size: medium;\">Pour une pr\u00e9vention de l\u2019exposition excessive des enfants aux \u00e9crans \u2013 Proposition de loi port\u00e9e par Caroline Janvier, d\u00e9put\u00e9e du Loiret. <\/span><\/span><\/strong><\/p>\n<p style=\"text-align: justify;\"><span style=\"font-family: Comic Sans MS, cursive;\"><span style=\"font-size: medium;\">&#8230;<\/span><\/span><\/p>\n<p style=\"text-align: justify;\"><span style=\"font-family: Comic Sans MS, cursive;\"><span style=\"font-size: medium;\"><a href=\"https:\/\/www.levelesyeux.com\/un-peu-despoir-en-ce-debut-dannee\/\">https:\/\/www.levelesyeux.com\/un-peu-despoir-en-ce-debut-dannee\/<\/a> <\/span><\/span><\/p>\n<p style=\"text-align: center;\"><span style=\"font-family: Comic Sans MS, cursive;\"><span style=\"font-size: medium;\">** **<\/span><\/span><\/p>\n<p class=\"western\" style=\"text-align: center;\"><strong><span style=\"font-family: Comic Sans MS, cursive;\"><span style=\"font-size: medium;\">Aux parents qui doutent<\/span><\/span><\/strong><\/p>\n<p style=\"text-align: justify;\"><span style=\"font-family: Comic Sans MS, cursive;\"><span style=\"font-size: medium;\">J\u2019ai eu le plaisir de d\u00e9battre avec Gilles Vernet \u00e0 l\u2019invitation de RCF au coll\u00e8ge des Bernardins sur le th\u00e8me \u00ab\u00a0<a href=\"https:\/\/www.rcf.fr\/articles\/actualite\/emission-speciale-colloque-des-bernardins-comment-construire-une-parentalite\">Comment construire une parentalit\u00e9 num\u00e9rique positive\u00a0?\u00a0<\/a>\u00bb<\/span><\/span><\/p>\n<p style=\"text-align: justify;\"><span style=\"font-family: Comic Sans MS, cursive;\"><span style=\"font-size: medium;\">D\u2019abord le th\u00e8me m\u2019a fait bondir, et j\u2019ai craint que nous en restions uniquement aux conseils de bon usage, aux petites recettes individuelles pour nous d\u00e9culpabiliser en tant que parents, \u00e0 la promotion des rem\u00e8des fournis pr\u00e9cis\u00e9ment par les entreprises du num\u00e9rique responsables des maux que nous combattons. La \u00ab\u00a0parentalit\u00e9 num\u00e9rique\u00a0positive \u00bb, un oxymore de plus apr\u00e8s la \u00ab\u00a0croissance verte\u00a0\u00bb, le \u00ab\u00a0d\u00e9veloppement durable\u00a0\u00bb, etc. Pourquoi pas un s\u00e9minaire sur le \u00ab\u00a0contr\u00f4le parental\u00a0\u00bb\u00a0?<\/span><\/span><\/p>\n<p style=\"text-align: justify;\"><span style=\"font-family: Comic Sans MS, cursive;\"><span style=\"font-size: medium;\">Car que pouvons-nous aujourd\u2019hui face aux plus grandes entreprises de notre \u00e9poque\u00a0? Les \u00ab\u00a0\u00e9cogestes\u00a0\u00bb quotidiens, sans un cadre politique n\u00e9goci\u00e9 et des mesures collectives de protection resteront lettre morte.<\/span><\/span><\/p>\n<p style=\"text-align: justify;\"><span style=\"font-family: Comic Sans MS, cursive;\"><span style=\"font-size: medium;\">Heureusement, qui dit parents dit citoyens, et nous avons tr\u00e8s vite aussi parl\u00e9 de structure, d\u2019\u00e9conomie de l\u2019attention, d\u2019\u00e9ducation et de d\u00e9mocratie, du r\u00f4le de l\u2019\u00e9cole et de l\u2019importance du livre et de la lecture, de politique en somme. J\u2019ai pu relayer les mesures de protection de l\u2019attention que nous soutenons avec les autres associations du <a href=\"https:\/\/www.collectifattention.com\/propositions\/\">Collectif Attention\u00a0<\/a>: pas d\u2019\u00e9crans \u00e0 l\u2019\u00e9cole (hormis apprentissage de l\u2019informatique), aucun d\u2019\u00e9cran avant 5 ans, pas de smartphone avant 15 ans, entre <a href=\"https:\/\/www.collectifattention.com\/propositions\/\">autres<\/a>.<\/span><\/span><\/p>\n<p style=\"text-align: justify;\"><span style=\"font-family: Comic Sans MS, cursive;\"><span style=\"font-size: medium;\">Ces propositions sont simples et font toujours r\u00e9agir\u00a0:<\/span><\/span><\/p>\n<p style=\"text-align: justify;\"><span style=\"font-family: Comic Sans MS, cursive;\"><span style=\"font-size: medium;\">&#8230;<\/span><\/span><\/p>\n<p style=\"text-align: justify;\"><span style=\"font-family: Comic Sans MS, cursive;\"><span style=\"font-size: medium;\"><a href=\"https:\/\/www.levelesyeux.com\/aux-parents-qui-doutent\/\">https:\/\/www.levelesyeux.com\/aux-parents-qui-doutent\/<\/a> <\/span><\/span><\/p>\n<p style=\"text-align: center;\"><span style=\"font-family: Comic Sans MS, cursive;\"><span style=\"font-size: medium;\">** **<\/span><\/span><\/p>\n<p class=\"western\" style=\"text-align: center;\"><span style=\"font-family: Comic Sans MS, cursive;\"><span style=\"font-size: medium;\">Dr Anna Lembke, Dopamine Nation<\/span><\/span><\/p>\n<p style=\"text-align: justify;\"><strong><span style=\"font-family: Comic Sans MS, cursive;\"><span style=\"font-size: medium;\">Recension de \u00ab\u00a0Dopamine Nation \u2013 Finding Balance in the Age of Indulgence\u00a0\u00bb, Dr Anna Lembke.\u00a0<\/span><\/span><\/strong><\/p>\n<p style=\"text-align: justify;\"><span style=\"font-family: Comic Sans MS, cursive;\"><span style=\"font-size: medium;\">Les pays riches ont des taux d\u2019anxi\u00e9t\u00e9 plus importants que les pays pauvres.\u00a0C\u2019est \u00e0 partir de ce constat choc (et paradoxal) que s\u2019ouvre <\/span><\/span><em><span style=\"font-family: Comic Sans MS, cursive;\"><span style=\"font-size: medium;\">Dopamine Nation<\/span><\/span><\/em><span style=\"font-family: Comic Sans MS, cursive;\"><span style=\"font-size: medium;\">, dernier essai en date de la psychiatre am\u00e9ricaine Anna Lembke.<\/span><\/span><\/p>\n<p style=\"text-align: justify;\"><span style=\"font-family: Comic Sans MS, cursive;\"><span style=\"font-size: medium;\">Mais alors, quelles sont les origines de cette \u00e9pid\u00e9mie d\u2019anxi\u00e9t\u00e9 ?<\/span><\/span><\/p>\n<p style=\"text-align: justify;\"><span style=\"font-family: Comic Sans MS, cursive;\"><span style=\"font-size: medium;\">Selon Anna Lembke, c\u2019est justement parce que nous cherchons sans arr\u00eat \u00e0 nous faire plaisir que nous sommes malheureux.\u00a0Le plaisir et la douleur sont deux sensations qui fonctionnent sur la m\u00eame balance.<\/span><\/span><\/p>\n<p style=\"text-align: justify;\">\u2026<\/p>\n<p style=\"text-align: justify;\"><a href=\"https:\/\/www.levelesyeux.com\/dr-anna-lembke-dopamine-nation\/\"><span style=\"font-family: Comic Sans MS, cursive;\"><span style=\"font-size: medium;\">https:\/\/www.levelesyeux.com\/dr-anna-lembke-dopamine-nation\/<\/span><\/span><\/a><\/p>\n<p style=\"text-align: center;\"><span style=\"font-family: Comic Sans MS, cursive;\"><span style=\"font-size: medium;\">** **<\/span><\/span><\/p>\n<p style=\"text-align: justify;\"><span style=\"font-family: Comic Sans MS, cursive;\"><span style=\"font-size: medium;\">Apprendre \u00e0 d\u00e9connecter<\/span><\/span><\/p>\n<p style=\"text-align: justify;\"><span style=\"font-family: Comic Sans MS, cursive;\"><span style=\"font-size: medium;\">\u00ab\u00a0Apprendre \u00e0 d\u00e9connecter\u00a0\u00bb, chronique sur L\u00e8ve les yeux et les ateliers anim\u00e9s \u00e0 Paris dans Esprit d&rsquo;initiative sur France Inter, le 6 mars 2023.<\/span><\/span><\/p>\n<p style=\"text-align: justify;\"><span style=\"font-family: Comic Sans MS, cursive;\"><span style=\"font-size: medium;\">Ecouter l\u2019\u00e9mission\u00a0:<\/span><\/span><\/p>\n<p style=\"text-align: justify;\"><span style=\"font-family: Comic Sans MS, cursive;\"><span style=\"font-size: medium;\"><a href=\"https:\/\/www.radiofrance.fr\/franceinter\/podcasts\/esprit-d-initiative\/esprit-d-initiative-du-lundi-06-mars-2023-1204044\">https:\/\/www.radiofrance.fr\/franceinter<\/a> <\/span><\/span><\/p>\n<p style=\"text-align: justify;\"><span style=\"font-family: Comic Sans MS, cursive;\"><span style=\"font-size: medium;\">** **<\/span><\/span><\/p>\n<p style=\"text-align: justify;\"><span style=\"font-family: Comic Sans MS, cursive;\"><span style=\"font-size: medium;\">Je pense, donc j\u2019agis (3 \u00e9pisodes)<\/span><\/span><\/p>\n<p style=\"text-align: justify;\"><span style=\"font-family: Comic Sans MS, cursive;\"><span style=\"font-size: medium;\"><a href=\"https:\/\/www.rcf.fr\/culture-et-societe\/je-pense-donc-jagis\">https:\/\/www.rcf.fr\/culture-et-societe\/je-pense-donc-jagis<\/a> <\/span><\/span><\/p>\n<p style=\"text-align: center;\"><span style=\"font-family: Comic Sans MS, cursive;\"><span style=\"font-size: medium;\">** **<\/span><\/span><\/p>\n<p class=\"western\" style=\"text-align: justify;\"><span style=\"font-family: Comic Sans MS, cursive;\"><span style=\"font-size: medium;\">Num\u00e9rique : Anti \/ accro, trouver sa voie<\/span><\/span><\/p>\n<p style=\"text-align: justify;\"><span style=\"font-family: Comic Sans MS, cursive;\"><span style=\"font-size: medium;\">Comment utiliser le num\u00e9rique pour qu&rsquo;il n&rsquo;alt\u00e8re ni notre int\u00e9riorit\u00e9, ni nos relations ?<\/span><\/span><\/p>\n<p style=\"text-align: justify;\"><i><a href=\"https:\/\/www.rcf.fr\/culture-et-societe\/numerique-antiaccro-trouver-sa-voie\">https:\/\/www.rcf.fr\/culture-et-societe\/numerique-antiaccro-trouver-sa-voie<\/a> <\/i><\/p>\n<p style=\"text-align: center;\"><span style=\"font-family: Comic Sans MS, cursive;\">** **<\/span><\/p>\n<p style=\"text-align: center;\"><strong><span style=\"font-family: Comic Sans MS, cursive;\">Revue de presse de \u00ab L\u00e8ve les yeux \u00bb du 7 mars<\/span><\/strong><\/p>\n<p><strong><span style=\"font-family: Comic Sans MS, cursive;\">Initiatives <\/span><\/strong><\/p>\n<p style=\"text-align: justify;\"><span style=\"font-family: Comic Sans MS, cursive;\">&#8211; Un atelier de sensibilisation L\u00e8ve les yeux a \u00e9t\u00e9 capt\u00e9 par <a href=\"https:\/\/www.radiofrance.fr\/franceinter\/podcasts\/esprit-d-initiative\/esprit-d-initiative-du-lundi-06-mars-2023-1204044\" target=\"_blank\" rel=\"noopener\">France Inter<\/a> et diffus\u00e9 sur Esprit d\u2019Initiative le 6 mars 2023.<\/span><\/p>\n<p style=\"text-align: justify;\"><span style=\"font-family: Comic Sans MS, cursive;\">&#8211; L\u2019\u00e9mission Le grand soir du mardi, sur <a href=\"https:\/\/www.anarchiste.info\/radio\/libertaire\/emission\/le-grand-soir-du-mardi\/\" target=\"_blank\" rel=\"noopener\">Radio Libertaire<\/a> avec le collectif CoLINE \u00e0 l\u2019initiative de la <a href=\"https:\/\/www.marianne.net\/agora\/tribunes-libres\/leducation-nationale-renforce-la-dependance-au-numerique\" target=\"_blank\" rel=\"noopener\">tribune<\/a> contre la num\u00e9risation de l\u2019\u00e9cole publi\u00e9e dans Marianne\u00a0:<\/span><\/p>\n<p style=\"text-align: justify;\"><strong>\u00a0<\/strong><span style=\"font-family: Comic Sans MS, cursive;\"><strong>I.\u00a0La surexposition aux \u00e9crans \u00e0 l\u2019agenda politique<\/strong> <\/span><\/p>\n<p style=\"text-align: justify;\"><span style=\"font-family: Comic Sans MS, cursive;\">Alors que le gouvernement a d\u00e9ploy\u00e9 en f\u00e9vrier dernier une <a href=\"https:\/\/jeprotegemonenfant.gouv.fr\/\" target=\"_blank\" rel=\"noopener\">campagne de sensibilisation<\/a> nationale mettant en avant les \u00ab\u00a0bons usages\u00a0\u00bb du num\u00e9rique et responsabilisant les individus (et donc les parents)\u00a0; certains d\u00e9put\u00e9s font tout de m\u00eame remonter \u00e0 l\u2019Assembl\u00e9e la probl\u00e9matique afin que des mesures soient mises en place pour prot\u00e9ger les plus jeunes. Trois propositions de loi li\u00e9es aux enjeux de la surexposition aux \u00e9crans ont \u00e9t\u00e9 pr\u00e9sent\u00e9es \u00e0 l\u2019Assembl\u00e9e en quelques semaines, pour la mise en place d\u2019une\u00a0<a href=\"https:\/\/france3-regions.francetvinfo.fr\/centre-val-de-loire\/loiret\/orleans\/loi-sur-le-temps-d-ecran-des-programmes-sont-vendus-comme-educatifs-alors-qu-ils-sont-faits-pour-rendre-les-enfants-dependants-2726390.html\" target=\"_blank\" rel=\"noopener\">politique publique de pr\u00e9vention<\/a>, pour la protection du droit \u00e0 l\u2019image des enfants (voir l\u2019article dans <a href=\"https:\/\/www.lemonde.fr\/societe\/article\/2023\/03\/05\/les-risques-du-sharenting-l-exposition-des-enfants-par-leurs-parents-sur-internet-cibles-a-l-assemblee_6164185_3224.html\" target=\"_blank\" rel=\"noopener\">Le Monde<\/a> sur les risques du \u00ab\u00a0sharenting\u00a0\u00bb), et pour lutter contre la haine en ligne en instaurant une majorit\u00e9 num\u00e9rique \u00e0 15 ans.\u00a0<\/span><\/p>\n<p style=\"text-align: justify;\"><span style=\"font-family: Comic Sans MS, cursive;\">&#8211; Un peu d\u2019espoir en ce d\u00e9but d\u2019ann\u00e9e\u00a0? Article sur le <a href=\"https:\/\/www.levelesyeux.com\/un-peu-despoir-en-ce-debut-dannee\/\" target=\"_blank\" rel=\"noopener\">site de L\u00e8ve les yeux<\/a> qui reprend dans les grandes lignes les trois propositions de loi.<\/span><\/p>\n<p style=\"text-align: justify;\"><span style=\"font-family: Comic Sans MS, cursive;\">La proposition de loi instaurant une majorit\u00e9 num\u00e9rique \u00e0 15 ans a \u00e9t\u00e9 vot\u00e9e jeudi 2 mars et fait d\u00e9j\u00e0 beaucoup parler d\u2019elle\u00a0:<\/span><\/p>\n<p style=\"text-align: justify;\"><span style=\"font-family: Comic Sans MS, cursive;\">&#8211; Au journal de 8h le vendredi 3 mars, sur <a href=\"https:\/\/www.radiofrance.fr\/franceculture\/podcasts\/journal-de-8-h\/journal-de-8h-du-vendredi-03-mars-2023-8757188\" target=\"_blank\" rel=\"noopener\">France Culture<\/a><\/span><\/p>\n<p style=\"text-align: justify;\"><span style=\"font-family: Comic Sans MS, cursive;\">&#8211; A quoi fait r\u00e9f\u00e9rence la majorit\u00e9 num\u00e9rique en d\u00e9bat \u00e0 l\u2019Assembl\u00e9e nationale\u00a0? (<a href=\"https:\/\/www.lemonde.fr\/pixels\/article\/2023\/03\/02\/a-quoi-fait-reference-la-majorite-numerique-en-debat-a-l-assemblee-nationale_6163860_4408996.html\" target=\"_blank\" rel=\"noopener\">Le Monde<\/a>)<\/span><\/p>\n<p style=\"text-align: justify;\"><span style=\"font-family: Comic Sans MS, cursive;\">&#8211; R\u00e9seaux sociaux\u00a0: l\u2019Assembl\u00e9e vote un accord parental obligatoire pour les moins de 15 ans (<a href=\"https:\/\/www.mediapart.fr\/journal\/fil-dactualites\/020323\/reseaux-sociaux-l-assemblee-vote-un-accord-parental-obligatoire-pour-les-moins-de-15-ans\" target=\"_blank\" rel=\"noopener\">M\u00e9diapart<\/a>)<\/span><\/p>\n<p style=\"text-align: justify;\">\u00a0<span style=\"font-family: Comic Sans MS, cursive;\">-R\u00e9seaux sociaux\u00a0: la difficile protection des mineurs de moins de 15 ans (<a href=\"https:\/\/www.francetvinfo.fr\/internet\/reseaux-sociaux\/reseaux-sociaux-la-difficile-protection-des-mineurs-de-moins-de-15-ans_5691134.html\" target=\"_blank\" rel=\"noopener\">France info<\/a>)<\/span><\/p>\n<p style=\"text-align: justify;\">\u00a0<span style=\"font-family: Comic Sans MS, cursive;\">-La question du jour sur <a href=\"https:\/\/www.radiofrance.fr\/franceculture\/podcasts\/la-question-du-jour\/faut-il-restreindre-l-acces-des-adolescents-aux-reseaux-sociaux-6628931\" target=\"_blank\" rel=\"noopener\">France Culture\u00a0<\/a>: faut-il restreindre l\u2019acc\u00e8s des adolescents aux r\u00e9seaux sociaux\u00a0?<\/span><\/p>\n<p><strong><span style=\"font-family: Comic Sans MS, cursive;\">II.\u00a0Effets des \u00e9crans sur les plus jeunes<\/span><\/strong><\/p>\n<p style=\"text-align: justify;\"><span style=\"font-family: Comic Sans MS, cursive;\">Pourtant les effets d\u00e9sastreux des \u00e9crans et des r\u00e9seaux sociaux sur la sant\u00e9 et le bien-\u00eatre des jeunes sont bien prouv\u00e9s\u00a0: <\/span><\/p>\n<p style=\"text-align: justify;\"><span style=\"font-family: Comic Sans MS, cursive;\">&#8211; Social media is a major cause of the mental illness epidemic in teen girls. Here\u2019s the evidence. (<a href=\"https:\/\/jonathanhaidt.substack.com\/p\/social-media-mental-illness-epidemic?utm_source=substack&amp;utm_medium=email\" target=\"_blank\" rel=\"noopener\">After Babel<\/a>)<\/span><\/p>\n<p style=\"text-align: justify;\"><span style=\"font-family: Comic Sans MS, cursive;\">&#8211; \u00c9crans et sant\u00e9\u00a0: il est urgent d\u2019agir \u2013 chronique d\u2019Emmanuel Prados pour le <a href=\"https:\/\/blogs.mediapart.fr\/emmanuel-prados\/blog\/020323\/ecrans-et-sante-il-est-urgent-d-agir\" target=\"_blank\" rel=\"noopener\">blog de M\u00e9diapart<\/a><\/span><\/p>\n<p style=\"text-align: justify;\"><span style=\"font-family: Comic Sans MS, cursive;\">&#8211; L\u2019invit\u00e9 de la r\u00e9daction de 7h45\u00a0sur <a href=\"https:\/\/www.radiofrance.fr\/francebleu\/podcasts\/l-invite-de-la-redaction-de-7h45\/harcelement-scolaire-des-eleves-sont-sur-les-reseaux-sociaux-des-le-cm2-3000182\" target=\"_blank\" rel=\"noopener\">France Bleu\u00a0<\/a>: Harc\u00e8lement scolaire, des \u00e9l\u00e8ves sont sur les r\u00e9seaux sociaux d\u00e8s le CM2<\/span><\/p>\n<p><strong><span style=\"font-family: Comic Sans MS, cursive;\">III.\u00a0Impacts des technologies sur la communication<\/span><\/strong><\/p>\n<p style=\"text-align: justify;\"><span style=\"font-family: Comic Sans MS, cursive;\">&#8211; Les \u00e9couteurs et les casques, barri\u00e8re au dialogue (<a href=\"https:\/\/www.lemonde.fr\/m-perso\/article\/2023\/03\/04\/les-ecouteurs-et-les-casques-barriere-au-dialogue_6164152_4497916.html\" target=\"_blank\" rel=\"noopener\">Le Monde<\/a>)<\/span><\/p>\n<p style=\"text-align: justify;\"><span style=\"font-family: Comic Sans MS, cursive;\">&#8211; Eric Dacheux, Comprendre pourquoi on ne se comprend pas (<a href=\"https:\/\/www.cnrseditions.fr\/catalogue\/sciences-politiques-et-sociologie\/comprendre-pourquoi-on-ne-se-comprend-pas\/\" target=\"_blank\" rel=\"noopener\">CNRS \u00c9ditions, 2023<\/a>)<\/span><\/p>\n<p style=\"text-align: justify;\"><span style=\"font-family: Comic Sans MS, cursive;\">&#8211; L\u2019art perdu du papotage\u00a0: quand les gens font la queue \u00e0 la caisse ils n\u2019osent plus se parler (<a href=\"https:\/\/www.lemonde.fr\/m-perso\/article\/2023\/03\/04\/l-art-perdu-du-papotage-quand-les-gens-font-la-queue-a-la-caisse-ils-n-osent-plus-se-parler_6164095_4497916.html\" target=\"_blank\" rel=\"noopener\">Le Monde<\/a>)<\/span><\/p>\n<p style=\"text-align: justify;\"><strong><span style=\"font-family: Comic Sans MS, cursive;\">IV.\u00a0TikTok dans le viseur<\/span><\/strong><\/p>\n<p style=\"text-align: justify;\"><span style=\"font-family: Comic Sans MS, cursive;\">&#8211; La France r\u00e9fl\u00e9chit \u00e0 une interdiction de TikTok pour ses fonctionnaires (<a href=\"https:\/\/www.mediapart.fr\/journal\/fil-dactualites\/010323\/la-france-reflechit-une-interdiction-de-tiktok-pour-ses-fonctionnaires\" target=\"_blank\" rel=\"noopener\">M\u00e9diapart<\/a>)<\/span><\/p>\n<p style=\"text-align: justify;\"><span style=\"font-family: Comic Sans MS, cursive;\">&#8211; TikTok too slow tackle self harm eating disorder content (<a href=\"https:\/\/www.theguardian.com\/technology\/2023\/mar\/03\/tiktok-too-slow-tackle-self-harm-eating-disorder-content\" target=\"_blank\" rel=\"noopener\">The Guardian<\/a>)<\/span><\/p>\n<p style=\"text-align: justify;\"><span style=\"font-family: Comic Sans MS, cursive;\">&#8211; Soft Power, espionnage, donn\u00e9es personnelles\u00a0: que reproche-t-on \u00e0 TikTok\u00a0? (<a href=\"https:\/\/www.lemonde.fr\/pixels\/article\/2023\/03\/04\/soft-power-espionnage-donnees-personnelles-que-reproche-t-on-a-tiktok_6164148_4408996.html\" target=\"_blank\" rel=\"noopener\">Le Monde<\/a>)<\/span><\/p>\n<p style=\"text-align: justify;\"><span style=\"font-family: Comic Sans MS, cursive;\">&#8211; TikTok annonce la mise en place pour les mineurs d\u2019un avertissement au bout d\u2019une heure d\u2019utilisation de son application, mesure jug\u00e9e insuffisante par la secr\u00e9taire d\u2019\u00c9tat \u00e0 l\u2019enfance, Charlotte Caubel \u00a0(<a href=\"https:\/\/www.lemonde.fr\/pixels\/article\/2023\/03\/01\/tiktok-annonce-la-mise-en-place-pour-les-mineurs-d-un-avertissement-au-bout-d-une-heure-d-utilisation-de-son-application_6163801_4408996.html\" target=\"_blank\" rel=\"noopener\">Le Monde<\/a>)<\/span><\/p>\n<p style=\"text-align: justify;\"><strong>\u00a0<span style=\"font-family: Comic Sans MS, cursive;\">V.\u00a0D\u00e9rives s\u00e9curitaires du num\u00e9rique<\/span><\/strong><\/p>\n<p style=\"text-align: justify;\"><span style=\"font-family: Comic Sans MS, cursive;\">&#8211; Une d\u00e9claration solennelle de l\u2019OCDE pass\u00e9e plut\u00f4t inaper\u00e7ue ne vise rien de moins que d\u00e9finir une mani\u00e8re vertueuse de surveiller ses citoyens (<a href=\"https:\/\/www.lemonde.fr\/idees\/article\/2023\/03\/06\/une-declaration-solennelle-de-l-ocde-passee-plutot-inapercue-ne-vise-rien-de-moins-que-de-definir-une-maniere-vertueuse-de-surveiller-ses-citoyens_6164417_3232.html\" target=\"_blank\" rel=\"noopener\">Le Monde<\/a>)<\/span><\/p>\n<p style=\"text-align: justify;\"><span style=\"font-family: Comic Sans MS, cursive;\">&#8211; Les mesures de vid\u00e9osurveillance algorithmique introduites par la loi JO 2024 sont contraires au droit international (<a href=\"https:\/\/www.lemonde.fr\/idees\/article\/2023\/03\/06\/les-mesures-de-videosurveillance-algorithmique-introduites-par-la-loi-jo-2024-sont-contraires-au-droit-international_6164276_3232.html\" target=\"_blank\" rel=\"noopener\">Le Monde<\/a>)<\/span><\/p>\n<p style=\"text-align: justify;\"><span style=\"font-family: Comic Sans MS, cursive;\"><span style=\"font-size: medium;\">\u00a0<\/span><\/span><\/p>\n","protected":false},"excerpt":{"rendered":"<p>En ce d\u00e9but d\u2019ann\u00e9e, nos efforts semblent r\u00e9compens\u00e9s<\/p>\n","protected":false},"author":4,"featured_media":0,"comment_status":"closed","ping_status":"open","sticky":false,"template":"","format":"standard","meta":{"footnotes":""},"categories":[1],"tags":[],"class_list":["post-10271","post","type-post","status-publish","format-standard","hentry","category-non-classe"],"_links":{"self":[{"href":"https:\/\/collectif-accad.fr\/site\/wp-json\/wp\/v2\/posts\/10271","targetHints":{"allow":["GET"]}}],"collection":[{"href":"https:\/\/collectif-accad.fr\/site\/wp-json\/wp\/v2\/posts"}],"about":[{"href":"https:\/\/collectif-accad.fr\/site\/wp-json\/wp\/v2\/types\/post"}],"author":[{"embeddable":true,"href":"https:\/\/collectif-accad.fr\/site\/wp-json\/wp\/v2\/users\/4"}],"replies":[{"embeddable":true,"href":"https:\/\/collectif-accad.fr\/site\/wp-json\/wp\/v2\/comments?post=10271"}],"version-history":[{"count":5,"href":"https:\/\/collectif-accad.fr\/site\/wp-json\/wp\/v2\/posts\/10271\/revisions"}],"predecessor-version":[{"id":10318,"href":"https:\/\/collectif-accad.fr\/site\/wp-json\/wp\/v2\/posts\/10271\/revisions\/10318"}],"wp:attachment":[{"href":"https:\/\/collectif-accad.fr\/site\/wp-json\/wp\/v2\/media?parent=10271"}],"wp:term":[{"taxonomy":"category","embeddable":true,"href":"https:\/\/collectif-accad.fr\/site\/wp-json\/wp\/v2\/categories?post=10271"},{"taxonomy":"post_tag","embeddable":true,"href":"https:\/\/collectif-accad.fr\/site\/wp-json\/wp\/v2\/tags?post=10271"}],"curies":[{"name":"wp","href":"https:\/\/api.w.org\/{rel}","templated":true}]}}