{"id":10267,"date":"2023-03-09T02:21:07","date_gmt":"2023-03-09T01:21:07","guid":{"rendered":"https:\/\/collectif-accad.fr\/site\/?p=10267"},"modified":"2023-03-08T16:22:47","modified_gmt":"2023-03-08T15:22:47","slug":"sortie-de-lanses","status":"publish","type":"post","link":"https:\/\/collectif-accad.fr\/site\/sortie-de-lanses\/","title":{"rendered":"Sortie de l\u2019ANSES"},"content":{"rendered":"<p style=\"text-align: left;\"><strong><span style=\"font-family: Comic Sans MS, cursive; font-size: 18pt;\">Six associations suspendent leur participation au Comit\u00e9 de dialogue radiofr\u00e9quences et sant\u00e9 de l&rsquo;ANSES<\/span><\/strong><\/p>\n<p><img loading=\"lazy\" decoding=\"async\" class=\"wp-image-10265 aligncenter\" src=\"https:\/\/collectif-accad.fr\/site\/wp-content\/uploads\/2023\/03\/image001.jpg\" alt=\"\" width=\"648\" height=\"234\" srcset=\"https:\/\/collectif-accad.fr\/site\/wp-content\/uploads\/2023\/03\/image001.jpg 557w, https:\/\/collectif-accad.fr\/site\/wp-content\/uploads\/2023\/03\/image001-300x108.jpg 300w\" sizes=\"auto, (max-width: 648px) 100vw, 648px\" \/><\/p>\n<p><!--more--><\/p>\n<p style=\"text-align: justify;\"><span style=\"font-family: Comic Sans MS, cursive;\">Communiqu\u00e9 de presse\u00a0: 8 mars 2023<\/span><\/p>\n<p style=\"text-align: justify;\"><span style=\"font-family: Comic Sans MS, cursive;\"><br \/>\nLes importantes et multiples d\u00e9rives actuelles de l\u2019Agence Nationale de S\u00e9curit\u00e9 Sanitaire de l&rsquo;alimentation, de l&rsquo;environnement et du travail (ANSES) sur les enjeux publics des ondes ne permettent plus la continuation pour nos associations* d\u2019un dialogue constructif et en confiance.<\/span><\/p>\n<p style=\"text-align: justify;\"><span style=\"font-family: Comic Sans MS, cursive;\">L&rsquo;ANSES, s\u2019exprimant \u00e0 propos du comit\u00e9 de dialogue radiofr\u00e9quence, a \u00e9crit que son \u00ab <i>ambition est d\u2019\u00eatre un lieu d\u2019\u00e9changes, de r\u00e9flexion et d\u2019information sur les questions scientifiques relatives aux effets potentiels sur la sant\u00e9 des radiofr\u00e9quences et \u00e0 leur \u00e9valuation<\/i> \u00bb.<\/span><\/p>\n<p style=\"text-align: justify;\"><span style=\"font-family: Comic Sans MS, cursive;\">Les associations signataires estiment que, contrairement \u00e0 la p\u00e9tition de principe de l\u2019ANSES pr\u00e9cit\u00e9e, ce comit\u00e9 ne pr\u00e9sente plus les conditions d\u2019un v\u00e9ritable dialogue et ne garantit plus la rigueur scientifique qui devrait pr\u00e9valoir en mati\u00e8re d&rsquo;\u00e9valuation des risques concernant les enjeux de sant\u00e9 publique li\u00e9e aux champs \u00e9lectromagn\u00e9tiques.<\/span><\/p>\n<p style=\"text-align: justify;\"><span style=\"font-family: Comic Sans MS, cursive;\">A ce titre, la conf\u00e9rence organis\u00e9e par l\u2019Anses et l\u2019OMS \u00e0 Paris en novembre dernier, sur les liens entre cancers et expositions aux radiofr\u00e9quences, nous est apparue comme un parti pris scientifique. Au lieu et place d\u2019un \u00e9tat des lieux objectif des connaissances, c\u2019est \u00e0 une conf\u00e9rence orient\u00e9e que nous avons assist\u00e9s. En effet, le choix des \u00e9tudes pr\u00e9sent\u00e9es, ainsi que les experts invit\u00e9s, dont les liens d\u2019int\u00e9r\u00eat avec les industriels de la t\u00e9l\u00e9phonie mobile sont connus, en \u00e9taient le reflet sans \u00e9quivoque.<\/span><\/p>\n<p style=\"text-align: justify;\"><span style=\"font-family: Comic Sans MS, cursive;\">Afin, de se replacer dans l\u2019esprit d\u2019un dialogue v\u00e9ritable, nous demandons donc aux responsables de l\u2019ANSES :<\/span><\/p>\n<p style=\"text-align: justify;\"><span style=\"font-family: Comic Sans MS, cursive;\">1. que conform\u00e9ment aux diff\u00e9rentes recommandations du comit\u00e9 d&rsquo;\u00e9thique de l\u2019ANSES\u00a0 dont l\u2019Avis n\u00b02022-2 du comit\u00e9 de d\u00e9ontologie et de pr\u00e9vention des conflits d\u2019int\u00e9r\u00eats de mai 2022, clart\u00e9 soit faite sur les conflits d&rsquo;int\u00e9r\u00eats qui minent les \u00e9tudes propos\u00e9es &#8211; y compris celles financ\u00e9es par l\u2019Agence -, que les changements n\u00e9cessaires soient mis en \u0153uvre pour y mettre fin et que les missions scientifiques puissent \u00eatre confi\u00e9es \u00e0 des laboratoires et \u00e0 des experts ne pr\u00e9sentant plus de conflits d\u2019int\u00e9r\u00eats avec l\u2019industrie de la t\u00e9l\u00e9phonie mobile ;<\/span><\/p>\n<p style=\"text-align: justify;\"><span style=\"font-family: Comic Sans MS, cursive;\">2. que la rigueur scientifique pr\u00e9vale, ce qui ne semble plus \u00eatre le cas au sujet des radiofr\u00e9quences, et que soient prises en compte les incoh\u00e9rences soulign\u00e9es par les associations afin que le comit\u00e9 ne soit pas r\u00e9duit \u00e0 une chambre d&rsquo;enregistrement ou de d\u00e9bats st\u00e9riles ;<\/span><\/p>\n<p style=\"text-align: justify;\"><span style=\"font-family: Comic Sans MS, cursive;\">3. que les mises en consultation soient conformes \u00e0 la d\u00e9finition d\u2019une v\u00e9ritable consultation, et non pas l\u2019occasion de s\u00e9lectionner l\u2019opinion ; <\/span><\/p>\n<p style=\"text-align: justify;\"><span style=\"font-family: Comic Sans MS, cursive;\">4. que les analyses et propositions rigoureuses des associations soient prises en compte, ce qui n&rsquo;a pas \u00e9t\u00e9 le cas tant en ce qui concerne le rapport 5G que sur la mise en place de nouveaux indicateurs plus \u00e0 m\u00eame de prot\u00e9ger la sant\u00e9 humaine;<\/span><\/p>\n<p style=\"text-align: justify;\"><span style=\"font-family: Comic Sans MS, cursive;\">5. que le choix des associations participantes ou susceptibles de participer au comit\u00e9 soit, conform\u00e9ment aux r\u00e8gles du comit\u00e9, fonction de leurs comp\u00e9tences et objet, sans a priori, d\u00e9nigrements ni positions arbitraires de l\u2019ANSES.<\/span><\/p>\n<p style=\"text-align: justify;\"><span style=\"font-family: Comic Sans MS, cursive;\">Les associations signataires de ce communiqu\u00e9 attendent de l&rsquo;Anses qu&rsquo;elle r\u00e9ponde concr\u00e8tement et rapidement \u00e0 ces demandes, dans l\u2019objectif de restaurer des \u00e9changes constructifs au sein du comit\u00e9. A d\u00e9faut, ces associations s\u2019interrogeront sur l\u2019utilit\u00e9 de leur pr\u00e9sence. <\/span><\/p>\n<p style=\"text-align: justify;\"><span style=\"font-family: Comic Sans MS, cursive;\">Elles attendent que le comit\u00e9 de dialogue radiofr\u00e9quences de l\u2019ANSES revoie son fonctionnement, respecte ses engagements de v\u00e9ritable prise en compte des conditions de pr\u00e9servation de la sant\u00e9 publique, et cesse de privil\u00e9gier les aspects \u00e9conomiques et politiques en niant ou biaisant les enseignements de la litt\u00e9rature disponible en mati\u00e8re de sant\u00e9 environnementale, de risques sanitaires et des effets biologiques induits par l\u2019exposition aux rayonnements radiofr\u00e9quence d\u2019origine artificielle.<\/span><\/p>\n<p style=\"text-align: justify;\"><span style=\"font-family: Comic Sans MS, cursive;\">* Associations signataires membres du Comit\u00e9 de dialogue radiofr\u00e9quence et sant\u00e9 :<\/span><\/p>\n<p style=\"text-align: justify;\"><span style=\"font-family: Comic Sans MS, cursive;\">Alerte Phonegate <\/span><\/p>\n<p style=\"text-align: justify;\"><span style=\"font-family: Comic Sans MS, cursive;\">contact presse Dr Marc Arazi &#8211; 0673417769 &#8211; mail : marc@arazi.fr<\/span><\/p>\n<p style=\"text-align: justify;\"><span style=\"font-family: Comic Sans MS, cursive;\">CRIIREM : Centre de Recherche et d&rsquo; Information Ind\u00e9pendant sur les Rayonnements \u00c9lectro Magn\u00e9tiques non ionisants.<\/span><\/p>\n<p style=\"text-align: justify;\"><span style=\"font-family: Comic Sans MS, cursive;\">contact presse : Catherine Gouhier &#8211; 06 85 42 03 97<\/span><\/p>\n<p style=\"text-align: justify;\"><span style=\"font-family: Comic Sans MS, cursive;\">CVF : Collectif Vigilance Franklin, Sant\u00e9 environnement<\/span><\/p>\n<p style=\"text-align: justify;\"><span style=\"font-family: Comic Sans MS, cursive;\">Robin des toits : Informer sur l&rsquo;impact sanitaire, environnemental et soci\u00e9tal des technologies \u00e9mettrices d&rsquo;ondes\u00a0 \u00e9lectromagn\u00e9tiques artificielles <\/span><\/p>\n<p style=\"text-align: justify;\"><span style=\"font-family: Comic Sans MS, cursive;\">contact presse : Pierre-Marie Th\u00e9veniaud &#8211; 06 22 20 64 01 mail : pm-theveniaud@robindestoits.org<\/span><\/p>\n<p style=\"text-align: justify;\"><span style=\"font-family: Comic Sans MS, cursive;\">SERA : association Sant\u00e9 Environnement Rh\u00f4ne Alpes<\/span><\/p>\n<p style=\"text-align: justify;\"><span style=\"font-family: Comic Sans MS, cursive;\">contact presse : Jacqueline Collard &#8211; 06 20 98 61 01<\/span><\/p>\n<p style=\"text-align: justify;\"><span style=\"font-family: Comic Sans MS, cursive;\">AZB : Association Zone Blanches <\/span><\/p>\n<p><img loading=\"lazy\" decoding=\"async\" class=\"wp-image-10266 aligncenter\" src=\"https:\/\/collectif-accad.fr\/site\/wp-content\/uploads\/2023\/03\/image002.jpg\" alt=\"\" width=\"682\" height=\"174\" srcset=\"https:\/\/collectif-accad.fr\/site\/wp-content\/uploads\/2023\/03\/image002.jpg 470w, https:\/\/collectif-accad.fr\/site\/wp-content\/uploads\/2023\/03\/image002-300x77.jpg 300w\" sizes=\"auto, (max-width: 682px) 100vw, 682px\" \/><\/p>\n","protected":false},"excerpt":{"rendered":"<p>Six associations suspendent leur participation au Comit\u00e9 de dialogue radiofr\u00e9quences et sant\u00e9 de l&rsquo;ANSES<\/p>\n","protected":false},"author":4,"featured_media":0,"comment_status":"closed","ping_status":"open","sticky":false,"template":"","format":"standard","meta":{"footnotes":""},"categories":[1],"tags":[],"class_list":["post-10267","post","type-post","status-publish","format-standard","hentry","category-non-classe"],"_links":{"self":[{"href":"https:\/\/collectif-accad.fr\/site\/wp-json\/wp\/v2\/posts\/10267","targetHints":{"allow":["GET"]}}],"collection":[{"href":"https:\/\/collectif-accad.fr\/site\/wp-json\/wp\/v2\/posts"}],"about":[{"href":"https:\/\/collectif-accad.fr\/site\/wp-json\/wp\/v2\/types\/post"}],"author":[{"embeddable":true,"href":"https:\/\/collectif-accad.fr\/site\/wp-json\/wp\/v2\/users\/4"}],"replies":[{"embeddable":true,"href":"https:\/\/collectif-accad.fr\/site\/wp-json\/wp\/v2\/comments?post=10267"}],"version-history":[{"count":1,"href":"https:\/\/collectif-accad.fr\/site\/wp-json\/wp\/v2\/posts\/10267\/revisions"}],"predecessor-version":[{"id":10268,"href":"https:\/\/collectif-accad.fr\/site\/wp-json\/wp\/v2\/posts\/10267\/revisions\/10268"}],"wp:attachment":[{"href":"https:\/\/collectif-accad.fr\/site\/wp-json\/wp\/v2\/media?parent=10267"}],"wp:term":[{"taxonomy":"category","embeddable":true,"href":"https:\/\/collectif-accad.fr\/site\/wp-json\/wp\/v2\/categories?post=10267"},{"taxonomy":"post_tag","embeddable":true,"href":"https:\/\/collectif-accad.fr\/site\/wp-json\/wp\/v2\/tags?post=10267"}],"curies":[{"name":"wp","href":"https:\/\/api.w.org\/{rel}","templated":true}]}}