{"id":10262,"date":"2023-03-12T02:01:58","date_gmt":"2023-03-12T01:01:58","guid":{"rendered":"https:\/\/collectif-accad.fr\/site\/?p=10262"},"modified":"2023-03-10T15:13:39","modified_gmt":"2023-03-10T14:13:39","slug":"vous-ne-voulez-pas-de-compteur-intelligent","status":"publish","type":"post","link":"https:\/\/collectif-accad.fr\/site\/vous-ne-voulez-pas-de-compteur-intelligent\/","title":{"rendered":"Vous ne voulez pas de compteur intelligent ?"},"content":{"rendered":"<p style=\"text-align: left;\"><span style=\"font-size: 18pt;\"><strong><span style=\"font-family: Comic Sans MS, cursive;\">Discutez-en avec les l\u00e9gislateurs de votre \u00c9tat, disent les experts<\/span><\/strong><\/span><\/p>\n<p><!--more--><\/p>\n<p style=\"text-align: justify;\"><span style=\"font-family: Comic Sans MS, cursive;\">Un article de <i>The Defender <\/i>sur la situation aux USA<\/span><\/p>\n<p style=\"text-align: justify;\"><span style=\"font-family: Comic Sans MS, cursive;\"><i>Les l\u00e9gislatures des \u00c9tats et les commissions des services publics de l\u2019\u00c9tat sont l\u2019endroit o\u00f9 la bataille pour se retirer des compteurs intelligents doit \u00eatre men\u00e9e, selon W. Scott McCollough, ancien procureur g\u00e9n\u00e9ral adjoint du Texas, avocat en droit des t\u00e9l\u00e9communications et en droit administratif et avocat principal pour Children\u2019s Health Defense.<\/i><\/span><\/p>\n<p style=\"text-align: justify;\"><span style=\"font-family: Comic Sans MS, cursive;\">Le Massachusetts est devenu le mois dernier \u00c9tat \u00e0 introduire une l\u00e9gislation sur les\u00a0<a href=\"https:\/\/childrenshealthdefense.org\/wp-content\/uploads\/SD1508.pdf\" target=\"_blank\" rel=\"noopener\">compteurs intelligents<\/a>\u00a0avec un projet de loi qui obligerait les entreprises de services publics de l\u2019\u00c9tat \u00e0 obtenir le consentement \u00e9crit des consommateurs avant d\u2019installer un compteur intelligent.<\/span><\/p>\n<p style=\"text-align: justify;\"><span style=\"font-family: Comic Sans MS, cursive;\">Le projet de loi \u00e9liminerait \u00e9galement les frais pour les consommateurs qui souhaitent se retirer des\u00a0<a href=\"https:\/\/childrenshealthdefense.org\/defender\/smart-meters-health-privacy\/\" target=\"_blank\" rel=\"noopener\">compteurs intelligents<\/a>.<\/span><\/p>\n<p style=\"text-align: justify;\"><span style=\"font-family: Comic Sans MS, cursive;\">Le s\u00e9nateur du Massachusetts\u00a0<a href=\"https:\/\/malegislature.gov\/Legislators\/Profile\/MOM0\" target=\"_blank\" rel=\"noopener\">Michael O. Moore<\/a>\u00a0a pr\u00e9sent\u00e9 le projet de loi le 19 janvier, moins d\u2019une semaine apr\u00e8s que les deux plus grandes soci\u00e9t\u00e9s de services publics de l\u2019\u00c9tat \u2013\u00a0<a href=\"https:\/\/www.eversource.com\/content\/residential\" target=\"_blank\" rel=\"noopener\">Eversource<\/a>\u00a0et\u00a0<a href=\"https:\/\/www.nationalgridus.com\/MA-Home\/Default\" target=\"_blank\" rel=\"noopener\">National Grid<\/a>\u00a0\u2013 ont d\u00e9pos\u00e9 des demandes tarifaires visant \u00e0 facturer aux consommateurs des frais de retrait des compteurs intelligents de 34 $ par mois et\u00a0<a href=\"https:\/\/fileservice.eea.comacloud.net\/FileService.Api\/file\/FileRoom\/16783438\" target=\"_blank\" rel=\"noopener\">11 $ par mois<\/a>, respectivement.<\/span><\/p>\n<p style=\"text-align: justify;\"><span style=\"font-family: Comic Sans MS, cursive;\">Le Massachusetts est l\u2019un des sept \u00c9tats au moins qui ont une\u00a0<a href=\"https:\/\/www.ncsl.org\/energy\/smart-meter-opt-out-policies\" target=\"_blank\" rel=\"noopener\">politique de retrait des compteurs intelligents<\/a>\u00a0\u00e0 l\u2019\u00e9chelle de l\u2019\u00c9tat, selon un m\u00e9moire d\u2019ao\u00fbt 2019 de la Conf\u00e9rence nationale des l\u00e9gislatures d\u2019\u00c9tat (NCSL).<\/span><\/p>\n<p style=\"text-align: justify;\"><span style=\"font-family: Comic Sans MS, cursive;\">New York a \u00e9galement pr\u00e9sent\u00e9 le mois dernier un projet de loi qui ordonnerait aux entreprises de services publics d\u2019\u00e9tudier les \u00ab\u00a0<a href=\"https:\/\/www.nysenate.gov\/legislation\/bills\/2023\/S2587\" target=\"_blank\" rel=\"noopener\">risques et effets potentiels des compteurs intelligents<\/a>\u00a0sur la sant\u00e9\u00a0\u00bb et de rendre compte de leurs conclusions \u00e0 une commission de service public, qui pr\u00e9senterait ensuite les informations au gouverneur et \u00e0 la l\u00e9gislature.<\/span><\/p>\n<p style=\"text-align: justify;\"><span style=\"font-family: Comic Sans MS, cursive;\">D\u2019autres \u00c9tats ont d\u00e9j\u00e0 adopt\u00e9 des lois r\u00e9gissant les compteurs intelligents. Par exemple, la\u00a0<a href=\"https:\/\/stopsmartmetersbc.com\/wp-content\/uploads\/OPT-OUT-FEES.pdf\" target=\"_blank\" rel=\"noopener\">Californie<\/a>\u00a0a \u00e9t\u00e9 le premier \u00c9tat \u00e0 cr\u00e9er un programme de retrait, selon le<\/span><\/p>\n<p style=\"text-align: justify;\"><span style=\"font-family: Comic Sans MS, cursive;\"><a href=\"https:\/\/stopsmartmetersbc.com\/metersgrid\/smart-meter-opt-out-options-and-fees\/\" target=\"_blank\" rel=\"noopener\">Coalition pour arr\u00eater les compteurs intelligents<\/a>\u00a0en Colombie-Britannique, Canada.<\/span><\/p>\n<p style=\"text-align: justify;\"><span style=\"font-family: Comic Sans MS, cursive;\">Et la loi du\u00a0<a href=\"https:\/\/law.justia.com\/codes\/new-hampshire\/2021\/title-xxxiv\/title-374\/section-374-62\/\" target=\"_blank\" rel=\"noopener\">New Hampshire exige le consentement du client<\/a>\u00a0pour l\u2019installation de compteurs intelligents, tandis que\u00a0<a href=\"https:\/\/www.puc.pa.gov\/general\/consumer_ed\/pdf\/13_smart%20meters.pdf\" target=\"_blank\" rel=\"noopener\">la loi de Pennsylvanie interdit les opt-outs<\/a>.<\/span><\/p>\n<p style=\"text-align: justify;\"><span style=\"font-family: Comic Sans MS, cursive;\">Selon le NCSL :<\/span><\/p>\n<p style=\"text-align: justify;\"><span style=\"font-family: Comic Sans MS, cursive;\">\u00ab Dans 22 autres \u00c9tats, les organismes de r\u00e9glementation des services publics ont d\u00e9cid\u00e9 si les services publics pouvaient mettre en \u0153uvre des programmes de retrait au cas par cas.<\/span><\/p>\n<p style=\"text-align: justify;\"><span style=\"font-family: Comic Sans MS, cursive;\">\u00ab Ces derni\u00e8res ann\u00e9es, la question a \u00e9t\u00e9 plus fr\u00e9quemment soulev\u00e9e devant les l\u00e9gislatures des \u00c9tats, avec au moins 17 \u00c9tats envisageant une l\u00e9gislation sur l\u2019exclusion des compteurs intelligents au cours des quatre derni\u00e8res sessions l\u00e9gislatives. \u00bb<\/span><\/p>\n<p style=\"text-align: justify;\"><span style=\"font-family: Comic Sans MS, cursive;\">Cependant, il est difficile d\u2019obtenir des estimations actualis\u00e9es de la l\u00e9gislation sur les compteurs intelligents au niveau de l\u2019\u00c9tat, car la question est parfois trait\u00e9e au niveau municipal ou via la politique des fournisseurs de services publics individuels \u2013 dont il peut y en avoir plus d\u2019un dans un \u00c9tat donn\u00e9.<\/span><\/p>\n<p style=\"text-align: justify;\"><span style=\"font-family: Comic Sans MS, cursive;\">En tant que technologie sans fil, les compteurs intelligents \u00e9mettent une forme de\u00a0<a href=\"https:\/\/childrenshealthdefense.org\/emr\/emf-key-terms-descriptions\/\" target=\"_blank\" rel=\"noopener\">rayonnement \u00e9lectromagn\u00e9tique<\/a>\u00a0(EMR) appel\u00e9 ondes radio<a href=\"https:\/\/childrenshealthdefense.org\/emr\/emf-key-terms-descriptions\/\" target=\"_blank\" rel=\"noopener\">, ou radiofr\u00e9quences<\/a>\u00a0(RF). Certaines personnes \u2013 en particulier celles qui \u00e9prouvent\u00a0<a href=\"https:\/\/childrenshealthdefense.org\/emr\/emf-wireless-health-impacts\/\" target=\"_blank\" rel=\"noopener\">une sensibilit\u00e9 \u00e9lectromagn\u00e9tique<\/a>\u00a0\u2013 all\u00e8guent que l\u2019exposition aux RF par le biais de compteurs intelligents install\u00e9s \u00e0 leur domicile a un\u00a0<a href=\"https:\/\/beatemf.com\/smart-meter-radiation-symptoms\/\" target=\"_blank\" rel=\"noopener\">effet n\u00e9gatif sur leur sant\u00e9<\/a>.<\/span><\/p>\n<p style=\"text-align: justify;\"><span style=\"font-family: Comic Sans MS, cursive;\">\u00ab Les compteurs intelligents menacent la sant\u00e9 et le bien-\u00eatre de ceux qui sont ou seront sensibles aux DME \u00bb, a d\u00e9clar\u00e9 W. Scott McCollough, avocat plaidant principal au nom du travail juridique li\u00e9 aux\u00a0<a href=\"https:\/\/childrenshealthdefense.org\/\" target=\"_blank\" rel=\"noopener\">DME de Children\u2019s Health Defense<\/a>.<\/span><\/p>\n<p style=\"text-align: justify;\"><span style=\"font-family: Comic Sans MS, cursive;\">McCollough, ancien procureur g\u00e9n\u00e9ral adjoint du Texas et avocat sp\u00e9cialis\u00e9 en droit des t\u00e9l\u00e9communications et en droit administratif, a d\u00e9clar\u00e9 \u00e0\u00a0<a href=\"https:\/\/childrenshealthdefense.org\/defender\/\" target=\"_blank\" rel=\"noopener\">The Defender<\/a>:<\/span><\/p>\n<p style=\"text-align: justify;\"><span style=\"font-family: Comic Sans MS, cursive;\">\u00ab Les l\u00e9gislatures des \u00c9tats et les commissions des services publics de l\u2019\u00c9tat sont l\u2019endroit o\u00f9 cette bataille doit \u00eatre men\u00e9e en termes de droit g\u00e9n\u00e9ral de retrait.<\/span><\/p>\n<p style=\"text-align: justify;\"><span style=\"font-family: Comic Sans MS, cursive;\">\u00ab Les gens qui se soucient de telles choses devraient \u00e9crire \u00e0 leurs repr\u00e9sentants \u00e9lus et exiger un droit de retrait. \u00bb<\/span><\/p>\n<p style=\"text-align: justify;\"><span style=\"font-family: Comic Sans MS, cursive;\">En septembre 2022, plus d\u2019une douzaine de services publics am\u00e9ricains et plusieurs services publics canadiens n\u2019offraient pas\u00a0<a href=\"https:\/\/stopsmartmetersbc.com\/wp-content\/uploads\/OPT-OUT-FEES.pdf\" target=\"_blank\" rel=\"noopener\">d\u2019option de retrait<\/a>\u00a0analogique, selon une liste compl\u00e8te compil\u00e9e par la\u00a0<a href=\"https:\/\/stopsmartmetersbc.com\/metersgrid\/smart-meter-opt-out-options-and-fees\/\" target=\"_blank\" rel=\"noopener\">Coalition to Stop Smart Meters<\/a>.<\/span><\/p>\n<p style=\"text-align: justify;\"><span style=\"font-family: Comic Sans MS, cursive;\">McCollough a soulign\u00e9 l\u2019importance pour les citoyens concern\u00e9s de dire aux l\u00e9gislateurs de leur \u00c9tat de promulguer une l\u00e9gislation de retrait, de pr\u00e9f\u00e9rence sans frais suppl\u00e9mentaires.<\/span><\/p>\n<p style=\"text-align: justify;\"><span style=\"font-family: Comic Sans MS, cursive;\">Parfois, les entreprises de services publics offrent des choix, mais &#8230;<\/span><\/p>\n<p style=\"text-align: justify;\"><span style=\"font-family: Comic Sans MS, cursive;\">Dans certains \u00c9tats qui n\u2019ont pas de lois r\u00e9gissant les compteurs intelligents, certaines entreprises de services publics offrent volontairement \u2013 parfois sous la pression des consommateurs \u2013 des alternatives aux compteurs intelligents, bien que ces alternatives puissent ne pas \u00eatre aussi conviviales que les protections offertes par les lois des \u00c9tats.<\/span><\/p>\n<p style=\"text-align: justify;\"><span style=\"font-family: Comic Sans MS, cursive;\">\u00c0 Hawaii, les clients de\u00a0<a href=\"https:\/\/mauiindependent.org\/smart-meter-victory-maui-utility-consumers\/\" target=\"_blank\" rel=\"noopener\">Maui Utility<\/a>\u00a0peuvent choisir d\u2019accepter \u2013 plut\u00f4t que de refuser \u2013 l\u2019installation d\u2019un compteur intelligent.<\/span><\/p>\n<p style=\"text-align: justify;\"><span style=\"font-family: Comic Sans MS, cursive;\">Mais en\u00a0<a href=\"https:\/\/childrenshealthdefense.org\/defender\/take-action-virginia-smart-meters-power\/\" target=\"_blank\" rel=\"noopener\">Virginie<\/a>,\u00a0<a href=\"https:\/\/childrenshealthdefense.org\/community-forum\/take-action-virginia-families-without-power\/\" target=\"_blank\" rel=\"noopener\">Dominion Energy<\/a>\u00a0fournit aux consommateurs un \u00ab\u00a0compteur\u00a0<a href=\"https:\/\/virginiansforsafetech.org\/wp-content\/uploads\/2022\/11\/Response-to-Dominion-November-21-2022.pdf\" target=\"_blank\" rel=\"noopener\">opt-out<\/a>\u00a0\u00bb \u2013 mais c\u2019est juste un compteur intelligent qui est cens\u00e9 avoir les antennes RF d\u00e9sactiv\u00e9es ou retir\u00e9es, a d\u00e9clar\u00e9 Jenny DeMarco, directrice des communications de\u00a0<a href=\"https:\/\/virginiansforsafetech.org\/\" target=\"_blank\" rel=\"noopener\">Virginians for Safe Technology<\/a>.<\/span><\/p>\n<p style=\"text-align: justify;\"><span style=\"font-family: Comic Sans MS, cursive;\">Patricia Burke de\u00a0<a href=\"https:\/\/safetechinternational.org\/\" target=\"_blank\" rel=\"noopener\">Safe Tech International<\/a>\u00a0a d\u00e9clar\u00e9 que ce type de compteur \u2013 en supposant que les antennes RF ont \u00e9t\u00e9 effectivement d\u00e9sactiv\u00e9es ou retir\u00e9es \u2013 peut encore apporter de\u00a0<a href=\"https:\/\/www.dirtyelectricity.org\/dirty-electricity\" target=\"_blank\" rel=\"noopener\">l\u2019\u00e9lectricit\u00e9 sale<\/a>, une autre forme de \u00ab\u00a0<a href=\"https:\/\/www.emfanalysis.com\/what-is-dirty-electricity\/\" target=\"_blank\" rel=\"noopener\">pollution<\/a>\u00a0\u00bb EMR, dans une maison et pourrait exacerber les sympt\u00f4mes de ceux qui \u00e9prouvent une sensibilit\u00e9 \u00e9lectromagn\u00e9tique.<\/span><\/p>\n<p style=\"text-align: justify;\"><span style=\"font-family: Comic Sans MS, cursive;\">De plus, cette version d\u2019un compteur intelligent pr\u00e9sente toujours des risques pour la sant\u00e9, selon le Dr Alexia McKnight, radiologue v\u00e9t\u00e9rinaire active dans les droits des citoyens des compteurs intelligents en Pennsylvanie.<\/span><\/p>\n<p style=\"text-align: justify;\"><span style=\"font-family: Comic Sans MS, cursive;\">\u00ab\u00a0\u00c9tant donn\u00e9 que les \u00e9missions RF ne sont pas le seul m\u00e9canisme de blessure, ces\u00a0\u00bb compteurs intelligents opt-out \u00ab\u00a0contiennent g\u00e9n\u00e9ralement encore une alimentation \u00e0 d\u00e9coupage pour faire fonctionner l\u2019affichage num\u00e9rique\u00a0\u00bb, a d\u00e9clar\u00e9 McKnight.<\/span><\/p>\n<p style=\"text-align: justify;\"><span style=\"font-family: Comic Sans MS, cursive;\">McKnight a expliqu\u00e9 :<\/span><\/p>\n<p style=\"text-align: justify;\"><span style=\"font-family: Comic Sans MS, cursive;\">\u00ab Cette alimentation \u00e0 d\u00e9coupage est responsable d\u2019une quantit\u00e9 excessive d\u2019\u00e9missions conduites qui sont plac\u00e9es et diffus\u00e9es \u00e0 partir du c\u00e2blage du b\u00e2timent dans les espaces de vie. Ces \u00e9missions conduites sont le probl\u00e8me de \u00ab\u00a0<a href=\"http:\/\/www.sammilham.com\/Milham-Stetzer-2013-Dirty-electricity,-chronic-stress,-neurotransmitters-and-disease.pdf\" target=\"_blank\" rel=\"noopener\">l\u2019\u00e9lectricit\u00e9 sale<\/a>\u00a0\u00bb des compteurs intelligents.<\/span><\/p>\n<p style=\"text-align: justify;\"><span style=\"font-family: Comic Sans MS, cursive;\">Certains experts avertissent que le rayonnement caus\u00e9 par ces \u00e9missions conduites non intentionnelles peut m\u00eame \u00eatre plus dangereux pour la fonction biologique que le rayonnement radiofr\u00e9quence plus connu que les compteurs ont \u00e9t\u00e9 con\u00e7us pour \u00e9mettre.<\/span><\/p>\n<p style=\"text-align: justify;\"><span style=\"font-family: Comic Sans MS, cursive;\">\u00ab\u00a0Tout cela pour dire que les compteurs analogiques \u00e9lectrom\u00e9caniques n\u2019ont pas d\u2019alimentations \u00e0 d\u00e9coupage, ils n\u2019ont pas le probl\u00e8me des \u00e9missions conduites, ils n\u2019\u00e9mettent pas de RF et ils r\u00e9solvent enti\u00e8rement la souffrance clinique caus\u00e9e par tous les m\u00e9canismes de blessure des compteurs intelligents.\u00a0\u00bb<\/span><\/p>\n<p style=\"text-align: justify;\"><span style=\"font-family: Comic Sans MS, cursive;\">\u00ab\u00a0Les clients devraient exiger des compteurs analogiques \u00e9lectrom\u00e9caniques et les services publics devraient les fournir\u00a0\u00bb, a d\u00e9clar\u00e9 McKnight.<\/span><\/p>\n<p style=\"text-align: justify;\"><span style=\"font-family: Comic Sans MS, cursive;\">Le nombre de compteurs intelligents install\u00e9s sur le r\u00e9seau am\u00e9ricain a atteint 103,1 millions en 2020, selon une \u00e9valuation de la r\u00e9ponse \u00e0 la demande et des capacit\u00e9s de<a href=\"https:\/\/cms.ferc.gov\/news-events\/news\/ferc-staff-issues-report-2022-assessment-demand-response-and-advanced-metering\" target=\"_blank\" rel=\"noopener\">\u00a0comptage avanc\u00e9\u00a0<\/a>du pays publi\u00e9e en d\u00e9cembre 2022 par la Federal Energy Regulatory Commission,\u00a0<a href=\"https:\/\/www.utilitydive.com\/news\/us-smart-meter-penetration-continues-steady-growth-tops-100m-in-operation\/639293\/\" target=\"_blank\" rel=\"noopener\">a rapport\u00e9 UtilityDive<\/a>\u00a0le 21 d\u00e9cembre 2022.<\/span><\/p>\n<p style=\"text-align: justify;\"><span style=\"font-family: Comic Sans MS, cursive;\">En avril 2022,\u00a0<a href=\"https:\/\/www.edisonfoundation.net\/-\/media\/Files\/IEI\/publications\/IEI-Smart-Meters-Infographic_2022.pdf\" target=\"_blank\" rel=\"noopener\">l\u2019Institute for Electric Innovation<\/a>\u00a0de la Fondation Edison a estim\u00e9 que plus de 124 millions de compteurs intelligents seraient install\u00e9s couvrant 78% des m\u00e9nages am\u00e9ricains d\u2019ici la fin de 2022 \u2013 et ce nombre\u00a0<a href=\"https:\/\/ktxs.com\/news\/local\/city-of-sweetwater-to-install-smart-water-meters-in-every-home-business\" target=\"_blank\" rel=\"noopener\">continue de cro\u00eetre en 2023<\/a>.<\/span><\/p>\n<p style=\"text-align: justify;\"><span style=\"font-family: Comic Sans MS, cursive;\">Worcester, Massachusetts : \u00ab en premi\u00e8re ligne de la bataille des compteurs intelligents \u00bb<\/span><\/p>\n<p style=\"text-align: justify;\"><span style=\"font-family: Comic Sans MS, cursive;\">En vertu du projet de loi pr\u00e9sent\u00e9 au Massachusetts par Moore, le D\u00e9partement des services publics de l\u2019\u00c9tat devrait exiger des entreprises de services publics qu\u2019elles fournissent aux consommateurs:<\/span><\/p>\n<p style=\"text-align: justify;\"><span style=\"font-family: Comic Sans MS, cursive;\">1\u00b0 le choix du type de compteurs de services publics \u00e0 installer et \u00e0 exploiter sur leur lieu de r\u00e9sidence, de propri\u00e9t\u00e9 ou d\u2019entreprise; Parmi les choix offerts, il y a l\u2019installation et le fonctionnement continu d\u2019un \u00ab\u00a0compteur analogique \u00e9lectrom\u00e9canique\u00a0\u00bb; et<\/span><\/p>\n<p style=\"text-align: justify;\"><span style=\"font-family: Comic Sans MS, cursive;\">(2) La capacit\u00e9 de conserver et de faire fonctionner un \u00ab compteur analogique \u00e9lectrom\u00e9canique \u00bb de fa\u00e7on continue et sans frais; et<\/span><\/p>\n<p style=\"text-align: justify;\"><span style=\"font-family: Comic Sans MS, cursive;\">(3) Le droit de remplacer gratuitement un compteur sans fil par un compteur \u00e9lectrom\u00e9canique non \u00e9metteur.<\/span><\/p>\n<p style=\"text-align: justify;\"><span style=\"font-family: Comic Sans MS, cursive;\">Le district de Moore \u00e0 Worcester, dans le Massachusetts, est \u00ab\u00a0en premi\u00e8re ligne de la bataille des compteurs intelligents\u00a0\u00bb depuis 2013, date \u00e0 laquelle environ 15 000 de ses citoyens ont \u00e9t\u00e9 inscrits automatiquement au programme pilote Smart\u00a0<a href=\"https:\/\/www1.nationalgridus.com\/SmartEnergyWorcesterProgram\" target=\"_blank\" rel=\"noopener\">Grid de National Grid<\/a>, selon Burke.<\/span><\/p>\n<p style=\"text-align: justify;\"><span style=\"font-family: Comic Sans MS, cursive;\">Selon un\u00a0<a href=\"https:\/\/childrenshealthdefense.org\/wp-content\/uploads\/Report-on-Misleading-Worcester-National-Grid-Smart-Meter-Pilot-Program-Results-Reporting.pdf\" target=\"_blank\" rel=\"noopener\">rapport pr\u00e9par\u00e9 par Burke<\/a>, \u00ab des compteurs d\u2019\u00e9lectricit\u00e9 \u00ab\u00a0intelligents\u00a0\u00bb ont \u00e9t\u00e9 install\u00e9s sur des maisons et des entreprises s\u00e9lectionn\u00e9es par National Grid \u00bb, une soci\u00e9t\u00e9 internationale d\u2019\u00e9lectricit\u00e9 et de gaz bas\u00e9e au Royaume-Uni et dans le nord-est des \u00c9tats-Unis.<\/span><\/p>\n<p style=\"text-align: justify;\"><span style=\"font-family: Comic Sans MS, cursive;\">Alors que le programme, initialement budg\u00e9tis\u00e9 \u00e0 45 millions de dollars, a \u00e9t\u00e9 promu comme \u00ab\u00a0gratuit\u00a0\u00bb pour la communaut\u00e9, \u00ab\u00a0le co\u00fbt du projet pilote a \u00e9t\u00e9 support\u00e9 par les contribuables de National Grid\u00a0\u00bb, selon le rapport, et les co\u00fbts auraient grimp\u00e9 \u00e0 60 millions de dollars avant que le pilote n\u2019atteigne la moiti\u00e9 du chemin.<\/span><\/p>\n<p style=\"text-align: justify;\"><span style=\"font-family: Comic Sans MS, cursive;\">Les t\u00e9moignages soumis au d\u00e9partement des services publics de l\u2019\u00c9tat et \u00e0 l\u2019ancien gouverneur du Massachusetts, Charlie Baker, ont pr\u00e9sent\u00e9 des preuves des \u00ab\u00a0rapports de r\u00e9sultats trompeurs et \/ ou frauduleux\u00a0\u00bb du programme\u00a0\u00bb, y compris \u00ab\u00a0des rapports trompeurs inexacts sur la r\u00e9tention, les retraits et le nombre de participants; des rapports trompeurs inexacts sur les \u00e9conomies de co\u00fbts; [et] des rapports trompeurs inexacts sur les \u00e9conomies d\u2019\u00e9nergie \u00bb.<\/span><\/p>\n<p style=\"text-align: justify;\"><span style=\"font-family: Comic Sans MS, cursive;\">Burke et deux autres personnes\u00a0<a href=\"https:\/\/childrenshealthdefense.org\/wp-content\/uploads\/MA-special-commission-petition-on-pilot-results-investigation.pdf\" target=\"_blank\" rel=\"noopener\">ont demand\u00e9 \u00e0 la l\u00e9gislature de l\u2019\u00c9tat<\/a>\u00a0de \u00ab\u00a0cr\u00e9er une commission sp\u00e9ciale pour enqu\u00eater sur les r\u00e9sultats du programme pilote, qui d\u00e9passait le budget, \u00e9tait en retard et d\u00e9passait les droits de la communaut\u00e9 et des consommateurs\u00a0\u00bb.<\/span><\/p>\n<p style=\"text-align: justify;\"><span style=\"font-family: Comic Sans MS, cursive;\">Burke a d\u00e9clar\u00e9 qu\u2019elle esp\u00e9rait que la nouvelle administration enqu\u00eaterait sur \u00ab\u00a0les actions du d\u00e9partement des services publics, des soci\u00e9t\u00e9s de services publics appartenant \u00e0 des investisseurs et d\u2019autres personnes impliqu\u00e9es dans le programme controvers\u00e9\u00a0\u00bb.<\/span><\/p>\n<p style=\"text-align: justify;\"><span style=\"font-family: Comic Sans MS, cursive;\">Les services publics font appel \u00e0 un scientifique du tabac pour t\u00e9moigner que les compteurs intelligents sont \u00ab\u00a0s\u00fbrs\u00a0\u00bb<\/span><\/p>\n<p style=\"text-align: justify;\"><span style=\"font-family: Comic Sans MS, cursive;\">Dans une tentative de passer outre les pr\u00e9occupations des citoyens de Worcester sur la fa\u00e7on dont\u00a0<a href=\"https:\/\/ehtrust.org\/educate-yourself\/health-risks-posed-by-smartmeters\/\" target=\"_blank\" rel=\"noopener\">les compteurs intelligents peuvent nuire \u00e0 la sant\u00e9<\/a>,\u00a0<a href=\"https:\/\/gradientcorp.com\/team\/peter-valberg\/\" target=\"_blank\" rel=\"noopener\">Peter Valberg, Ph.D.,<\/a>\u00a0ancien professeur \u00e0 la Harvard School of Public Health et conseiller principal de la soci\u00e9t\u00e9 de conseil en environnement Gradient Corporation, a t\u00e9moign\u00e9 en f\u00e9vrier 2014 devant le conseil de zonage de la ville.<\/span><\/p>\n<p style=\"text-align: justify;\"><span style=\"font-family: Comic Sans MS, cursive;\"><a href=\"https:\/\/www.naturalblaze.com\/2021\/05\/5g-emf-rf-mothers-day-2021-voices-of-experience-wisdom-insight-part-2.html\" target=\"_blank\" rel=\"noopener\">Burke a dit<\/a>\u00a0Valberg a \u00e9galement t\u00e9moign\u00e9 pour le minist\u00e8re des Services publics du Massachusetts en 2014 \u2013 \u00ab\u00a0la m\u00eame semaine o\u00f9 il\u00a0<a href=\"https:\/\/truthinadvertising.org\/wp-content\/uploads\/2014\/05\/Phillips-v.-Philip-Morris-order-denying-class-cert-.pdf\" target=\"_blank\" rel=\"noopener\">a t\u00e9moign\u00e9 pour les cigarettes Philip Morris<\/a>\u00a0\u00bb.<\/span><\/p>\n<p style=\"text-align: justify;\"><span style=\"font-family: Comic Sans MS, cursive;\">Des organisations de base, y compris\u00a0<a href=\"https:\/\/www.haltmasmartmeters.org\/\" target=\"_blank\" rel=\"noopener\">HaltMASmartMeters.org<\/a>\u00a0et StopSmartMetersMassachusetts.org, ont d\u00e9clar\u00e9 dans un\u00a0<a href=\"https:\/\/fileservice.eea.comacloud.net\/FileService.Api\/file\/FileRoom\/9237950\" target=\"_blank\" rel=\"noopener\">courriel au d\u00e9partement des services publics<\/a>\u00a0que le \u00ab\u00a0t\u00e9moignage du Dr Peter Valberg de Gradient concernant la s\u00e9curit\u00e9 des rayonnements non ionisants devrait \u00eatre \u00e9cart\u00e9 dans son int\u00e9gralit\u00e9\u00a0\u00bb parce que Valberg ne pouvait pas \u00eatre consid\u00e9r\u00e9 comme \u00ab\u00a0un t\u00e9moin expert ind\u00e9pendant\u00a0\u00bb et qu\u2019il \u00ab\u00a0n\u2019a pas r\u00e9v\u00e9l\u00e9 de conflit d\u2019int\u00e9r\u00eats financier\u00a0\u00bb.<\/span><\/p>\n<p style=\"text-align: justify;\"><span style=\"font-family: Comic Sans MS, cursive;\">Voici ce qu\u2019ils ont \u00e9crit :<\/span><\/p>\n<p style=\"text-align: justify;\"><span style=\"font-family: Comic Sans MS, cursive;\">\u00ab Le Dr Valberg a fait carri\u00e8re en d\u00e9formant la science de la s\u00e9curit\u00e9 au nom des industries de la cigarette, de l\u2019amiante et de l\u2019hexachrome, et devrait \u00eatre rejet\u00e9 en tant que t\u00e9moin expert pour des raisons \u00e9thiques. \u00bb<\/span><\/p>\n<p style=\"text-align: justify;\"><span style=\"font-family: Comic Sans MS, cursive;\">Selon un rapport de 2016 du\u00a0<a href=\"https:\/\/publicintegrity.org\/environment\/meet-the-rented-white-coats-who-defend-toxic-chemicals\/\" target=\"_blank\" rel=\"noopener\">Center for Public Integrity<\/a>, \u00ab Gradient appartient \u00e0 une race de cabinets de conseil scientifique qui d\u00e9fend les produits de ses entreprises clientes au-del\u00e0 de la cr\u00e9dulit\u00e9, m\u00eame des substances \u00e9tudi\u00e9es de mani\u00e8re exhaustive dont les dangers ne sont pas mis en doute, comme l\u2019amiante, le plomb et l\u2019arsenic \u00bb.<\/span><\/p>\n<p style=\"text-align: justify;\"><span style=\"font-family: Comic Sans MS, cursive;\">Commentant Valberg et d\u2019autres scientifiques de Gradient,\u00a0<a href=\"https:\/\/www.sfu.ca\/fhs\/about\/people\/profiles\/bruce-lanphear.html\" target=\"_blank\" rel=\"noopener\">Bruce Lanphear, MD, mph<\/a>\u00a0\u2013 professeur de sciences de la sant\u00e9 \u00e0 l\u2019Universit\u00e9 Simon Fraser en Colombie-Britannique \u2013 a d\u00e9clar\u00e9 au Center for Public Integrity: \u00ab\u00a0Ils sont vraiment la quintessence des blouses blanches lou\u00e9es.\u00a0\u00bb<\/span><\/p>\n<p style=\"text-align: justify;\"><span style=\"font-family: Comic Sans MS, cursive;\">Les lois propos\u00e9es par New York ne vont pas assez loin, disent les militants<\/span><\/p>\n<p style=\"text-align: justify;\"><span style=\"font-family: Comic Sans MS, cursive;\">La derni\u00e8re tentative de New York de r\u00e9glementer les compteurs intelligents \u2013 le\u00a0<a href=\"https:\/\/www.nysenate.gov\/legislation\/bills\/2023\/S2587\" target=\"_blank\" rel=\"noopener\">projet de loi S2587 du S\u00e9nat<\/a>\u00a0\u2013 pr\u00e9sent\u00e9 le 23 janvier par le\u00a0<a href=\"https:\/\/www.nysenate.gov\/senators\/pete-harckham\" target=\"_blank\" rel=\"noopener\">s\u00e9nateur Pete Harckham<\/a>, n\u2019est pas la seule l\u00e9gislation envisag\u00e9e par les l\u00e9gislateurs de l\u2019\u00c9tat.<\/span><\/p>\n<p style=\"text-align: justify;\"><span style=\"font-family: Comic Sans MS, cursive;\">En avril 2022, Harckham a pr\u00e9sent\u00e9 un projet de loi \u2013 le\u00a0<a href=\"https:\/\/www.nysenate.gov\/legislation\/bills\/2021\/S8765\" target=\"_blank\" rel=\"noopener\">projet de loi S8765 du S\u00e9nat<\/a>\u00a0\u2013 qui modifierait le droit des affaires pour faire \u00ab le droit de chaque consommateur d\u2019une soci\u00e9t\u00e9 d\u2019\u00e9lectricit\u00e9 ou d\u2019une soci\u00e9t\u00e9 gazi\u00e8re, sans p\u00e9nalit\u00e9, frais ou frais de service, de refuser la permission \u00e0 sa soci\u00e9t\u00e9 d\u2019\u00e9lectricit\u00e9 ou \u00e0 sa soci\u00e9t\u00e9 de gaz : (a) de remplacer un compteur de services publics analogique existant dans les locaux de ce consommateur qui est affect\u00e9 au compte de ce consommateur par un compteur de services publics num\u00e9riques; ou b) d\u2019installer un compteur num\u00e9rique de services publics sur leur propri\u00e9t\u00e9 sans le consentement de ce consommateur.<\/span><\/p>\n<p style=\"text-align: justify;\"><span style=\"font-family: Comic Sans MS, cursive;\">Les deux projets de loi sont actuellement \u00e0 l\u2019\u00e9tude en comit\u00e9 et n\u2019ont pas encore fait l\u2019objet d\u2019un vote.<\/span><\/p>\n<p style=\"text-align: justify;\"><span style=\"font-family: Comic Sans MS, cursive;\">Le 7 f\u00e9vrier, Les Jamieson, membre de New\u00a0<a href=\"https:\/\/newyorkers4wiredtech.com\/\" target=\"_blank\" rel=\"noopener\">Yorkers 4 Wired Tech<\/a>, Odette Wilkens, avocate et fondatrice de\u00a0<a href=\"https:\/\/www.wiredbroadband.org\/\" target=\"_blank\" rel=\"noopener\">NY Wired Broadband<\/a>\u00a0et\u00a0<a href=\"https:\/\/buildingbiologyinstitute.org\/find-an-expert\/certified-consultants\/building-biology-environmental-consultants\/william-bill-bathgate-bbec-ieee\/\" target=\"_blank\" rel=\"noopener\">Bill Bathgate<\/a>, ing\u00e9nieur et consultant certifi\u00e9 en biologie du b\u00e2timent, ont pr\u00e9sent\u00e9 des preuves au S\u00e9nat de New York soulignant l\u2019importance d\u2019une telle l\u00e9gislation \u2013 et affirmant que la loi devrait aller encore plus loin.<\/span><\/p>\n<p style=\"text-align: justify;\"><span style=\"font-family: Comic Sans MS, cursive;\">Dans leur\u00a0<a href=\"https:\/\/childrenshealthdefense.org\/wp-content\/uploads\/Smart-Meters-CO2-Climate-Change-and-Higher-Bills.pdf\" target=\"_blank\" rel=\"noopener\">pr\u00e9sentation de 34 pages<\/a>, Jamieson, Wilkens et Bathgate ont expliqu\u00e9 comment les compteurs intelligents exacerbent \u2013 plut\u00f4t qu\u2019att\u00e9nuent \u2013 le changement climatique, pourquoi ils posent des risques pour la s\u00e9curit\u00e9, comment ils sont li\u00e9s \u00e0 des\u00a0<a href=\"https:\/\/magdahavas.com\/wp-content\/uploads\/2020\/04\/Havas-5G-health-humans-and-biota-April-15-2020.pdf\" target=\"_blank\" rel=\"noopener\">conditions de sant\u00e9 d\u00e9favorables<\/a>\u00a0et comment ils peuvent\u00a0<a href=\"https:\/\/childrenshealthdefense.org\/defender\/smart-meters-health-privacy\/\" target=\"_blank\" rel=\"noopener\">augmenter les factures d\u2019\u00e9nergie des consommateurs<\/a>.<\/span><\/p>\n<p style=\"text-align: justify;\"><span style=\"font-family: Comic Sans MS, cursive;\">Contrairement \u00e0 un compteur analogique qui n\u2019a pas d\u2019\u00e9lectronique \u00e0 l\u2019int\u00e9rieur, les compteurs intelligents sont \u00ab\u00a0en fait un ordinateur puissant, pas seulement un compteur\u00a0\u00bb qui n\u00e9cessite l\u2019\u00e9nergie d\u2019un r\u00e9seau d\u2019\u00e9nergie pour fonctionner, selon les pr\u00e9sentateurs.<\/span><\/p>\n<p style=\"text-align: justify;\"><span style=\"font-family: Comic Sans MS, cursive;\">\u00ab\u00a0Il existe des circuits sp\u00e9ciaux qui convertissent l\u2019alimentation CA en courant continu pour alimenter l\u2019\u00e9lectronique des cartes de circuits imprim\u00e9s, des processeurs, des alimentations \u00e0 d\u00e9coupage de m\u00e9moire, des \u00e9crans LCD, un sol\u00e9no\u00efde et de nombreuses autres fonctions, etc.\u00a0\u00bb, ont-ils d\u00e9clar\u00e9, ajoutant: \u00ab\u00a0Ceux-ci consomment tous de l\u2019\u00e9nergie.\u00a0\u00bb<\/span><\/p>\n<p style=\"text-align: justify;\"><span style=\"font-family: Comic Sans MS, cursive;\">Jamieson, Wilkens et Bathgate ont d\u00e9clar\u00e9 que les compteurs intelligents posent un risque de s\u00e9curit\u00e9 pour les consommateurs, car ils peuvent \u00eatre pirat\u00e9s physiquement et programm\u00e9s \u00e0 l\u2019aide d\u2019un outil sp\u00e9cial.<\/span><\/p>\n<p style=\"text-align: justify;\"><span style=\"font-family: Comic Sans MS, cursive;\">Cette \u00ab\u00a0porte d\u00e9rob\u00e9e physique\u00a0\u00bb contourne le cryptage, ont-ils d\u00e9clar\u00e9, permettant de\u00a0<a href=\"https:\/\/childrenshealthdefense.org\/defender\/smart-meters-surveillance-control-energy-use-emf-cola\/\" target=\"_blank\" rel=\"noopener\">violer la vie priv\u00e9e<\/a>\u00a0des consommateurs en permettant \u00ab\u00a0l\u2019insertion de code, la modification du trafic r\u00e9seau et l\u2019injection de code malveillant\u00a0\u00bb qui pourrait \u00e9ventuellement entra\u00eener la coupure de courant.<\/span><\/p>\n<p style=\"text-align: justify;\"><span style=\"font-family: Comic Sans MS, cursive;\">Il existe des preuves que les compteurs intelligents fournissent\u00a0<a href=\"https:\/\/www.utwente.nl\/en\/news\/2017\/3\/313543\/electronic-energy-meters-false-readings-almost-six-times-higher-than-actual-energy-consumption\" target=\"_blank\" rel=\"noopener\">des lectures inexactes<\/a>, ce qui peut affecter les factures d\u2019\u00e9nergie des consommateurs.<\/span><\/p>\n<p style=\"text-align: justify;\"><span style=\"font-family: Comic Sans MS, cursive;\">De plus, les compteurs intelligents \u2013 avec ou sans les antennes \u00e9mettrices allum\u00e9es \u2013 renvoient des \u00ab\u00a0\u00e9missions conductrices\u00a0\u00bb dans le c\u00e2blage domestique du panneau de charge et ne sont pas conformes aux r\u00e8gles de la FCC [Federal Communications Commission] pour les \u00e9missions\u00a0<a href=\"https:\/\/www.egr.msu.edu\/emrg\/sites\/default\/files\/content\/module11_conducted.pdf\" target=\"_blank\" rel=\"noopener\">conductrices<\/a>\u00a0<a href=\"https:\/\/www.law.cornell.edu\/cfr\/text\/47\/15.107\" target=\"_blank\" rel=\"noopener\">de classe A<\/a>\u00a0(limites d\u2019\u00e9missions industrielles) ou de\u00a0<a href=\"https:\/\/eepower.com\/technical-articles\/an-overview-of-conducted-emissions-part-1\/\" target=\"_blank\" rel=\"noopener\">classe B<\/a>\u00a0(limites d\u2019\u00e9missions commerciales), ont d\u00e9clar\u00e9 les pr\u00e9sentateurs.<\/span><\/p>\n<p style=\"text-align: justify;\"><span style=\"font-family: Comic Sans MS, cursive;\">\u00ab\u00a0Cela exerce un stress sur tous les moteurs \u00e9lectroniques et \u00e9lectriques de la maison, provoquant des pannes de moteur pr\u00e9coces, des d\u00e9faillances de contr\u00f4le \u00e9lectronique de l\u2019appareil et des interf\u00e9rences radio, en plus des\u00a0<a href=\"https:\/\/childrenshealthdefense.org\/emr\/emf-wireless-health-impacts\/\" target=\"_blank\" rel=\"noopener\">effets sur la sant\u00e9<\/a>\u00a0tels que l\u2019insomnie, les acouph\u00e8nes, les maux de t\u00eate, les taux \u00e9lev\u00e9s de sucre dans le sang et les troubles nerveux tels que la neuropathie et l\u2019arythmie cardiaque\u00a0\u00bb, ont-ils ajout\u00e9.<\/span><\/p>\n<p style=\"text-align: justify;\"><span style=\"font-family: Comic Sans MS, cursive;\">Afin de r\u00e9soudre ce probl\u00e8me, ont-ils d\u00e9clar\u00e9, les fabricants devraient reconcevoir le compteur afin qu\u2019il \u00ab\u00a0se connecte \u00e0 un chemin de terre pour enfoncer les oscillations \u00e0 la tige de terre de la maison\u00a0\u00bb.<\/span><\/p>\n<p style=\"text-align: justify;\"><span style=\"font-family: Comic Sans MS, cursive;\">Un test technique effectu\u00e9 en mars 2022 par des chercheurs de\u00a0<a href=\"https:\/\/ehtrust.org\/about\/\" target=\"_blank\" rel=\"noopener\">l\u2019Environmental Health Trust<\/a>\u00a0a conclu que les compteurs intelligents \u00ab\u00a0<a href=\"https:\/\/ehtrust.org\/dirty-power-from-new-electricity-meters-key-to-a-health-problem\/\" target=\"_blank\" rel=\"noopener\">polluent le r\u00e9seau \u00e9lectrique<\/a>\u00a0\u00bb dans les b\u00e2timents contenant plus d&rsquo;\u00ab\u00e9lectricit\u00e9 sale\u00a0\u00bb que les compteurs analogiques.<\/span><\/p>\n<p style=\"text-align: justify;\"><span style=\"font-family: Comic Sans MS, cursive;\">\u00ab\u00a0L\u2019\u00e9lectricit\u00e9 sale\u00a0\u00bb, ont d\u00e9clar\u00e9 les chercheurs, \u00ab\u00a0est un terme de l\u2019industrie pour plusieurs types de bruit \u00e9lectrique se propageant \u00e0 travers les lignes \u00e9lectriques et cr\u00e9ant ou affectant\u00a0<a href=\"https:\/\/childrenshealthdefense.org\/emr\/emf-key-terms-descriptions\/\" target=\"_blank\" rel=\"noopener\">des champs \u00e9lectromagn\u00e9tiques<\/a>\u00a0autour d\u2019eux.\u00a0\u00bb<\/span><\/p>\n<p style=\"text-align: justify;\"><span style=\"font-family: Comic Sans MS, cursive;\">Pour cette raison, les compteurs intelligents \u00ab ont le potentiel d\u2019\u00eatre un probl\u00e8me de sant\u00e9 \u2013 m\u00eame lorsqu\u2019ils sont \u00ab\u00a0non intelligents\u00a0\u00bb, c\u2019est-\u00e0-dire avec les \u00e9metteurs radio dans les compteurs retir\u00e9s ou r\u00e9duits au silence \u00bb, ont-ils ajout\u00e9.<\/span><\/p>\n<p style=\"text-align: justify;\"><span style=\"font-family: Comic Sans MS, cursive;\">Se retirer n\u2019est pas suffisant dans les zones urbaines, disent les critiques des compteurs intelligents<\/span><\/p>\n<p style=\"text-align: justify;\"><span style=\"font-family: Comic Sans MS, cursive;\">Jamieson, Wilkens et Bathgate ont d\u00e9clar\u00e9 aux l\u00e9gislateurs de New York que, bien qu\u2019ils aient soutenu le premier projet de loi de Harckham parce qu\u2019il fournirait aux \u00ab\u00a0clients des services publics avec des comptes r\u00e9sidentiels\u00a0\u00bb la possibilit\u00e9 de conserver l\u2019utilisation de leur compteur analogique sans frais, \u00ab\u00a0des protections suppl\u00e9mentaires des consommateurs pour un plus grand nombre de r\u00e9sidents de l\u2019\u00c9tat\u00a0\u00bb sont n\u00e9cessaires.<\/span><\/p>\n<p style=\"text-align: justify;\"><span style=\"font-family: Comic Sans MS, cursive;\">Ils ont soulign\u00e9 qu\u2019une personne vivant dans une zone urbaine qui soumet une demande de retrait peut toujours \u00eatre affect\u00e9e par le rayonnement RF des compteurs intelligents \u00e0 proximit\u00e9.<\/span><\/p>\n<p style=\"text-align: justify;\"><span style=\"font-family: Comic Sans MS, cursive;\">\u00ab\u00a0Le signal RF du compteur peut voyager de 1 400 \u00e0 1 500 pieds, \u00e0 travers un mur de briques, ce qui rend un programme de retrait inutile dans un sc\u00e9nario de complexe d\u2019appartements\u00a0\u00bb, ont-ils d\u00e9clar\u00e9.<\/span><\/p>\n<p style=\"text-align: justify;\"><span style=\"font-family: Comic Sans MS, cursive;\">Dans leur expos\u00e9, ils ont \u00e9crit ce qui suit :<\/span><\/p>\n<p style=\"text-align: justify;\"><span style=\"font-family: Comic Sans MS, cursive;\">\u00ab\u00a0Il y a plusieurs milliers de r\u00e9sidents de New York qui poss\u00e8dent des maisons multifamiliales. Dans l\u2019int\u00e9r\u00eat de leurs droits en tant que propri\u00e9taires, il est important qu\u2019ils puissent choisir des compteurs analogiques pour l\u2019ensemble de leur propri\u00e9t\u00e9, et pas seulement pour l\u2019unit\u00e9 dans laquelle ils vivent.<\/span><\/p>\n<p style=\"text-align: justify;\"><span style=\"font-family: Comic Sans MS, cursive;\">\u00ab Ils doivent pouvoir se retirer de leurs logements locatifs et des comptes couvrant les parties communes de l\u2019immeuble, comme les couloirs. \u00c0 l\u2019heure actuelle, les corridors sont d\u00e9sign\u00e9s par les services publics comme \u00e9tant commerciaux. Il n\u2019y a pas de choix de retrait pour les comptes d\u00e9sign\u00e9s comme commerciaux.<\/span><\/p>\n<p style=\"text-align: justify;\"><span style=\"font-family: Comic Sans MS, cursive;\">\u00ab Les propri\u00e9taires de petites entreprises dont les comptes sont d\u00e9sign\u00e9s comme commerciaux doivent avoir le choix entre les compteurs analogiques. Ceux-ci incluent des restaurants et toutes sortes de magasins de quartier. Les propri\u00e9taires et leur personnel passent beaucoup de temps \u00e0 proximit\u00e9 des compteurs de services publics.<\/span><\/p>\n<p style=\"text-align: justify;\"><span style=\"font-family: Comic Sans MS, cursive;\">\u00ab Les r\u00e9sidents et les pi\u00e9tons \u00e0 proximit\u00e9 des b\u00e2timents \u00e9quip\u00e9s de compteurs num\u00e9riques \u00e0 l\u2019ext\u00e9rieur ont besoin d\u2019\u00eatre prot\u00e9g\u00e9s contre l\u2019exposition \u00e0 leurs \u00e9missions RF qui sont des fr\u00e9quences puls\u00e9es. Cela peut \u00eatre fait avec des couvercles de compteur constitu\u00e9s d\u2019un mat\u00e9riau de blindage protecteur. Id\u00e9alement, il devrait \u00e9galement y avoir un blindage derri\u00e8re le panneau du compteur.<\/span><\/p>\n<p style=\"text-align: justify;\"><span style=\"font-family: Comic Sans MS, cursive;\">\u00ab Les grands b\u00e2timents r\u00e9sidentiels ont de grands panneaux avec compteurs de services publics. Ces panneaux avec compteurs num\u00e9riques doivent \u00e9galement avoir des couvercles de compteurs en mat\u00e9riau de blindage protecteur. Si l\u2019emplacement des compteurs num\u00e9riques est adjacent \u00e0 l\u2019espace de vie, il doit \u00e9galement y avoir un blindage derri\u00e8re les compteurs num\u00e9riques.<\/span><\/p>\n<p style=\"text-align: justify;\"><span style=\"font-family: Comic Sans MS, cursive;\">Ils ont sugg\u00e9r\u00e9 aux l\u00e9gislateurs de l\u2019\u00c9tat d\u2019inclure ces protections suppl\u00e9mentaires en tant qu\u2019amendement au projet de loi de Harckham ou de les d\u00e9velopper dans un projet de loi compl\u00e9mentaire distinct.<\/span><\/p>\n<p style=\"text-align: justify;\"><span style=\"font-family: Comic Sans MS, cursive;\">&#8230;<\/span><\/p>\n","protected":false},"excerpt":{"rendered":"<p>Discutez-en avec les l\u00e9gislateurs de votre \u00c9tat, disent les experts<\/p>\n","protected":false},"author":4,"featured_media":0,"comment_status":"closed","ping_status":"open","sticky":false,"template":"","format":"standard","meta":{"footnotes":""},"categories":[1],"tags":[],"class_list":["post-10262","post","type-post","status-publish","format-standard","hentry","category-non-classe"],"_links":{"self":[{"href":"https:\/\/collectif-accad.fr\/site\/wp-json\/wp\/v2\/posts\/10262","targetHints":{"allow":["GET"]}}],"collection":[{"href":"https:\/\/collectif-accad.fr\/site\/wp-json\/wp\/v2\/posts"}],"about":[{"href":"https:\/\/collectif-accad.fr\/site\/wp-json\/wp\/v2\/types\/post"}],"author":[{"embeddable":true,"href":"https:\/\/collectif-accad.fr\/site\/wp-json\/wp\/v2\/users\/4"}],"replies":[{"embeddable":true,"href":"https:\/\/collectif-accad.fr\/site\/wp-json\/wp\/v2\/comments?post=10262"}],"version-history":[{"count":1,"href":"https:\/\/collectif-accad.fr\/site\/wp-json\/wp\/v2\/posts\/10262\/revisions"}],"predecessor-version":[{"id":10263,"href":"https:\/\/collectif-accad.fr\/site\/wp-json\/wp\/v2\/posts\/10262\/revisions\/10263"}],"wp:attachment":[{"href":"https:\/\/collectif-accad.fr\/site\/wp-json\/wp\/v2\/media?parent=10262"}],"wp:term":[{"taxonomy":"category","embeddable":true,"href":"https:\/\/collectif-accad.fr\/site\/wp-json\/wp\/v2\/categories?post=10262"},{"taxonomy":"post_tag","embeddable":true,"href":"https:\/\/collectif-accad.fr\/site\/wp-json\/wp\/v2\/tags?post=10262"}],"curies":[{"name":"wp","href":"https:\/\/api.w.org\/{rel}","templated":true}]}}