{"id":10259,"date":"2023-03-14T01:09:16","date_gmt":"2023-03-14T00:09:16","guid":{"rendered":"https:\/\/collectif-accad.fr\/site\/?p=10259"},"modified":"2023-03-07T07:10:54","modified_gmt":"2023-03-07T06:10:54","slug":"etude-de-geothermie","status":"publish","type":"post","link":"https:\/\/collectif-accad.fr\/site\/etude-de-geothermie\/","title":{"rendered":"\u00c9tude de g\u00e9othermie"},"content":{"rendered":"<p style=\"text-align: left;\"><strong><span style=\"font-size: 18pt;\">Campagne de mesures g\u00e9ophysiques<\/span><\/strong><\/p>\n<p><!--more--><\/p>\n<p style=\"text-align: justify;\">Cela se passe autour de l\u2019usine Renault Cuincy, avec l\u2019appui d\u2019Engie<\/p>\n<p style=\"text-align: justify;\">Des informations provenant d\u2019Esquerchin<\/p>\n<p style=\"text-align: justify;\">Voil\u00e0 ce qu\u2019on avait comme renseignements<\/p>\n<p style=\"text-align: center;\">** **<\/p>\n<p style=\"text-align: justify;\">Pour lire l\u2019article complet, allez sur le site de qui\u00e9ryavenir en date du 27 f\u00e9vrier\u00a0:<\/p>\n<p style=\"text-align: justify;\"><a href=\"https:\/\/www.quieryavenir.fr\/blog\/2023\/02\/27\/etude-de-geothermie\/\">https:\/\/www.quieryavenir.fr\/blog\/2023\/02\/27\/etude-de-geothermie\/<\/a><\/p>\n<p style=\"text-align: center;\">** **<\/p>\n<p style=\"text-align: justify;\">Dans le cadre du programme de d\u00e9carbonation du site Renault de Douai, une imagerie du sous-sol va \u00eatre r\u00e9alis\u00e9e au niveau de 24 communes autour du site pour guider le forage qui permettra d&rsquo;atteindre un r\u00e9servoir d&rsquo;eau chaude dans les calcaires carbonif\u00e8res \u00e0 3500m de profondeur.<\/p>\n<p style=\"text-align: justify;\">Cette ressource g\u00e9othermique viendra apporter l&rsquo;\u00e9nergie propre et n\u00e9cessaire pour les besoins de la future usine qui abandonne le thermique pour se tourner vers l&rsquo;\u00e9lectrique, projet qui va g\u00e9n\u00e9rer de l&#8217;emploi.<\/p>\n<p style=\"text-align: justify;\">Pour r\u00e9aliser cette imagerie, 5500 capteurs (photo) vont \u00eatre d\u00e9ploy\u00e9s tous les 30m le long des routes et des chemins. Ils resteront une dizaine de jours et seront r\u00e9cup\u00e9r\u00e9s apr\u00e8s le passage des camions qui seront venus pendant la nuit effectuer les mesures par \u00e9missions d&rsquo;ondes.<\/p>\n<p style=\"text-align: justify;\">La s\u00e9curit\u00e9 de la progression du camion est assur\u00e9e par une double escorte et un balisage sera mis en place. Aucune d\u00e9viation ni restriction ne viendront alt\u00e9rer la circulation.<\/p>\n<p style=\"text-align: justify;\">Il est \u00e0 noter que les convois ne feront aucun test de vibration dans l&rsquo;agglom\u00e9ration. Ces tests auront lieu dans notre campagne.<\/p>\n<p style=\"text-align: justify;\">Planning th\u00e9orique des op\u00e9rations au niveau de l&rsquo;ensemble du projet (24 Communes)<\/p>\n<p style=\"text-align: justify;\">&#8211; Pose des capteurs (g\u00e9ophones)durant la journ\u00e9e entre le 7 et le 11 F\u00e9vrier 2023<\/p>\n<p style=\"text-align: justify;\">&#8211; Passage du camion \u00e9metteur d&rsquo;ondes pendant la nuit (20h-6h) entre le 13 et le 17 F\u00e9vrier 2023<\/p>\n<p style=\"text-align: justify;\">&#8211; Ramassage du dispositif entre le 18 et le 20 F\u00e9vrier 2023<\/p>\n<p style=\"text-align: justify;\">&#8211; D\u00e9mobilisation du chantier le 21 F\u00e9vrier 2023<\/p>\n<p style=\"text-align: justify;\">Ces dates seront confirm\u00e9es 48h \u00e0 l&rsquo;avance au niveau de chaque commune.<\/p>\n<p style=\"text-align: justify;\"><a href=\"https:\/\/www.facebook.com\/845765182107298\/posts\/pfbid0WHDBmgGUt7YGYCkVXGynEjbA2FbvuLidK1NTH2UjZJVeDWbQpooAJXwMmJdvcdqNl\/?sfnsn=scwspmo\">https:\/\/www.facebook.com\/845765182107<\/a><\/p>\n<p style=\"text-align: justify;\">Utiliser la chaleur infinie de la terre<\/p>\n<p style=\"text-align: justify;\">La g\u00e9othermie repr\u00e9sente un immense potentiel \u00e9nerg\u00e9tique, naturel, local et \u00e9cologique<\/p>\n<p style=\"text-align: justify;\">Qu\u2019est-ce que la g\u00e9othermie\u00a0?<\/p>\n<p style=\"text-align: justify;\">Dans le sous-sol, la temp\u00e9rature augmente en moyenne de 30\u00b0C par kilom\u00e8tre. L\u2019eau qui parfois s\u2019y trouve atteint plus de 100\u00b0C \u00e0 3000 m de profondeur. La g\u00e9othermie consiste \u00e0 exploiter cette ressource sous forme de chaleur ou pour produire de l\u2019\u00e9lectricit\u00e9. Elle repr\u00e9sente un immense potentiel, naturel, \u00e9cologique et infini.<\/p>\n<p style=\"text-align: justify;\">Le programme GEothermies<\/p>\n<p style=\"text-align: justify;\">GEthermies vise \u00e0 am\u00e9liorer la connaissance du sous-sol du Grand Gen\u00e8ve et \u00e0 \u00e9laborer le cadre institutionnel favorable au d\u00e9veloppement de cette \u00e9nergie. Pilot\u00e9 par l\u2019\u00c9tat de Gen\u00e8ve, ce programme est financ\u00e9 et mis en \u0153uvre par SIG en partenariat avec les intercommunalit\u00e9s fran\u00e7aises limitrophes. <strong>Il est articul\u00e9 en trois phases\u00a0: la prospection, l\u2019exploration par forage et l\u2019exploitation.<\/strong><\/p>\n<p style=\"text-align: justify;\"><strong>Locale<\/strong><\/p>\n<p style=\"text-align: justify;\">Disponible et exploitable localement, la g\u00e9othermie contribue \u00e0 accro\u00eetre notre ind\u00e9pendance \u00e9nerg\u00e9tique.<\/p>\n<p style=\"text-align: justify;\"><strong>Renouvelable et continue<\/strong><\/p>\n<p style=\"text-align: justify;\">G\u00e9r\u00e9e de mani\u00e8re efficiente et durable, la chaleur terrestre est in\u00e9puisable et renouvelable. Disponible 24h\/24 et 365 jours par an, elle ne d\u00e9pend pas du moment de la journ\u00e9e, des conditions climatiques ou de la saison.<\/p>\n<p style=\"text-align: justify;\"><strong>Propre<\/strong><\/p>\n<p style=\"text-align: justify;\">La g\u00e9othermie ne produit ni substances polluantes ni d\u00e9chets. Elle fournit de l\u2019\u00e9nergie avec tr\u00e8s peu d\u2019\u00e9missions de CO2.<\/p>\n<p style=\"text-align: justify;\">\n<p style=\"text-align: justify;\"><strong>Campagnes de mesures g\u00e9ophysiques par ENGIE Solutions ; reconnaissance du calcaire carbonif\u00e8re en proximit\u00e9 du site de Renault \u00e0 Douai<\/strong><\/p>\n<p style=\"text-align: justify;\"><strong>Pr\u00e9ambule<\/strong><\/p>\n<p style=\"text-align: justify;\">La soci\u00e9t\u00e9 Renault a s\u00e9lectionn\u00e9 ENGIE Solutions comme partenaire exclusif pour la d\u00e9carbonation des usages thermiques de son site de Douai, d\u00e9di\u00e9 \u00e0 la construction de v\u00e9hicules \u00e9lectriques. ENGIE Solutions a b\u00e2ti un mix \u00e9nerg\u00e9tique bas\u00e9 sur une solution de g\u00e9othermie profonde au calcaire carbonif\u00e8re (nappe d\u2019eau souterraine r\u00e9gionale) qui couvrira plus de 67% des besoins thermiques du site \u00e0 partir de 2025.<\/p>\n<p style=\"text-align: justify;\"><strong>La technique<\/strong><\/p>\n<p style=\"text-align: justify;\">Dans le cadre d\u2019une phase de reconnaissance du calcaire carbonif\u00e8re centr\u00e9e sur le site de l\u2019usine de Renault, ENGIE Solutions souhaite effectuer une campagne d\u2019acquisition de donn\u00e9es g\u00e9ophysiques qui permettra d\u2019am\u00e9liorer la connaissance du sous-sol dans ce secteur.<\/p>\n<p style=\"text-align: justify;\">Cette campagne d\u2019acquisition de mesures g\u00e9ophysiques envisag\u00e9e par ENGIE Solutions vise \u00e0 imager le sous-sol entre la surface et 5000 m\u00e8tres de profondeur.<br \/>\nCette op\u00e9ration consiste \u00e0 envoyer des ondes g\u00e9n\u00e9r\u00e9es par vibration \u00e0 l\u2019aide de camions vibrateurs. Ces ondes sont ensuite r\u00e9fl\u00e9chies par les couches g\u00e9ologiques et enregistr\u00e9es gr\u00e2ce \u00e0 un syst\u00e8me de g\u00e9ophones unitaires (petits boitiers enregistreurs pos\u00e9s en surface). Une fois enregistr\u00e9es, ces donn\u00e9es sont r\u00e9cup\u00e9r\u00e9es et analys\u00e9es et servent \u00e0 construire un mod\u00e8le g\u00e9ologique fiabilisant la connaissance du sous-sol.<\/p>\n<p style=\"text-align: justify;\">Les op\u00e9rations s\u2019effectueront principalement le long des routes et des voies d\u2019acc\u00e8s en zone p\u00e9riurbaine, sur une dur\u00e9e de 10 jours environ, dans une p\u00e9riode comprise entre la fin janvier et d\u00e9but f\u00e9vrier 2023.<br \/>\nLes op\u00e9rations se feront de jour et probablement de nuit entre 21 h et 6 h du matin pour limiter l\u2019incidence sur la circulation. L\u2019entreprise d\u2019acquisition g\u00e9ophysique, la soci\u00e9t\u00e9 \u00ab\u00a0Smart Seismic Solutions\u00a0\u00bb qui effectuera la campagne de mesure prendra toutes les pr\u00e9cautions n\u00e9cessaires pour minimiser tout d\u00e9rangement ou d\u00e9sagr\u00e9ment lors de leurs passages.<br \/>\nLa soci\u00e9t\u00e9 Ath\u00e9mis France est charg\u00e9e de la pr\u00e9paration et du suivi de la campagne<\/p>\n<p style=\"text-align: center;\">** **<\/p>\n<p style=\"text-align: center;\">Commentaires<\/p>\n<p style=\"text-align: justify;\">Bien entendu, comme tout projet actuel, il est n\u00e9cessaire que \u00ab\u00a0La g\u00e9othermie repr\u00e9sente un immense potentiel \u00e9nerg\u00e9tique, naturel, local et \u00e9cologique\u00a0\u00bb<\/p>\n<p style=\"text-align: justify;\">Il faut que cela soit\u00a0:<\/p>\n<ul style=\"text-align: justify;\">\n<li>naturel\u00a0; m\u00eame si on va chatouiller le sous-sol<\/li>\n<li>local\u00a0; c\u2019est mieux car on va mettre dans le coup les habitants directement<\/li>\n<li>\u00e9cologique\u00a0; tous les projets actuels se doivent d\u2019\u00eatre \u00e9cologiques et durables\u00a0; c\u2019est ce qu\u2019on appelle la novlangue\u00a0!<\/li>\n<\/ul>\n<p style=\"text-align: justify;\">En plus, c\u2019est pour la bonne cause car on soutient Renault\u00a0 avec cette \u00ab\u00a0ressource g\u00e9othermique\u00a0\u00bb\u00a0 qui \u00ab\u00a0viendra apporter l&rsquo;\u00e9nergie propre et n\u00e9cessaire pour les besoins de la future usine qui abandonne le thermique pour se tourner vers l&rsquo;\u00e9lectrique, projet qui va g\u00e9n\u00e9rer de l&#8217;emploi\u00a0\u00bb.\u00a0 On ne d\u00e9taille pas sur la cr\u00e9ation d\u2019emplois mais cela fait bien de le dire \u2026 m\u00eame si, souvent, cela ne se r\u00e9alise pas comme indiqu\u00e9 au d\u00e9part. Par ailleurs, on laisse aussi supposer que les voitures \u00e9lectriques sont propres et n\u2019ont aucun d\u00e9faut. Cela va \u00e9videmment dans le sens du \u00ab\u00a0progr\u00e8s\u00a0\u00bb\u00a0: progr\u00e8s technologique avec ces nouveaux mod\u00e8les de voitures\u00a0! Progr\u00e8s humain puisque l\u2019on va cr\u00e9er des emplois !<\/p>\n<p style=\"text-align: justify;\">Bien entendu on va \u00ab\u00a0utiliser la chaleur infinie de la terre\u00a0\u00bb, puisque la g\u00e9othermie est \u00ab\u00a0disponible et exploitable localement\u00a0\u00bb\u00a0; d\u2019ailleurs \u00ab\u00a0la g\u00e9othermie contribue \u00e0 accro\u00eetre notre ind\u00e9pendance \u00e9nerg\u00e9tique.\u00a0\u00bb. Comme chacun sait \u00ab\u00a0la chaleur terrestre est in\u00e9puisable et renouvelable\u00a0\u00bb et elle est \u00ab\u00a0disponible 24h\/24 et 365 jours par an\u00a0\u00bb.<\/p>\n<p style=\"text-align: justify;\">En plus, la g\u00e9othermie est \u00ab\u00a0propre\u00a0\u00bb. Elle \u00ab\u00a0ne produit ni substances polluantes ni d\u00e9chets. Elle fournit de l\u2019\u00e9nergie avec tr\u00e8s peu d\u2019\u00e9missions de CO2\u00a0\u00bb<\/p>\n<p style=\"text-align: justify;\">Le paradis\u00a0!<\/p>\n<p style=\"text-align: justify;\">On va percer dans le sous-sol, on va modifier la terre puisque ce sera pour la bonne cause. Comme ce seront des projets grandioses qui seront imit\u00e9s par d\u2019autres, comme la chaleur terrestre est une ressource illimit\u00e9e, pourquoi se g\u00eaner\u00a0?<\/p>\n<p style=\"text-align: justify;\">Croire \u00e0 des ressources illimit\u00e9es dans un monde fini est une folie\u00a0; mais les industriels veulent nous faire croire \u00e0 cette absurdit\u00e9.<br \/>\nPar ailleurs, il est extraordinaire que l\u2019on s\u2019occupe d\u2019abord des besoins des industriels et des puissants alors que, pendant ce temps, les \u00ab\u00a0sans-dents\u00a0\u00bb cr\u00e8vent de froid. La g\u00e9othermie devrait d\u2019abord servir pour permettre aux habitants de cette terre de ne pas avoir froid.<br \/>\nOn se pr\u00e9occupe de la survie du monde industriel avant celle des humains.<\/p>\n<p style=\"text-align: justify;\">L\u2019important, dans ce monde, est de faire des b\u00e9n\u00e9fices. Le reste est accessoire\u00a0!<\/p>\n<p style=\"text-align: justify;\">Derni\u00e8re remarque\u00a0: les habitants des communes concern\u00e9es n\u2019ont pas \u00e9t\u00e9 inform\u00e9s personnellement de ces mesures. On a pu d\u00e9couvrir ces petits engins pr\u00e8s des habitations sans avoir le\u00a0mode d\u2019emploi et sans qu\u2019on ait \u00e9t\u00e9 inform\u00e9 de cette intrusion pr\u00e8s des propri\u00e9t\u00e9s\u00a0!<\/p>\n<p style=\"text-align: justify;\">Le souci d\u2019ENGIE Solutions est de faire croire qu\u2019il y a eu transparence. Ce ne fut pas le cas \u00e0 Qui\u00e9ry-la-Motte\u00a0!<\/p>\n<p style=\"text-align: justify;\">\n<p style=\"text-align: justify;\">\n<p style=\"text-align: justify;\">\n<p style=\"text-align: justify;\">\n","protected":false},"excerpt":{"rendered":"<p>Campagne de mesures g\u00e9ophysiques<\/p>\n","protected":false},"author":4,"featured_media":0,"comment_status":"closed","ping_status":"open","sticky":false,"template":"","format":"standard","meta":{"footnotes":""},"categories":[1],"tags":[],"class_list":["post-10259","post","type-post","status-publish","format-standard","hentry","category-non-classe"],"_links":{"self":[{"href":"https:\/\/collectif-accad.fr\/site\/wp-json\/wp\/v2\/posts\/10259","targetHints":{"allow":["GET"]}}],"collection":[{"href":"https:\/\/collectif-accad.fr\/site\/wp-json\/wp\/v2\/posts"}],"about":[{"href":"https:\/\/collectif-accad.fr\/site\/wp-json\/wp\/v2\/types\/post"}],"author":[{"embeddable":true,"href":"https:\/\/collectif-accad.fr\/site\/wp-json\/wp\/v2\/users\/4"}],"replies":[{"embeddable":true,"href":"https:\/\/collectif-accad.fr\/site\/wp-json\/wp\/v2\/comments?post=10259"}],"version-history":[{"count":1,"href":"https:\/\/collectif-accad.fr\/site\/wp-json\/wp\/v2\/posts\/10259\/revisions"}],"predecessor-version":[{"id":10260,"href":"https:\/\/collectif-accad.fr\/site\/wp-json\/wp\/v2\/posts\/10259\/revisions\/10260"}],"wp:attachment":[{"href":"https:\/\/collectif-accad.fr\/site\/wp-json\/wp\/v2\/media?parent=10259"}],"wp:term":[{"taxonomy":"category","embeddable":true,"href":"https:\/\/collectif-accad.fr\/site\/wp-json\/wp\/v2\/categories?post=10259"},{"taxonomy":"post_tag","embeddable":true,"href":"https:\/\/collectif-accad.fr\/site\/wp-json\/wp\/v2\/tags?post=10259"}],"curies":[{"name":"wp","href":"https:\/\/api.w.org\/{rel}","templated":true}]}}